{"id":6315,"date":"2025-10-07T22:05:21","date_gmt":"2025-10-08T01:05:21","guid":{"rendered":"https:\/\/fmgente.com.ar\/el-terrible-comentario-de-baby-etchecopar-que-causo-polemica-que-no-se-llene-de-negros\/"},"modified":"2025-10-07T22:05:21","modified_gmt":"2025-10-08T01:05:21","slug":"el-terrible-comentario-de-baby-etchecopar-que-causo-polemica-que-no-se-llene-de-negros","status":"publish","type":"post","link":"https:\/\/fmgente.com.ar\/web\/el-terrible-comentario-de-baby-etchecopar-que-causo-polemica-que-no-se-llene-de-negros\/","title":{"rendered":"El terrible comentario de Baby Etchecopar que caus\u00f3 pol\u00e9mica: &quot;Que no se llene de negros&quot;"},"content":{"rendered":"<p>El siempre pol\u00e9mico <strong><a href=\"https:\/\/www.paparazzi.com.ar\/tag\/baby-etchecopar\/\">Baby Etchecopar<\/a><\/strong> volvi\u00f3 a generar revuelo con una de sus declaraciones m\u00e1s explosivas. En su programa de Radio Rivadavia, pidi\u00f3 que Mar del Plata tenga una temporada \u201cexclusiva\u201d, con precios inaccesibles para la mayor\u00eda de los argentinos. Su ins\u00f3lita sugerencia fue dirigida al intendente de General Pueyrred\u00f3n, <strong>Guillermo Montenegro<\/strong>, a quien le recomend\u00f3 subir los precios para espantar al turismo masivo.<\/p>\n<p>Durante su programa, el conductor lanz\u00f3 frases que provocaron repudio inmediato. <em>\u201cEn Mar del Plata tiene que costar un agua mineral nueve d\u00f3lares, as\u00ed los negros no van\u201d<\/em>, expres\u00f3 sin titubeos, dejando claro su deseo de una ciudad \u201cselecta\u201d. En ese mismo tono, agreg\u00f3: <em>\u201cQue vayan a Santa Teresita, a Mar de Aj\u00f3\u2026 Mar del Plata tiene que ser para el que tiene plata\u201d<\/em>, refiri\u00e9ndose a otros destinos de la Costa Atl\u00e1ntica que compiten por los turistas.<\/p>\n<p><strong><a href=\"https:\/\/www.paparazzi.com.ar\/teve\/baby-etchecopar-insulto-de-pies-a-cabeza-a-wanda-nara-tras-su-escandalo-con-mauro-icardi-tilinga\/\">Baby<\/a><\/strong> insisti\u00f3 en que la ciudad deber\u00eda recuperar su glamour perdido y apunt\u00f3 al intendente como responsable de ese cambio. <em>\u201cTen\u00e9s que abrir el casino, pero que para entrar haya que ir de traje. Las confiter\u00edas, caras; los restoranes, caros\u201d<\/em>, detall\u00f3 con entusiasmo, haciendo hincapi\u00e9 en la necesidad de \u201cfiltrar\u201d al p\u00fablico que visita cada verano.<\/p>\n<div class=\"mt-box \">\n<h4 class=\"mt-heading\">Mir\u00e1 Tambi\u00e9n<\/h4>\n<p><a href=\"https:\/\/www.paparazzi.com.ar\/romances\/exclusivo-el-video-de-roberto-garcia-moritan-con-su-nueva-novia-en-plena-calle\/\"><\/p>\n<div class=\"mt-content\">\n<div class=\"mt-image-container\"><img decoding=\"async\" src=\"https:\/\/www.paparazzi.com.ar\/wp-content\/uploads\/2025\/08\/Garcia-Moritan.jpg.webp\" alt=\"\u00a1Exclusivo! El video de Roberto Garc\u00eda Morit\u00e1n con su nueva novia en plena calle\" class=\"mt-image\" loading=\"lazy\" \/><\/div>\n<h5 class=\"mt-title\">\u00a1Exclusivo! El video de Roberto Garc\u00eda Morit\u00e1n con su nueva novia en plena calle<\/h5>\n<\/div>\n<p><\/a><\/div>\n<p>El sector tur\u00edstico de Mar del Plata atraviesa un a\u00f1o complicado, con ca\u00eddas en reservas hoteleras y consumo gastron\u00f3mico. Escasos fines de semana largos y la preferencia de muchos por viajar a otros destinos o al exterior complicaron la temporada. La propuesta de <strong>Etchecopar<\/strong> fue vista por empresarios y trabajadores como un planteo provocador que no contribuye a reactivar la actividad.<\/p>\n<h2 class=\"wp-block-heading\">EL COMENTARIO DE BABY ETCHECOPAR<\/h2>\n<p>A pesar de la cr\u00edtica, el conductor mantuvo su postura y redobl\u00f3 la apuesta con nuevos comentarios sobre el turismo \u201cpremium\u201d que desea para La Feliz. <em>\u201cTodo caro, Montenegro, as\u00ed los patasucia estos no van a cagar a la playa. Se termin\u00f3\u201d<\/em>, a\u00f1adi\u00f3, remarcando su visi\u00f3n de una ciudad exclusiva y alejada del p\u00fablico popular.<\/p>\n<p>Finalmente, el pol\u00e9mico cierre de su intervenci\u00f3n no pas\u00f3 desapercibido. Para <a href=\"https:\/\/www.paparazzi.com.ar\/teve\/la-peor-critica-de-baby-etchecopar-contra-mario-pergolini-no-vale-lo-que\/\"><strong>Baby Etchecopar<\/strong><\/a>, Mar del Plata tiene que estar cara, as\u00ed los negros no van, sintetiz\u00f3 su intenci\u00f3n de convertir la ciudad en un espacio \u00fanicamente accesible para quienes pueden pagar altos costos, dejando a muchos indignados y cuestionando la \u00e9tica de sus declaraciones.<\/p>\n<div class=\"mt-box \">\n<h4 class=\"mt-heading\">Mir\u00e1 Tambi\u00e9n<\/h4>\n<p><a href=\"https:\/\/www.paparazzi.com.ar\/teve\/las-fuertes-secuelas-de-salud-que-enfrenta-thiago-medina-a-sus-22-anos-tiene-que-aprender-a\/\"><\/p>\n<div class=\"mt-content\">\n<div class=\"mt-image-container\"><img decoding=\"async\" src=\"https:\/\/www.paparazzi.com.ar\/wp-content\/uploads\/2025\/10\/Las-fuertes-secuelas-de-salud-que-enfrenta-Thiago-Medina-a-sus-22-anos-Tiene-que-aprender-a-359x226.jpg\" alt=\"Las fuertes secuelas de salud que enfrenta Thiago Medina a sus 22 a\u00f1os: &quot;Tiene que aprender a...&quot;\" class=\"mt-image\" loading=\"lazy\" \/><\/div>\n<h5 class=\"mt-title\">Las fuertes secuelas de salud que enfrenta Thiago Medina a sus 22 a\u00f1os: \u00abTiene que aprender a&#8230;\u00bb<\/h5>\n<\/div>\n<p><\/a><\/div>\n<div class=\"mt-box \">\n<h4 class=\"mt-heading\">Mir\u00e1 Tambi\u00e9n<\/h4>\n<p><a href=\"https:\/\/www.paparazzi.com.ar\/deportes\/miguel-angel-russo-enfrenta-el-momento-mas-delicado-de-su-enfermedad-asi-reacciono-el-mundo-del-futbol\/\"><\/p>\n<div class=\"mt-content\">\n<div class=\"mt-image-container\"><img decoding=\"async\" src=\"https:\/\/www.paparazzi.com.ar\/wp-content\/uploads\/2025\/08\/Miguel-Angel-Russo.jpg.webp\" alt=\"Miguel \u00c1ngel Russo enfrenta el momento m\u00e1s delicado de su enfermedad: as\u00ed reaccion\u00f3 el mundo del f\u00fatbol\" class=\"mt-image\" loading=\"lazy\" \/><\/div>\n<h5 class=\"mt-title\">Miguel \u00c1ngel Russo enfrenta el momento m\u00e1s delicado de su enfermedad: as\u00ed reaccion\u00f3 el mundo del f\u00fatbol<\/h5>\n<\/div>\n<p><\/a><\/div>\n<p>The post <a href=\"https:\/\/www.paparazzi.com.ar\/teve\/el-terrible-comentario-de-baby-etchecopar-que-causo-polemica-que-no-se-llene-de-negros\/\">El terrible comentario de Baby Etchecopar que caus\u00f3 pol\u00e9mica: &quot;Que no se llene de negros&quot;<\/a> appeared first on <a href=\"https:\/\/www.paparazzi.com.ar\">Revista Paparazzi<\/a>.<\/p>\n","protected":false},"excerpt":{"rendered":"<p>El siempre pol\u00e9mico Baby Etchecopar volvi\u00f3 a generar revuelo con una de sus declaraciones m\u00e1s<\/p>\n","protected":false},"author":0,"featured_media":6316,"comment_status":"","ping_status":"","sticky":false,"template":"","format":"standard","meta":{"footnotes":""},"categories":[11],"tags":[],"class_list":["post-6315","post","type-post","status-publish","format-standard","has-post-thumbnail","hentry","category-destacadas"],"yoast_head":"<!-- This site is optimized with the Yoast SEO plugin v28.3 - https:\/\/yoast.com\/product\/yoast-seo-wordpress\/ -->\n<title>El terrible comentario de Baby Etchecopar que caus\u00f3 pol\u00e9mica: &quot;Que no se llene de negros&quot; - Fm Gente<\/title>\n<meta name=\"robots\" content=\"index, follow, max-snippet:-1, max-image-preview:large, max-video-preview:-1\" \/>\n<link rel=\"canonical\" href=\"https:\/\/fmgente.com.ar\/web\/el-terrible-comentario-de-baby-etchecopar-que-causo-polemica-que-no-se-llene-de-negros\/\" \/>\n<meta property=\"og:locale\" content=\"es_ES\" \/>\n<meta property=\"og:type\" content=\"article\" \/>\n<meta property=\"og:title\" content=\"El terrible comentario de Baby Etchecopar que caus\u00f3 pol\u00e9mica: &quot;Que no se llene de negros&quot; - Fm Gente\" \/>\n<meta property=\"og:description\" content=\"El siempre pol\u00e9mico Baby Etchecopar volvi\u00f3 a generar revuelo con una de sus declaraciones m\u00e1s\" \/>\n<meta property=\"og:url\" content=\"https:\/\/fmgente.com.ar\/web\/el-terrible-comentario-de-baby-etchecopar-que-causo-polemica-que-no-se-llene-de-negros\/\" \/>\n<meta property=\"og:site_name\" content=\"Fm Gente\" \/>\n<meta property=\"article:published_time\" content=\"2025-10-08T01:05:21+00:00\" \/>\n<meta property=\"og:image\" content=\"https:\/\/fmgente.com.ar\/web\/wp-content\/uploads\/2025\/10\/Garcia-Moritan.jpg-1.webp\" \/>\n\t<meta property=\"og:image:width\" content=\"1052\" \/>\n\t<meta property=\"og:image:height\" content=\"665\" \/>\n\t<meta property=\"og:image:type\" content=\"image\/webp\" \/>\n<meta name=\"twitter:card\" content=\"summary_large_image\" \/>\n<meta name=\"twitter:label1\" content=\"Tiempo de lectura\" \/>\n\t<meta name=\"twitter:data1\" content=\"2 minutos\" \/>\n<script type=\"application\/ld+json\" class=\"yoast-schema-graph\">{\"@context\":\"https:\\\/\\\/schema.org\",\"@graph\":[{\"@type\":\"Article\",\"@id\":\"https:\\\/\\\/fmgente.com.ar\\\/web\\\/el-terrible-comentario-de-baby-etchecopar-que-causo-polemica-que-no-se-llene-de-negros\\\/#article\",\"isPartOf\":{\"@id\":\"https:\\\/\\\/fmgente.com.ar\\\/web\\\/el-terrible-comentario-de-baby-etchecopar-que-causo-polemica-que-no-se-llene-de-negros\\\/\"},\"author\":{\"name\":\"\",\"@id\":\"\"},\"headline\":\"El terrible comentario de Baby Etchecopar que caus\u00f3 pol\u00e9mica: &quot;Que no se llene de negros&quot;\",\"datePublished\":\"2025-10-08T01:05:21+00:00\",\"mainEntityOfPage\":{\"@id\":\"https:\\\/\\\/fmgente.com.ar\\\/web\\\/el-terrible-comentario-de-baby-etchecopar-que-causo-polemica-que-no-se-llene-de-negros\\\/\"},\"wordCount\":499,\"publisher\":{\"@id\":\"https:\\\/\\\/fmgente.com.ar\\\/web\\\/#organization\"},\"image\":{\"@id\":\"https:\\\/\\\/fmgente.com.ar\\\/web\\\/el-terrible-comentario-de-baby-etchecopar-que-causo-polemica-que-no-se-llene-de-negros\\\/#primaryimage\"},\"thumbnailUrl\":\"https:\\\/\\\/fmgente.com.ar\\\/web\\\/wp-content\\\/uploads\\\/2025\\\/10\\\/Garcia-Moritan.jpg-1.webp\",\"articleSection\":[\"DESTACADAS\"],\"inLanguage\":\"es\"},{\"@type\":\"WebPage\",\"@id\":\"https:\\\/\\\/fmgente.com.ar\\\/web\\\/el-terrible-comentario-de-baby-etchecopar-que-causo-polemica-que-no-se-llene-de-negros\\\/\",\"url\":\"https:\\\/\\\/fmgente.com.ar\\\/web\\\/el-terrible-comentario-de-baby-etchecopar-que-causo-polemica-que-no-se-llene-de-negros\\\/\",\"name\":\"El terrible comentario de Baby Etchecopar que caus\u00f3 pol\u00e9mica: &quot;Que no se llene de negros&quot; - Fm Gente\",\"isPartOf\":{\"@id\":\"https:\\\/\\\/fmgente.com.ar\\\/web\\\/#website\"},\"primaryImageOfPage\":{\"@id\":\"https:\\\/\\\/fmgente.com.ar\\\/web\\\/el-terrible-comentario-de-baby-etchecopar-que-causo-polemica-que-no-se-llene-de-negros\\\/#primaryimage\"},\"image\":{\"@id\":\"https:\\\/\\\/fmgente.com.ar\\\/web\\\/el-terrible-comentario-de-baby-etchecopar-que-causo-polemica-que-no-se-llene-de-negros\\\/#primaryimage\"},\"thumbnailUrl\":\"https:\\\/\\\/fmgente.com.ar\\\/web\\\/wp-content\\\/uploads\\\/2025\\\/10\\\/Garcia-Moritan.jpg-1.webp\",\"datePublished\":\"2025-10-08T01:05:21+00:00\",\"inLanguage\":\"es\",\"potentialAction\":[{\"@type\":\"ReadAction\",\"target\":[\"https:\\\/\\\/fmgente.com.ar\\\/web\\\/el-terrible-comentario-de-baby-etchecopar-que-causo-polemica-que-no-se-llene-de-negros\\\/\"]}]},{\"@type\":\"ImageObject\",\"inLanguage\":\"es\",\"@id\":\"https:\\\/\\\/fmgente.com.ar\\\/web\\\/el-terrible-comentario-de-baby-etchecopar-que-causo-polemica-que-no-se-llene-de-negros\\\/#primaryimage\",\"url\":\"https:\\\/\\\/fmgente.com.ar\\\/web\\\/wp-content\\\/uploads\\\/2025\\\/10\\\/Garcia-Moritan.jpg-1.webp\",\"contentUrl\":\"https:\\\/\\\/fmgente.com.ar\\\/web\\\/wp-content\\\/uploads\\\/2025\\\/10\\\/Garcia-Moritan.jpg-1.webp\",\"width\":1052,\"height\":665},{\"@type\":\"WebSite\",\"@id\":\"https:\\\/\\\/fmgente.com.ar\\\/web\\\/#website\",\"url\":\"https:\\\/\\\/fmgente.com.ar\\\/web\\\/\",\"name\":\"Fm Gente\",\"description\":\"- Jes\u00fas Mar\u00eda\",\"publisher\":{\"@id\":\"https:\\\/\\\/fmgente.com.ar\\\/web\\\/#organization\"},\"potentialAction\":[{\"@type\":\"SearchAction\",\"target\":{\"@type\":\"EntryPoint\",\"urlTemplate\":\"https:\\\/\\\/fmgente.com.ar\\\/web\\\/?s={search_term_string}\"},\"query-input\":{\"@type\":\"PropertyValueSpecification\",\"valueRequired\":true,\"valueName\":\"search_term_string\"}}],\"inLanguage\":\"es\"},{\"@type\":\"Organization\",\"@id\":\"https:\\\/\\\/fmgente.com.ar\\\/web\\\/#organization\",\"name\":\"Fm Gente\",\"url\":\"https:\\\/\\\/fmgente.com.ar\\\/web\\\/\",\"logo\":{\"@type\":\"ImageObject\",\"inLanguage\":\"es\",\"@id\":\"https:\\\/\\\/fmgente.com.ar\\\/web\\\/#\\\/schema\\\/logo\\\/image\\\/\",\"url\":\"https:\\\/\\\/fmgente.com.ar\\\/web\\\/wp-content\\\/uploads\\\/2023\\\/07\\\/cropped-cropped-logo-sombra2.png\",\"contentUrl\":\"https:\\\/\\\/fmgente.com.ar\\\/web\\\/wp-content\\\/uploads\\\/2023\\\/07\\\/cropped-cropped-logo-sombra2.png\",\"width\":1782,\"height\":1782,\"caption\":\"Fm Gente\"},\"image\":{\"@id\":\"https:\\\/\\\/fmgente.com.ar\\\/web\\\/#\\\/schema\\\/logo\\\/image\\\/\"}}]}<\/script>\n<!-- \/ Yoast SEO plugin. -->","yoast_head_json":{"title":"El terrible comentario de Baby Etchecopar que caus\u00f3 pol\u00e9mica: &quot;Que no se llene de negros&quot; - Fm Gente","robots":{"index":"index","follow":"follow","max-snippet":"max-snippet:-1","max-image-preview":"max-image-preview:large","max-video-preview":"max-video-preview:-1"},"canonical":"https:\/\/fmgente.com.ar\/web\/el-terrible-comentario-de-baby-etchecopar-que-causo-polemica-que-no-se-llene-de-negros\/","og_locale":"es_ES","og_type":"article","og_title":"El terrible comentario de Baby Etchecopar que caus\u00f3 pol\u00e9mica: &quot;Que no se llene de negros&quot; - Fm Gente","og_description":"El siempre pol\u00e9mico Baby Etchecopar volvi\u00f3 a generar revuelo con una de sus declaraciones m\u00e1s","og_url":"https:\/\/fmgente.com.ar\/web\/el-terrible-comentario-de-baby-etchecopar-que-causo-polemica-que-no-se-llene-de-negros\/","og_site_name":"Fm Gente","article_published_time":"2025-10-08T01:05:21+00:00","og_image":[{"width":1052,"height":665,"url":"https:\/\/fmgente.com.ar\/web\/wp-content\/uploads\/2025\/10\/Garcia-Moritan.jpg-1.webp","type":"image\/webp"}],"twitter_card":"summary_large_image","twitter_misc":{"Tiempo de lectura":"2 minutos"},"schema":{"@context":"https:\/\/schema.org","@graph":[{"@type":"Article","@id":"https:\/\/fmgente.com.ar\/web\/el-terrible-comentario-de-baby-etchecopar-que-causo-polemica-que-no-se-llene-de-negros\/#article","isPartOf":{"@id":"https:\/\/fmgente.com.ar\/web\/el-terrible-comentario-de-baby-etchecopar-que-causo-polemica-que-no-se-llene-de-negros\/"},"author":{"name":"","@id":""},"headline":"El terrible comentario de Baby Etchecopar que caus\u00f3 pol\u00e9mica: &quot;Que no se llene de negros&quot;","datePublished":"2025-10-08T01:05:21+00:00","mainEntityOfPage":{"@id":"https:\/\/fmgente.com.ar\/web\/el-terrible-comentario-de-baby-etchecopar-que-causo-polemica-que-no-se-llene-de-negros\/"},"wordCount":499,"publisher":{"@id":"https:\/\/fmgente.com.ar\/web\/#organization"},"image":{"@id":"https:\/\/fmgente.com.ar\/web\/el-terrible-comentario-de-baby-etchecopar-que-causo-polemica-que-no-se-llene-de-negros\/#primaryimage"},"thumbnailUrl":"https:\/\/fmgente.com.ar\/web\/wp-content\/uploads\/2025\/10\/Garcia-Moritan.jpg-1.webp","articleSection":["DESTACADAS"],"inLanguage":"es"},{"@type":"WebPage","@id":"https:\/\/fmgente.com.ar\/web\/el-terrible-comentario-de-baby-etchecopar-que-causo-polemica-que-no-se-llene-de-negros\/","url":"https:\/\/fmgente.com.ar\/web\/el-terrible-comentario-de-baby-etchecopar-que-causo-polemica-que-no-se-llene-de-negros\/","name":"El terrible comentario de Baby Etchecopar que caus\u00f3 pol\u00e9mica: &quot;Que no se llene de negros&quot; - Fm Gente","isPartOf":{"@id":"https:\/\/fmgente.com.ar\/web\/#website"},"primaryImageOfPage":{"@id":"https:\/\/fmgente.com.ar\/web\/el-terrible-comentario-de-baby-etchecopar-que-causo-polemica-que-no-se-llene-de-negros\/#primaryimage"},"image":{"@id":"https:\/\/fmgente.com.ar\/web\/el-terrible-comentario-de-baby-etchecopar-que-causo-polemica-que-no-se-llene-de-negros\/#primaryimage"},"thumbnailUrl":"https:\/\/fmgente.com.ar\/web\/wp-content\/uploads\/2025\/10\/Garcia-Moritan.jpg-1.webp","datePublished":"2025-10-08T01:05:21+00:00","inLanguage":"es","potentialAction":[{"@type":"ReadAction","target":["https:\/\/fmgente.com.ar\/web\/el-terrible-comentario-de-baby-etchecopar-que-causo-polemica-que-no-se-llene-de-negros\/"]}]},{"@type":"ImageObject","inLanguage":"es","@id":"https:\/\/fmgente.com.ar\/web\/el-terrible-comentario-de-baby-etchecopar-que-causo-polemica-que-no-se-llene-de-negros\/#primaryimage","url":"https:\/\/fmgente.com.ar\/web\/wp-content\/uploads\/2025\/10\/Garcia-Moritan.jpg-1.webp","contentUrl":"https:\/\/fmgente.com.ar\/web\/wp-content\/uploads\/2025\/10\/Garcia-Moritan.jpg-1.webp","width":1052,"height":665},{"@type":"WebSite","@id":"https:\/\/fmgente.com.ar\/web\/#website","url":"https:\/\/fmgente.com.ar\/web\/","name":"Fm Gente","description":"- Jes\u00fas Mar\u00eda","publisher":{"@id":"https:\/\/fmgente.com.ar\/web\/#organization"},"potentialAction":[{"@type":"SearchAction","target":{"@type":"EntryPoint","urlTemplate":"https:\/\/fmgente.com.ar\/web\/?s={search_term_string}"},"query-input":{"@type":"PropertyValueSpecification","valueRequired":true,"valueName":"search_term_string"}}],"inLanguage":"es"},{"@type":"Organization","@id":"https:\/\/fmgente.com.ar\/web\/#organization","name":"Fm Gente","url":"https:\/\/fmgente.com.ar\/web\/","logo":{"@type":"ImageObject","inLanguage":"es","@id":"https:\/\/fmgente.com.ar\/web\/#\/schema\/logo\/image\/","url":"https:\/\/fmgente.com.ar\/web\/wp-content\/uploads\/2023\/07\/cropped-cropped-logo-sombra2.png","contentUrl":"https:\/\/fmgente.com.ar\/web\/wp-content\/uploads\/2023\/07\/cropped-cropped-logo-sombra2.png","width":1782,"height":1782,"caption":"Fm Gente"},"image":{"@id":"https:\/\/fmgente.com.ar\/web\/#\/schema\/logo\/image\/"}}]}},"_links":{"self":[{"href":"https:\/\/fmgente.com.ar\/web\/wp-json\/wp\/v2\/posts\/6315","targetHints":{"allow":["GET"]}}],"collection":[{"href":"https:\/\/fmgente.com.ar\/web\/wp-json\/wp\/v2\/posts"}],"about":[{"href":"https:\/\/fmgente.com.ar\/web\/wp-json\/wp\/v2\/types\/post"}],"replies":[{"embeddable":true,"href":"https:\/\/fmgente.com.ar\/web\/wp-json\/wp\/v2\/comments?post=6315"}],"version-history":[{"count":0,"href":"https:\/\/fmgente.com.ar\/web\/wp-json\/wp\/v2\/posts\/6315\/revisions"}],"wp:featuredmedia":[{"embeddable":true,"href":"https:\/\/fmgente.com.ar\/web\/wp-json\/wp\/v2\/media\/6316"}],"wp:attachment":[{"href":"https:\/\/fmgente.com.ar\/web\/wp-json\/wp\/v2\/media?parent=6315"}],"wp:term":[{"taxonomy":"category","embeddable":true,"href":"https:\/\/fmgente.com.ar\/web\/wp-json\/wp\/v2\/categories?post=6315"},{"taxonomy":"post_tag","embeddable":true,"href":"https:\/\/fmgente.com.ar\/web\/wp-json\/wp\/v2\/tags?post=6315"}],"curies":[{"name":"wp","href":"https:\/\/api.w.org\/{rel}","templated":true}]}}