{"id":6313,"date":"2025-10-07T22:05:20","date_gmt":"2025-10-08T01:05:20","guid":{"rendered":"https:\/\/fmgente.com.ar\/el-terrible-secreto-de-cristian-castro-por-que-lo-acusan-de-pegarle-a-veronica-castro-y-causarle-un-dano-irreversible\/"},"modified":"2025-10-07T22:05:20","modified_gmt":"2025-10-08T01:05:20","slug":"el-terrible-secreto-de-cristian-castro-por-que-lo-acusan-de-pegarle-a-veronica-castro-y-causarle-un-dano-irreversible","status":"publish","type":"post","link":"https:\/\/fmgente.com.ar\/web\/el-terrible-secreto-de-cristian-castro-por-que-lo-acusan-de-pegarle-a-veronica-castro-y-causarle-un-dano-irreversible\/","title":{"rendered":"El terrible secreto de Cristian Castro: por qu\u00e9 lo acusan de pegarle a Ver\u00f3nica Castro y causarle un da\u00f1o irreversible"},"content":{"rendered":"<p>Suena incre\u00edble. Se acaba de emerger a la luz una versi\u00f3n tenebrosa, que refiere a que <strong>Cristian Castro<\/strong> cay\u00f3 en las garras de un rapto de violencia inusitada contra su propia madre, Ver\u00f3nica, que le habr\u00eda producido una secuela irreversible en la columna, nada m\u00e1s y nada menos.<\/p>\n<p>Todo este secreto brot\u00f3 en <em>El Diario de Mariana,<\/em> donde contactaron a un periodista mexicano para ahondar en la reciente aparici\u00f3n de la hist\u00f3rica actriz en el aeropuerto de M\u00e9xico a bordo de una silla de ruedas y con un accesorio m\u00e9dico para respirar.<\/p>\n<p>Este comunicador narr\u00f3 los antecedentes de salud de Ver\u00f3nica y exterioriz\u00f3: \u201c<em>Est\u00e1 muy mal de salud, ha sido muy fumadora y hay consecuencias por ese h\u00e1bito. Adem\u00e1s tiene problemas de columna producto de unos golpes feroces que le dio Cristian Castro hace unos a\u00f1os<\/em>\u201d.<\/p>\n<div class=\"mt-box \">\n<h4 class=\"mt-heading\">Mir\u00e1 Tambi\u00e9n<\/h4>\n<p><a href=\"https:\/\/www.paparazzi.com.ar\/teve\/wanda-nara-se-burlo-feo-de-la-china-suarez-en-masterchef-palta\/\"><\/p>\n<div class=\"mt-content\">\n<div class=\"mt-image-container\"><img decoding=\"async\" src=\"https:\/\/www.paparazzi.com.ar\/wp-content\/uploads\/2025\/10\/Wanda-Nara-China-Suarez-359x226.jpg\" alt=\"Wanda Nara se burl\u00f3 feo de la China Su\u00e1rez en MasterChef: \u201cPalta\u201d\" class=\"mt-image\" loading=\"lazy\" \/><\/div>\n<h5 class=\"mt-title\">Wanda Nara se burl\u00f3 feo de la China Su\u00e1rez en MasterChef: \u201cPalta\u201d<\/h5>\n<\/div>\n<p><\/a><\/div>\n<p><strong>Mariana Fabbiani<\/strong> salt\u00f3 r\u00e1pidamente ante semejante dato y por eso el colega azteca ahond\u00f3 en todo lo que sucedi\u00f3 y hasta especific\u00f3 que <a href=\"https:\/\/www.paparazzi.com.ar\/internacionales\/internaron-de-urgencia-a-veronica-castro-en-mexico-que-problema-de-salud-enfrenta-la-cantante\/\">Ver\u00f3nica<\/a> tuvo que ingresar en un quir\u00f3fano. \u201c<em>En ese momento, no solamente la tuvieron que hospitalizar, sino que le hicieron una intervenci\u00f3n quir\u00fargica que dur\u00f3 seis horas con riesgo de vida\u201d<\/em>.<\/p>\n<h2 class=\"wp-block-heading\">CRISTIAN CASTRO ACUSADO DE AGREDIR A SU MAM\u00c1<\/h2>\n<p><strong>Y as\u00ed explic\u00f3 el ataque que habr\u00eda ejecutado <a href=\"https:\/\/www.paparazzi.com.ar\/internacionales\/revelan-la-causa-por-la-que-cristian-castro-no-tiene-relacion-con-sus-hijos\/\">Cristian<\/a> contra su madre<\/strong>: \u201c<em>Todo eso por las patadas que le dio Cristian fueron feroces y le destroz\u00f3 la columna<\/em>\u201d. Asimismo a\u00f1adi\u00f3: \u201c<em>Ella aprovecha una situaci\u00f3n que estaba conduciendo Big Brother y que tuvo un latigazo que le dio un elefante mientras estaba arriba. Dijo que se cay\u00f3 del animal para justificar lo que le sucedi\u00f3 con su hijo, pero en realidad nunca se cay\u00f3<\/em>\u201d.<\/p>\n<p>El periodista mexicano incluso narr\u00f3 el episodio de violencia: \u201c<em>Estaba Cristian con Valeria Liberman buscando unas escrituras y Ver\u00f3nica muy enojada la empieza a insultar a Valeria y ah\u00ed \u00e9l reacciona, la golpea, la tumba en el suelo y la empieza a patear salvajemente<\/em>\u201d.<\/p>\n<div class=\"mt-box \">\n<h4 class=\"mt-heading\">Mir\u00e1 Tambi\u00e9n<\/h4>\n<p><a href=\"https:\/\/www.paparazzi.com.ar\/internacionales\/revelan-la-causa-por-la-que-cristian-castro-no-tiene-relacion-con-sus-hijos\/\"><\/p>\n<div class=\"mt-content\">\n<div class=\"mt-image-container\"><img decoding=\"async\" src=\"https:\/\/www.paparazzi.com.ar\/wp-content\/uploads\/2025\/07\/castro.jpg.webp\" alt=\"Revelan la causa por la que Cristian Castro no tiene relaci\u00f3n con sus hijos\" class=\"mt-image\" loading=\"lazy\" \/><\/div>\n<h5 class=\"mt-title\">Revelan la causa por la que Cristian Castro no tiene relaci\u00f3n con sus hijos<\/h5>\n<\/div>\n<p><\/a><\/div>\n<div class=\"mt-box \">\n<h4 class=\"mt-heading\">Mir\u00e1 Tambi\u00e9n<\/h4>\n<p><a href=\"https:\/\/www.paparazzi.com.ar\/internacionales\/internaron-de-urgencia-a-veronica-castro-en-mexico-que-problema-de-salud-enfrenta-la-cantante\/\"><\/p>\n<div class=\"mt-content\">\n<div class=\"mt-image-container\"><img decoding=\"async\" src=\"https:\/\/www.paparazzi.com.ar\/wp-content\/uploads\/2024\/06\/Internaron-de-urgencia-a-Veronica-Castro-en-Mexico-que-problema-de-salud-enfrenta-la-cantante.jpg.webp\" alt=\"Internaron de urgencia a Ver\u00f3nica Castro en M\u00e9xico: qu\u00e9 problema de salud enfrenta la cantante\" class=\"mt-image\" loading=\"lazy\" \/><\/div>\n<h5 class=\"mt-title\">Internaron de urgencia a Ver\u00f3nica Castro en M\u00e9xico: qu\u00e9 problema de salud enfrenta la cantante<\/h5>\n<\/div>\n<p><\/a><\/div>\n<p>The post <a href=\"https:\/\/www.paparazzi.com.ar\/teve\/el-terrible-secreto-de-cristian-castro-por-que-lo-acusan-de-pegarle-a-veronica-castro-y-causarle-un-dano-irreversible\/\">El terrible secreto de Cristian Castro: por qu\u00e9 lo acusan de pegarle a Ver\u00f3nica Castro y causarle un da\u00f1o irreversible<\/a> appeared first on <a href=\"https:\/\/www.paparazzi.com.ar\">Revista Paparazzi<\/a>.<\/p>\n","protected":false},"excerpt":{"rendered":"<p>Suena incre\u00edble. Se acaba de emerger a la luz una versi\u00f3n tenebrosa, que refiere a<\/p>\n","protected":false},"author":0,"featured_media":6314,"comment_status":"","ping_status":"","sticky":false,"template":"","format":"standard","meta":{"footnotes":""},"categories":[11],"tags":[],"class_list":["post-6313","post","type-post","status-publish","format-standard","has-post-thumbnail","hentry","category-destacadas"],"yoast_head":"<!-- This site is optimized with the Yoast SEO plugin v28.3 - https:\/\/yoast.com\/product\/yoast-seo-wordpress\/ -->\n<title>El terrible secreto de Cristian Castro: por qu\u00e9 lo acusan de pegarle a Ver\u00f3nica Castro y causarle un da\u00f1o irreversible - Fm Gente<\/title>\n<meta name=\"robots\" content=\"index, follow, max-snippet:-1, max-image-preview:large, max-video-preview:-1\" \/>\n<link rel=\"canonical\" href=\"https:\/\/fmgente.com.ar\/web\/el-terrible-secreto-de-cristian-castro-por-que-lo-acusan-de-pegarle-a-veronica-castro-y-causarle-un-dano-irreversible\/\" \/>\n<meta property=\"og:locale\" content=\"es_ES\" \/>\n<meta property=\"og:type\" content=\"article\" \/>\n<meta property=\"og:title\" content=\"El terrible secreto de Cristian Castro: por qu\u00e9 lo acusan de pegarle a Ver\u00f3nica Castro y causarle un da\u00f1o irreversible - Fm Gente\" \/>\n<meta property=\"og:description\" content=\"Suena incre\u00edble. Se acaba de emerger a la luz una versi\u00f3n tenebrosa, que refiere a\" \/>\n<meta property=\"og:url\" content=\"https:\/\/fmgente.com.ar\/web\/el-terrible-secreto-de-cristian-castro-por-que-lo-acusan-de-pegarle-a-veronica-castro-y-causarle-un-dano-irreversible\/\" \/>\n<meta property=\"og:site_name\" content=\"Fm Gente\" \/>\n<meta property=\"article:published_time\" content=\"2025-10-08T01:05:20+00:00\" \/>\n<meta property=\"og:image\" content=\"https:\/\/fmgente.com.ar\/web\/wp-content\/uploads\/2025\/10\/Wanda-Nara-China-Suarez-359x226-1.jpg\" \/>\n\t<meta property=\"og:image:width\" content=\"359\" \/>\n\t<meta property=\"og:image:height\" content=\"226\" \/>\n\t<meta property=\"og:image:type\" content=\"image\/jpeg\" \/>\n<meta name=\"twitter:card\" content=\"summary_large_image\" \/>\n<meta name=\"twitter:label1\" content=\"Tiempo de lectura\" \/>\n\t<meta name=\"twitter:data1\" content=\"2 minutos\" \/>\n<script type=\"application\/ld+json\" class=\"yoast-schema-graph\">{\"@context\":\"https:\\\/\\\/schema.org\",\"@graph\":[{\"@type\":\"Article\",\"@id\":\"https:\\\/\\\/fmgente.com.ar\\\/web\\\/el-terrible-secreto-de-cristian-castro-por-que-lo-acusan-de-pegarle-a-veronica-castro-y-causarle-un-dano-irreversible\\\/#article\",\"isPartOf\":{\"@id\":\"https:\\\/\\\/fmgente.com.ar\\\/web\\\/el-terrible-secreto-de-cristian-castro-por-que-lo-acusan-de-pegarle-a-veronica-castro-y-causarle-un-dano-irreversible\\\/\"},\"author\":{\"name\":\"\",\"@id\":\"\"},\"headline\":\"El terrible secreto de Cristian Castro: por qu\u00e9 lo acusan de pegarle a Ver\u00f3nica Castro y causarle un da\u00f1o irreversible\",\"datePublished\":\"2025-10-08T01:05:20+00:00\",\"mainEntityOfPage\":{\"@id\":\"https:\\\/\\\/fmgente.com.ar\\\/web\\\/el-terrible-secreto-de-cristian-castro-por-que-lo-acusan-de-pegarle-a-veronica-castro-y-causarle-un-dano-irreversible\\\/\"},\"wordCount\":442,\"publisher\":{\"@id\":\"https:\\\/\\\/fmgente.com.ar\\\/web\\\/#organization\"},\"image\":{\"@id\":\"https:\\\/\\\/fmgente.com.ar\\\/web\\\/el-terrible-secreto-de-cristian-castro-por-que-lo-acusan-de-pegarle-a-veronica-castro-y-causarle-un-dano-irreversible\\\/#primaryimage\"},\"thumbnailUrl\":\"https:\\\/\\\/fmgente.com.ar\\\/web\\\/wp-content\\\/uploads\\\/2025\\\/10\\\/Wanda-Nara-China-Suarez-359x226-1.jpg\",\"articleSection\":[\"DESTACADAS\"],\"inLanguage\":\"es\"},{\"@type\":\"WebPage\",\"@id\":\"https:\\\/\\\/fmgente.com.ar\\\/web\\\/el-terrible-secreto-de-cristian-castro-por-que-lo-acusan-de-pegarle-a-veronica-castro-y-causarle-un-dano-irreversible\\\/\",\"url\":\"https:\\\/\\\/fmgente.com.ar\\\/web\\\/el-terrible-secreto-de-cristian-castro-por-que-lo-acusan-de-pegarle-a-veronica-castro-y-causarle-un-dano-irreversible\\\/\",\"name\":\"El terrible secreto de Cristian Castro: por qu\u00e9 lo acusan de pegarle a Ver\u00f3nica Castro y causarle un da\u00f1o irreversible - Fm Gente\",\"isPartOf\":{\"@id\":\"https:\\\/\\\/fmgente.com.ar\\\/web\\\/#website\"},\"primaryImageOfPage\":{\"@id\":\"https:\\\/\\\/fmgente.com.ar\\\/web\\\/el-terrible-secreto-de-cristian-castro-por-que-lo-acusan-de-pegarle-a-veronica-castro-y-causarle-un-dano-irreversible\\\/#primaryimage\"},\"image\":{\"@id\":\"https:\\\/\\\/fmgente.com.ar\\\/web\\\/el-terrible-secreto-de-cristian-castro-por-que-lo-acusan-de-pegarle-a-veronica-castro-y-causarle-un-dano-irreversible\\\/#primaryimage\"},\"thumbnailUrl\":\"https:\\\/\\\/fmgente.com.ar\\\/web\\\/wp-content\\\/uploads\\\/2025\\\/10\\\/Wanda-Nara-China-Suarez-359x226-1.jpg\",\"datePublished\":\"2025-10-08T01:05:20+00:00\",\"inLanguage\":\"es\",\"potentialAction\":[{\"@type\":\"ReadAction\",\"target\":[\"https:\\\/\\\/fmgente.com.ar\\\/web\\\/el-terrible-secreto-de-cristian-castro-por-que-lo-acusan-de-pegarle-a-veronica-castro-y-causarle-un-dano-irreversible\\\/\"]}]},{\"@type\":\"ImageObject\",\"inLanguage\":\"es\",\"@id\":\"https:\\\/\\\/fmgente.com.ar\\\/web\\\/el-terrible-secreto-de-cristian-castro-por-que-lo-acusan-de-pegarle-a-veronica-castro-y-causarle-un-dano-irreversible\\\/#primaryimage\",\"url\":\"https:\\\/\\\/fmgente.com.ar\\\/web\\\/wp-content\\\/uploads\\\/2025\\\/10\\\/Wanda-Nara-China-Suarez-359x226-1.jpg\",\"contentUrl\":\"https:\\\/\\\/fmgente.com.ar\\\/web\\\/wp-content\\\/uploads\\\/2025\\\/10\\\/Wanda-Nara-China-Suarez-359x226-1.jpg\",\"width\":359,\"height\":226},{\"@type\":\"WebSite\",\"@id\":\"https:\\\/\\\/fmgente.com.ar\\\/web\\\/#website\",\"url\":\"https:\\\/\\\/fmgente.com.ar\\\/web\\\/\",\"name\":\"Fm Gente\",\"description\":\"- Jes\u00fas Mar\u00eda\",\"publisher\":{\"@id\":\"https:\\\/\\\/fmgente.com.ar\\\/web\\\/#organization\"},\"potentialAction\":[{\"@type\":\"SearchAction\",\"target\":{\"@type\":\"EntryPoint\",\"urlTemplate\":\"https:\\\/\\\/fmgente.com.ar\\\/web\\\/?s={search_term_string}\"},\"query-input\":{\"@type\":\"PropertyValueSpecification\",\"valueRequired\":true,\"valueName\":\"search_term_string\"}}],\"inLanguage\":\"es\"},{\"@type\":\"Organization\",\"@id\":\"https:\\\/\\\/fmgente.com.ar\\\/web\\\/#organization\",\"name\":\"Fm Gente\",\"url\":\"https:\\\/\\\/fmgente.com.ar\\\/web\\\/\",\"logo\":{\"@type\":\"ImageObject\",\"inLanguage\":\"es\",\"@id\":\"https:\\\/\\\/fmgente.com.ar\\\/web\\\/#\\\/schema\\\/logo\\\/image\\\/\",\"url\":\"https:\\\/\\\/fmgente.com.ar\\\/web\\\/wp-content\\\/uploads\\\/2023\\\/07\\\/cropped-cropped-logo-sombra2.png\",\"contentUrl\":\"https:\\\/\\\/fmgente.com.ar\\\/web\\\/wp-content\\\/uploads\\\/2023\\\/07\\\/cropped-cropped-logo-sombra2.png\",\"width\":1782,\"height\":1782,\"caption\":\"Fm Gente\"},\"image\":{\"@id\":\"https:\\\/\\\/fmgente.com.ar\\\/web\\\/#\\\/schema\\\/logo\\\/image\\\/\"}}]}<\/script>\n<!-- \/ Yoast SEO plugin. -->","yoast_head_json":{"title":"El terrible secreto de Cristian Castro: por qu\u00e9 lo acusan de pegarle a Ver\u00f3nica Castro y causarle un da\u00f1o irreversible - Fm Gente","robots":{"index":"index","follow":"follow","max-snippet":"max-snippet:-1","max-image-preview":"max-image-preview:large","max-video-preview":"max-video-preview:-1"},"canonical":"https:\/\/fmgente.com.ar\/web\/el-terrible-secreto-de-cristian-castro-por-que-lo-acusan-de-pegarle-a-veronica-castro-y-causarle-un-dano-irreversible\/","og_locale":"es_ES","og_type":"article","og_title":"El terrible secreto de Cristian Castro: por qu\u00e9 lo acusan de pegarle a Ver\u00f3nica Castro y causarle un da\u00f1o irreversible - Fm Gente","og_description":"Suena incre\u00edble. Se acaba de emerger a la luz una versi\u00f3n tenebrosa, que refiere a","og_url":"https:\/\/fmgente.com.ar\/web\/el-terrible-secreto-de-cristian-castro-por-que-lo-acusan-de-pegarle-a-veronica-castro-y-causarle-un-dano-irreversible\/","og_site_name":"Fm Gente","article_published_time":"2025-10-08T01:05:20+00:00","og_image":[{"width":359,"height":226,"url":"https:\/\/fmgente.com.ar\/web\/wp-content\/uploads\/2025\/10\/Wanda-Nara-China-Suarez-359x226-1.jpg","type":"image\/jpeg"}],"twitter_card":"summary_large_image","twitter_misc":{"Tiempo de lectura":"2 minutos"},"schema":{"@context":"https:\/\/schema.org","@graph":[{"@type":"Article","@id":"https:\/\/fmgente.com.ar\/web\/el-terrible-secreto-de-cristian-castro-por-que-lo-acusan-de-pegarle-a-veronica-castro-y-causarle-un-dano-irreversible\/#article","isPartOf":{"@id":"https:\/\/fmgente.com.ar\/web\/el-terrible-secreto-de-cristian-castro-por-que-lo-acusan-de-pegarle-a-veronica-castro-y-causarle-un-dano-irreversible\/"},"author":{"name":"","@id":""},"headline":"El terrible secreto de Cristian Castro: por qu\u00e9 lo acusan de pegarle a Ver\u00f3nica Castro y causarle un da\u00f1o irreversible","datePublished":"2025-10-08T01:05:20+00:00","mainEntityOfPage":{"@id":"https:\/\/fmgente.com.ar\/web\/el-terrible-secreto-de-cristian-castro-por-que-lo-acusan-de-pegarle-a-veronica-castro-y-causarle-un-dano-irreversible\/"},"wordCount":442,"publisher":{"@id":"https:\/\/fmgente.com.ar\/web\/#organization"},"image":{"@id":"https:\/\/fmgente.com.ar\/web\/el-terrible-secreto-de-cristian-castro-por-que-lo-acusan-de-pegarle-a-veronica-castro-y-causarle-un-dano-irreversible\/#primaryimage"},"thumbnailUrl":"https:\/\/fmgente.com.ar\/web\/wp-content\/uploads\/2025\/10\/Wanda-Nara-China-Suarez-359x226-1.jpg","articleSection":["DESTACADAS"],"inLanguage":"es"},{"@type":"WebPage","@id":"https:\/\/fmgente.com.ar\/web\/el-terrible-secreto-de-cristian-castro-por-que-lo-acusan-de-pegarle-a-veronica-castro-y-causarle-un-dano-irreversible\/","url":"https:\/\/fmgente.com.ar\/web\/el-terrible-secreto-de-cristian-castro-por-que-lo-acusan-de-pegarle-a-veronica-castro-y-causarle-un-dano-irreversible\/","name":"El terrible secreto de Cristian Castro: por qu\u00e9 lo acusan de pegarle a Ver\u00f3nica Castro y causarle un da\u00f1o irreversible - Fm Gente","isPartOf":{"@id":"https:\/\/fmgente.com.ar\/web\/#website"},"primaryImageOfPage":{"@id":"https:\/\/fmgente.com.ar\/web\/el-terrible-secreto-de-cristian-castro-por-que-lo-acusan-de-pegarle-a-veronica-castro-y-causarle-un-dano-irreversible\/#primaryimage"},"image":{"@id":"https:\/\/fmgente.com.ar\/web\/el-terrible-secreto-de-cristian-castro-por-que-lo-acusan-de-pegarle-a-veronica-castro-y-causarle-un-dano-irreversible\/#primaryimage"},"thumbnailUrl":"https:\/\/fmgente.com.ar\/web\/wp-content\/uploads\/2025\/10\/Wanda-Nara-China-Suarez-359x226-1.jpg","datePublished":"2025-10-08T01:05:20+00:00","inLanguage":"es","potentialAction":[{"@type":"ReadAction","target":["https:\/\/fmgente.com.ar\/web\/el-terrible-secreto-de-cristian-castro-por-que-lo-acusan-de-pegarle-a-veronica-castro-y-causarle-un-dano-irreversible\/"]}]},{"@type":"ImageObject","inLanguage":"es","@id":"https:\/\/fmgente.com.ar\/web\/el-terrible-secreto-de-cristian-castro-por-que-lo-acusan-de-pegarle-a-veronica-castro-y-causarle-un-dano-irreversible\/#primaryimage","url":"https:\/\/fmgente.com.ar\/web\/wp-content\/uploads\/2025\/10\/Wanda-Nara-China-Suarez-359x226-1.jpg","contentUrl":"https:\/\/fmgente.com.ar\/web\/wp-content\/uploads\/2025\/10\/Wanda-Nara-China-Suarez-359x226-1.jpg","width":359,"height":226},{"@type":"WebSite","@id":"https:\/\/fmgente.com.ar\/web\/#website","url":"https:\/\/fmgente.com.ar\/web\/","name":"Fm Gente","description":"- Jes\u00fas Mar\u00eda","publisher":{"@id":"https:\/\/fmgente.com.ar\/web\/#organization"},"potentialAction":[{"@type":"SearchAction","target":{"@type":"EntryPoint","urlTemplate":"https:\/\/fmgente.com.ar\/web\/?s={search_term_string}"},"query-input":{"@type":"PropertyValueSpecification","valueRequired":true,"valueName":"search_term_string"}}],"inLanguage":"es"},{"@type":"Organization","@id":"https:\/\/fmgente.com.ar\/web\/#organization","name":"Fm Gente","url":"https:\/\/fmgente.com.ar\/web\/","logo":{"@type":"ImageObject","inLanguage":"es","@id":"https:\/\/fmgente.com.ar\/web\/#\/schema\/logo\/image\/","url":"https:\/\/fmgente.com.ar\/web\/wp-content\/uploads\/2023\/07\/cropped-cropped-logo-sombra2.png","contentUrl":"https:\/\/fmgente.com.ar\/web\/wp-content\/uploads\/2023\/07\/cropped-cropped-logo-sombra2.png","width":1782,"height":1782,"caption":"Fm Gente"},"image":{"@id":"https:\/\/fmgente.com.ar\/web\/#\/schema\/logo\/image\/"}}]}},"_links":{"self":[{"href":"https:\/\/fmgente.com.ar\/web\/wp-json\/wp\/v2\/posts\/6313","targetHints":{"allow":["GET"]}}],"collection":[{"href":"https:\/\/fmgente.com.ar\/web\/wp-json\/wp\/v2\/posts"}],"about":[{"href":"https:\/\/fmgente.com.ar\/web\/wp-json\/wp\/v2\/types\/post"}],"replies":[{"embeddable":true,"href":"https:\/\/fmgente.com.ar\/web\/wp-json\/wp\/v2\/comments?post=6313"}],"version-history":[{"count":0,"href":"https:\/\/fmgente.com.ar\/web\/wp-json\/wp\/v2\/posts\/6313\/revisions"}],"wp:featuredmedia":[{"embeddable":true,"href":"https:\/\/fmgente.com.ar\/web\/wp-json\/wp\/v2\/media\/6314"}],"wp:attachment":[{"href":"https:\/\/fmgente.com.ar\/web\/wp-json\/wp\/v2\/media?parent=6313"}],"wp:term":[{"taxonomy":"category","embeddable":true,"href":"https:\/\/fmgente.com.ar\/web\/wp-json\/wp\/v2\/categories?post=6313"},{"taxonomy":"post_tag","embeddable":true,"href":"https:\/\/fmgente.com.ar\/web\/wp-json\/wp\/v2\/tags?post=6313"}],"curies":[{"name":"wp","href":"https:\/\/api.w.org\/{rel}","templated":true}]}}