{"id":6309,"date":"2025-10-07T21:04:57","date_gmt":"2025-10-08T00:04:57","guid":{"rendered":"https:\/\/fmgente.com.ar\/miguel-angel-russo-enfrenta-el-momento-mas-delicado-de-su-enfermedad-asi-reacciono-el-mundo-del-futbol\/"},"modified":"2025-10-07T21:04:57","modified_gmt":"2025-10-08T00:04:57","slug":"miguel-angel-russo-enfrenta-el-momento-mas-delicado-de-su-enfermedad-asi-reacciono-el-mundo-del-futbol","status":"publish","type":"post","link":"https:\/\/fmgente.com.ar\/web\/miguel-angel-russo-enfrenta-el-momento-mas-delicado-de-su-enfermedad-asi-reacciono-el-mundo-del-futbol\/","title":{"rendered":"Miguel \u00c1ngel Russo enfrenta el momento m\u00e1s delicado de su enfermedad: as\u00ed reaccion\u00f3 el mundo del f\u00fatbol"},"content":{"rendered":"<p>La salud de <strong>Miguel \u00c1ngel Russo<\/strong> que padece hace ya algunos a\u00f1os c\u00e1ncer de pr\u00f3stata, moviliz\u00f3 a todo el f\u00fatbol argentino y tambi\u00e9n al exterior. Con el entrenador internado y un pron\u00f3stico reservado, clubes y entidades continentales difundieron mensajes de aliento y demostraron que, m\u00e1s all\u00e1 de las rivalidades, la solidaridad se impone en los momentos dif\u00edciles.<\/p>\n<p>La cuenta oficial de la Asociaci\u00f3n del F\u00fatbol Argentino (AFA) fue una de las primeras en manifestar su apoyo con un conmovedor: <em>\u201c\u00a1Fuerza, Miguel!\u201d<\/em>, junto a una imagen del DT luciendo el buzo de Boca. El presidente de la AFA, <strong>Claudio Tapia<\/strong>, replic\u00f3 el parte m\u00e9dico difundido por el club Xeneize y agreg\u00f3: <em>\u201cMucha fuerza en este dif\u00edcil momento, Miguel querido. Todo el f\u00fatbol argentino est\u00e1 con vos\u201d.<\/em><\/p>\n<p>Desde la Conmebol tambi\u00e9n hicieron llegar su respaldo: seleccionaron una foto hist\u00f3rica de Russo ganador de la Copa Libertadores con Boca en 2007 y escribieron:<em> \u201cEl f\u00fatbol sudamericano est\u00e1 contigo, profe Miguel Russo. \u00a1Mucha fuerza y pronta recuperaci\u00f3n para un campe\u00f3n de Am\u00e9rica!\u201d.<\/em><\/p>\n<div class=\"mt-box \">\n<h4 class=\"mt-heading\">Mir\u00e1 Tambi\u00e9n<\/h4>\n<p><a href=\"https:\/\/www.paparazzi.com.ar\/videos\/exclusivo-daniela-celis-confirmo-el-ultimo-paso-para-que-thiago-medina-reciba-el-alta\/\"><\/p>\n<div class=\"mt-content\">\n<div class=\"mt-image-container\"><img decoding=\"async\" src=\"https:\/\/www.paparazzi.com.ar\/wp-content\/uploads\/2025\/10\/Thiago-Medina-Daniela-359x226.jpg\" alt=\"\u00a1Exclusivo! Daniela Celis confirm\u00f3 el \u00faltimo paso para que Thiago Medina reciba el alta\" class=\"mt-image\" loading=\"lazy\" \/><\/div>\n<h5 class=\"mt-title\">\u00a1Exclusivo! Daniela Celis confirm\u00f3 el \u00faltimo paso para que Thiago Medina reciba el alta<\/h5>\n<\/div>\n<p><\/a><\/div>\n<p>Los clubes en los que Russo dej\u00f3 huella no se quedaron atr\u00e1s. Estudiantes de La Plata public\u00f3 un mensaje: <em>\u201c\u00a1Fuerzas, Miguel! La familia Pincha est\u00e1 con vos\u201d<\/em>, y su presidente <strong>Juan Sebasti\u00e1n Ver\u00f3n<\/strong> acompa\u00f1\u00f3 la publicaci\u00f3n con un simple pero sentido:<em> \u201cMucha fuerza Miguel\u201d<\/em> y emojis de rezo y coraz\u00f3n albirrojo.<\/p>\n<h2 class=\"wp-block-heading\">LOS MENSAJES DE APOYO A MIGUEL \u00c1NGEL RUSSO POR SU ESTADO DE SALUD:<\/h2>\n<p>La ola de apoyo sigui\u00f3 con Rosario Central \u2014<em>\u201cTodo el pueblo canalla est\u00e1 con vos\u201d<\/em> \u2014 y con Lan\u00fas:<em>\u201dVos nos acompa\u00f1aste siempre con el coraz\u00f3n. Ahora nos toca a nosotros. Muchas fuerzas en este momento, Miguel\u201d<\/em>. Hasta figuras como <strong>\u00c1ngel Di Mar\u00eda<\/strong> se sumaron con mensajes personales en sus redes.<\/p>\n<p>El afecto no qued\u00f3 limitado a Argentina: instituciones internacionales donde Russo trabaj\u00f3 en distintas etapas de su carrera tambi\u00e9n enviaron fuerzas. Universidad de Chile, Millonarios de Bogot\u00e1 y Cerro Porte\u00f1o publicaron mensajes recordando su paso y dese\u00e1ndole una pronta recuperaci\u00f3n. <\/p>\n<div class=\"mt-box \">\n<h4 class=\"mt-heading\">Mir\u00e1 Tambi\u00e9n<\/h4>\n<p><a href=\"https:\/\/www.paparazzi.com.ar\/deportes\/alerta-maxima-en-boca-por-la-salud-de-miguel-angel-russo-a-los-69-anos-esta-grave-y-muy\/\"><\/p>\n<div class=\"mt-content\">\n<div class=\"mt-image-container\"><img decoding=\"async\" src=\"https:\/\/www.paparazzi.com.ar\/wp-content\/uploads\/2025\/09\/Miguel-Angel-Russo-1-1.jpg.webp\" alt=\"Alerta m\u00e1xima en Boca por la salud de Miguel \u00c1ngel Russo a los 69 a\u00f1os: \u201cEst\u00e1 grave y muy\u2026\u201d\" class=\"mt-image\" loading=\"lazy\" \/><\/div>\n<h5 class=\"mt-title\">Alerta m\u00e1xima en Boca por la salud de Miguel \u00c1ngel Russo a los 69 a\u00f1os: \u201cEst\u00e1 grave y muy\u2026\u201d<\/h5>\n<\/div>\n<p><\/a><\/div>\n<p>Millonarios incluso rescat\u00f3 una frase que Russo pronunci\u00f3 al recuperarse de un c\u00e1ncer:<em> \u201cTodo se cura con amor\u201d,<\/em> y la incluy\u00f3 en su posteo de aliento: <em>\u201cDesde Millonarios FC&#8230; enviamos un mensaje de fortaleza a nuestro querido Miguel \u00c1ngel Russo y toda su familia. \u00a1Mucha fuerza Miguel! \u00a1La Familia Azul est\u00e1 contigo!\u201d.<\/em><\/p>\n<p>La internaci\u00f3n domiciliaria del DT, de 69 a\u00f1os, se produjo tras complicaciones que lo mantuvieron alejado de los \u00faltimos partidos y pr\u00e1cticas. Russo ya hab\u00eda sido internado semanas atr\u00e1s por una infecci\u00f3n urinaria y luego por un cuadro de deshidrataci\u00f3n que lo oblig\u00f3 a recibir atenci\u00f3n en la Cl\u00ednica Fleni. <\/p>\n<div class=\"mt-box \">\n<h4 class=\"mt-heading\">Mir\u00e1 Tambi\u00e9n<\/h4>\n<p><a href=\"https:\/\/www.paparazzi.com.ar\/deportes\/preocupacion-por-la-salud-de-miguel-angel-russo-que-enfermedad-padece-y-por-que-estuvo-en-una-clinica\/\"><\/p>\n<div class=\"mt-content\">\n<div class=\"mt-image-container\"><img decoding=\"async\" src=\"https:\/\/www.paparazzi.com.ar\/wp-content\/uploads\/2025\/09\/Miguel-Angel-Russo.jpg.webp\" alt=\"Preocupaci\u00f3n por la salud de Miguel \u00c1ngel Russo: qu\u00e9 enfermedad padece y por qu\u00e9 estuvo en una cl\u00ednica\" class=\"mt-image\" loading=\"lazy\" \/><\/div>\n<h5 class=\"mt-title\">Preocupaci\u00f3n por la salud de Miguel \u00c1ngel Russo: qu\u00e9 enfermedad padece y por qu\u00e9 estuvo en una cl\u00ednica<\/h5>\n<\/div>\n<p><\/a><\/div>\n<p>En los \u00faltimos d\u00edas, su cuadro sufri\u00f3 un nuevo deterioro, motivo por el cual permanece bajo cuidados m\u00e9dicos en su hogar y sin presencia en los \u00faltimos compromisos oficiales del equipo. En el partido del domingo frente a Newell\u2019s, Claudio \u00dabeda y Juvenal Rodr\u00edguez estuvieron al frente del primer equipo.<\/p>\n<p>La \u00faltima imagen p\u00fablica de Russo, del 23 de septiembre, mostr\u00f3 un abrazo con <strong>Juan Rom\u00e1n Riquelme<\/strong> en el entrenamiento, gesto que se us\u00f3 como s\u00edmbolo de respaldo institucional en la interna de Boca. Hoy, mientras la familia y el cuerpo m\u00e9dico lo acompa\u00f1an, el mundo del f\u00fatbol dej\u00f3 claro que la prioridad es una sola: <em>\u201cmucha fuerza\u201d<\/em> para que Miguel pueda volver cuanto antes.<\/p>\n<h2 class=\"wp-block-heading\">Las fotos de los saludos de apoyo a Miguel \u00c1ngel Russo:<\/h2>\n<figure class=\"wp-block-image size-large\"><img decoding=\"async\" src=\"https:\/\/www.paparazzi.com.ar\/wp-content\/uploads\/2025\/10\/image-91-970x1024.png.webp\" loading=\"lazy\" alt=\"\" class=\"wp-image-446812\" \/><\/figure>\n<figure class=\"wp-block-image size-large\"><img decoding=\"async\" src=\"https:\/\/www.paparazzi.com.ar\/wp-content\/uploads\/2025\/10\/image-90-627x1024.png.webp\" loading=\"lazy\" alt=\"\" class=\"wp-image-446811\" \/><\/figure>\n<figure class=\"wp-block-image size-large\"><img decoding=\"async\" src=\"https:\/\/www.paparazzi.com.ar\/wp-content\/uploads\/2025\/10\/image-92-601x1024.png.webp\" loading=\"lazy\" alt=\"\" class=\"wp-image-446813\" \/><\/figure>\n<figure class=\"wp-block-image size-large\"><img decoding=\"async\" src=\"https:\/\/www.paparazzi.com.ar\/wp-content\/uploads\/2025\/10\/image-93-949x1024.png.webp\" loading=\"lazy\" alt=\"\" class=\"wp-image-446815\" \/><\/figure>\n<figure class=\"wp-block-image size-large\"><img decoding=\"async\" src=\"https:\/\/www.paparazzi.com.ar\/wp-content\/uploads\/2025\/10\/image-94-572x1024.png.webp\" loading=\"lazy\" alt=\"\" class=\"wp-image-446816\" \/><\/figure>\n<figure class=\"wp-block-image size-full\"><img decoding=\"async\" width=\"992\" height=\"980\" src=\"https:\/\/www.paparazzi.com.ar\/wp-content\/uploads\/2025\/10\/image-95.png.webp\" loading=\"lazy\" alt=\"\" class=\"wp-image-446817\" \/><\/figure>\n<figure class=\"wp-block-image size-full\"><img decoding=\"async\" width=\"992\" height=\"943\" src=\"https:\/\/www.paparazzi.com.ar\/wp-content\/uploads\/2025\/10\/image-96.png.webp\" loading=\"lazy\" alt=\"\" class=\"wp-image-446818\" \/><\/figure>\n<figure class=\"wp-block-image size-full\"><img decoding=\"async\" width=\"992\" height=\"969\" src=\"https:\/\/www.paparazzi.com.ar\/wp-content\/uploads\/2025\/10\/image-97.png.webp\" loading=\"lazy\" alt=\"\" class=\"wp-image-446819\" \/><\/figure>\n<figure class=\"wp-block-image size-full\"><img decoding=\"async\" width=\"992\" height=\"1013\" src=\"https:\/\/www.paparazzi.com.ar\/wp-content\/uploads\/2025\/10\/image-98.png.webp\" loading=\"lazy\" alt=\"\" class=\"wp-image-446820\" \/><\/figure>\n<figure class=\"wp-block-image size-large\"><img decoding=\"async\" src=\"https:\/\/www.paparazzi.com.ar\/wp-content\/uploads\/2025\/10\/image-99-583x1024.png.webp\" loading=\"lazy\" alt=\"\" class=\"wp-image-446821\" \/><\/figure>\n<div class=\"mt-box \">\n<h4 class=\"mt-heading\">Mir\u00e1 Tambi\u00e9n<\/h4>\n<p><a href=\"https:\/\/www.paparazzi.com.ar\/deportes\/el-polemico-momento-de-miguel-angel-russo-en-pleno-partido-de-boca-que-encendio-las-criticas\/\"><\/p>\n<div class=\"mt-content\">\n<div class=\"mt-image-container\"><img decoding=\"async\" src=\"https:\/\/www.paparazzi.com.ar\/wp-content\/uploads\/2025\/08\/Miguel-Angel-Russo.jpg.webp\" alt=\"El pol\u00e9mico momento de Miguel \u00c1ngel Russo en pleno partido de Boca que encendi\u00f3 las cr\u00edticas\" class=\"mt-image\" loading=\"lazy\" \/><\/div>\n<h5 class=\"mt-title\">El pol\u00e9mico momento de Miguel \u00c1ngel Russo en pleno partido de Boca que encendi\u00f3 las cr\u00edticas<\/h5>\n<\/div>\n<p><\/a><\/div>\n<div class=\"mt-box \">\n<h4 class=\"mt-heading\">Mir\u00e1 Tambi\u00e9n<\/h4>\n<p><a href=\"https:\/\/www.paparazzi.com.ar\/deportes\/miguel-angel-russo-volvio-a-ser-internado-y-hay-preocupacion-en-boca-deshidratado-y-debil\/\"><\/p>\n<div class=\"mt-content\">\n<div class=\"mt-image-container\"><img decoding=\"async\" src=\"https:\/\/www.paparazzi.com.ar\/wp-content\/uploads\/2025\/09\/Miguel-Angel-Russo-1-1.jpg.webp\" alt=\"Miguel Angel Russo volvi\u00f3 a ser internado y hay preocupaci\u00f3n en Boca: &quot;Deshidratado y d\u00e9bil&quot;\" class=\"mt-image\" loading=\"lazy\" \/><\/div>\n<h5 class=\"mt-title\">Miguel Angel Russo volvi\u00f3 a ser internado y hay preocupaci\u00f3n en Boca: \u00abDeshidratado y d\u00e9bil\u00bb<\/h5>\n<\/div>\n<p><\/a><\/div>\n<p>The post <a href=\"https:\/\/www.paparazzi.com.ar\/deportes\/miguel-angel-russo-enfrenta-el-momento-mas-delicado-de-su-enfermedad-asi-reacciono-el-mundo-del-futbol\/\">Miguel \u00c1ngel Russo enfrenta el momento m\u00e1s delicado de su enfermedad: as\u00ed reaccion\u00f3 el mundo del f\u00fatbol<\/a> appeared first on <a href=\"https:\/\/www.paparazzi.com.ar\">Revista Paparazzi<\/a>.<\/p>\n","protected":false},"excerpt":{"rendered":"<p>La salud de Miguel \u00c1ngel Russo que padece hace ya algunos a\u00f1os c\u00e1ncer de pr\u00f3stata,<\/p>\n","protected":false},"author":0,"featured_media":6310,"comment_status":"","ping_status":"","sticky":false,"template":"","format":"standard","meta":{"footnotes":""},"categories":[11],"tags":[],"class_list":["post-6309","post","type-post","status-publish","format-standard","has-post-thumbnail","hentry","category-destacadas"],"yoast_head":"<!-- This site is optimized with the Yoast SEO plugin v28.3 - https:\/\/yoast.com\/product\/yoast-seo-wordpress\/ -->\n<title>Miguel \u00c1ngel Russo enfrenta el momento m\u00e1s delicado de su enfermedad: as\u00ed reaccion\u00f3 el mundo del f\u00fatbol - Fm Gente<\/title>\n<meta name=\"robots\" content=\"index, follow, max-snippet:-1, max-image-preview:large, max-video-preview:-1\" \/>\n<link rel=\"canonical\" href=\"https:\/\/fmgente.com.ar\/web\/miguel-angel-russo-enfrenta-el-momento-mas-delicado-de-su-enfermedad-asi-reacciono-el-mundo-del-futbol\/\" \/>\n<meta property=\"og:locale\" content=\"es_ES\" \/>\n<meta property=\"og:type\" content=\"article\" \/>\n<meta property=\"og:title\" content=\"Miguel \u00c1ngel Russo enfrenta el momento m\u00e1s delicado de su enfermedad: as\u00ed reaccion\u00f3 el mundo del f\u00fatbol - Fm Gente\" \/>\n<meta property=\"og:description\" content=\"La salud de Miguel \u00c1ngel Russo que padece hace ya algunos a\u00f1os c\u00e1ncer de pr\u00f3stata,\" \/>\n<meta property=\"og:url\" content=\"https:\/\/fmgente.com.ar\/web\/miguel-angel-russo-enfrenta-el-momento-mas-delicado-de-su-enfermedad-asi-reacciono-el-mundo-del-futbol\/\" \/>\n<meta property=\"og:site_name\" content=\"Fm Gente\" \/>\n<meta property=\"article:published_time\" content=\"2025-10-08T00:04:57+00:00\" \/>\n<meta property=\"og:image\" content=\"https:\/\/fmgente.com.ar\/web\/wp-content\/uploads\/2025\/10\/Thiago-Medina-Daniela-359x226-7.jpg\" \/>\n\t<meta property=\"og:image:width\" content=\"359\" \/>\n\t<meta property=\"og:image:height\" content=\"226\" \/>\n\t<meta property=\"og:image:type\" content=\"image\/jpeg\" \/>\n<meta name=\"twitter:card\" content=\"summary_large_image\" \/>\n<meta name=\"twitter:label1\" content=\"Tiempo de lectura\" \/>\n\t<meta name=\"twitter:data1\" content=\"4 minutos\" \/>\n<script type=\"application\/ld+json\" class=\"yoast-schema-graph\">{\"@context\":\"https:\\\/\\\/schema.org\",\"@graph\":[{\"@type\":\"Article\",\"@id\":\"https:\\\/\\\/fmgente.com.ar\\\/web\\\/miguel-angel-russo-enfrenta-el-momento-mas-delicado-de-su-enfermedad-asi-reacciono-el-mundo-del-futbol\\\/#article\",\"isPartOf\":{\"@id\":\"https:\\\/\\\/fmgente.com.ar\\\/web\\\/miguel-angel-russo-enfrenta-el-momento-mas-delicado-de-su-enfermedad-asi-reacciono-el-mundo-del-futbol\\\/\"},\"author\":{\"name\":\"\",\"@id\":\"\"},\"headline\":\"Miguel \u00c1ngel Russo enfrenta el momento m\u00e1s delicado de su enfermedad: as\u00ed reaccion\u00f3 el mundo del f\u00fatbol\",\"datePublished\":\"2025-10-08T00:04:57+00:00\",\"mainEntityOfPage\":{\"@id\":\"https:\\\/\\\/fmgente.com.ar\\\/web\\\/miguel-angel-russo-enfrenta-el-momento-mas-delicado-de-su-enfermedad-asi-reacciono-el-mundo-del-futbol\\\/\"},\"wordCount\":748,\"publisher\":{\"@id\":\"https:\\\/\\\/fmgente.com.ar\\\/web\\\/#organization\"},\"image\":{\"@id\":\"https:\\\/\\\/fmgente.com.ar\\\/web\\\/miguel-angel-russo-enfrenta-el-momento-mas-delicado-de-su-enfermedad-asi-reacciono-el-mundo-del-futbol\\\/#primaryimage\"},\"thumbnailUrl\":\"https:\\\/\\\/fmgente.com.ar\\\/web\\\/wp-content\\\/uploads\\\/2025\\\/10\\\/Thiago-Medina-Daniela-359x226-7.jpg\",\"articleSection\":[\"DESTACADAS\"],\"inLanguage\":\"es\"},{\"@type\":\"WebPage\",\"@id\":\"https:\\\/\\\/fmgente.com.ar\\\/web\\\/miguel-angel-russo-enfrenta-el-momento-mas-delicado-de-su-enfermedad-asi-reacciono-el-mundo-del-futbol\\\/\",\"url\":\"https:\\\/\\\/fmgente.com.ar\\\/web\\\/miguel-angel-russo-enfrenta-el-momento-mas-delicado-de-su-enfermedad-asi-reacciono-el-mundo-del-futbol\\\/\",\"name\":\"Miguel \u00c1ngel Russo enfrenta el momento m\u00e1s delicado de su enfermedad: as\u00ed reaccion\u00f3 el mundo del f\u00fatbol - Fm Gente\",\"isPartOf\":{\"@id\":\"https:\\\/\\\/fmgente.com.ar\\\/web\\\/#website\"},\"primaryImageOfPage\":{\"@id\":\"https:\\\/\\\/fmgente.com.ar\\\/web\\\/miguel-angel-russo-enfrenta-el-momento-mas-delicado-de-su-enfermedad-asi-reacciono-el-mundo-del-futbol\\\/#primaryimage\"},\"image\":{\"@id\":\"https:\\\/\\\/fmgente.com.ar\\\/web\\\/miguel-angel-russo-enfrenta-el-momento-mas-delicado-de-su-enfermedad-asi-reacciono-el-mundo-del-futbol\\\/#primaryimage\"},\"thumbnailUrl\":\"https:\\\/\\\/fmgente.com.ar\\\/web\\\/wp-content\\\/uploads\\\/2025\\\/10\\\/Thiago-Medina-Daniela-359x226-7.jpg\",\"datePublished\":\"2025-10-08T00:04:57+00:00\",\"inLanguage\":\"es\",\"potentialAction\":[{\"@type\":\"ReadAction\",\"target\":[\"https:\\\/\\\/fmgente.com.ar\\\/web\\\/miguel-angel-russo-enfrenta-el-momento-mas-delicado-de-su-enfermedad-asi-reacciono-el-mundo-del-futbol\\\/\"]}]},{\"@type\":\"ImageObject\",\"inLanguage\":\"es\",\"@id\":\"https:\\\/\\\/fmgente.com.ar\\\/web\\\/miguel-angel-russo-enfrenta-el-momento-mas-delicado-de-su-enfermedad-asi-reacciono-el-mundo-del-futbol\\\/#primaryimage\",\"url\":\"https:\\\/\\\/fmgente.com.ar\\\/web\\\/wp-content\\\/uploads\\\/2025\\\/10\\\/Thiago-Medina-Daniela-359x226-7.jpg\",\"contentUrl\":\"https:\\\/\\\/fmgente.com.ar\\\/web\\\/wp-content\\\/uploads\\\/2025\\\/10\\\/Thiago-Medina-Daniela-359x226-7.jpg\",\"width\":359,\"height\":226},{\"@type\":\"WebSite\",\"@id\":\"https:\\\/\\\/fmgente.com.ar\\\/web\\\/#website\",\"url\":\"https:\\\/\\\/fmgente.com.ar\\\/web\\\/\",\"name\":\"Fm Gente\",\"description\":\"- Jes\u00fas Mar\u00eda\",\"publisher\":{\"@id\":\"https:\\\/\\\/fmgente.com.ar\\\/web\\\/#organization\"},\"potentialAction\":[{\"@type\":\"SearchAction\",\"target\":{\"@type\":\"EntryPoint\",\"urlTemplate\":\"https:\\\/\\\/fmgente.com.ar\\\/web\\\/?s={search_term_string}\"},\"query-input\":{\"@type\":\"PropertyValueSpecification\",\"valueRequired\":true,\"valueName\":\"search_term_string\"}}],\"inLanguage\":\"es\"},{\"@type\":\"Organization\",\"@id\":\"https:\\\/\\\/fmgente.com.ar\\\/web\\\/#organization\",\"name\":\"Fm Gente\",\"url\":\"https:\\\/\\\/fmgente.com.ar\\\/web\\\/\",\"logo\":{\"@type\":\"ImageObject\",\"inLanguage\":\"es\",\"@id\":\"https:\\\/\\\/fmgente.com.ar\\\/web\\\/#\\\/schema\\\/logo\\\/image\\\/\",\"url\":\"https:\\\/\\\/fmgente.com.ar\\\/web\\\/wp-content\\\/uploads\\\/2023\\\/07\\\/cropped-cropped-logo-sombra2.png\",\"contentUrl\":\"https:\\\/\\\/fmgente.com.ar\\\/web\\\/wp-content\\\/uploads\\\/2023\\\/07\\\/cropped-cropped-logo-sombra2.png\",\"width\":1782,\"height\":1782,\"caption\":\"Fm Gente\"},\"image\":{\"@id\":\"https:\\\/\\\/fmgente.com.ar\\\/web\\\/#\\\/schema\\\/logo\\\/image\\\/\"}}]}<\/script>\n<!-- \/ Yoast SEO plugin. -->","yoast_head_json":{"title":"Miguel \u00c1ngel Russo enfrenta el momento m\u00e1s delicado de su enfermedad: as\u00ed reaccion\u00f3 el mundo del f\u00fatbol - Fm Gente","robots":{"index":"index","follow":"follow","max-snippet":"max-snippet:-1","max-image-preview":"max-image-preview:large","max-video-preview":"max-video-preview:-1"},"canonical":"https:\/\/fmgente.com.ar\/web\/miguel-angel-russo-enfrenta-el-momento-mas-delicado-de-su-enfermedad-asi-reacciono-el-mundo-del-futbol\/","og_locale":"es_ES","og_type":"article","og_title":"Miguel \u00c1ngel Russo enfrenta el momento m\u00e1s delicado de su enfermedad: as\u00ed reaccion\u00f3 el mundo del f\u00fatbol - Fm Gente","og_description":"La salud de Miguel \u00c1ngel Russo que padece hace ya algunos a\u00f1os c\u00e1ncer de pr\u00f3stata,","og_url":"https:\/\/fmgente.com.ar\/web\/miguel-angel-russo-enfrenta-el-momento-mas-delicado-de-su-enfermedad-asi-reacciono-el-mundo-del-futbol\/","og_site_name":"Fm Gente","article_published_time":"2025-10-08T00:04:57+00:00","og_image":[{"width":359,"height":226,"url":"https:\/\/fmgente.com.ar\/web\/wp-content\/uploads\/2025\/10\/Thiago-Medina-Daniela-359x226-7.jpg","type":"image\/jpeg"}],"twitter_card":"summary_large_image","twitter_misc":{"Tiempo de lectura":"4 minutos"},"schema":{"@context":"https:\/\/schema.org","@graph":[{"@type":"Article","@id":"https:\/\/fmgente.com.ar\/web\/miguel-angel-russo-enfrenta-el-momento-mas-delicado-de-su-enfermedad-asi-reacciono-el-mundo-del-futbol\/#article","isPartOf":{"@id":"https:\/\/fmgente.com.ar\/web\/miguel-angel-russo-enfrenta-el-momento-mas-delicado-de-su-enfermedad-asi-reacciono-el-mundo-del-futbol\/"},"author":{"name":"","@id":""},"headline":"Miguel \u00c1ngel Russo enfrenta el momento m\u00e1s delicado de su enfermedad: as\u00ed reaccion\u00f3 el mundo del f\u00fatbol","datePublished":"2025-10-08T00:04:57+00:00","mainEntityOfPage":{"@id":"https:\/\/fmgente.com.ar\/web\/miguel-angel-russo-enfrenta-el-momento-mas-delicado-de-su-enfermedad-asi-reacciono-el-mundo-del-futbol\/"},"wordCount":748,"publisher":{"@id":"https:\/\/fmgente.com.ar\/web\/#organization"},"image":{"@id":"https:\/\/fmgente.com.ar\/web\/miguel-angel-russo-enfrenta-el-momento-mas-delicado-de-su-enfermedad-asi-reacciono-el-mundo-del-futbol\/#primaryimage"},"thumbnailUrl":"https:\/\/fmgente.com.ar\/web\/wp-content\/uploads\/2025\/10\/Thiago-Medina-Daniela-359x226-7.jpg","articleSection":["DESTACADAS"],"inLanguage":"es"},{"@type":"WebPage","@id":"https:\/\/fmgente.com.ar\/web\/miguel-angel-russo-enfrenta-el-momento-mas-delicado-de-su-enfermedad-asi-reacciono-el-mundo-del-futbol\/","url":"https:\/\/fmgente.com.ar\/web\/miguel-angel-russo-enfrenta-el-momento-mas-delicado-de-su-enfermedad-asi-reacciono-el-mundo-del-futbol\/","name":"Miguel \u00c1ngel Russo enfrenta el momento m\u00e1s delicado de su enfermedad: as\u00ed reaccion\u00f3 el mundo del f\u00fatbol - Fm Gente","isPartOf":{"@id":"https:\/\/fmgente.com.ar\/web\/#website"},"primaryImageOfPage":{"@id":"https:\/\/fmgente.com.ar\/web\/miguel-angel-russo-enfrenta-el-momento-mas-delicado-de-su-enfermedad-asi-reacciono-el-mundo-del-futbol\/#primaryimage"},"image":{"@id":"https:\/\/fmgente.com.ar\/web\/miguel-angel-russo-enfrenta-el-momento-mas-delicado-de-su-enfermedad-asi-reacciono-el-mundo-del-futbol\/#primaryimage"},"thumbnailUrl":"https:\/\/fmgente.com.ar\/web\/wp-content\/uploads\/2025\/10\/Thiago-Medina-Daniela-359x226-7.jpg","datePublished":"2025-10-08T00:04:57+00:00","inLanguage":"es","potentialAction":[{"@type":"ReadAction","target":["https:\/\/fmgente.com.ar\/web\/miguel-angel-russo-enfrenta-el-momento-mas-delicado-de-su-enfermedad-asi-reacciono-el-mundo-del-futbol\/"]}]},{"@type":"ImageObject","inLanguage":"es","@id":"https:\/\/fmgente.com.ar\/web\/miguel-angel-russo-enfrenta-el-momento-mas-delicado-de-su-enfermedad-asi-reacciono-el-mundo-del-futbol\/#primaryimage","url":"https:\/\/fmgente.com.ar\/web\/wp-content\/uploads\/2025\/10\/Thiago-Medina-Daniela-359x226-7.jpg","contentUrl":"https:\/\/fmgente.com.ar\/web\/wp-content\/uploads\/2025\/10\/Thiago-Medina-Daniela-359x226-7.jpg","width":359,"height":226},{"@type":"WebSite","@id":"https:\/\/fmgente.com.ar\/web\/#website","url":"https:\/\/fmgente.com.ar\/web\/","name":"Fm Gente","description":"- Jes\u00fas Mar\u00eda","publisher":{"@id":"https:\/\/fmgente.com.ar\/web\/#organization"},"potentialAction":[{"@type":"SearchAction","target":{"@type":"EntryPoint","urlTemplate":"https:\/\/fmgente.com.ar\/web\/?s={search_term_string}"},"query-input":{"@type":"PropertyValueSpecification","valueRequired":true,"valueName":"search_term_string"}}],"inLanguage":"es"},{"@type":"Organization","@id":"https:\/\/fmgente.com.ar\/web\/#organization","name":"Fm Gente","url":"https:\/\/fmgente.com.ar\/web\/","logo":{"@type":"ImageObject","inLanguage":"es","@id":"https:\/\/fmgente.com.ar\/web\/#\/schema\/logo\/image\/","url":"https:\/\/fmgente.com.ar\/web\/wp-content\/uploads\/2023\/07\/cropped-cropped-logo-sombra2.png","contentUrl":"https:\/\/fmgente.com.ar\/web\/wp-content\/uploads\/2023\/07\/cropped-cropped-logo-sombra2.png","width":1782,"height":1782,"caption":"Fm Gente"},"image":{"@id":"https:\/\/fmgente.com.ar\/web\/#\/schema\/logo\/image\/"}}]}},"_links":{"self":[{"href":"https:\/\/fmgente.com.ar\/web\/wp-json\/wp\/v2\/posts\/6309","targetHints":{"allow":["GET"]}}],"collection":[{"href":"https:\/\/fmgente.com.ar\/web\/wp-json\/wp\/v2\/posts"}],"about":[{"href":"https:\/\/fmgente.com.ar\/web\/wp-json\/wp\/v2\/types\/post"}],"replies":[{"embeddable":true,"href":"https:\/\/fmgente.com.ar\/web\/wp-json\/wp\/v2\/comments?post=6309"}],"version-history":[{"count":0,"href":"https:\/\/fmgente.com.ar\/web\/wp-json\/wp\/v2\/posts\/6309\/revisions"}],"wp:featuredmedia":[{"embeddable":true,"href":"https:\/\/fmgente.com.ar\/web\/wp-json\/wp\/v2\/media\/6310"}],"wp:attachment":[{"href":"https:\/\/fmgente.com.ar\/web\/wp-json\/wp\/v2\/media?parent=6309"}],"wp:term":[{"taxonomy":"category","embeddable":true,"href":"https:\/\/fmgente.com.ar\/web\/wp-json\/wp\/v2\/categories?post=6309"},{"taxonomy":"post_tag","embeddable":true,"href":"https:\/\/fmgente.com.ar\/web\/wp-json\/wp\/v2\/tags?post=6309"}],"curies":[{"name":"wp","href":"https:\/\/api.w.org\/{rel}","templated":true}]}}