{"id":6307,"date":"2025-10-07T21:04:57","date_gmt":"2025-10-08T00:04:57","guid":{"rendered":"https:\/\/fmgente.com.ar\/las-fuertes-secuelas-de-salud-que-enfrenta-thiago-medina-a-sus-22-anos-tiene-que-aprender-a\/"},"modified":"2025-10-07T21:04:57","modified_gmt":"2025-10-08T00:04:57","slug":"las-fuertes-secuelas-de-salud-que-enfrenta-thiago-medina-a-sus-22-anos-tiene-que-aprender-a","status":"publish","type":"post","link":"https:\/\/fmgente.com.ar\/web\/las-fuertes-secuelas-de-salud-que-enfrenta-thiago-medina-a-sus-22-anos-tiene-que-aprender-a\/","title":{"rendered":"Las fuertes secuelas de salud que enfrenta Thiago Medina a sus 22 a\u00f1os: &quot;Tiene que aprender a&#8230;&quot;"},"content":{"rendered":"<p>La vida de<strong> Thiago Medina<\/strong> estuvo para mucho, dependiendo de un hilo. De hecho, el joven necesit\u00f3 de un verdadero milagro para salir adelante y hoy, ni su familia ni los m\u00e9dicos, logran entender lo que super\u00f3 el ex Gran Hermano en sus 23 d\u00edas que pas\u00f3 en coma.<\/p>\n<p>De tener sus pulmones altamente comprometidos durante la semana pasada, a comenzar a tratar cu\u00e1ndo puede recibir el alta, el cual ser\u00eda pr\u00f3ximamente. Para que esto ocurra, deber\u00e1 recuperarse bien, pero siguiendo cada una de las indicaciones de los profesionales de la salud.<\/p>\n<p>El choque que sufri\u00f3 a bordo de su moto, en Thiago dej\u00f3 consecuencias complejas. Una de ellas es que deber\u00e1 hacer mucha kinesiolog\u00eda para recomponer cada una de sus funciones, en especial aquellas que sufrieron lesiones en el choque.<\/p>\n<div class=\"mt-box \">\n<h4 class=\"mt-heading\">Mir\u00e1 Tambi\u00e9n<\/h4>\n<p><a href=\"https:\/\/www.paparazzi.com.ar\/videos\/exclusivo-daniela-celis-confirmo-el-ultimo-paso-para-que-thiago-medina-reciba-el-alta\/\"><\/p>\n<div class=\"mt-content\">\n<div class=\"mt-image-container\"><img decoding=\"async\" src=\"https:\/\/www.paparazzi.com.ar\/wp-content\/uploads\/2025\/10\/Thiago-Medina-Daniela-359x226.jpg\" alt=\"\u00a1Exclusivo! Daniela Celis confirm\u00f3 el \u00faltimo paso para que Thiago Medina reciba el alta\" class=\"mt-image\" loading=\"lazy\" \/><\/div>\n<h5 class=\"mt-title\">\u00a1Exclusivo! Daniela Celis confirm\u00f3 el \u00faltimo paso para que Thiago Medina reciba el alta<\/h5>\n<\/div>\n<p><\/a><\/div>\n<p>\u00ab<em>Hay que esperar que camine bien, que le saquen los sueros. Est\u00e1 con kinesiolog\u00eda, es todo de a poquito, aprender a levantar los brazos y a pararse solo, estuvo mucho tiempo en un coma inducido<\/em>\u00ab, destac\u00f3 <strong>Daniela Celis<\/strong>.<\/p>\n<p>En una entrevista con <em>Puro Show<\/em>, Pesta\u00f1ela habl\u00f3 de lo que podr\u00eda ser un posible alta del pap\u00e1 de sus hijas. Tomando este tema con cautela, si bien hoy est\u00e1 feliz porque su situaci\u00f3n mejor\u00f3, siguen a rajatabla cada indicaci\u00f3n m\u00e9dica.<\/p>\n<h2 class=\"wp-block-heading\">THIAGO MEDINA TUVO UNA RECUPERACI\u00d3N MILAGROSA<\/h2>\n<p>\u201c<em>A las nenas las vio por videollamada, hacemos una llamada todos los d\u00edas, las nenas est\u00e1n felices, los tres est\u00e1n ansiosos y quieren verse. Falta poco para el alta y el reencuentro del abrazo que se deben. Es muy emocionante y hay que retener para sostener las tres partes<\/em>\u00ab, destac\u00f3 Celis.<\/p>\n<div class=\"mt-box \">\n<h4 class=\"mt-heading\">Mir\u00e1 Tambi\u00e9n<\/h4>\n<p><a href=\"https:\/\/www.paparazzi.com.ar\/teve\/confirmaron-la-noticia-mas-fuerte-de-thiago-medina-a-24-dias-de-su-accidente-se-acabo\/\"><\/p>\n<div class=\"mt-content\">\n<div class=\"mt-image-container\"><img decoding=\"async\" src=\"https:\/\/www.paparazzi.com.ar\/wp-content\/uploads\/2025\/10\/Llanto-y-felicidad-Thiago-Medina-y-la-noticia-mas-hermosa-que-anuncio-su-familia-359x226.jpg\" alt=\"Confirmaron la noticia m\u00e1s fuerte de Thiago Medina a 24 d\u00edas de su accidente: \u201cSe acab\u00f3\u201d\" class=\"mt-image\" loading=\"lazy\" \/><\/div>\n<h5 class=\"mt-title\">Confirmaron la noticia m\u00e1s fuerte de Thiago Medina a 24 d\u00edas de su accidente: \u201cSe acab\u00f3\u201d<\/h5>\n<\/div>\n<p><\/a><\/div>\n<p>En lo que viene de ser un fin de semana muy movilizante para Daniela; la ex GH hizo la peregrinaci\u00f3n a Luj\u00e1n para seguir pidiendo por la salud de Thiago. Demostrando ser una persona muy importante, pese a que estaban peleados y separados al momento del accidente, el amor que se ten\u00edan hizo que estuviera m\u00e1s cerca que nunca.<\/p>\n<p>\u201c<em>Fue un milagro, los m\u00e9dicos no pod\u00edan entender la evoluci\u00f3n de Thiago en tan poco tiempo. Estoy muy agradecida, ten\u00eda un hilito muy finito de luz en medio de la oscuridad, me aferr\u00e9 a eso y se logr\u00f3. Estoy muy feliz<\/em>\u00ab, sentenci\u00f3 Celis.<\/p>\n<div class=\"mt-box \">\n<h4 class=\"mt-heading\">Mir\u00e1 Tambi\u00e9n<\/h4>\n<p><a href=\"https:\/\/www.paparazzi.com.ar\/teve\/la-china-suarez-confirmo-la-noticia-mas-triste-de-todas-se-retiro-de-la-musica-porque\/\"><\/p>\n<div class=\"mt-content\">\n<div class=\"mt-image-container\"><img decoding=\"async\" src=\"https:\/\/www.paparazzi.com.ar\/wp-content\/uploads\/2025\/10\/china-suarez-359x226.jpg\" alt=\"La China Su\u00e1rez confirm\u00f3 la noticia m\u00e1s triste de todas: &quot;Se retir\u00f3 de la m\u00fasica porque...&quot;\" class=\"mt-image\" loading=\"lazy\" \/><\/div>\n<h5 class=\"mt-title\">La China Su\u00e1rez confirm\u00f3 la noticia m\u00e1s triste de todas: \u00abSe retir\u00f3 de la m\u00fasica porque&#8230;\u00bb<\/h5>\n<\/div>\n<p><\/a><\/div>\n<div class=\"mt-box \">\n<h4 class=\"mt-heading\">Mir\u00e1 Tambi\u00e9n<\/h4>\n<p><a href=\"https:\/\/www.paparazzi.com.ar\/romances\/milagro-thiago-medina-ya-camina-come-solo-y-discute-con-daniela-celis-el-quiere\/\"><\/p>\n<div class=\"mt-content\">\n<div class=\"mt-image-container\"><img decoding=\"async\" src=\"https:\/\/www.paparazzi.com.ar\/wp-content\/uploads\/2025\/10\/Daniela-Celis-Thiago-1-359x226.jpg\" alt=\"\u00a1Milagro! Thiago Medina ya camina, come solo y discute con Daniela Celis: &quot;El quiere\u2026&quot;\" class=\"mt-image\" loading=\"lazy\" \/><\/div>\n<h5 class=\"mt-title\">\u00a1Milagro! Thiago Medina ya camina, come solo y discute con Daniela Celis: \u00abEl quiere\u2026\u00bb<\/h5>\n<\/div>\n<p><\/a><\/div>\n<p>The post <a href=\"https:\/\/www.paparazzi.com.ar\/teve\/las-fuertes-secuelas-de-salud-que-enfrenta-thiago-medina-a-sus-22-anos-tiene-que-aprender-a\/\">Las fuertes secuelas de salud que enfrenta Thiago Medina a sus 22 a\u00f1os: &quot;Tiene que aprender a&#8230;&quot;<\/a> appeared first on <a href=\"https:\/\/www.paparazzi.com.ar\">Revista Paparazzi<\/a>.<\/p>\n","protected":false},"excerpt":{"rendered":"<p>La vida de Thiago Medina estuvo para mucho, dependiendo de un hilo. De hecho, el<\/p>\n","protected":false},"author":0,"featured_media":6308,"comment_status":"","ping_status":"","sticky":false,"template":"","format":"standard","meta":{"footnotes":""},"categories":[11],"tags":[],"class_list":["post-6307","post","type-post","status-publish","format-standard","has-post-thumbnail","hentry","category-destacadas"],"yoast_head":"<!-- This site is optimized with the Yoast SEO plugin v28.3 - https:\/\/yoast.com\/product\/yoast-seo-wordpress\/ -->\n<title>Las fuertes secuelas de salud que enfrenta Thiago Medina a sus 22 a\u00f1os: &quot;Tiene que aprender a...&quot; - Fm Gente<\/title>\n<meta name=\"robots\" content=\"index, follow, max-snippet:-1, max-image-preview:large, max-video-preview:-1\" \/>\n<link rel=\"canonical\" href=\"https:\/\/fmgente.com.ar\/web\/las-fuertes-secuelas-de-salud-que-enfrenta-thiago-medina-a-sus-22-anos-tiene-que-aprender-a\/\" \/>\n<meta property=\"og:locale\" content=\"es_ES\" \/>\n<meta property=\"og:type\" content=\"article\" \/>\n<meta property=\"og:title\" content=\"Las fuertes secuelas de salud que enfrenta Thiago Medina a sus 22 a\u00f1os: &quot;Tiene que aprender a...&quot; - Fm Gente\" \/>\n<meta property=\"og:description\" content=\"La vida de Thiago Medina estuvo para mucho, dependiendo de un hilo. De hecho, el\" \/>\n<meta property=\"og:url\" content=\"https:\/\/fmgente.com.ar\/web\/las-fuertes-secuelas-de-salud-que-enfrenta-thiago-medina-a-sus-22-anos-tiene-que-aprender-a\/\" \/>\n<meta property=\"og:site_name\" content=\"Fm Gente\" \/>\n<meta property=\"article:published_time\" content=\"2025-10-08T00:04:57+00:00\" \/>\n<meta property=\"og:image\" content=\"https:\/\/fmgente.com.ar\/web\/wp-content\/uploads\/2025\/10\/Thiago-Medina-Daniela-359x226-6.jpg\" \/>\n\t<meta property=\"og:image:width\" content=\"359\" \/>\n\t<meta property=\"og:image:height\" content=\"226\" \/>\n\t<meta property=\"og:image:type\" content=\"image\/jpeg\" \/>\n<meta name=\"twitter:card\" content=\"summary_large_image\" \/>\n<meta name=\"twitter:label1\" content=\"Tiempo de lectura\" \/>\n\t<meta name=\"twitter:data1\" content=\"2 minutos\" \/>\n<script type=\"application\/ld+json\" class=\"yoast-schema-graph\">{\"@context\":\"https:\\\/\\\/schema.org\",\"@graph\":[{\"@type\":\"Article\",\"@id\":\"https:\\\/\\\/fmgente.com.ar\\\/web\\\/las-fuertes-secuelas-de-salud-que-enfrenta-thiago-medina-a-sus-22-anos-tiene-que-aprender-a\\\/#article\",\"isPartOf\":{\"@id\":\"https:\\\/\\\/fmgente.com.ar\\\/web\\\/las-fuertes-secuelas-de-salud-que-enfrenta-thiago-medina-a-sus-22-anos-tiene-que-aprender-a\\\/\"},\"author\":{\"name\":\"\",\"@id\":\"\"},\"headline\":\"Las fuertes secuelas de salud que enfrenta Thiago Medina a sus 22 a\u00f1os: &quot;Tiene que aprender a&#8230;&quot;\",\"datePublished\":\"2025-10-08T00:04:57+00:00\",\"mainEntityOfPage\":{\"@id\":\"https:\\\/\\\/fmgente.com.ar\\\/web\\\/las-fuertes-secuelas-de-salud-que-enfrenta-thiago-medina-a-sus-22-anos-tiene-que-aprender-a\\\/\"},\"wordCount\":513,\"publisher\":{\"@id\":\"https:\\\/\\\/fmgente.com.ar\\\/web\\\/#organization\"},\"image\":{\"@id\":\"https:\\\/\\\/fmgente.com.ar\\\/web\\\/las-fuertes-secuelas-de-salud-que-enfrenta-thiago-medina-a-sus-22-anos-tiene-que-aprender-a\\\/#primaryimage\"},\"thumbnailUrl\":\"https:\\\/\\\/fmgente.com.ar\\\/web\\\/wp-content\\\/uploads\\\/2025\\\/10\\\/Thiago-Medina-Daniela-359x226-6.jpg\",\"articleSection\":[\"DESTACADAS\"],\"inLanguage\":\"es\"},{\"@type\":\"WebPage\",\"@id\":\"https:\\\/\\\/fmgente.com.ar\\\/web\\\/las-fuertes-secuelas-de-salud-que-enfrenta-thiago-medina-a-sus-22-anos-tiene-que-aprender-a\\\/\",\"url\":\"https:\\\/\\\/fmgente.com.ar\\\/web\\\/las-fuertes-secuelas-de-salud-que-enfrenta-thiago-medina-a-sus-22-anos-tiene-que-aprender-a\\\/\",\"name\":\"Las fuertes secuelas de salud que enfrenta Thiago Medina a sus 22 a\u00f1os: &quot;Tiene que aprender a...&quot; - Fm Gente\",\"isPartOf\":{\"@id\":\"https:\\\/\\\/fmgente.com.ar\\\/web\\\/#website\"},\"primaryImageOfPage\":{\"@id\":\"https:\\\/\\\/fmgente.com.ar\\\/web\\\/las-fuertes-secuelas-de-salud-que-enfrenta-thiago-medina-a-sus-22-anos-tiene-que-aprender-a\\\/#primaryimage\"},\"image\":{\"@id\":\"https:\\\/\\\/fmgente.com.ar\\\/web\\\/las-fuertes-secuelas-de-salud-que-enfrenta-thiago-medina-a-sus-22-anos-tiene-que-aprender-a\\\/#primaryimage\"},\"thumbnailUrl\":\"https:\\\/\\\/fmgente.com.ar\\\/web\\\/wp-content\\\/uploads\\\/2025\\\/10\\\/Thiago-Medina-Daniela-359x226-6.jpg\",\"datePublished\":\"2025-10-08T00:04:57+00:00\",\"inLanguage\":\"es\",\"potentialAction\":[{\"@type\":\"ReadAction\",\"target\":[\"https:\\\/\\\/fmgente.com.ar\\\/web\\\/las-fuertes-secuelas-de-salud-que-enfrenta-thiago-medina-a-sus-22-anos-tiene-que-aprender-a\\\/\"]}]},{\"@type\":\"ImageObject\",\"inLanguage\":\"es\",\"@id\":\"https:\\\/\\\/fmgente.com.ar\\\/web\\\/las-fuertes-secuelas-de-salud-que-enfrenta-thiago-medina-a-sus-22-anos-tiene-que-aprender-a\\\/#primaryimage\",\"url\":\"https:\\\/\\\/fmgente.com.ar\\\/web\\\/wp-content\\\/uploads\\\/2025\\\/10\\\/Thiago-Medina-Daniela-359x226-6.jpg\",\"contentUrl\":\"https:\\\/\\\/fmgente.com.ar\\\/web\\\/wp-content\\\/uploads\\\/2025\\\/10\\\/Thiago-Medina-Daniela-359x226-6.jpg\",\"width\":359,\"height\":226},{\"@type\":\"WebSite\",\"@id\":\"https:\\\/\\\/fmgente.com.ar\\\/web\\\/#website\",\"url\":\"https:\\\/\\\/fmgente.com.ar\\\/web\\\/\",\"name\":\"Fm Gente\",\"description\":\"- Jes\u00fas Mar\u00eda\",\"publisher\":{\"@id\":\"https:\\\/\\\/fmgente.com.ar\\\/web\\\/#organization\"},\"potentialAction\":[{\"@type\":\"SearchAction\",\"target\":{\"@type\":\"EntryPoint\",\"urlTemplate\":\"https:\\\/\\\/fmgente.com.ar\\\/web\\\/?s={search_term_string}\"},\"query-input\":{\"@type\":\"PropertyValueSpecification\",\"valueRequired\":true,\"valueName\":\"search_term_string\"}}],\"inLanguage\":\"es\"},{\"@type\":\"Organization\",\"@id\":\"https:\\\/\\\/fmgente.com.ar\\\/web\\\/#organization\",\"name\":\"Fm Gente\",\"url\":\"https:\\\/\\\/fmgente.com.ar\\\/web\\\/\",\"logo\":{\"@type\":\"ImageObject\",\"inLanguage\":\"es\",\"@id\":\"https:\\\/\\\/fmgente.com.ar\\\/web\\\/#\\\/schema\\\/logo\\\/image\\\/\",\"url\":\"https:\\\/\\\/fmgente.com.ar\\\/web\\\/wp-content\\\/uploads\\\/2023\\\/07\\\/cropped-cropped-logo-sombra2.png\",\"contentUrl\":\"https:\\\/\\\/fmgente.com.ar\\\/web\\\/wp-content\\\/uploads\\\/2023\\\/07\\\/cropped-cropped-logo-sombra2.png\",\"width\":1782,\"height\":1782,\"caption\":\"Fm Gente\"},\"image\":{\"@id\":\"https:\\\/\\\/fmgente.com.ar\\\/web\\\/#\\\/schema\\\/logo\\\/image\\\/\"}}]}<\/script>\n<!-- \/ Yoast SEO plugin. -->","yoast_head_json":{"title":"Las fuertes secuelas de salud que enfrenta Thiago Medina a sus 22 a\u00f1os: &quot;Tiene que aprender a...&quot; - Fm Gente","robots":{"index":"index","follow":"follow","max-snippet":"max-snippet:-1","max-image-preview":"max-image-preview:large","max-video-preview":"max-video-preview:-1"},"canonical":"https:\/\/fmgente.com.ar\/web\/las-fuertes-secuelas-de-salud-que-enfrenta-thiago-medina-a-sus-22-anos-tiene-que-aprender-a\/","og_locale":"es_ES","og_type":"article","og_title":"Las fuertes secuelas de salud que enfrenta Thiago Medina a sus 22 a\u00f1os: &quot;Tiene que aprender a...&quot; - Fm Gente","og_description":"La vida de Thiago Medina estuvo para mucho, dependiendo de un hilo. De hecho, el","og_url":"https:\/\/fmgente.com.ar\/web\/las-fuertes-secuelas-de-salud-que-enfrenta-thiago-medina-a-sus-22-anos-tiene-que-aprender-a\/","og_site_name":"Fm Gente","article_published_time":"2025-10-08T00:04:57+00:00","og_image":[{"width":359,"height":226,"url":"https:\/\/fmgente.com.ar\/web\/wp-content\/uploads\/2025\/10\/Thiago-Medina-Daniela-359x226-6.jpg","type":"image\/jpeg"}],"twitter_card":"summary_large_image","twitter_misc":{"Tiempo de lectura":"2 minutos"},"schema":{"@context":"https:\/\/schema.org","@graph":[{"@type":"Article","@id":"https:\/\/fmgente.com.ar\/web\/las-fuertes-secuelas-de-salud-que-enfrenta-thiago-medina-a-sus-22-anos-tiene-que-aprender-a\/#article","isPartOf":{"@id":"https:\/\/fmgente.com.ar\/web\/las-fuertes-secuelas-de-salud-que-enfrenta-thiago-medina-a-sus-22-anos-tiene-que-aprender-a\/"},"author":{"name":"","@id":""},"headline":"Las fuertes secuelas de salud que enfrenta Thiago Medina a sus 22 a\u00f1os: &quot;Tiene que aprender a&#8230;&quot;","datePublished":"2025-10-08T00:04:57+00:00","mainEntityOfPage":{"@id":"https:\/\/fmgente.com.ar\/web\/las-fuertes-secuelas-de-salud-que-enfrenta-thiago-medina-a-sus-22-anos-tiene-que-aprender-a\/"},"wordCount":513,"publisher":{"@id":"https:\/\/fmgente.com.ar\/web\/#organization"},"image":{"@id":"https:\/\/fmgente.com.ar\/web\/las-fuertes-secuelas-de-salud-que-enfrenta-thiago-medina-a-sus-22-anos-tiene-que-aprender-a\/#primaryimage"},"thumbnailUrl":"https:\/\/fmgente.com.ar\/web\/wp-content\/uploads\/2025\/10\/Thiago-Medina-Daniela-359x226-6.jpg","articleSection":["DESTACADAS"],"inLanguage":"es"},{"@type":"WebPage","@id":"https:\/\/fmgente.com.ar\/web\/las-fuertes-secuelas-de-salud-que-enfrenta-thiago-medina-a-sus-22-anos-tiene-que-aprender-a\/","url":"https:\/\/fmgente.com.ar\/web\/las-fuertes-secuelas-de-salud-que-enfrenta-thiago-medina-a-sus-22-anos-tiene-que-aprender-a\/","name":"Las fuertes secuelas de salud que enfrenta Thiago Medina a sus 22 a\u00f1os: &quot;Tiene que aprender a...&quot; - Fm Gente","isPartOf":{"@id":"https:\/\/fmgente.com.ar\/web\/#website"},"primaryImageOfPage":{"@id":"https:\/\/fmgente.com.ar\/web\/las-fuertes-secuelas-de-salud-que-enfrenta-thiago-medina-a-sus-22-anos-tiene-que-aprender-a\/#primaryimage"},"image":{"@id":"https:\/\/fmgente.com.ar\/web\/las-fuertes-secuelas-de-salud-que-enfrenta-thiago-medina-a-sus-22-anos-tiene-que-aprender-a\/#primaryimage"},"thumbnailUrl":"https:\/\/fmgente.com.ar\/web\/wp-content\/uploads\/2025\/10\/Thiago-Medina-Daniela-359x226-6.jpg","datePublished":"2025-10-08T00:04:57+00:00","inLanguage":"es","potentialAction":[{"@type":"ReadAction","target":["https:\/\/fmgente.com.ar\/web\/las-fuertes-secuelas-de-salud-que-enfrenta-thiago-medina-a-sus-22-anos-tiene-que-aprender-a\/"]}]},{"@type":"ImageObject","inLanguage":"es","@id":"https:\/\/fmgente.com.ar\/web\/las-fuertes-secuelas-de-salud-que-enfrenta-thiago-medina-a-sus-22-anos-tiene-que-aprender-a\/#primaryimage","url":"https:\/\/fmgente.com.ar\/web\/wp-content\/uploads\/2025\/10\/Thiago-Medina-Daniela-359x226-6.jpg","contentUrl":"https:\/\/fmgente.com.ar\/web\/wp-content\/uploads\/2025\/10\/Thiago-Medina-Daniela-359x226-6.jpg","width":359,"height":226},{"@type":"WebSite","@id":"https:\/\/fmgente.com.ar\/web\/#website","url":"https:\/\/fmgente.com.ar\/web\/","name":"Fm Gente","description":"- Jes\u00fas Mar\u00eda","publisher":{"@id":"https:\/\/fmgente.com.ar\/web\/#organization"},"potentialAction":[{"@type":"SearchAction","target":{"@type":"EntryPoint","urlTemplate":"https:\/\/fmgente.com.ar\/web\/?s={search_term_string}"},"query-input":{"@type":"PropertyValueSpecification","valueRequired":true,"valueName":"search_term_string"}}],"inLanguage":"es"},{"@type":"Organization","@id":"https:\/\/fmgente.com.ar\/web\/#organization","name":"Fm Gente","url":"https:\/\/fmgente.com.ar\/web\/","logo":{"@type":"ImageObject","inLanguage":"es","@id":"https:\/\/fmgente.com.ar\/web\/#\/schema\/logo\/image\/","url":"https:\/\/fmgente.com.ar\/web\/wp-content\/uploads\/2023\/07\/cropped-cropped-logo-sombra2.png","contentUrl":"https:\/\/fmgente.com.ar\/web\/wp-content\/uploads\/2023\/07\/cropped-cropped-logo-sombra2.png","width":1782,"height":1782,"caption":"Fm Gente"},"image":{"@id":"https:\/\/fmgente.com.ar\/web\/#\/schema\/logo\/image\/"}}]}},"_links":{"self":[{"href":"https:\/\/fmgente.com.ar\/web\/wp-json\/wp\/v2\/posts\/6307","targetHints":{"allow":["GET"]}}],"collection":[{"href":"https:\/\/fmgente.com.ar\/web\/wp-json\/wp\/v2\/posts"}],"about":[{"href":"https:\/\/fmgente.com.ar\/web\/wp-json\/wp\/v2\/types\/post"}],"replies":[{"embeddable":true,"href":"https:\/\/fmgente.com.ar\/web\/wp-json\/wp\/v2\/comments?post=6307"}],"version-history":[{"count":0,"href":"https:\/\/fmgente.com.ar\/web\/wp-json\/wp\/v2\/posts\/6307\/revisions"}],"wp:featuredmedia":[{"embeddable":true,"href":"https:\/\/fmgente.com.ar\/web\/wp-json\/wp\/v2\/media\/6308"}],"wp:attachment":[{"href":"https:\/\/fmgente.com.ar\/web\/wp-json\/wp\/v2\/media?parent=6307"}],"wp:term":[{"taxonomy":"category","embeddable":true,"href":"https:\/\/fmgente.com.ar\/web\/wp-json\/wp\/v2\/categories?post=6307"},{"taxonomy":"post_tag","embeddable":true,"href":"https:\/\/fmgente.com.ar\/web\/wp-json\/wp\/v2\/tags?post=6307"}],"curies":[{"name":"wp","href":"https:\/\/api.w.org\/{rel}","templated":true}]}}