{"id":6305,"date":"2025-10-07T21:04:55","date_gmt":"2025-10-08T00:04:55","guid":{"rendered":"https:\/\/fmgente.com.ar\/la-increible-foto-de-moria-casan-a-sus-79-anos-sin-ropa-ni-filtros\/"},"modified":"2025-10-07T21:04:55","modified_gmt":"2025-10-08T00:04:55","slug":"la-increible-foto-de-moria-casan-a-sus-79-anos-sin-ropa-ni-filtros","status":"publish","type":"post","link":"https:\/\/fmgente.com.ar\/web\/la-increible-foto-de-moria-casan-a-sus-79-anos-sin-ropa-ni-filtros\/","title":{"rendered":"La incre\u00edble foto de Moria Cas\u00e1n a sus 79 a\u00f1os: sin ropa ni filtros"},"content":{"rendered":"<p>En las \u00faltimas horas, <strong><a href=\"https:\/\/www.paparazzi.com.ar\/tag\/moria-casan\/\">Moria Cas\u00e1n<\/a><\/strong> volvi\u00f3 a sacudir el mundo del espect\u00e1culo al compartir una foto completamente desnuda, sin filtros ni retoques. La imagen, publicada en su cuenta de X (ex Twitter), pertenece a una producci\u00f3n de los a\u00f1os 80 y la muestra al natural, sobre un caballo, en una playa. Una postal que, una vez m\u00e1s, reafirma su eterna consigna de autenticidad y provocaci\u00f3n.<\/p>\n<p>La artista revel\u00f3 que la foto le fue enviada por el periodista <strong>H\u00e9ctor Maugeri<\/strong>, quien la rescat\u00f3 de los archivos de la revista <em>LIBRE<\/em>. En su publicaci\u00f3n, la One escribi\u00f3: <em>\u201cPicture enviada por H\u00e9ctor Maugeri. Revista LIBRE. Sin Photoshop\u201d<\/em>, dejando en claro que la imagen no tuvo ning\u00fan tipo de retoque digital. Como siempre, la diva marc\u00f3 diferencia con un gesto espont\u00e1neo, lejos de la perfecci\u00f3n artificial que domina las redes.<\/p>\n<p>La producci\u00f3n original habr\u00eda sido realizada en 1984, cuando la artista estaba en pareja con el actor y humorista <strong>Mario Castiglione<\/strong>, padre de su hija <strong>Sof\u00eda Gala<\/strong>. En ese entonces, <strong><a href=\"https:\/\/www.paparazzi.com.ar\/teve\/moria-casan-revelo-cuando-debutara-en-el-trece-y-a-quien-reemplazara\/\">Moria<\/a> <\/strong>era una figura central del teatro de revistas y encabezaba la obra La mejor revista de la cuadra en el Teatro Estrella, en plena \u00e9poca dorada del espect\u00e1culo porte\u00f1o.<\/p>\n<div class=\"mt-box \">\n<h4 class=\"mt-heading\">Mir\u00e1 Tambi\u00e9n<\/h4>\n<p><a href=\"https:\/\/www.paparazzi.com.ar\/teve\/exclusivo-wanda-nara-volvio-al-pais-tras-el-problema-de-salud-de-su-hija-menor\/\"><\/p>\n<div class=\"mt-content\">\n<div class=\"mt-image-container\"><img decoding=\"async\" src=\"https:\/\/www.paparazzi.com.ar\/wp-content\/uploads\/2025\/09\/Wanda-Nara-mexico.jpg.webp\" alt=\"\u00a1Exclusivo! Wanda Nara volvi\u00f3 al pa\u00eds tras el problema de salud de su hija menor\" class=\"mt-image\" loading=\"lazy\" \/><\/div>\n<h5 class=\"mt-title\">\u00a1Exclusivo! Wanda Nara volvi\u00f3 al pa\u00eds tras el problema de salud de su hija menor<\/h5>\n<\/div>\n<p><\/a><\/div>\n<p>El hallazgo de la foto despert\u00f3 una ola de nostalgia entre sus seguidores y tambi\u00e9n un debate sobre los est\u00e1ndares actuales de belleza. Muchos usuarios destacaron su valent\u00eda y la vigencia de su mensaje: <em>\u201cSiempre aut\u00e9ntica, sin miedo al paso del tiempo ni a mostrarse como es\u201d<\/em>, escribi\u00f3 una fan en X, acompa\u00f1ando el post con emojis de fuego y coronas.<\/p>\n<h2 class=\"wp-block-heading\">LA FOTO DE MORIA CAS\u00c1N<\/h2>\n<p>A lo largo de su carrera, la One nunca se ajust\u00f3 a los moldes. En tiempos en que la mayor\u00eda busca filtros, ella vuelve a mostrarse al natural y a recordar que la sensualidad no tiene fecha de vencimiento. Una vez m\u00e1s, demostr\u00f3 que no necesita esc\u00e1ndalos para generar impacto: su sola presencia basta.<\/p>\n<p>Fiel a su estilo, <strong><a href=\"https:\/\/www.paparazzi.com.ar\/teve\/moria-casan-conto-el-problema-familiar-que-tuvo-por-el-que-no-voto-en-las-elecciones-de-buenos-aires\/\">Moria<\/a><\/strong> cerr\u00f3 el tema con una frase que dej\u00f3 a todos sin palabras: <em>\u201cYo siempre fui mi propia revoluci\u00f3n. No necesito Photoshop, porque nunca necesit\u00e9 m\u00e1scaras\u201d<\/em>. Y as\u00ed, cuarenta a\u00f1os despu\u00e9s, sigue confirmando que su fuego no se apaga y que la autenticidad sigue siendo su marca registrada.<\/p>\n<figure class=\"wp-block-image size-large\"><img decoding=\"async\" src=\"https:\/\/www.paparazzi.com.ar\/wp-content\/uploads\/2025\/10\/image-1024x975.jpg.webp\" loading=\"lazy\" alt=\"\" class=\"wp-image-446875\" \/><\/figure>\n<div class=\"mt-box \">\n<h4 class=\"mt-heading\">Mir\u00e1 Tambi\u00e9n<\/h4>\n<p><a href=\"https:\/\/www.paparazzi.com.ar\/teve\/la-nueva-vida-de-calu-river-tras-dejar-la-actuacion-donde-vive-y-de-que-trabaja\/\"><\/p>\n<div class=\"mt-content\">\n<div class=\"mt-image-container\"><img decoding=\"async\" src=\"https:\/\/www.paparazzi.com.ar\/wp-content\/uploads\/2024\/09\/Calu-Rivero-p.jpg.webp\" alt=\"La nueva vida de Calu River tras dejar la actuaci\u00f3n: d\u00f3nde vive y de qu\u00e9 trabaja\" class=\"mt-image\" loading=\"lazy\" \/><\/div>\n<h5 class=\"mt-title\">La nueva vida de Calu River tras dejar la actuaci\u00f3n: d\u00f3nde vive y de qu\u00e9 trabaja<\/h5>\n<\/div>\n<p><\/a><\/div>\n<div class=\"mt-box \">\n<h4 class=\"mt-heading\">Mir\u00e1 Tambi\u00e9n<\/h4>\n<p><a href=\"https:\/\/www.paparazzi.com.ar\/romances\/la-china-suarez-dejo-a-sus-hijos-en-turquia-para-irse-sola-con-mauro-icardi-a-espana-la-reaccion-de-benjamin-vicuna\/\"><\/p>\n<div class=\"mt-content\">\n<div class=\"mt-image-container\"><img decoding=\"async\" src=\"https:\/\/www.paparazzi.com.ar\/wp-content\/uploads\/2025\/10\/Benjamin-Vicuna-China-Suarez-2-359x226.jpg\" alt=\"La China Su\u00e1rez dej\u00f3 a sus hijos en Turqu\u00eda para irse con Mauro Icardi a Espa\u00f1a: la reacci\u00f3n de Benjam\u00edn Vicu\u00f1a\" class=\"mt-image\" loading=\"lazy\" \/><\/div>\n<h5 class=\"mt-title\">La China Su\u00e1rez dej\u00f3 a sus hijos en Turqu\u00eda para irse con Mauro Icardi a Espa\u00f1a: la reacci\u00f3n de Benjam\u00edn Vicu\u00f1a<\/h5>\n<\/div>\n<p><\/a><\/div>\n<p>The post <a href=\"https:\/\/www.paparazzi.com.ar\/teve\/la-increible-foto-de-moria-casan-a-sus-79-anos-sin-ropa-ni-filtros\/\">La incre\u00edble foto de Moria Cas\u00e1n a sus 79 a\u00f1os: sin ropa ni filtros<\/a> appeared first on <a href=\"https:\/\/www.paparazzi.com.ar\">Revista Paparazzi<\/a>.<\/p>\n","protected":false},"excerpt":{"rendered":"<p>En las \u00faltimas horas, Moria Cas\u00e1n volvi\u00f3 a sacudir el mundo del espect\u00e1culo al compartir<\/p>\n","protected":false},"author":0,"featured_media":6306,"comment_status":"","ping_status":"","sticky":false,"template":"","format":"standard","meta":{"footnotes":""},"categories":[11],"tags":[],"class_list":["post-6305","post","type-post","status-publish","format-standard","has-post-thumbnail","hentry","category-destacadas"],"yoast_head":"<!-- This site is optimized with the Yoast SEO plugin v28.3 - https:\/\/yoast.com\/product\/yoast-seo-wordpress\/ -->\n<title>La incre\u00edble foto de Moria Cas\u00e1n a sus 79 a\u00f1os: sin ropa ni filtros - Fm Gente<\/title>\n<meta name=\"robots\" content=\"index, follow, max-snippet:-1, max-image-preview:large, max-video-preview:-1\" \/>\n<link rel=\"canonical\" href=\"https:\/\/fmgente.com.ar\/web\/la-increible-foto-de-moria-casan-a-sus-79-anos-sin-ropa-ni-filtros\/\" \/>\n<meta property=\"og:locale\" content=\"es_ES\" \/>\n<meta property=\"og:type\" content=\"article\" \/>\n<meta property=\"og:title\" content=\"La incre\u00edble foto de Moria Cas\u00e1n a sus 79 a\u00f1os: sin ropa ni filtros - Fm Gente\" \/>\n<meta property=\"og:description\" content=\"En las \u00faltimas horas, Moria Cas\u00e1n volvi\u00f3 a sacudir el mundo del espect\u00e1culo al compartir\" \/>\n<meta property=\"og:url\" content=\"https:\/\/fmgente.com.ar\/web\/la-increible-foto-de-moria-casan-a-sus-79-anos-sin-ropa-ni-filtros\/\" \/>\n<meta property=\"og:site_name\" content=\"Fm Gente\" \/>\n<meta property=\"article:published_time\" content=\"2025-10-08T00:04:55+00:00\" \/>\n<meta property=\"og:image\" content=\"https:\/\/fmgente.com.ar\/web\/wp-content\/uploads\/2025\/10\/Wanda-Nara-mexico.jpg-1.webp\" \/>\n\t<meta property=\"og:image:width\" content=\"1052\" \/>\n\t<meta property=\"og:image:height\" content=\"665\" \/>\n\t<meta property=\"og:image:type\" content=\"image\/webp\" \/>\n<meta name=\"twitter:card\" content=\"summary_large_image\" \/>\n<meta name=\"twitter:label1\" content=\"Tiempo de lectura\" \/>\n\t<meta name=\"twitter:data1\" content=\"2 minutos\" \/>\n<script type=\"application\/ld+json\" class=\"yoast-schema-graph\">{\"@context\":\"https:\\\/\\\/schema.org\",\"@graph\":[{\"@type\":\"Article\",\"@id\":\"https:\\\/\\\/fmgente.com.ar\\\/web\\\/la-increible-foto-de-moria-casan-a-sus-79-anos-sin-ropa-ni-filtros\\\/#article\",\"isPartOf\":{\"@id\":\"https:\\\/\\\/fmgente.com.ar\\\/web\\\/la-increible-foto-de-moria-casan-a-sus-79-anos-sin-ropa-ni-filtros\\\/\"},\"author\":{\"name\":\"\",\"@id\":\"\"},\"headline\":\"La incre\u00edble foto de Moria Cas\u00e1n a sus 79 a\u00f1os: sin ropa ni filtros\",\"datePublished\":\"2025-10-08T00:04:55+00:00\",\"mainEntityOfPage\":{\"@id\":\"https:\\\/\\\/fmgente.com.ar\\\/web\\\/la-increible-foto-de-moria-casan-a-sus-79-anos-sin-ropa-ni-filtros\\\/\"},\"wordCount\":506,\"publisher\":{\"@id\":\"https:\\\/\\\/fmgente.com.ar\\\/web\\\/#organization\"},\"image\":{\"@id\":\"https:\\\/\\\/fmgente.com.ar\\\/web\\\/la-increible-foto-de-moria-casan-a-sus-79-anos-sin-ropa-ni-filtros\\\/#primaryimage\"},\"thumbnailUrl\":\"https:\\\/\\\/fmgente.com.ar\\\/web\\\/wp-content\\\/uploads\\\/2025\\\/10\\\/Wanda-Nara-mexico.jpg-1.webp\",\"articleSection\":[\"DESTACADAS\"],\"inLanguage\":\"es\"},{\"@type\":\"WebPage\",\"@id\":\"https:\\\/\\\/fmgente.com.ar\\\/web\\\/la-increible-foto-de-moria-casan-a-sus-79-anos-sin-ropa-ni-filtros\\\/\",\"url\":\"https:\\\/\\\/fmgente.com.ar\\\/web\\\/la-increible-foto-de-moria-casan-a-sus-79-anos-sin-ropa-ni-filtros\\\/\",\"name\":\"La incre\u00edble foto de Moria Cas\u00e1n a sus 79 a\u00f1os: sin ropa ni filtros - Fm Gente\",\"isPartOf\":{\"@id\":\"https:\\\/\\\/fmgente.com.ar\\\/web\\\/#website\"},\"primaryImageOfPage\":{\"@id\":\"https:\\\/\\\/fmgente.com.ar\\\/web\\\/la-increible-foto-de-moria-casan-a-sus-79-anos-sin-ropa-ni-filtros\\\/#primaryimage\"},\"image\":{\"@id\":\"https:\\\/\\\/fmgente.com.ar\\\/web\\\/la-increible-foto-de-moria-casan-a-sus-79-anos-sin-ropa-ni-filtros\\\/#primaryimage\"},\"thumbnailUrl\":\"https:\\\/\\\/fmgente.com.ar\\\/web\\\/wp-content\\\/uploads\\\/2025\\\/10\\\/Wanda-Nara-mexico.jpg-1.webp\",\"datePublished\":\"2025-10-08T00:04:55+00:00\",\"inLanguage\":\"es\",\"potentialAction\":[{\"@type\":\"ReadAction\",\"target\":[\"https:\\\/\\\/fmgente.com.ar\\\/web\\\/la-increible-foto-de-moria-casan-a-sus-79-anos-sin-ropa-ni-filtros\\\/\"]}]},{\"@type\":\"ImageObject\",\"inLanguage\":\"es\",\"@id\":\"https:\\\/\\\/fmgente.com.ar\\\/web\\\/la-increible-foto-de-moria-casan-a-sus-79-anos-sin-ropa-ni-filtros\\\/#primaryimage\",\"url\":\"https:\\\/\\\/fmgente.com.ar\\\/web\\\/wp-content\\\/uploads\\\/2025\\\/10\\\/Wanda-Nara-mexico.jpg-1.webp\",\"contentUrl\":\"https:\\\/\\\/fmgente.com.ar\\\/web\\\/wp-content\\\/uploads\\\/2025\\\/10\\\/Wanda-Nara-mexico.jpg-1.webp\",\"width\":1052,\"height\":665},{\"@type\":\"WebSite\",\"@id\":\"https:\\\/\\\/fmgente.com.ar\\\/web\\\/#website\",\"url\":\"https:\\\/\\\/fmgente.com.ar\\\/web\\\/\",\"name\":\"Fm Gente\",\"description\":\"- Jes\u00fas Mar\u00eda\",\"publisher\":{\"@id\":\"https:\\\/\\\/fmgente.com.ar\\\/web\\\/#organization\"},\"potentialAction\":[{\"@type\":\"SearchAction\",\"target\":{\"@type\":\"EntryPoint\",\"urlTemplate\":\"https:\\\/\\\/fmgente.com.ar\\\/web\\\/?s={search_term_string}\"},\"query-input\":{\"@type\":\"PropertyValueSpecification\",\"valueRequired\":true,\"valueName\":\"search_term_string\"}}],\"inLanguage\":\"es\"},{\"@type\":\"Organization\",\"@id\":\"https:\\\/\\\/fmgente.com.ar\\\/web\\\/#organization\",\"name\":\"Fm Gente\",\"url\":\"https:\\\/\\\/fmgente.com.ar\\\/web\\\/\",\"logo\":{\"@type\":\"ImageObject\",\"inLanguage\":\"es\",\"@id\":\"https:\\\/\\\/fmgente.com.ar\\\/web\\\/#\\\/schema\\\/logo\\\/image\\\/\",\"url\":\"https:\\\/\\\/fmgente.com.ar\\\/web\\\/wp-content\\\/uploads\\\/2023\\\/07\\\/cropped-cropped-logo-sombra2.png\",\"contentUrl\":\"https:\\\/\\\/fmgente.com.ar\\\/web\\\/wp-content\\\/uploads\\\/2023\\\/07\\\/cropped-cropped-logo-sombra2.png\",\"width\":1782,\"height\":1782,\"caption\":\"Fm Gente\"},\"image\":{\"@id\":\"https:\\\/\\\/fmgente.com.ar\\\/web\\\/#\\\/schema\\\/logo\\\/image\\\/\"}}]}<\/script>\n<!-- \/ Yoast SEO plugin. -->","yoast_head_json":{"title":"La incre\u00edble foto de Moria Cas\u00e1n a sus 79 a\u00f1os: sin ropa ni filtros - Fm Gente","robots":{"index":"index","follow":"follow","max-snippet":"max-snippet:-1","max-image-preview":"max-image-preview:large","max-video-preview":"max-video-preview:-1"},"canonical":"https:\/\/fmgente.com.ar\/web\/la-increible-foto-de-moria-casan-a-sus-79-anos-sin-ropa-ni-filtros\/","og_locale":"es_ES","og_type":"article","og_title":"La incre\u00edble foto de Moria Cas\u00e1n a sus 79 a\u00f1os: sin ropa ni filtros - Fm Gente","og_description":"En las \u00faltimas horas, Moria Cas\u00e1n volvi\u00f3 a sacudir el mundo del espect\u00e1culo al compartir","og_url":"https:\/\/fmgente.com.ar\/web\/la-increible-foto-de-moria-casan-a-sus-79-anos-sin-ropa-ni-filtros\/","og_site_name":"Fm Gente","article_published_time":"2025-10-08T00:04:55+00:00","og_image":[{"width":1052,"height":665,"url":"https:\/\/fmgente.com.ar\/web\/wp-content\/uploads\/2025\/10\/Wanda-Nara-mexico.jpg-1.webp","type":"image\/webp"}],"twitter_card":"summary_large_image","twitter_misc":{"Tiempo de lectura":"2 minutos"},"schema":{"@context":"https:\/\/schema.org","@graph":[{"@type":"Article","@id":"https:\/\/fmgente.com.ar\/web\/la-increible-foto-de-moria-casan-a-sus-79-anos-sin-ropa-ni-filtros\/#article","isPartOf":{"@id":"https:\/\/fmgente.com.ar\/web\/la-increible-foto-de-moria-casan-a-sus-79-anos-sin-ropa-ni-filtros\/"},"author":{"name":"","@id":""},"headline":"La incre\u00edble foto de Moria Cas\u00e1n a sus 79 a\u00f1os: sin ropa ni filtros","datePublished":"2025-10-08T00:04:55+00:00","mainEntityOfPage":{"@id":"https:\/\/fmgente.com.ar\/web\/la-increible-foto-de-moria-casan-a-sus-79-anos-sin-ropa-ni-filtros\/"},"wordCount":506,"publisher":{"@id":"https:\/\/fmgente.com.ar\/web\/#organization"},"image":{"@id":"https:\/\/fmgente.com.ar\/web\/la-increible-foto-de-moria-casan-a-sus-79-anos-sin-ropa-ni-filtros\/#primaryimage"},"thumbnailUrl":"https:\/\/fmgente.com.ar\/web\/wp-content\/uploads\/2025\/10\/Wanda-Nara-mexico.jpg-1.webp","articleSection":["DESTACADAS"],"inLanguage":"es"},{"@type":"WebPage","@id":"https:\/\/fmgente.com.ar\/web\/la-increible-foto-de-moria-casan-a-sus-79-anos-sin-ropa-ni-filtros\/","url":"https:\/\/fmgente.com.ar\/web\/la-increible-foto-de-moria-casan-a-sus-79-anos-sin-ropa-ni-filtros\/","name":"La incre\u00edble foto de Moria Cas\u00e1n a sus 79 a\u00f1os: sin ropa ni filtros - Fm Gente","isPartOf":{"@id":"https:\/\/fmgente.com.ar\/web\/#website"},"primaryImageOfPage":{"@id":"https:\/\/fmgente.com.ar\/web\/la-increible-foto-de-moria-casan-a-sus-79-anos-sin-ropa-ni-filtros\/#primaryimage"},"image":{"@id":"https:\/\/fmgente.com.ar\/web\/la-increible-foto-de-moria-casan-a-sus-79-anos-sin-ropa-ni-filtros\/#primaryimage"},"thumbnailUrl":"https:\/\/fmgente.com.ar\/web\/wp-content\/uploads\/2025\/10\/Wanda-Nara-mexico.jpg-1.webp","datePublished":"2025-10-08T00:04:55+00:00","inLanguage":"es","potentialAction":[{"@type":"ReadAction","target":["https:\/\/fmgente.com.ar\/web\/la-increible-foto-de-moria-casan-a-sus-79-anos-sin-ropa-ni-filtros\/"]}]},{"@type":"ImageObject","inLanguage":"es","@id":"https:\/\/fmgente.com.ar\/web\/la-increible-foto-de-moria-casan-a-sus-79-anos-sin-ropa-ni-filtros\/#primaryimage","url":"https:\/\/fmgente.com.ar\/web\/wp-content\/uploads\/2025\/10\/Wanda-Nara-mexico.jpg-1.webp","contentUrl":"https:\/\/fmgente.com.ar\/web\/wp-content\/uploads\/2025\/10\/Wanda-Nara-mexico.jpg-1.webp","width":1052,"height":665},{"@type":"WebSite","@id":"https:\/\/fmgente.com.ar\/web\/#website","url":"https:\/\/fmgente.com.ar\/web\/","name":"Fm Gente","description":"- Jes\u00fas Mar\u00eda","publisher":{"@id":"https:\/\/fmgente.com.ar\/web\/#organization"},"potentialAction":[{"@type":"SearchAction","target":{"@type":"EntryPoint","urlTemplate":"https:\/\/fmgente.com.ar\/web\/?s={search_term_string}"},"query-input":{"@type":"PropertyValueSpecification","valueRequired":true,"valueName":"search_term_string"}}],"inLanguage":"es"},{"@type":"Organization","@id":"https:\/\/fmgente.com.ar\/web\/#organization","name":"Fm Gente","url":"https:\/\/fmgente.com.ar\/web\/","logo":{"@type":"ImageObject","inLanguage":"es","@id":"https:\/\/fmgente.com.ar\/web\/#\/schema\/logo\/image\/","url":"https:\/\/fmgente.com.ar\/web\/wp-content\/uploads\/2023\/07\/cropped-cropped-logo-sombra2.png","contentUrl":"https:\/\/fmgente.com.ar\/web\/wp-content\/uploads\/2023\/07\/cropped-cropped-logo-sombra2.png","width":1782,"height":1782,"caption":"Fm Gente"},"image":{"@id":"https:\/\/fmgente.com.ar\/web\/#\/schema\/logo\/image\/"}}]}},"_links":{"self":[{"href":"https:\/\/fmgente.com.ar\/web\/wp-json\/wp\/v2\/posts\/6305","targetHints":{"allow":["GET"]}}],"collection":[{"href":"https:\/\/fmgente.com.ar\/web\/wp-json\/wp\/v2\/posts"}],"about":[{"href":"https:\/\/fmgente.com.ar\/web\/wp-json\/wp\/v2\/types\/post"}],"replies":[{"embeddable":true,"href":"https:\/\/fmgente.com.ar\/web\/wp-json\/wp\/v2\/comments?post=6305"}],"version-history":[{"count":0,"href":"https:\/\/fmgente.com.ar\/web\/wp-json\/wp\/v2\/posts\/6305\/revisions"}],"wp:featuredmedia":[{"embeddable":true,"href":"https:\/\/fmgente.com.ar\/web\/wp-json\/wp\/v2\/media\/6306"}],"wp:attachment":[{"href":"https:\/\/fmgente.com.ar\/web\/wp-json\/wp\/v2\/media?parent=6305"}],"wp:term":[{"taxonomy":"category","embeddable":true,"href":"https:\/\/fmgente.com.ar\/web\/wp-json\/wp\/v2\/categories?post=6305"},{"taxonomy":"post_tag","embeddable":true,"href":"https:\/\/fmgente.com.ar\/web\/wp-json\/wp\/v2\/tags?post=6305"}],"curies":[{"name":"wp","href":"https:\/\/api.w.org\/{rel}","templated":true}]}}