{"id":6303,"date":"2025-10-07T20:04:56","date_gmt":"2025-10-07T23:04:56","guid":{"rendered":"https:\/\/fmgente.com.ar\/la-china-suarez-dejo-a-sus-hijos-en-turquia-para-irse-con-mauro-icardi-a-espana-la-reaccion-de-benjamin-vicuna\/"},"modified":"2025-10-07T20:04:56","modified_gmt":"2025-10-07T23:04:56","slug":"la-china-suarez-dejo-a-sus-hijos-en-turquia-para-irse-con-mauro-icardi-a-espana-la-reaccion-de-benjamin-vicuna","status":"publish","type":"post","link":"https:\/\/fmgente.com.ar\/web\/la-china-suarez-dejo-a-sus-hijos-en-turquia-para-irse-con-mauro-icardi-a-espana-la-reaccion-de-benjamin-vicuna\/","title":{"rendered":"La China Su\u00e1rez dej\u00f3 a sus hijos en Turqu\u00eda para irse con Mauro Icardi a Espa\u00f1a: la reacci\u00f3n de Benjam\u00edn Vicu\u00f1a"},"content":{"rendered":"<p>La pelea luce eterna, pr\u00e1cticamente imposible de resolver por los caminos del di\u00e1logo, el acuerdo, el entendimiento adulto. La <strong>China Su\u00e1rez <\/strong>activ\u00f3 una guerra gigantesca contra <strong>Benjam\u00edn Vicu\u00f1a<\/strong>, motorizada en esa pulsi\u00f3n repentina de salir corriendo del pa\u00eds para perseguir a <strong>Mauro Icardi.<\/strong><\/p>\n<p>La blonda se arroj\u00f3 sin miramientos a la aventura de cambiar de continente, a pesar de la escasez de meses que tiene su relaci\u00f3n con el futbolista. Y en ese impulso arroll\u00f3 con todo, para modificar el centro de vida de sus tres hijos, fruto de dos padres distintos: <strong>Nico Cabr\u00e9 y <a href=\"https:\/\/www.paparazzi.com.ar\/teve\/decision-tomada-la-nueva-vida-de-la-china-suarez-con-un-inesperado-cambio-que-sorprendio-a-todos\/\">Benjam\u00edn Vicu\u00f1a<\/a><\/strong>.<\/p>\n<p>La famosa ya le gan\u00f3 la pulseada al argentino y lo convenci\u00f3 para que Rufina se instale en Turqu\u00eda. Caso contrario al chileno, que no le agrada la idea de que sus peque\u00f1os se muden definitivamente a Estambul, por eso atraviesan una batalla legal por la tenencia.<\/p>\n<div class=\"mt-box \">\n<h4 class=\"mt-heading\">Mir\u00e1 Tambi\u00e9n<\/h4>\n<p><a href=\"https:\/\/www.paparazzi.com.ar\/romances\/los-desgarradores-testimonios-de-las-hijas-de-wanda-nara-contra-mauro-icardi-me-arruina-la-vida-con-su\/\"><\/p>\n<div class=\"mt-content\">\n<div class=\"mt-image-container\"><img decoding=\"async\" src=\"https:\/\/www.paparazzi.com.ar\/wp-content\/uploads\/2025\/08\/Wanda-Nara-Isabella-Mauro-Icardi.jpg.webp\" alt=\"Los desgarradores testimonios de las hijas de Wanda Nara contra Mauro Icardi: \u201cMe arruina la vida con su\u2026\u201d\" class=\"mt-image\" loading=\"lazy\" \/><\/div>\n<h5 class=\"mt-title\">Los desgarradores testimonios de las hijas de Wanda Nara contra Mauro Icardi: \u201cMe arruina la vida con su\u2026\u201d<\/h5>\n<\/div>\n<p><\/a><\/div>\n<p>Y en ese sentido, <strong>Paula Varela <\/strong>acaba de lanzar una informaci\u00f3n incendiaria de Mar\u00eda Eugenia y una actitud controversial con sus peque\u00f1os. \u201c<em>Nos confirman que los nenes de la China Su\u00e1rez y Benjam\u00edn Vicu\u00f1a est\u00e1n en Turqu\u00eda desde el viernes pasado. Estuvieron unos d\u00edas con el pap\u00e1 y despu\u00e9s viajaron a ver a Eugenia<\/em>\u201d, solt\u00f3.<\/p>\n<h2 class=\"wp-block-heading\">LA CHINA SU\u00c1REZ DEJ\u00d3 A SUS HIJOS SOLOS EN TURQU\u00cdA<\/h2>\n<p>Y as\u00ed lleg\u00f3 el punto m\u00e1s conflictivo, porque la panelista de Intrusos cont\u00f3: \u201c<em>Lo que me dicen es que, si ella est\u00e1 en Madrid con su novio, Mauro Icardi, los chicos habr\u00edan quedado al cuidado de la empleada porque me aseguran que, en este caso, la mam\u00e1 de la China no viaj\u00f3<\/em>\u201d.<\/p>\n<p>Por su parte, Adri\u00e1n Pallares opin\u00f3: \u201c<em>Qu\u00e9 dif\u00edcil todo esto, \u00bfno? Despu\u00e9s queremos que traten de llevarse bien, pero cada uno hace lo que puede. Hay que ver si hay acuerdo, Benjam\u00edn trata de llevar todo esto de una manera silenciosa<\/em>\u00ab.\u00a0<\/p>\n<div class=\"mt-box \">\n<h4 class=\"mt-heading\">Mir\u00e1 Tambi\u00e9n<\/h4>\n<p><a href=\"https:\/\/www.paparazzi.com.ar\/teve\/decision-tomada-la-nueva-vida-de-la-china-suarez-con-un-inesperado-cambio-que-sorprendio-a-todos\/\"><\/p>\n<div class=\"mt-content\">\n<div class=\"mt-image-container\"><img decoding=\"async\" src=\"https:\/\/www.paparazzi.com.ar\/wp-content\/uploads\/2025\/09\/china-suarez-2.jpg.webp\" alt=\"La tajante decisi\u00f3n de la China Su\u00e1rez que preocupa a Benjam\u00edn Vicu\u00f1a y alegra a Mauro Icardi\" class=\"mt-image\" loading=\"lazy\" \/><\/div>\n<h5 class=\"mt-title\">La tajante decisi\u00f3n de la China Su\u00e1rez que preocupa a Benjam\u00edn Vicu\u00f1a y alegra a Mauro Icardi<\/h5>\n<\/div>\n<p><\/a><\/div>\n<p>d<\/p>\n<p>The post <a href=\"https:\/\/www.paparazzi.com.ar\/romances\/la-china-suarez-dejo-a-sus-hijos-en-turquia-para-irse-sola-con-mauro-icardi-a-espana-la-reaccion-de-benjamin-vicuna\/\">La China Su\u00e1rez dej\u00f3 a sus hijos en Turqu\u00eda para irse con Mauro Icardi a Espa\u00f1a: la reacci\u00f3n de Benjam\u00edn Vicu\u00f1a<\/a> appeared first on <a href=\"https:\/\/www.paparazzi.com.ar\">Revista Paparazzi<\/a>.<\/p>\n","protected":false},"excerpt":{"rendered":"<p>La pelea luce eterna, pr\u00e1cticamente imposible de resolver por los caminos del di\u00e1logo, el acuerdo,<\/p>\n","protected":false},"author":0,"featured_media":6304,"comment_status":"","ping_status":"","sticky":false,"template":"","format":"standard","meta":{"footnotes":""},"categories":[11],"tags":[],"class_list":["post-6303","post","type-post","status-publish","format-standard","has-post-thumbnail","hentry","category-destacadas"],"yoast_head":"<!-- This site is optimized with the Yoast SEO plugin v28.3 - https:\/\/yoast.com\/product\/yoast-seo-wordpress\/ -->\n<title>La China Su\u00e1rez dej\u00f3 a sus hijos en Turqu\u00eda para irse con Mauro Icardi a Espa\u00f1a: la reacci\u00f3n de Benjam\u00edn Vicu\u00f1a - Fm Gente<\/title>\n<meta name=\"robots\" content=\"index, follow, max-snippet:-1, max-image-preview:large, max-video-preview:-1\" \/>\n<link rel=\"canonical\" href=\"https:\/\/fmgente.com.ar\/web\/la-china-suarez-dejo-a-sus-hijos-en-turquia-para-irse-con-mauro-icardi-a-espana-la-reaccion-de-benjamin-vicuna\/\" \/>\n<meta property=\"og:locale\" content=\"es_ES\" \/>\n<meta property=\"og:type\" content=\"article\" \/>\n<meta property=\"og:title\" content=\"La China Su\u00e1rez dej\u00f3 a sus hijos en Turqu\u00eda para irse con Mauro Icardi a Espa\u00f1a: la reacci\u00f3n de Benjam\u00edn Vicu\u00f1a - Fm Gente\" \/>\n<meta property=\"og:description\" content=\"La pelea luce eterna, pr\u00e1cticamente imposible de resolver por los caminos del di\u00e1logo, el acuerdo,\" \/>\n<meta property=\"og:url\" content=\"https:\/\/fmgente.com.ar\/web\/la-china-suarez-dejo-a-sus-hijos-en-turquia-para-irse-con-mauro-icardi-a-espana-la-reaccion-de-benjamin-vicuna\/\" \/>\n<meta property=\"og:site_name\" content=\"Fm Gente\" \/>\n<meta property=\"article:published_time\" content=\"2025-10-07T23:04:56+00:00\" \/>\n<meta property=\"og:image\" content=\"https:\/\/fmgente.com.ar\/web\/wp-content\/uploads\/2025\/10\/Wanda-Nara-Isabella-Mauro-Icardi.jpg-1.webp\" \/>\n\t<meta property=\"og:image:width\" content=\"1052\" \/>\n\t<meta property=\"og:image:height\" content=\"665\" \/>\n\t<meta property=\"og:image:type\" content=\"image\/webp\" \/>\n<meta name=\"twitter:card\" content=\"summary_large_image\" \/>\n<meta name=\"twitter:label1\" content=\"Tiempo de lectura\" \/>\n\t<meta name=\"twitter:data1\" content=\"2 minutos\" \/>\n<script type=\"application\/ld+json\" class=\"yoast-schema-graph\">{\"@context\":\"https:\\\/\\\/schema.org\",\"@graph\":[{\"@type\":\"Article\",\"@id\":\"https:\\\/\\\/fmgente.com.ar\\\/web\\\/la-china-suarez-dejo-a-sus-hijos-en-turquia-para-irse-con-mauro-icardi-a-espana-la-reaccion-de-benjamin-vicuna\\\/#article\",\"isPartOf\":{\"@id\":\"https:\\\/\\\/fmgente.com.ar\\\/web\\\/la-china-suarez-dejo-a-sus-hijos-en-turquia-para-irse-con-mauro-icardi-a-espana-la-reaccion-de-benjamin-vicuna\\\/\"},\"author\":{\"name\":\"\",\"@id\":\"\"},\"headline\":\"La China Su\u00e1rez dej\u00f3 a sus hijos en Turqu\u00eda para irse con Mauro Icardi a Espa\u00f1a: la reacci\u00f3n de Benjam\u00edn Vicu\u00f1a\",\"datePublished\":\"2025-10-07T23:04:56+00:00\",\"mainEntityOfPage\":{\"@id\":\"https:\\\/\\\/fmgente.com.ar\\\/web\\\/la-china-suarez-dejo-a-sus-hijos-en-turquia-para-irse-con-mauro-icardi-a-espana-la-reaccion-de-benjamin-vicuna\\\/\"},\"wordCount\":439,\"publisher\":{\"@id\":\"https:\\\/\\\/fmgente.com.ar\\\/web\\\/#organization\"},\"image\":{\"@id\":\"https:\\\/\\\/fmgente.com.ar\\\/web\\\/la-china-suarez-dejo-a-sus-hijos-en-turquia-para-irse-con-mauro-icardi-a-espana-la-reaccion-de-benjamin-vicuna\\\/#primaryimage\"},\"thumbnailUrl\":\"https:\\\/\\\/fmgente.com.ar\\\/web\\\/wp-content\\\/uploads\\\/2025\\\/10\\\/Wanda-Nara-Isabella-Mauro-Icardi.jpg-1.webp\",\"articleSection\":[\"DESTACADAS\"],\"inLanguage\":\"es\"},{\"@type\":\"WebPage\",\"@id\":\"https:\\\/\\\/fmgente.com.ar\\\/web\\\/la-china-suarez-dejo-a-sus-hijos-en-turquia-para-irse-con-mauro-icardi-a-espana-la-reaccion-de-benjamin-vicuna\\\/\",\"url\":\"https:\\\/\\\/fmgente.com.ar\\\/web\\\/la-china-suarez-dejo-a-sus-hijos-en-turquia-para-irse-con-mauro-icardi-a-espana-la-reaccion-de-benjamin-vicuna\\\/\",\"name\":\"La China Su\u00e1rez dej\u00f3 a sus hijos en Turqu\u00eda para irse con Mauro Icardi a Espa\u00f1a: la reacci\u00f3n de Benjam\u00edn Vicu\u00f1a - Fm Gente\",\"isPartOf\":{\"@id\":\"https:\\\/\\\/fmgente.com.ar\\\/web\\\/#website\"},\"primaryImageOfPage\":{\"@id\":\"https:\\\/\\\/fmgente.com.ar\\\/web\\\/la-china-suarez-dejo-a-sus-hijos-en-turquia-para-irse-con-mauro-icardi-a-espana-la-reaccion-de-benjamin-vicuna\\\/#primaryimage\"},\"image\":{\"@id\":\"https:\\\/\\\/fmgente.com.ar\\\/web\\\/la-china-suarez-dejo-a-sus-hijos-en-turquia-para-irse-con-mauro-icardi-a-espana-la-reaccion-de-benjamin-vicuna\\\/#primaryimage\"},\"thumbnailUrl\":\"https:\\\/\\\/fmgente.com.ar\\\/web\\\/wp-content\\\/uploads\\\/2025\\\/10\\\/Wanda-Nara-Isabella-Mauro-Icardi.jpg-1.webp\",\"datePublished\":\"2025-10-07T23:04:56+00:00\",\"inLanguage\":\"es\",\"potentialAction\":[{\"@type\":\"ReadAction\",\"target\":[\"https:\\\/\\\/fmgente.com.ar\\\/web\\\/la-china-suarez-dejo-a-sus-hijos-en-turquia-para-irse-con-mauro-icardi-a-espana-la-reaccion-de-benjamin-vicuna\\\/\"]}]},{\"@type\":\"ImageObject\",\"inLanguage\":\"es\",\"@id\":\"https:\\\/\\\/fmgente.com.ar\\\/web\\\/la-china-suarez-dejo-a-sus-hijos-en-turquia-para-irse-con-mauro-icardi-a-espana-la-reaccion-de-benjamin-vicuna\\\/#primaryimage\",\"url\":\"https:\\\/\\\/fmgente.com.ar\\\/web\\\/wp-content\\\/uploads\\\/2025\\\/10\\\/Wanda-Nara-Isabella-Mauro-Icardi.jpg-1.webp\",\"contentUrl\":\"https:\\\/\\\/fmgente.com.ar\\\/web\\\/wp-content\\\/uploads\\\/2025\\\/10\\\/Wanda-Nara-Isabella-Mauro-Icardi.jpg-1.webp\",\"width\":1052,\"height\":665},{\"@type\":\"WebSite\",\"@id\":\"https:\\\/\\\/fmgente.com.ar\\\/web\\\/#website\",\"url\":\"https:\\\/\\\/fmgente.com.ar\\\/web\\\/\",\"name\":\"Fm Gente\",\"description\":\"- Jes\u00fas Mar\u00eda\",\"publisher\":{\"@id\":\"https:\\\/\\\/fmgente.com.ar\\\/web\\\/#organization\"},\"potentialAction\":[{\"@type\":\"SearchAction\",\"target\":{\"@type\":\"EntryPoint\",\"urlTemplate\":\"https:\\\/\\\/fmgente.com.ar\\\/web\\\/?s={search_term_string}\"},\"query-input\":{\"@type\":\"PropertyValueSpecification\",\"valueRequired\":true,\"valueName\":\"search_term_string\"}}],\"inLanguage\":\"es\"},{\"@type\":\"Organization\",\"@id\":\"https:\\\/\\\/fmgente.com.ar\\\/web\\\/#organization\",\"name\":\"Fm Gente\",\"url\":\"https:\\\/\\\/fmgente.com.ar\\\/web\\\/\",\"logo\":{\"@type\":\"ImageObject\",\"inLanguage\":\"es\",\"@id\":\"https:\\\/\\\/fmgente.com.ar\\\/web\\\/#\\\/schema\\\/logo\\\/image\\\/\",\"url\":\"https:\\\/\\\/fmgente.com.ar\\\/web\\\/wp-content\\\/uploads\\\/2023\\\/07\\\/cropped-cropped-logo-sombra2.png\",\"contentUrl\":\"https:\\\/\\\/fmgente.com.ar\\\/web\\\/wp-content\\\/uploads\\\/2023\\\/07\\\/cropped-cropped-logo-sombra2.png\",\"width\":1782,\"height\":1782,\"caption\":\"Fm Gente\"},\"image\":{\"@id\":\"https:\\\/\\\/fmgente.com.ar\\\/web\\\/#\\\/schema\\\/logo\\\/image\\\/\"}}]}<\/script>\n<!-- \/ Yoast SEO plugin. -->","yoast_head_json":{"title":"La China Su\u00e1rez dej\u00f3 a sus hijos en Turqu\u00eda para irse con Mauro Icardi a Espa\u00f1a: la reacci\u00f3n de Benjam\u00edn Vicu\u00f1a - Fm Gente","robots":{"index":"index","follow":"follow","max-snippet":"max-snippet:-1","max-image-preview":"max-image-preview:large","max-video-preview":"max-video-preview:-1"},"canonical":"https:\/\/fmgente.com.ar\/web\/la-china-suarez-dejo-a-sus-hijos-en-turquia-para-irse-con-mauro-icardi-a-espana-la-reaccion-de-benjamin-vicuna\/","og_locale":"es_ES","og_type":"article","og_title":"La China Su\u00e1rez dej\u00f3 a sus hijos en Turqu\u00eda para irse con Mauro Icardi a Espa\u00f1a: la reacci\u00f3n de Benjam\u00edn Vicu\u00f1a - Fm Gente","og_description":"La pelea luce eterna, pr\u00e1cticamente imposible de resolver por los caminos del di\u00e1logo, el acuerdo,","og_url":"https:\/\/fmgente.com.ar\/web\/la-china-suarez-dejo-a-sus-hijos-en-turquia-para-irse-con-mauro-icardi-a-espana-la-reaccion-de-benjamin-vicuna\/","og_site_name":"Fm Gente","article_published_time":"2025-10-07T23:04:56+00:00","og_image":[{"width":1052,"height":665,"url":"https:\/\/fmgente.com.ar\/web\/wp-content\/uploads\/2025\/10\/Wanda-Nara-Isabella-Mauro-Icardi.jpg-1.webp","type":"image\/webp"}],"twitter_card":"summary_large_image","twitter_misc":{"Tiempo de lectura":"2 minutos"},"schema":{"@context":"https:\/\/schema.org","@graph":[{"@type":"Article","@id":"https:\/\/fmgente.com.ar\/web\/la-china-suarez-dejo-a-sus-hijos-en-turquia-para-irse-con-mauro-icardi-a-espana-la-reaccion-de-benjamin-vicuna\/#article","isPartOf":{"@id":"https:\/\/fmgente.com.ar\/web\/la-china-suarez-dejo-a-sus-hijos-en-turquia-para-irse-con-mauro-icardi-a-espana-la-reaccion-de-benjamin-vicuna\/"},"author":{"name":"","@id":""},"headline":"La China Su\u00e1rez dej\u00f3 a sus hijos en Turqu\u00eda para irse con Mauro Icardi a Espa\u00f1a: la reacci\u00f3n de Benjam\u00edn Vicu\u00f1a","datePublished":"2025-10-07T23:04:56+00:00","mainEntityOfPage":{"@id":"https:\/\/fmgente.com.ar\/web\/la-china-suarez-dejo-a-sus-hijos-en-turquia-para-irse-con-mauro-icardi-a-espana-la-reaccion-de-benjamin-vicuna\/"},"wordCount":439,"publisher":{"@id":"https:\/\/fmgente.com.ar\/web\/#organization"},"image":{"@id":"https:\/\/fmgente.com.ar\/web\/la-china-suarez-dejo-a-sus-hijos-en-turquia-para-irse-con-mauro-icardi-a-espana-la-reaccion-de-benjamin-vicuna\/#primaryimage"},"thumbnailUrl":"https:\/\/fmgente.com.ar\/web\/wp-content\/uploads\/2025\/10\/Wanda-Nara-Isabella-Mauro-Icardi.jpg-1.webp","articleSection":["DESTACADAS"],"inLanguage":"es"},{"@type":"WebPage","@id":"https:\/\/fmgente.com.ar\/web\/la-china-suarez-dejo-a-sus-hijos-en-turquia-para-irse-con-mauro-icardi-a-espana-la-reaccion-de-benjamin-vicuna\/","url":"https:\/\/fmgente.com.ar\/web\/la-china-suarez-dejo-a-sus-hijos-en-turquia-para-irse-con-mauro-icardi-a-espana-la-reaccion-de-benjamin-vicuna\/","name":"La China Su\u00e1rez dej\u00f3 a sus hijos en Turqu\u00eda para irse con Mauro Icardi a Espa\u00f1a: la reacci\u00f3n de Benjam\u00edn Vicu\u00f1a - Fm Gente","isPartOf":{"@id":"https:\/\/fmgente.com.ar\/web\/#website"},"primaryImageOfPage":{"@id":"https:\/\/fmgente.com.ar\/web\/la-china-suarez-dejo-a-sus-hijos-en-turquia-para-irse-con-mauro-icardi-a-espana-la-reaccion-de-benjamin-vicuna\/#primaryimage"},"image":{"@id":"https:\/\/fmgente.com.ar\/web\/la-china-suarez-dejo-a-sus-hijos-en-turquia-para-irse-con-mauro-icardi-a-espana-la-reaccion-de-benjamin-vicuna\/#primaryimage"},"thumbnailUrl":"https:\/\/fmgente.com.ar\/web\/wp-content\/uploads\/2025\/10\/Wanda-Nara-Isabella-Mauro-Icardi.jpg-1.webp","datePublished":"2025-10-07T23:04:56+00:00","inLanguage":"es","potentialAction":[{"@type":"ReadAction","target":["https:\/\/fmgente.com.ar\/web\/la-china-suarez-dejo-a-sus-hijos-en-turquia-para-irse-con-mauro-icardi-a-espana-la-reaccion-de-benjamin-vicuna\/"]}]},{"@type":"ImageObject","inLanguage":"es","@id":"https:\/\/fmgente.com.ar\/web\/la-china-suarez-dejo-a-sus-hijos-en-turquia-para-irse-con-mauro-icardi-a-espana-la-reaccion-de-benjamin-vicuna\/#primaryimage","url":"https:\/\/fmgente.com.ar\/web\/wp-content\/uploads\/2025\/10\/Wanda-Nara-Isabella-Mauro-Icardi.jpg-1.webp","contentUrl":"https:\/\/fmgente.com.ar\/web\/wp-content\/uploads\/2025\/10\/Wanda-Nara-Isabella-Mauro-Icardi.jpg-1.webp","width":1052,"height":665},{"@type":"WebSite","@id":"https:\/\/fmgente.com.ar\/web\/#website","url":"https:\/\/fmgente.com.ar\/web\/","name":"Fm Gente","description":"- Jes\u00fas Mar\u00eda","publisher":{"@id":"https:\/\/fmgente.com.ar\/web\/#organization"},"potentialAction":[{"@type":"SearchAction","target":{"@type":"EntryPoint","urlTemplate":"https:\/\/fmgente.com.ar\/web\/?s={search_term_string}"},"query-input":{"@type":"PropertyValueSpecification","valueRequired":true,"valueName":"search_term_string"}}],"inLanguage":"es"},{"@type":"Organization","@id":"https:\/\/fmgente.com.ar\/web\/#organization","name":"Fm Gente","url":"https:\/\/fmgente.com.ar\/web\/","logo":{"@type":"ImageObject","inLanguage":"es","@id":"https:\/\/fmgente.com.ar\/web\/#\/schema\/logo\/image\/","url":"https:\/\/fmgente.com.ar\/web\/wp-content\/uploads\/2023\/07\/cropped-cropped-logo-sombra2.png","contentUrl":"https:\/\/fmgente.com.ar\/web\/wp-content\/uploads\/2023\/07\/cropped-cropped-logo-sombra2.png","width":1782,"height":1782,"caption":"Fm Gente"},"image":{"@id":"https:\/\/fmgente.com.ar\/web\/#\/schema\/logo\/image\/"}}]}},"_links":{"self":[{"href":"https:\/\/fmgente.com.ar\/web\/wp-json\/wp\/v2\/posts\/6303","targetHints":{"allow":["GET"]}}],"collection":[{"href":"https:\/\/fmgente.com.ar\/web\/wp-json\/wp\/v2\/posts"}],"about":[{"href":"https:\/\/fmgente.com.ar\/web\/wp-json\/wp\/v2\/types\/post"}],"replies":[{"embeddable":true,"href":"https:\/\/fmgente.com.ar\/web\/wp-json\/wp\/v2\/comments?post=6303"}],"version-history":[{"count":0,"href":"https:\/\/fmgente.com.ar\/web\/wp-json\/wp\/v2\/posts\/6303\/revisions"}],"wp:featuredmedia":[{"embeddable":true,"href":"https:\/\/fmgente.com.ar\/web\/wp-json\/wp\/v2\/media\/6304"}],"wp:attachment":[{"href":"https:\/\/fmgente.com.ar\/web\/wp-json\/wp\/v2\/media?parent=6303"}],"wp:term":[{"taxonomy":"category","embeddable":true,"href":"https:\/\/fmgente.com.ar\/web\/wp-json\/wp\/v2\/categories?post=6303"},{"taxonomy":"post_tag","embeddable":true,"href":"https:\/\/fmgente.com.ar\/web\/wp-json\/wp\/v2\/tags?post=6303"}],"curies":[{"name":"wp","href":"https:\/\/api.w.org\/{rel}","templated":true}]}}