{"id":6301,"date":"2025-10-07T20:04:55","date_gmt":"2025-10-07T23:04:55","guid":{"rendered":"https:\/\/fmgente.com.ar\/la-nueva-vida-de-calu-rivero-tras-dejar-la-actuacion-donde-vive-y-de-que-trabaja\/"},"modified":"2025-10-07T20:04:55","modified_gmt":"2025-10-07T23:04:55","slug":"la-nueva-vida-de-calu-rivero-tras-dejar-la-actuacion-donde-vive-y-de-que-trabaja","status":"publish","type":"post","link":"https:\/\/fmgente.com.ar\/web\/la-nueva-vida-de-calu-rivero-tras-dejar-la-actuacion-donde-vive-y-de-que-trabaja\/","title":{"rendered":"La nueva vida de Calu Rivero tras dejar la actuaci\u00f3n: d\u00f3nde vive y de qu\u00e9 trabaja"},"content":{"rendered":"<p><strong><a href=\"https:\/\/www.paparazzi.com.ar\/?s=Calu+Rivero\">Calu Rivero<\/a><\/strong> volvi\u00f3 a recorrer las calles de Nueva York, la ciudad que fue su hogar durante tres a\u00f1os y que marc\u00f3 una etapa de introspecci\u00f3n y b\u00fasqueda personal. Esta vez, su regreso fue completamente distinto: lo hizo acompa\u00f1ada de sus hijos, <strong>Tao y Bee<\/strong>, fruto de su relaci\u00f3n con <strong><a href=\"https:\/\/www.paparazzi.com.ar\/?s=A%C3%ADto+de+la+R%C3%BAa\">A\u00edto de la R\u00faa<\/a><\/strong>, viviendo la Gran Manzana desde la mirada renovada de la maternidad.<\/p>\n<p>La actriz comparti\u00f3 una serie de postales en sus redes donde se la ve disfrutando de la cotidianeidad urbana, entre paseos, abrazos y risas con sus hijos. En una de las im\u00e1genes aparece sobre una vereda arbolada junto a una amiga, ambas sonrientes, mientras sostiene a Bee, que luce un pantal\u00f3n de rayas y remera beige. <\/p>\n<p>En otras se la ve cargando a Tao mientras camina por la acera o empujando un cochecito azul bajo una estructura met\u00e1lica con los rascacielos de fondo. Junto a las im\u00e1genes, Calu escribi\u00f3 un texto que r\u00e1pidamente se viraliz\u00f3 por su tono sincero y reflexivo.<\/p>\n<div class=\"mt-box \">\n<h4 class=\"mt-heading\">Mir\u00e1 Tambi\u00e9n<\/h4>\n<p><a href=\"https:\/\/www.paparazzi.com.ar\/teve\/exclusivo-nacho-castanares-revelo-como-esta-thiago-medina-tras-despertar-del-coma\/\"><\/p>\n<div class=\"mt-content\">\n<div class=\"mt-image-container\"><img decoding=\"async\" src=\"https:\/\/www.paparazzi.com.ar\/wp-content\/uploads\/2025\/09\/Nacho-Castanares-Thiago-medina.jpg.webp\" alt=\"\u00a1Exclusivo! Nacho Casta\u00f1ares revel\u00f3 c\u00f3mo est\u00e1 Thiago Medina tras despertar del coma\" class=\"mt-image\" loading=\"lazy\" \/><\/div>\n<h5 class=\"mt-title\">\u00a1Exclusivo! Nacho Casta\u00f1ares revel\u00f3 c\u00f3mo est\u00e1 Thiago Medina tras despertar del coma<\/h5>\n<\/div>\n<p><\/a><\/div>\n<blockquote class=\"wp-block-quote is-layout-flow wp-block-quote-is-layout-flow\">\n<p><em>\u201cViv\u00ed tres a\u00f1os en esta ciudad. Volver ahora, con mis dos hijos, es otro plano: el mismo mapa, pero con otra mirada. Todo cambia, todo se mueve, todo respira distinto. Hoy camino sin maquillaje, sin amuletos. M\u00e1s c\u00f3moda. Acompa\u00f1ada. Buscando ese balance entre lo que quiero ser y lo que puedo\u00bb <\/em>lanz\u00f3 la actriz.<\/p>\n<h2 class=\"wp-block-heading\">LA REFLEXI\u00d3N DE CALU RUVERO POR SU VIAJE A NUEVA YORK:<\/h2>\n<p>Y sigui\u00f3: <em>\u00abMe gusta esta versi\u00f3n m\u00eda, la que cede espacio, la que se desarma un poco para hacer lugar a dos mundos chiquitos\u201d.<\/em> Las fotos muestran una faceta distinta de la exprotagonista de <em>Dulce Amor<\/em>: relajada, maternal y conectada con lo simple.<\/p>\n<p>Calu sonr\u00ede en cafeter\u00edas, pasea con sus hijos por calles arboladas y disfruta del aire oto\u00f1al neoyorquino. En una de las im\u00e1genes m\u00e1s tiernas, besa a su hija en una terraza iluminada mientras la peque\u00f1a descansa en su regazo. El viaje tambi\u00e9n despert\u00f3 curiosidad por su v\u00ednculo con la familia De la R\u00faa. <\/p>\n<div class=\"mt-box \">\n<h4 class=\"mt-heading\">Mir\u00e1 Tambi\u00e9n<\/h4>\n<p><a href=\"https:\/\/www.paparazzi.com.ar\/teve\/la-triste-despedida-de-calu-rivero-a-raquel-hermida-la-abogada-que-la-defendio-contra-juan-darthes\/\"><\/p>\n<div class=\"mt-content\">\n<div class=\"mt-image-container\"><img decoding=\"async\" src=\"https:\/\/www.paparazzi.com.ar\/wp-content\/uploads\/2025\/05\/calu-rivero-raquel-hermida.jpg.webp\" alt=\"La triste despedida de Calu Rivero a Raquel Hermida, la abogada que la defendi\u00f3 contra Juan Darth\u00e9s\" class=\"mt-image\" loading=\"lazy\" \/><\/div>\n<h5 class=\"mt-title\">La triste despedida de Calu Rivero a Raquel Hermida, la abogada que la defendi\u00f3 contra Juan Darth\u00e9s<\/h5>\n<\/div>\n<p><\/a><\/div>\n<p>Calu se instal\u00f3 junto a A\u00edto y sus hijos, y su estad\u00eda coincidi\u00f3 con el Global Citizen Festival en el Central Park, donde <strong>Shakira<\/strong> \u2014expareja de <strong>Antonio de la R\u00faa<\/strong>, hermano de A\u00edto\u2014 fue una de las figuras principales. La coincidencia reaviv\u00f3 las especulaciones sobre un posible reencuentro entre Shakira y Antonio, quienes fueron pareja en los 2000.<\/p>\n<\/blockquote>\n<p>En medio de esas teor\u00edas, la actriz argentina eligi\u00f3 mantenerse al margen de los rumores y centrarse en el presente. Su publicaci\u00f3n transmite paz, conexi\u00f3n y una madurez emocional que muchos de sus seguidores destacaron. <em>\u201cMe gusta esta versi\u00f3n m\u00eda\u201d<\/em>, escribi\u00f3, y esa frase se volvi\u00f3 casi un mantra entre los comentarios que celebraron su naturalidad.<\/p>\n<h2 class=\"wp-block-heading\">Las fotos de Calu Rivero en Nueva York:<\/h2>\n<figure class=\"wp-block-image size-full\"><img decoding=\"async\" width=\"992\" height=\"992\" src=\"https:\/\/www.paparazzi.com.ar\/wp-content\/uploads\/2025\/10\/image-83.png.webp\" loading=\"lazy\" alt=\"\" class=\"wp-image-446800\" \/><\/figure>\n<figure class=\"wp-block-image size-full\"><img decoding=\"async\" width=\"992\" height=\"992\" src=\"https:\/\/www.paparazzi.com.ar\/wp-content\/uploads\/2025\/10\/image-86.png.webp\" loading=\"lazy\" alt=\"\" class=\"wp-image-446803\" \/><\/figure>\n<figure class=\"wp-block-image size-full\"><img decoding=\"async\" width=\"992\" height=\"991\" src=\"https:\/\/www.paparazzi.com.ar\/wp-content\/uploads\/2025\/10\/image-87.png.webp\" loading=\"lazy\" alt=\"\" class=\"wp-image-446804\" \/><\/figure>\n<figure class=\"wp-block-image size-full\"><img decoding=\"async\" width=\"992\" height=\"991\" src=\"https:\/\/www.paparazzi.com.ar\/wp-content\/uploads\/2025\/10\/image-84.png.webp\" loading=\"lazy\" alt=\"\" class=\"wp-image-446801\" \/><\/figure>\n<figure class=\"wp-block-image size-full\"><img decoding=\"async\" width=\"992\" height=\"992\" src=\"https:\/\/www.paparazzi.com.ar\/wp-content\/uploads\/2025\/10\/image-82.png.webp\" loading=\"lazy\" alt=\"\" class=\"wp-image-446799\" \/><\/figure>\n<figure class=\"wp-block-image size-full\"><img decoding=\"async\" width=\"992\" height=\"992\" src=\"https:\/\/www.paparazzi.com.ar\/wp-content\/uploads\/2025\/10\/image-85.png.webp\" loading=\"lazy\" alt=\"\" class=\"wp-image-446802\" \/><\/figure>\n<div class=\"mt-box \">\n<h4 class=\"mt-heading\">Mir\u00e1 Tambi\u00e9n<\/h4>\n<p><a href=\"https:\/\/www.paparazzi.com.ar\/teve\/las-vacaciones-de-calu-rivero-y-su-familia-en-el-campo-cabalgatas-fuegos-y-rituales\/\"><\/p>\n<div class=\"mt-content\">\n<div class=\"mt-image-container\"><img decoding=\"async\" src=\"https:\/\/www.paparazzi.com.ar\/wp-content\/uploads\/2025\/08\/Calu-Rivero-1.jpg.webp\" alt=\"Las vacaciones de Calu Rivero y su familia en el campo: cabalgatas, fuegos y rituales\" class=\"mt-image\" loading=\"lazy\" \/><\/div>\n<h5 class=\"mt-title\">Las vacaciones de Calu Rivero y su familia en el campo: cabalgatas, fuegos y rituales<\/h5>\n<\/div>\n<p><\/a><\/div>\n<div class=\"mt-box \">\n<h4 class=\"mt-heading\">Mir\u00e1 Tambi\u00e9n<\/h4>\n<p><a href=\"https:\/\/www.paparazzi.com.ar\/teve\/las-fotos-del-cumpleanos-natural-de-tao-el-hijo-de-calu-rivero\/\"><\/p>\n<div class=\"mt-content\">\n<div class=\"mt-image-container\"><img decoding=\"async\" src=\"https:\/\/www.paparazzi.com.ar\/wp-content\/uploads\/2025\/03\/image-31.png.webp\" alt=\"Las fotos del cumplea\u00f1os natural de Tao, el hijo de Calu Rivero\" class=\"mt-image\" loading=\"lazy\" \/><\/div>\n<h5 class=\"mt-title\">Las fotos del cumplea\u00f1os natural de Tao, el hijo de Calu Rivero<\/h5>\n<\/div>\n<p><\/a><\/div>\n<p>The post <a href=\"https:\/\/www.paparazzi.com.ar\/teve\/la-nueva-vida-de-calu-river-tras-dejar-la-actuacion-donde-vive-y-de-que-trabaja\/\">La nueva vida de Calu Rivero tras dejar la actuaci\u00f3n: d\u00f3nde vive y de qu\u00e9 trabaja<\/a> appeared first on <a href=\"https:\/\/www.paparazzi.com.ar\">Revista Paparazzi<\/a>.<\/p>\n","protected":false},"excerpt":{"rendered":"<p>Calu Rivero volvi\u00f3 a recorrer las calles de Nueva York, la ciudad que fue su<\/p>\n","protected":false},"author":0,"featured_media":6302,"comment_status":"","ping_status":"","sticky":false,"template":"","format":"standard","meta":{"footnotes":""},"categories":[11],"tags":[],"class_list":["post-6301","post","type-post","status-publish","format-standard","has-post-thumbnail","hentry","category-destacadas"],"yoast_head":"<!-- This site is optimized with the Yoast SEO plugin v28.3 - https:\/\/yoast.com\/product\/yoast-seo-wordpress\/ -->\n<title>La nueva vida de Calu Rivero tras dejar la actuaci\u00f3n: d\u00f3nde vive y de qu\u00e9 trabaja - Fm Gente<\/title>\n<meta name=\"robots\" content=\"index, follow, max-snippet:-1, max-image-preview:large, max-video-preview:-1\" \/>\n<link rel=\"canonical\" href=\"https:\/\/fmgente.com.ar\/web\/la-nueva-vida-de-calu-rivero-tras-dejar-la-actuacion-donde-vive-y-de-que-trabaja\/\" \/>\n<meta property=\"og:locale\" content=\"es_ES\" \/>\n<meta property=\"og:type\" content=\"article\" \/>\n<meta property=\"og:title\" content=\"La nueva vida de Calu Rivero tras dejar la actuaci\u00f3n: d\u00f3nde vive y de qu\u00e9 trabaja - Fm Gente\" \/>\n<meta property=\"og:description\" content=\"Calu Rivero volvi\u00f3 a recorrer las calles de Nueva York, la ciudad que fue su\" \/>\n<meta property=\"og:url\" content=\"https:\/\/fmgente.com.ar\/web\/la-nueva-vida-de-calu-rivero-tras-dejar-la-actuacion-donde-vive-y-de-que-trabaja\/\" \/>\n<meta property=\"og:site_name\" content=\"Fm Gente\" \/>\n<meta property=\"article:published_time\" content=\"2025-10-07T23:04:55+00:00\" \/>\n<meta property=\"og:image\" content=\"https:\/\/fmgente.com.ar\/web\/wp-content\/uploads\/2025\/10\/Nacho-Castanares-Thiago-medina.jpg-1.webp\" \/>\n\t<meta property=\"og:image:width\" content=\"1052\" \/>\n\t<meta property=\"og:image:height\" content=\"665\" \/>\n\t<meta property=\"og:image:type\" content=\"image\/webp\" \/>\n<meta name=\"twitter:card\" content=\"summary_large_image\" \/>\n<meta name=\"twitter:label1\" content=\"Tiempo de lectura\" \/>\n\t<meta name=\"twitter:data1\" content=\"3 minutos\" \/>\n<script type=\"application\/ld+json\" class=\"yoast-schema-graph\">{\"@context\":\"https:\\\/\\\/schema.org\",\"@graph\":[{\"@type\":\"Article\",\"@id\":\"https:\\\/\\\/fmgente.com.ar\\\/web\\\/la-nueva-vida-de-calu-rivero-tras-dejar-la-actuacion-donde-vive-y-de-que-trabaja\\\/#article\",\"isPartOf\":{\"@id\":\"https:\\\/\\\/fmgente.com.ar\\\/web\\\/la-nueva-vida-de-calu-rivero-tras-dejar-la-actuacion-donde-vive-y-de-que-trabaja\\\/\"},\"author\":{\"name\":\"\",\"@id\":\"\"},\"headline\":\"La nueva vida de Calu Rivero tras dejar la actuaci\u00f3n: d\u00f3nde vive y de qu\u00e9 trabaja\",\"datePublished\":\"2025-10-07T23:04:55+00:00\",\"mainEntityOfPage\":{\"@id\":\"https:\\\/\\\/fmgente.com.ar\\\/web\\\/la-nueva-vida-de-calu-rivero-tras-dejar-la-actuacion-donde-vive-y-de-que-trabaja\\\/\"},\"wordCount\":600,\"publisher\":{\"@id\":\"https:\\\/\\\/fmgente.com.ar\\\/web\\\/#organization\"},\"image\":{\"@id\":\"https:\\\/\\\/fmgente.com.ar\\\/web\\\/la-nueva-vida-de-calu-rivero-tras-dejar-la-actuacion-donde-vive-y-de-que-trabaja\\\/#primaryimage\"},\"thumbnailUrl\":\"https:\\\/\\\/fmgente.com.ar\\\/web\\\/wp-content\\\/uploads\\\/2025\\\/10\\\/Nacho-Castanares-Thiago-medina.jpg-1.webp\",\"articleSection\":[\"DESTACADAS\"],\"inLanguage\":\"es\"},{\"@type\":\"WebPage\",\"@id\":\"https:\\\/\\\/fmgente.com.ar\\\/web\\\/la-nueva-vida-de-calu-rivero-tras-dejar-la-actuacion-donde-vive-y-de-que-trabaja\\\/\",\"url\":\"https:\\\/\\\/fmgente.com.ar\\\/web\\\/la-nueva-vida-de-calu-rivero-tras-dejar-la-actuacion-donde-vive-y-de-que-trabaja\\\/\",\"name\":\"La nueva vida de Calu Rivero tras dejar la actuaci\u00f3n: d\u00f3nde vive y de qu\u00e9 trabaja - Fm Gente\",\"isPartOf\":{\"@id\":\"https:\\\/\\\/fmgente.com.ar\\\/web\\\/#website\"},\"primaryImageOfPage\":{\"@id\":\"https:\\\/\\\/fmgente.com.ar\\\/web\\\/la-nueva-vida-de-calu-rivero-tras-dejar-la-actuacion-donde-vive-y-de-que-trabaja\\\/#primaryimage\"},\"image\":{\"@id\":\"https:\\\/\\\/fmgente.com.ar\\\/web\\\/la-nueva-vida-de-calu-rivero-tras-dejar-la-actuacion-donde-vive-y-de-que-trabaja\\\/#primaryimage\"},\"thumbnailUrl\":\"https:\\\/\\\/fmgente.com.ar\\\/web\\\/wp-content\\\/uploads\\\/2025\\\/10\\\/Nacho-Castanares-Thiago-medina.jpg-1.webp\",\"datePublished\":\"2025-10-07T23:04:55+00:00\",\"inLanguage\":\"es\",\"potentialAction\":[{\"@type\":\"ReadAction\",\"target\":[\"https:\\\/\\\/fmgente.com.ar\\\/web\\\/la-nueva-vida-de-calu-rivero-tras-dejar-la-actuacion-donde-vive-y-de-que-trabaja\\\/\"]}]},{\"@type\":\"ImageObject\",\"inLanguage\":\"es\",\"@id\":\"https:\\\/\\\/fmgente.com.ar\\\/web\\\/la-nueva-vida-de-calu-rivero-tras-dejar-la-actuacion-donde-vive-y-de-que-trabaja\\\/#primaryimage\",\"url\":\"https:\\\/\\\/fmgente.com.ar\\\/web\\\/wp-content\\\/uploads\\\/2025\\\/10\\\/Nacho-Castanares-Thiago-medina.jpg-1.webp\",\"contentUrl\":\"https:\\\/\\\/fmgente.com.ar\\\/web\\\/wp-content\\\/uploads\\\/2025\\\/10\\\/Nacho-Castanares-Thiago-medina.jpg-1.webp\",\"width\":1052,\"height\":665},{\"@type\":\"WebSite\",\"@id\":\"https:\\\/\\\/fmgente.com.ar\\\/web\\\/#website\",\"url\":\"https:\\\/\\\/fmgente.com.ar\\\/web\\\/\",\"name\":\"Fm Gente\",\"description\":\"- Jes\u00fas Mar\u00eda\",\"publisher\":{\"@id\":\"https:\\\/\\\/fmgente.com.ar\\\/web\\\/#organization\"},\"potentialAction\":[{\"@type\":\"SearchAction\",\"target\":{\"@type\":\"EntryPoint\",\"urlTemplate\":\"https:\\\/\\\/fmgente.com.ar\\\/web\\\/?s={search_term_string}\"},\"query-input\":{\"@type\":\"PropertyValueSpecification\",\"valueRequired\":true,\"valueName\":\"search_term_string\"}}],\"inLanguage\":\"es\"},{\"@type\":\"Organization\",\"@id\":\"https:\\\/\\\/fmgente.com.ar\\\/web\\\/#organization\",\"name\":\"Fm Gente\",\"url\":\"https:\\\/\\\/fmgente.com.ar\\\/web\\\/\",\"logo\":{\"@type\":\"ImageObject\",\"inLanguage\":\"es\",\"@id\":\"https:\\\/\\\/fmgente.com.ar\\\/web\\\/#\\\/schema\\\/logo\\\/image\\\/\",\"url\":\"https:\\\/\\\/fmgente.com.ar\\\/web\\\/wp-content\\\/uploads\\\/2023\\\/07\\\/cropped-cropped-logo-sombra2.png\",\"contentUrl\":\"https:\\\/\\\/fmgente.com.ar\\\/web\\\/wp-content\\\/uploads\\\/2023\\\/07\\\/cropped-cropped-logo-sombra2.png\",\"width\":1782,\"height\":1782,\"caption\":\"Fm Gente\"},\"image\":{\"@id\":\"https:\\\/\\\/fmgente.com.ar\\\/web\\\/#\\\/schema\\\/logo\\\/image\\\/\"}}]}<\/script>\n<!-- \/ Yoast SEO plugin. -->","yoast_head_json":{"title":"La nueva vida de Calu Rivero tras dejar la actuaci\u00f3n: d\u00f3nde vive y de qu\u00e9 trabaja - Fm Gente","robots":{"index":"index","follow":"follow","max-snippet":"max-snippet:-1","max-image-preview":"max-image-preview:large","max-video-preview":"max-video-preview:-1"},"canonical":"https:\/\/fmgente.com.ar\/web\/la-nueva-vida-de-calu-rivero-tras-dejar-la-actuacion-donde-vive-y-de-que-trabaja\/","og_locale":"es_ES","og_type":"article","og_title":"La nueva vida de Calu Rivero tras dejar la actuaci\u00f3n: d\u00f3nde vive y de qu\u00e9 trabaja - Fm Gente","og_description":"Calu Rivero volvi\u00f3 a recorrer las calles de Nueva York, la ciudad que fue su","og_url":"https:\/\/fmgente.com.ar\/web\/la-nueva-vida-de-calu-rivero-tras-dejar-la-actuacion-donde-vive-y-de-que-trabaja\/","og_site_name":"Fm Gente","article_published_time":"2025-10-07T23:04:55+00:00","og_image":[{"width":1052,"height":665,"url":"https:\/\/fmgente.com.ar\/web\/wp-content\/uploads\/2025\/10\/Nacho-Castanares-Thiago-medina.jpg-1.webp","type":"image\/webp"}],"twitter_card":"summary_large_image","twitter_misc":{"Tiempo de lectura":"3 minutos"},"schema":{"@context":"https:\/\/schema.org","@graph":[{"@type":"Article","@id":"https:\/\/fmgente.com.ar\/web\/la-nueva-vida-de-calu-rivero-tras-dejar-la-actuacion-donde-vive-y-de-que-trabaja\/#article","isPartOf":{"@id":"https:\/\/fmgente.com.ar\/web\/la-nueva-vida-de-calu-rivero-tras-dejar-la-actuacion-donde-vive-y-de-que-trabaja\/"},"author":{"name":"","@id":""},"headline":"La nueva vida de Calu Rivero tras dejar la actuaci\u00f3n: d\u00f3nde vive y de qu\u00e9 trabaja","datePublished":"2025-10-07T23:04:55+00:00","mainEntityOfPage":{"@id":"https:\/\/fmgente.com.ar\/web\/la-nueva-vida-de-calu-rivero-tras-dejar-la-actuacion-donde-vive-y-de-que-trabaja\/"},"wordCount":600,"publisher":{"@id":"https:\/\/fmgente.com.ar\/web\/#organization"},"image":{"@id":"https:\/\/fmgente.com.ar\/web\/la-nueva-vida-de-calu-rivero-tras-dejar-la-actuacion-donde-vive-y-de-que-trabaja\/#primaryimage"},"thumbnailUrl":"https:\/\/fmgente.com.ar\/web\/wp-content\/uploads\/2025\/10\/Nacho-Castanares-Thiago-medina.jpg-1.webp","articleSection":["DESTACADAS"],"inLanguage":"es"},{"@type":"WebPage","@id":"https:\/\/fmgente.com.ar\/web\/la-nueva-vida-de-calu-rivero-tras-dejar-la-actuacion-donde-vive-y-de-que-trabaja\/","url":"https:\/\/fmgente.com.ar\/web\/la-nueva-vida-de-calu-rivero-tras-dejar-la-actuacion-donde-vive-y-de-que-trabaja\/","name":"La nueva vida de Calu Rivero tras dejar la actuaci\u00f3n: d\u00f3nde vive y de qu\u00e9 trabaja - Fm Gente","isPartOf":{"@id":"https:\/\/fmgente.com.ar\/web\/#website"},"primaryImageOfPage":{"@id":"https:\/\/fmgente.com.ar\/web\/la-nueva-vida-de-calu-rivero-tras-dejar-la-actuacion-donde-vive-y-de-que-trabaja\/#primaryimage"},"image":{"@id":"https:\/\/fmgente.com.ar\/web\/la-nueva-vida-de-calu-rivero-tras-dejar-la-actuacion-donde-vive-y-de-que-trabaja\/#primaryimage"},"thumbnailUrl":"https:\/\/fmgente.com.ar\/web\/wp-content\/uploads\/2025\/10\/Nacho-Castanares-Thiago-medina.jpg-1.webp","datePublished":"2025-10-07T23:04:55+00:00","inLanguage":"es","potentialAction":[{"@type":"ReadAction","target":["https:\/\/fmgente.com.ar\/web\/la-nueva-vida-de-calu-rivero-tras-dejar-la-actuacion-donde-vive-y-de-que-trabaja\/"]}]},{"@type":"ImageObject","inLanguage":"es","@id":"https:\/\/fmgente.com.ar\/web\/la-nueva-vida-de-calu-rivero-tras-dejar-la-actuacion-donde-vive-y-de-que-trabaja\/#primaryimage","url":"https:\/\/fmgente.com.ar\/web\/wp-content\/uploads\/2025\/10\/Nacho-Castanares-Thiago-medina.jpg-1.webp","contentUrl":"https:\/\/fmgente.com.ar\/web\/wp-content\/uploads\/2025\/10\/Nacho-Castanares-Thiago-medina.jpg-1.webp","width":1052,"height":665},{"@type":"WebSite","@id":"https:\/\/fmgente.com.ar\/web\/#website","url":"https:\/\/fmgente.com.ar\/web\/","name":"Fm Gente","description":"- Jes\u00fas Mar\u00eda","publisher":{"@id":"https:\/\/fmgente.com.ar\/web\/#organization"},"potentialAction":[{"@type":"SearchAction","target":{"@type":"EntryPoint","urlTemplate":"https:\/\/fmgente.com.ar\/web\/?s={search_term_string}"},"query-input":{"@type":"PropertyValueSpecification","valueRequired":true,"valueName":"search_term_string"}}],"inLanguage":"es"},{"@type":"Organization","@id":"https:\/\/fmgente.com.ar\/web\/#organization","name":"Fm Gente","url":"https:\/\/fmgente.com.ar\/web\/","logo":{"@type":"ImageObject","inLanguage":"es","@id":"https:\/\/fmgente.com.ar\/web\/#\/schema\/logo\/image\/","url":"https:\/\/fmgente.com.ar\/web\/wp-content\/uploads\/2023\/07\/cropped-cropped-logo-sombra2.png","contentUrl":"https:\/\/fmgente.com.ar\/web\/wp-content\/uploads\/2023\/07\/cropped-cropped-logo-sombra2.png","width":1782,"height":1782,"caption":"Fm Gente"},"image":{"@id":"https:\/\/fmgente.com.ar\/web\/#\/schema\/logo\/image\/"}}]}},"_links":{"self":[{"href":"https:\/\/fmgente.com.ar\/web\/wp-json\/wp\/v2\/posts\/6301","targetHints":{"allow":["GET"]}}],"collection":[{"href":"https:\/\/fmgente.com.ar\/web\/wp-json\/wp\/v2\/posts"}],"about":[{"href":"https:\/\/fmgente.com.ar\/web\/wp-json\/wp\/v2\/types\/post"}],"replies":[{"embeddable":true,"href":"https:\/\/fmgente.com.ar\/web\/wp-json\/wp\/v2\/comments?post=6301"}],"version-history":[{"count":0,"href":"https:\/\/fmgente.com.ar\/web\/wp-json\/wp\/v2\/posts\/6301\/revisions"}],"wp:featuredmedia":[{"embeddable":true,"href":"https:\/\/fmgente.com.ar\/web\/wp-json\/wp\/v2\/media\/6302"}],"wp:attachment":[{"href":"https:\/\/fmgente.com.ar\/web\/wp-json\/wp\/v2\/media?parent=6301"}],"wp:term":[{"taxonomy":"category","embeddable":true,"href":"https:\/\/fmgente.com.ar\/web\/wp-json\/wp\/v2\/categories?post=6301"},{"taxonomy":"post_tag","embeddable":true,"href":"https:\/\/fmgente.com.ar\/web\/wp-json\/wp\/v2\/tags?post=6301"}],"curies":[{"name":"wp","href":"https:\/\/api.w.org\/{rel}","templated":true}]}}