{"id":6299,"date":"2025-10-07T20:04:55","date_gmt":"2025-10-07T23:04:55","guid":{"rendered":"https:\/\/fmgente.com.ar\/big-ari-anuncio-su-renuncia-a-cuestion-de-peso-con-una-escandalosa-denuncia\/"},"modified":"2025-10-07T20:04:55","modified_gmt":"2025-10-07T23:04:55","slug":"big-ari-anuncio-su-renuncia-a-cuestion-de-peso-con-una-escandalosa-denuncia","status":"publish","type":"post","link":"https:\/\/fmgente.com.ar\/web\/big-ari-anuncio-su-renuncia-a-cuestion-de-peso-con-una-escandalosa-denuncia\/","title":{"rendered":"Big Ari anunci\u00f3 su renuncia a Cuesti\u00f3n de Peso con una escandalosa denuncia"},"content":{"rendered":"<p>El clima se volvi\u00f3 tenso en pleno vivo de Cuesti\u00f3n de Peso cuando <strong><a href=\"https:\/\/www.paparazzi.com.ar\/tag\/big-ari\/\">Big Ari<\/a><\/strong> sorprendi\u00f3 a todos al anunciar que renunciaba al programa. La participante, visiblemente molesta, se levant\u00f3 en medio del debate y lanz\u00f3 una bomba que dej\u00f3 helados a sus compa\u00f1eros y al conductor <strong>Mario Massaccesi<\/strong>. Su decisi\u00f3n fue tajante: \u201cbasta, no quiero saber m\u00e1s nada\u201d, dijo antes de retirarse del estudio.<\/p>\n<p>La escena comenz\u00f3 cuando el conductor intent\u00f3 intervenir para calmar los \u00e1nimos. <em>\u201cAri, \u00bfqu\u00e9 tal si escuchas?\u201d<\/em>, le sugiri\u00f3, pero ella no tard\u00f3 en responder con enojo: <em>\u201cNo. Este programa me est\u00e1 destripando\u201d<\/em>. Frente a las c\u00e1maras, el intercambio escal\u00f3 en segundos y el silencio en el estudio fue total. La tensi\u00f3n se pod\u00eda cortar con un cuchillo.<\/p>\n<p><strong>Massaccesi<\/strong>, sorprendido, trat\u00f3 de acercarse para despedirse con respeto. <em>\u201cBueno, me hubiera gustado que me dieras un abrazo, pero te lo pido, por favor\u201d<\/em>, le dijo con tono conciliador. <strong><a href=\"https:\/\/www.paparazzi.com.ar\/teve\/muy-enamorado-big-ari-se-le-declaro-a-la-nieta-de-alberto-cormillot-y-ella-reacciono-con-un-sorpresivo-gesto\/\">Ari<\/a><\/strong>, entre la bronca y las l\u00e1grimas, replic\u00f3: <em>\u201c\u00bfC\u00f3mo te voy a decir que no? \u00bfTe das cuenta que escuch\u00e1s lo que quer\u00e9s?\u201d<\/em>. La frase dej\u00f3 claro que la herida iba m\u00e1s all\u00e1 del enojo del momento.<\/p>\n<div class=\"mt-box \">\n<h4 class=\"mt-heading\">Mir\u00e1 Tambi\u00e9n<\/h4>\n<p><a href=\"https:\/\/www.paparazzi.com.ar\/videos\/exclusivo-jose-maria-muscari-homenajeo-a-bruce-willis-en-el-papel-de-duro-de-matar-los-pelados-nos-parecemos-todos\/\"><\/p>\n<div class=\"mt-content\">\n<div class=\"mt-image-container\"><img decoding=\"async\" src=\"https:\/\/www.paparazzi.com.ar\/wp-content\/uploads\/2025\/09\/PORTADA-WEB-YO-QUIERO-SER-muscari-willis.jpg.webp\" alt=\"\u00a1Exclusivo! Jos\u00e9 Mar\u00eda Muscari homenaje\u00f3 a Bruce Willis en el papel de Duro de Matar: &quot;Los pelados nos parecemos todos&quot;\" class=\"mt-image\" loading=\"lazy\" \/><\/div>\n<h5 class=\"mt-title\">\u00a1Exclusivo! Jos\u00e9 Mar\u00eda Muscari homenaje\u00f3 a Bruce Willis en el papel de Duro de Matar: \u00abLos pelados nos parecemos todos\u00bb<\/h5>\n<\/div>\n<p><\/a><\/div>\n<p>En ese instante, <strong>Adri\u00e1n Cormillot<\/strong> intervino para intentar descomprimir el ambiente y poner el foco en el verdadero objetivo del ciclo. <em>\u201cQue no se equivoque el objetivo \u2014dijo\u2014. Este peque\u00f1o conflicto con Ari se puede resolver despu\u00e9s, porque es una decisi\u00f3n que tom\u00f3 enojada. No nos olvidemos de por qu\u00e9 habl\u00e1bamos de esto, de la resistencia que hay para hacer tratamiento\u201d<\/em>. El m\u00e9dico busc\u00f3 rescatar el valor del proceso que cada participante enfrenta.<\/p>\n<h2 class=\"wp-block-heading\">EL ESC\u00c1NDALO QUE ARM\u00d3 BIG ARI<\/h2>\n<p>El conductor, por su parte, intent\u00f3 cerrar el tema con altura. <em>\u201cSi me permit\u00eds, ac\u00e1 la autoridad son los profesionales. No veo conflicto. Este tipo de cosas son parte de cualquier proceso, de aprendizaje, de tratamiento y de relaciones humanas\u201d<\/em>, expres\u00f3, mirando a c\u00e1mara mientras el resto del grupo segu\u00eda con gesto serio. Su mensaje apunt\u00f3 a dejar atr\u00e1s el momento sin avivar la pol\u00e9mica.<\/p>\n<p>Antes de despedirse, <strong><a href=\"https:\/\/www.paparazzi.com.ar\/teve\/la-lucha-de-bir-ari-contra-la-obesidad-conto-como-sufre-su-salud-tras-salir-de-gran-hermano\/\">Cormillot<\/a><\/strong> dej\u00f3 una reflexi\u00f3n que resumi\u00f3 todo el episodio: <em>\u201cTal vez no sea el tiempo de Ari, y est\u00e1 bien\u201d<\/em>. Con esa frase, el m\u00e9dico cerr\u00f3 una de las escenas m\u00e1s intensas de la temporada, donde la emoci\u00f3n y la presi\u00f3n del cambio se hicieron sentir en vivo y en directo.<\/p>\n<div class=\"mt-box \">\n<h4 class=\"mt-heading\">Mir\u00e1 Tambi\u00e9n<\/h4>\n<p><a href=\"https:\/\/www.paparazzi.com.ar\/teve\/dario-barassi-termino-en-el-piso-y-paso-la-peor-verguenza-de-su-vida-por-que\/\"><\/p>\n<div class=\"mt-content\">\n<div class=\"mt-image-container\"><img decoding=\"async\" src=\"https:\/\/www.paparazzi.com.ar\/wp-content\/uploads\/2025\/10\/dario-barassi-359x226.png\" alt=\"Dar\u00edo Barassi termin\u00f3 en el piso y pas\u00f3 la peor verg\u00fcenza de su vida: por qu\u00e9\" class=\"mt-image\" loading=\"lazy\" \/><\/div>\n<h5 class=\"mt-title\">Dar\u00edo Barassi termin\u00f3 en el piso y pas\u00f3 la peor verg\u00fcenza de su vida: por qu\u00e9<\/h5>\n<\/div>\n<p><\/a><\/div>\n<div class=\"mt-box \">\n<h4 class=\"mt-heading\">Mir\u00e1 Tambi\u00e9n<\/h4>\n<p><a href=\"https:\/\/www.paparazzi.com.ar\/teve\/el-ex-de-zoe-bogach-la-escracho-publicamente-con-chats-subidos-de-tono\/\"><\/p>\n<div class=\"mt-content\">\n<div class=\"mt-image-container\"><img decoding=\"async\" src=\"https:\/\/www.paparazzi.com.ar\/wp-content\/uploads\/2025\/10\/zoe-359x226.png\" alt=\"El ex de Zoe Bogach la escrach\u00f3 p\u00fablicamente con chats subidos de tono\" class=\"mt-image\" loading=\"lazy\" \/><\/div>\n<h5 class=\"mt-title\">El ex de Zoe Bogach la escrach\u00f3 p\u00fablicamente con chats subidos de tono<\/h5>\n<\/div>\n<p><\/a><\/div>\n<p>The post <a href=\"https:\/\/www.paparazzi.com.ar\/teve\/big-ari-anuncio-su-renuncia-a-cuestion-de-peso-con-una-escandalosa-denuncia\/\">Big Ari anunci\u00f3 su renuncia a Cuesti\u00f3n de Peso con una escandalosa denuncia<\/a> appeared first on <a href=\"https:\/\/www.paparazzi.com.ar\">Revista Paparazzi<\/a>.<\/p>\n","protected":false},"excerpt":{"rendered":"<p>El clima se volvi\u00f3 tenso en pleno vivo de Cuesti\u00f3n de Peso cuando Big Ari<\/p>\n","protected":false},"author":0,"featured_media":6300,"comment_status":"","ping_status":"","sticky":false,"template":"","format":"standard","meta":{"footnotes":""},"categories":[11],"tags":[],"class_list":["post-6299","post","type-post","status-publish","format-standard","has-post-thumbnail","hentry","category-destacadas"],"yoast_head":"<!-- This site is optimized with the Yoast SEO plugin v28.3 - https:\/\/yoast.com\/product\/yoast-seo-wordpress\/ -->\n<title>Big Ari anunci\u00f3 su renuncia a Cuesti\u00f3n de Peso con una escandalosa denuncia - Fm Gente<\/title>\n<meta name=\"robots\" content=\"index, follow, max-snippet:-1, max-image-preview:large, max-video-preview:-1\" \/>\n<link rel=\"canonical\" href=\"https:\/\/fmgente.com.ar\/web\/big-ari-anuncio-su-renuncia-a-cuestion-de-peso-con-una-escandalosa-denuncia\/\" \/>\n<meta property=\"og:locale\" content=\"es_ES\" \/>\n<meta property=\"og:type\" content=\"article\" \/>\n<meta property=\"og:title\" content=\"Big Ari anunci\u00f3 su renuncia a Cuesti\u00f3n de Peso con una escandalosa denuncia - Fm Gente\" \/>\n<meta property=\"og:description\" content=\"El clima se volvi\u00f3 tenso en pleno vivo de Cuesti\u00f3n de Peso cuando Big Ari\" \/>\n<meta property=\"og:url\" content=\"https:\/\/fmgente.com.ar\/web\/big-ari-anuncio-su-renuncia-a-cuestion-de-peso-con-una-escandalosa-denuncia\/\" \/>\n<meta property=\"og:site_name\" content=\"Fm Gente\" \/>\n<meta property=\"article:published_time\" content=\"2025-10-07T23:04:55+00:00\" \/>\n<meta property=\"og:image\" content=\"https:\/\/fmgente.com.ar\/web\/wp-content\/uploads\/2025\/10\/PORTADA-WEB-YO-QUIERO-SER-muscari-willis.jpg-1.webp\" \/>\n\t<meta property=\"og:image:width\" content=\"828\" \/>\n\t<meta property=\"og:image:height\" content=\"621\" \/>\n\t<meta property=\"og:image:type\" content=\"image\/webp\" \/>\n<meta name=\"twitter:card\" content=\"summary_large_image\" \/>\n<meta name=\"twitter:label1\" content=\"Tiempo de lectura\" \/>\n\t<meta name=\"twitter:data1\" content=\"2 minutos\" \/>\n<script type=\"application\/ld+json\" class=\"yoast-schema-graph\">{\"@context\":\"https:\\\/\\\/schema.org\",\"@graph\":[{\"@type\":\"Article\",\"@id\":\"https:\\\/\\\/fmgente.com.ar\\\/web\\\/big-ari-anuncio-su-renuncia-a-cuestion-de-peso-con-una-escandalosa-denuncia\\\/#article\",\"isPartOf\":{\"@id\":\"https:\\\/\\\/fmgente.com.ar\\\/web\\\/big-ari-anuncio-su-renuncia-a-cuestion-de-peso-con-una-escandalosa-denuncia\\\/\"},\"author\":{\"name\":\"\",\"@id\":\"\"},\"headline\":\"Big Ari anunci\u00f3 su renuncia a Cuesti\u00f3n de Peso con una escandalosa denuncia\",\"datePublished\":\"2025-10-07T23:04:55+00:00\",\"mainEntityOfPage\":{\"@id\":\"https:\\\/\\\/fmgente.com.ar\\\/web\\\/big-ari-anuncio-su-renuncia-a-cuestion-de-peso-con-una-escandalosa-denuncia\\\/\"},\"wordCount\":513,\"publisher\":{\"@id\":\"https:\\\/\\\/fmgente.com.ar\\\/web\\\/#organization\"},\"image\":{\"@id\":\"https:\\\/\\\/fmgente.com.ar\\\/web\\\/big-ari-anuncio-su-renuncia-a-cuestion-de-peso-con-una-escandalosa-denuncia\\\/#primaryimage\"},\"thumbnailUrl\":\"https:\\\/\\\/fmgente.com.ar\\\/web\\\/wp-content\\\/uploads\\\/2025\\\/10\\\/PORTADA-WEB-YO-QUIERO-SER-muscari-willis.jpg-1.webp\",\"articleSection\":[\"DESTACADAS\"],\"inLanguage\":\"es\"},{\"@type\":\"WebPage\",\"@id\":\"https:\\\/\\\/fmgente.com.ar\\\/web\\\/big-ari-anuncio-su-renuncia-a-cuestion-de-peso-con-una-escandalosa-denuncia\\\/\",\"url\":\"https:\\\/\\\/fmgente.com.ar\\\/web\\\/big-ari-anuncio-su-renuncia-a-cuestion-de-peso-con-una-escandalosa-denuncia\\\/\",\"name\":\"Big Ari anunci\u00f3 su renuncia a Cuesti\u00f3n de Peso con una escandalosa denuncia - Fm Gente\",\"isPartOf\":{\"@id\":\"https:\\\/\\\/fmgente.com.ar\\\/web\\\/#website\"},\"primaryImageOfPage\":{\"@id\":\"https:\\\/\\\/fmgente.com.ar\\\/web\\\/big-ari-anuncio-su-renuncia-a-cuestion-de-peso-con-una-escandalosa-denuncia\\\/#primaryimage\"},\"image\":{\"@id\":\"https:\\\/\\\/fmgente.com.ar\\\/web\\\/big-ari-anuncio-su-renuncia-a-cuestion-de-peso-con-una-escandalosa-denuncia\\\/#primaryimage\"},\"thumbnailUrl\":\"https:\\\/\\\/fmgente.com.ar\\\/web\\\/wp-content\\\/uploads\\\/2025\\\/10\\\/PORTADA-WEB-YO-QUIERO-SER-muscari-willis.jpg-1.webp\",\"datePublished\":\"2025-10-07T23:04:55+00:00\",\"inLanguage\":\"es\",\"potentialAction\":[{\"@type\":\"ReadAction\",\"target\":[\"https:\\\/\\\/fmgente.com.ar\\\/web\\\/big-ari-anuncio-su-renuncia-a-cuestion-de-peso-con-una-escandalosa-denuncia\\\/\"]}]},{\"@type\":\"ImageObject\",\"inLanguage\":\"es\",\"@id\":\"https:\\\/\\\/fmgente.com.ar\\\/web\\\/big-ari-anuncio-su-renuncia-a-cuestion-de-peso-con-una-escandalosa-denuncia\\\/#primaryimage\",\"url\":\"https:\\\/\\\/fmgente.com.ar\\\/web\\\/wp-content\\\/uploads\\\/2025\\\/10\\\/PORTADA-WEB-YO-QUIERO-SER-muscari-willis.jpg-1.webp\",\"contentUrl\":\"https:\\\/\\\/fmgente.com.ar\\\/web\\\/wp-content\\\/uploads\\\/2025\\\/10\\\/PORTADA-WEB-YO-QUIERO-SER-muscari-willis.jpg-1.webp\",\"width\":828,\"height\":621},{\"@type\":\"WebSite\",\"@id\":\"https:\\\/\\\/fmgente.com.ar\\\/web\\\/#website\",\"url\":\"https:\\\/\\\/fmgente.com.ar\\\/web\\\/\",\"name\":\"Fm Gente\",\"description\":\"- Jes\u00fas Mar\u00eda\",\"publisher\":{\"@id\":\"https:\\\/\\\/fmgente.com.ar\\\/web\\\/#organization\"},\"potentialAction\":[{\"@type\":\"SearchAction\",\"target\":{\"@type\":\"EntryPoint\",\"urlTemplate\":\"https:\\\/\\\/fmgente.com.ar\\\/web\\\/?s={search_term_string}\"},\"query-input\":{\"@type\":\"PropertyValueSpecification\",\"valueRequired\":true,\"valueName\":\"search_term_string\"}}],\"inLanguage\":\"es\"},{\"@type\":\"Organization\",\"@id\":\"https:\\\/\\\/fmgente.com.ar\\\/web\\\/#organization\",\"name\":\"Fm Gente\",\"url\":\"https:\\\/\\\/fmgente.com.ar\\\/web\\\/\",\"logo\":{\"@type\":\"ImageObject\",\"inLanguage\":\"es\",\"@id\":\"https:\\\/\\\/fmgente.com.ar\\\/web\\\/#\\\/schema\\\/logo\\\/image\\\/\",\"url\":\"https:\\\/\\\/fmgente.com.ar\\\/web\\\/wp-content\\\/uploads\\\/2023\\\/07\\\/cropped-cropped-logo-sombra2.png\",\"contentUrl\":\"https:\\\/\\\/fmgente.com.ar\\\/web\\\/wp-content\\\/uploads\\\/2023\\\/07\\\/cropped-cropped-logo-sombra2.png\",\"width\":1782,\"height\":1782,\"caption\":\"Fm Gente\"},\"image\":{\"@id\":\"https:\\\/\\\/fmgente.com.ar\\\/web\\\/#\\\/schema\\\/logo\\\/image\\\/\"}}]}<\/script>\n<!-- \/ Yoast SEO plugin. -->","yoast_head_json":{"title":"Big Ari anunci\u00f3 su renuncia a Cuesti\u00f3n de Peso con una escandalosa denuncia - Fm Gente","robots":{"index":"index","follow":"follow","max-snippet":"max-snippet:-1","max-image-preview":"max-image-preview:large","max-video-preview":"max-video-preview:-1"},"canonical":"https:\/\/fmgente.com.ar\/web\/big-ari-anuncio-su-renuncia-a-cuestion-de-peso-con-una-escandalosa-denuncia\/","og_locale":"es_ES","og_type":"article","og_title":"Big Ari anunci\u00f3 su renuncia a Cuesti\u00f3n de Peso con una escandalosa denuncia - Fm Gente","og_description":"El clima se volvi\u00f3 tenso en pleno vivo de Cuesti\u00f3n de Peso cuando Big Ari","og_url":"https:\/\/fmgente.com.ar\/web\/big-ari-anuncio-su-renuncia-a-cuestion-de-peso-con-una-escandalosa-denuncia\/","og_site_name":"Fm Gente","article_published_time":"2025-10-07T23:04:55+00:00","og_image":[{"width":828,"height":621,"url":"https:\/\/fmgente.com.ar\/web\/wp-content\/uploads\/2025\/10\/PORTADA-WEB-YO-QUIERO-SER-muscari-willis.jpg-1.webp","type":"image\/webp"}],"twitter_card":"summary_large_image","twitter_misc":{"Tiempo de lectura":"2 minutos"},"schema":{"@context":"https:\/\/schema.org","@graph":[{"@type":"Article","@id":"https:\/\/fmgente.com.ar\/web\/big-ari-anuncio-su-renuncia-a-cuestion-de-peso-con-una-escandalosa-denuncia\/#article","isPartOf":{"@id":"https:\/\/fmgente.com.ar\/web\/big-ari-anuncio-su-renuncia-a-cuestion-de-peso-con-una-escandalosa-denuncia\/"},"author":{"name":"","@id":""},"headline":"Big Ari anunci\u00f3 su renuncia a Cuesti\u00f3n de Peso con una escandalosa denuncia","datePublished":"2025-10-07T23:04:55+00:00","mainEntityOfPage":{"@id":"https:\/\/fmgente.com.ar\/web\/big-ari-anuncio-su-renuncia-a-cuestion-de-peso-con-una-escandalosa-denuncia\/"},"wordCount":513,"publisher":{"@id":"https:\/\/fmgente.com.ar\/web\/#organization"},"image":{"@id":"https:\/\/fmgente.com.ar\/web\/big-ari-anuncio-su-renuncia-a-cuestion-de-peso-con-una-escandalosa-denuncia\/#primaryimage"},"thumbnailUrl":"https:\/\/fmgente.com.ar\/web\/wp-content\/uploads\/2025\/10\/PORTADA-WEB-YO-QUIERO-SER-muscari-willis.jpg-1.webp","articleSection":["DESTACADAS"],"inLanguage":"es"},{"@type":"WebPage","@id":"https:\/\/fmgente.com.ar\/web\/big-ari-anuncio-su-renuncia-a-cuestion-de-peso-con-una-escandalosa-denuncia\/","url":"https:\/\/fmgente.com.ar\/web\/big-ari-anuncio-su-renuncia-a-cuestion-de-peso-con-una-escandalosa-denuncia\/","name":"Big Ari anunci\u00f3 su renuncia a Cuesti\u00f3n de Peso con una escandalosa denuncia - Fm Gente","isPartOf":{"@id":"https:\/\/fmgente.com.ar\/web\/#website"},"primaryImageOfPage":{"@id":"https:\/\/fmgente.com.ar\/web\/big-ari-anuncio-su-renuncia-a-cuestion-de-peso-con-una-escandalosa-denuncia\/#primaryimage"},"image":{"@id":"https:\/\/fmgente.com.ar\/web\/big-ari-anuncio-su-renuncia-a-cuestion-de-peso-con-una-escandalosa-denuncia\/#primaryimage"},"thumbnailUrl":"https:\/\/fmgente.com.ar\/web\/wp-content\/uploads\/2025\/10\/PORTADA-WEB-YO-QUIERO-SER-muscari-willis.jpg-1.webp","datePublished":"2025-10-07T23:04:55+00:00","inLanguage":"es","potentialAction":[{"@type":"ReadAction","target":["https:\/\/fmgente.com.ar\/web\/big-ari-anuncio-su-renuncia-a-cuestion-de-peso-con-una-escandalosa-denuncia\/"]}]},{"@type":"ImageObject","inLanguage":"es","@id":"https:\/\/fmgente.com.ar\/web\/big-ari-anuncio-su-renuncia-a-cuestion-de-peso-con-una-escandalosa-denuncia\/#primaryimage","url":"https:\/\/fmgente.com.ar\/web\/wp-content\/uploads\/2025\/10\/PORTADA-WEB-YO-QUIERO-SER-muscari-willis.jpg-1.webp","contentUrl":"https:\/\/fmgente.com.ar\/web\/wp-content\/uploads\/2025\/10\/PORTADA-WEB-YO-QUIERO-SER-muscari-willis.jpg-1.webp","width":828,"height":621},{"@type":"WebSite","@id":"https:\/\/fmgente.com.ar\/web\/#website","url":"https:\/\/fmgente.com.ar\/web\/","name":"Fm Gente","description":"- Jes\u00fas Mar\u00eda","publisher":{"@id":"https:\/\/fmgente.com.ar\/web\/#organization"},"potentialAction":[{"@type":"SearchAction","target":{"@type":"EntryPoint","urlTemplate":"https:\/\/fmgente.com.ar\/web\/?s={search_term_string}"},"query-input":{"@type":"PropertyValueSpecification","valueRequired":true,"valueName":"search_term_string"}}],"inLanguage":"es"},{"@type":"Organization","@id":"https:\/\/fmgente.com.ar\/web\/#organization","name":"Fm Gente","url":"https:\/\/fmgente.com.ar\/web\/","logo":{"@type":"ImageObject","inLanguage":"es","@id":"https:\/\/fmgente.com.ar\/web\/#\/schema\/logo\/image\/","url":"https:\/\/fmgente.com.ar\/web\/wp-content\/uploads\/2023\/07\/cropped-cropped-logo-sombra2.png","contentUrl":"https:\/\/fmgente.com.ar\/web\/wp-content\/uploads\/2023\/07\/cropped-cropped-logo-sombra2.png","width":1782,"height":1782,"caption":"Fm Gente"},"image":{"@id":"https:\/\/fmgente.com.ar\/web\/#\/schema\/logo\/image\/"}}]}},"_links":{"self":[{"href":"https:\/\/fmgente.com.ar\/web\/wp-json\/wp\/v2\/posts\/6299","targetHints":{"allow":["GET"]}}],"collection":[{"href":"https:\/\/fmgente.com.ar\/web\/wp-json\/wp\/v2\/posts"}],"about":[{"href":"https:\/\/fmgente.com.ar\/web\/wp-json\/wp\/v2\/types\/post"}],"replies":[{"embeddable":true,"href":"https:\/\/fmgente.com.ar\/web\/wp-json\/wp\/v2\/comments?post=6299"}],"version-history":[{"count":0,"href":"https:\/\/fmgente.com.ar\/web\/wp-json\/wp\/v2\/posts\/6299\/revisions"}],"wp:featuredmedia":[{"embeddable":true,"href":"https:\/\/fmgente.com.ar\/web\/wp-json\/wp\/v2\/media\/6300"}],"wp:attachment":[{"href":"https:\/\/fmgente.com.ar\/web\/wp-json\/wp\/v2\/media?parent=6299"}],"wp:term":[{"taxonomy":"category","embeddable":true,"href":"https:\/\/fmgente.com.ar\/web\/wp-json\/wp\/v2\/categories?post=6299"},{"taxonomy":"post_tag","embeddable":true,"href":"https:\/\/fmgente.com.ar\/web\/wp-json\/wp\/v2\/tags?post=6299"}],"curies":[{"name":"wp","href":"https:\/\/api.w.org\/{rel}","templated":true}]}}