{"id":6297,"date":"2025-10-07T19:04:53","date_gmt":"2025-10-07T22:04:53","guid":{"rendered":"https:\/\/fmgente.com.ar\/camila-deniz-conto-como-es-su-relacion-con-daniela-celis-tras-el-milagro-de-thiago-medina\/"},"modified":"2025-10-07T19:04:53","modified_gmt":"2025-10-07T22:04:53","slug":"camila-deniz-conto-como-es-su-relacion-con-daniela-celis-tras-el-milagro-de-thiago-medina","status":"publish","type":"post","link":"https:\/\/fmgente.com.ar\/web\/camila-deniz-conto-como-es-su-relacion-con-daniela-celis-tras-el-milagro-de-thiago-medina\/","title":{"rendered":"Camila Deniz cont\u00f3 c\u00f3mo es su relaci\u00f3n con Daniela Celis tras el milagro de Thiago Medina"},"content":{"rendered":"<p><strong>Thiago Medina <\/strong>experimenta un milagro, una verdadera recuperaci\u00f3n asombrosa a su tremendo accidente en moto, que lo sumergi\u00f3 en un coma inducido y varias operaciones, hasta la extirpaci\u00f3n del bazo. El ex Gran Hermano ya recuper\u00f3 varias funciones b\u00e1sicas y el habla.<\/p>\n<p>Todo su entorno vive un estado de alegr\u00eda impresionante, que no se puede dimensionar por esta rehabilitaci\u00f3n incre\u00edble del famoso, quien ahora atraviesa una internaci\u00f3n m\u00e1s liviana en el hospital de Moreno e incluso se especula que podr\u00eda recibir el alta en el corto plazo.<\/p>\n<p>En todo este entramado, se filtr\u00f3 una supuesta controversia familiar, que habr\u00eda enfrentado en discrepancias a <strong>Camila Deniz <\/strong>con<strong> <a href=\"https:\/\/www.paparazzi.com.ar\/teve\/daniela-celis-confeso-la-pesadilla-que-vivio-desde-el-accidente-de-thiago-medina-baje-8-kilos-y-me-sacaron-el\/\">Daniela Celis<\/a><\/strong>. Una teor\u00eda que se maximiz\u00f3 con un posteo de la ex participante de Cuesti\u00f3n de Peso, que varios interpretaron como un dardo para su cu\u00f1ada.<\/p>\n<div class=\"mt-box \">\n<h4 class=\"mt-heading\">Mir\u00e1 Tambi\u00e9n<\/h4>\n<p><a href=\"https:\/\/www.paparazzi.com.ar\/romances\/los-desgarradores-testimonios-de-las-hijas-de-wanda-nara-contra-mauro-icardi-me-arruina-la-vida-con-su\/\"><\/p>\n<div class=\"mt-content\">\n<div class=\"mt-image-container\"><img decoding=\"async\" src=\"https:\/\/www.paparazzi.com.ar\/wp-content\/uploads\/2025\/08\/Wanda-Nara-Isabella-Mauro-Icardi.jpg.webp\" alt=\"Los desgarradores testimonios de las hijas de Wanda Nara contra Mauro Icardi: \u201cMe arruina la vida con su\u2026\u201d\" class=\"mt-image\" loading=\"lazy\" \/><\/div>\n<h5 class=\"mt-title\">Los desgarradores testimonios de las hijas de Wanda Nara contra Mauro Icardi: \u201cMe arruina la vida con su\u2026\u201d<\/h5>\n<\/div>\n<p><\/a><\/div>\n<p>En ese sentido, Camilota habl\u00f3 con <em>Intrusos<\/em> y decidi\u00f3 aclarar todos los tantos, para especificar c\u00f3mo contin\u00faa su relaci\u00f3n con la madre de las gemelas de <a href=\"https:\/\/www.paparazzi.com.ar\/videos\/exclusivo-daniela-celis-confirmo-el-ultimo-paso-para-que-thiago-medina-reciba-el-alta\/\">Thiago<\/a>. \u201d<em>No quiero que se malinterprete mis posteos, porque todos me preguntan si estoy peleada con Daniela<\/em>\u201d, arranc\u00f3.<\/p>\n<h2 class=\"wp-block-heading\">CAMILA DENIZ CONT\u00d3 LA VERDAD DE SU PELEA CON DANIELA CELIS<\/h2>\n<p>Luego,<strong> Deniz se anim\u00f3 a aseverar que no hay conflictos y exclam\u00f3:<\/strong> \u201c<em>No estoy peleada con ella, lo vengo a aclarar<\/em>\u201d. En tanto que ampli\u00f3 el concepto:\u00a0 \u201c<em>Una cosa que yo dije ayer, en un resposteo en mi Instagram, no fue para ella. Todos piensan que era para ella, pero no estoy peleada con mi cu\u00f1ada<\/em>\u201d.<\/p>\n<p>Y se encarg\u00f3 de iluminar sus dificultades personales, las que reflexiona en sus redes sociales. \u201c<em>Gente, yo tengo vida, tengo problemas, tengo que solucionar mi vida tambi\u00e9n. A trav\u00e9s de todo esto se dijeron muchas cosas que no son<\/em>\u201d, manifest\u00f3.<\/p>\n<div class=\"mt-box \">\n<h4 class=\"mt-heading\">Mir\u00e1 Tambi\u00e9n<\/h4>\n<p><a href=\"https:\/\/www.paparazzi.com.ar\/teve\/daniela-celis-confeso-la-pesadilla-que-vivio-desde-el-accidente-de-thiago-medina-baje-8-kilos-y-me-sacaron-el\/\"><\/p>\n<div class=\"mt-content\">\n<div class=\"mt-image-container\"><img decoding=\"async\" src=\"https:\/\/www.paparazzi.com.ar\/wp-content\/uploads\/2025\/10\/daniela-celis-thiago-medina-2-359x226.jpg\" alt=\"Daniela Celis confes\u00f3 la pesadilla que vivi\u00f3 desde el accidente de Thiago Medina: \u201cBaj\u00e9 8 kilos y me sacaron el...&quot;\" class=\"mt-image\" loading=\"lazy\" \/><\/div>\n<h5 class=\"mt-title\">Daniela Celis confes\u00f3 la pesadilla que vivi\u00f3 desde el accidente de Thiago Medina: \u201cBaj\u00e9 8 kilos y me sacaron el&#8230;\u00bb<\/h5>\n<\/div>\n<p><\/a><\/div>\n<div class=\"mt-box \">\n<h4 class=\"mt-heading\">Mir\u00e1 Tambi\u00e9n<\/h4>\n<p><a href=\"https:\/\/www.paparazzi.com.ar\/videos\/exclusivo-daniela-celis-confirmo-el-ultimo-paso-para-que-thiago-medina-reciba-el-alta\/\"><\/p>\n<div class=\"mt-content\">\n<div class=\"mt-image-container\"><img decoding=\"async\" src=\"https:\/\/www.paparazzi.com.ar\/wp-content\/uploads\/2025\/10\/Thiago-Medina-Daniela-359x226.jpg\" alt=\"\u00a1Exclusivo! Daniela Celis confirm\u00f3 el \u00faltimo paso para que Thiago Medina reciba el alta\" class=\"mt-image\" loading=\"lazy\" \/><\/div>\n<h5 class=\"mt-title\">\u00a1Exclusivo! Daniela Celis confirm\u00f3 el \u00faltimo paso para que Thiago Medina reciba el alta<\/h5>\n<\/div>\n<p><\/a><\/div>\n<p>The post <a href=\"https:\/\/www.paparazzi.com.ar\/teve\/camila-deniz-conto-como-es-su-relacion-con-daniela-celis-tras-el-milagro-de-thiago-medina\/\">Camila Deniz cont\u00f3 c\u00f3mo es su relaci\u00f3n con Daniela Celis tras el milagro de Thiago Medina<\/a> appeared first on <a href=\"https:\/\/www.paparazzi.com.ar\">Revista Paparazzi<\/a>.<\/p>\n","protected":false},"excerpt":{"rendered":"<p>Thiago Medina experimenta un milagro, una verdadera recuperaci\u00f3n asombrosa a su tremendo accidente en moto,<\/p>\n","protected":false},"author":0,"featured_media":6298,"comment_status":"","ping_status":"","sticky":false,"template":"","format":"standard","meta":{"footnotes":""},"categories":[11],"tags":[],"class_list":["post-6297","post","type-post","status-publish","format-standard","has-post-thumbnail","hentry","category-destacadas"],"yoast_head":"<!-- This site is optimized with the Yoast SEO plugin v28.3 - https:\/\/yoast.com\/product\/yoast-seo-wordpress\/ -->\n<title>Camila Deniz cont\u00f3 c\u00f3mo es su relaci\u00f3n con Daniela Celis tras el milagro de Thiago Medina - Fm Gente<\/title>\n<meta name=\"robots\" content=\"index, follow, max-snippet:-1, max-image-preview:large, max-video-preview:-1\" \/>\n<link rel=\"canonical\" href=\"https:\/\/fmgente.com.ar\/web\/camila-deniz-conto-como-es-su-relacion-con-daniela-celis-tras-el-milagro-de-thiago-medina\/\" \/>\n<meta property=\"og:locale\" content=\"es_ES\" \/>\n<meta property=\"og:type\" content=\"article\" \/>\n<meta property=\"og:title\" content=\"Camila Deniz cont\u00f3 c\u00f3mo es su relaci\u00f3n con Daniela Celis tras el milagro de Thiago Medina - Fm Gente\" \/>\n<meta property=\"og:description\" content=\"Thiago Medina experimenta un milagro, una verdadera recuperaci\u00f3n asombrosa a su tremendo accidente en moto,\" \/>\n<meta property=\"og:url\" content=\"https:\/\/fmgente.com.ar\/web\/camila-deniz-conto-como-es-su-relacion-con-daniela-celis-tras-el-milagro-de-thiago-medina\/\" \/>\n<meta property=\"og:site_name\" content=\"Fm Gente\" \/>\n<meta property=\"article:published_time\" content=\"2025-10-07T22:04:53+00:00\" \/>\n<meta property=\"og:image\" content=\"https:\/\/fmgente.com.ar\/web\/wp-content\/uploads\/2025\/10\/Wanda-Nara-Isabella-Mauro-Icardi.jpg.webp\" \/>\n\t<meta property=\"og:image:width\" content=\"1052\" \/>\n\t<meta property=\"og:image:height\" content=\"665\" \/>\n\t<meta property=\"og:image:type\" content=\"image\/webp\" \/>\n<meta name=\"twitter:card\" content=\"summary_large_image\" \/>\n<meta name=\"twitter:label1\" content=\"Tiempo de lectura\" \/>\n\t<meta name=\"twitter:data1\" content=\"2 minutos\" \/>\n<script type=\"application\/ld+json\" class=\"yoast-schema-graph\">{\"@context\":\"https:\\\/\\\/schema.org\",\"@graph\":[{\"@type\":\"Article\",\"@id\":\"https:\\\/\\\/fmgente.com.ar\\\/web\\\/camila-deniz-conto-como-es-su-relacion-con-daniela-celis-tras-el-milagro-de-thiago-medina\\\/#article\",\"isPartOf\":{\"@id\":\"https:\\\/\\\/fmgente.com.ar\\\/web\\\/camila-deniz-conto-como-es-su-relacion-con-daniela-celis-tras-el-milagro-de-thiago-medina\\\/\"},\"author\":{\"name\":\"\",\"@id\":\"\"},\"headline\":\"Camila Deniz cont\u00f3 c\u00f3mo es su relaci\u00f3n con Daniela Celis tras el milagro de Thiago Medina\",\"datePublished\":\"2025-10-07T22:04:53+00:00\",\"mainEntityOfPage\":{\"@id\":\"https:\\\/\\\/fmgente.com.ar\\\/web\\\/camila-deniz-conto-como-es-su-relacion-con-daniela-celis-tras-el-milagro-de-thiago-medina\\\/\"},\"wordCount\":406,\"publisher\":{\"@id\":\"https:\\\/\\\/fmgente.com.ar\\\/web\\\/#organization\"},\"image\":{\"@id\":\"https:\\\/\\\/fmgente.com.ar\\\/web\\\/camila-deniz-conto-como-es-su-relacion-con-daniela-celis-tras-el-milagro-de-thiago-medina\\\/#primaryimage\"},\"thumbnailUrl\":\"https:\\\/\\\/fmgente.com.ar\\\/web\\\/wp-content\\\/uploads\\\/2025\\\/10\\\/Wanda-Nara-Isabella-Mauro-Icardi.jpg.webp\",\"articleSection\":[\"DESTACADAS\"],\"inLanguage\":\"es\"},{\"@type\":\"WebPage\",\"@id\":\"https:\\\/\\\/fmgente.com.ar\\\/web\\\/camila-deniz-conto-como-es-su-relacion-con-daniela-celis-tras-el-milagro-de-thiago-medina\\\/\",\"url\":\"https:\\\/\\\/fmgente.com.ar\\\/web\\\/camila-deniz-conto-como-es-su-relacion-con-daniela-celis-tras-el-milagro-de-thiago-medina\\\/\",\"name\":\"Camila Deniz cont\u00f3 c\u00f3mo es su relaci\u00f3n con Daniela Celis tras el milagro de Thiago Medina - Fm Gente\",\"isPartOf\":{\"@id\":\"https:\\\/\\\/fmgente.com.ar\\\/web\\\/#website\"},\"primaryImageOfPage\":{\"@id\":\"https:\\\/\\\/fmgente.com.ar\\\/web\\\/camila-deniz-conto-como-es-su-relacion-con-daniela-celis-tras-el-milagro-de-thiago-medina\\\/#primaryimage\"},\"image\":{\"@id\":\"https:\\\/\\\/fmgente.com.ar\\\/web\\\/camila-deniz-conto-como-es-su-relacion-con-daniela-celis-tras-el-milagro-de-thiago-medina\\\/#primaryimage\"},\"thumbnailUrl\":\"https:\\\/\\\/fmgente.com.ar\\\/web\\\/wp-content\\\/uploads\\\/2025\\\/10\\\/Wanda-Nara-Isabella-Mauro-Icardi.jpg.webp\",\"datePublished\":\"2025-10-07T22:04:53+00:00\",\"inLanguage\":\"es\",\"potentialAction\":[{\"@type\":\"ReadAction\",\"target\":[\"https:\\\/\\\/fmgente.com.ar\\\/web\\\/camila-deniz-conto-como-es-su-relacion-con-daniela-celis-tras-el-milagro-de-thiago-medina\\\/\"]}]},{\"@type\":\"ImageObject\",\"inLanguage\":\"es\",\"@id\":\"https:\\\/\\\/fmgente.com.ar\\\/web\\\/camila-deniz-conto-como-es-su-relacion-con-daniela-celis-tras-el-milagro-de-thiago-medina\\\/#primaryimage\",\"url\":\"https:\\\/\\\/fmgente.com.ar\\\/web\\\/wp-content\\\/uploads\\\/2025\\\/10\\\/Wanda-Nara-Isabella-Mauro-Icardi.jpg.webp\",\"contentUrl\":\"https:\\\/\\\/fmgente.com.ar\\\/web\\\/wp-content\\\/uploads\\\/2025\\\/10\\\/Wanda-Nara-Isabella-Mauro-Icardi.jpg.webp\",\"width\":1052,\"height\":665},{\"@type\":\"WebSite\",\"@id\":\"https:\\\/\\\/fmgente.com.ar\\\/web\\\/#website\",\"url\":\"https:\\\/\\\/fmgente.com.ar\\\/web\\\/\",\"name\":\"Fm Gente\",\"description\":\"- Jes\u00fas Mar\u00eda\",\"publisher\":{\"@id\":\"https:\\\/\\\/fmgente.com.ar\\\/web\\\/#organization\"},\"potentialAction\":[{\"@type\":\"SearchAction\",\"target\":{\"@type\":\"EntryPoint\",\"urlTemplate\":\"https:\\\/\\\/fmgente.com.ar\\\/web\\\/?s={search_term_string}\"},\"query-input\":{\"@type\":\"PropertyValueSpecification\",\"valueRequired\":true,\"valueName\":\"search_term_string\"}}],\"inLanguage\":\"es\"},{\"@type\":\"Organization\",\"@id\":\"https:\\\/\\\/fmgente.com.ar\\\/web\\\/#organization\",\"name\":\"Fm Gente\",\"url\":\"https:\\\/\\\/fmgente.com.ar\\\/web\\\/\",\"logo\":{\"@type\":\"ImageObject\",\"inLanguage\":\"es\",\"@id\":\"https:\\\/\\\/fmgente.com.ar\\\/web\\\/#\\\/schema\\\/logo\\\/image\\\/\",\"url\":\"https:\\\/\\\/fmgente.com.ar\\\/web\\\/wp-content\\\/uploads\\\/2023\\\/07\\\/cropped-cropped-logo-sombra2.png\",\"contentUrl\":\"https:\\\/\\\/fmgente.com.ar\\\/web\\\/wp-content\\\/uploads\\\/2023\\\/07\\\/cropped-cropped-logo-sombra2.png\",\"width\":1782,\"height\":1782,\"caption\":\"Fm Gente\"},\"image\":{\"@id\":\"https:\\\/\\\/fmgente.com.ar\\\/web\\\/#\\\/schema\\\/logo\\\/image\\\/\"}}]}<\/script>\n<!-- \/ Yoast SEO plugin. -->","yoast_head_json":{"title":"Camila Deniz cont\u00f3 c\u00f3mo es su relaci\u00f3n con Daniela Celis tras el milagro de Thiago Medina - Fm Gente","robots":{"index":"index","follow":"follow","max-snippet":"max-snippet:-1","max-image-preview":"max-image-preview:large","max-video-preview":"max-video-preview:-1"},"canonical":"https:\/\/fmgente.com.ar\/web\/camila-deniz-conto-como-es-su-relacion-con-daniela-celis-tras-el-milagro-de-thiago-medina\/","og_locale":"es_ES","og_type":"article","og_title":"Camila Deniz cont\u00f3 c\u00f3mo es su relaci\u00f3n con Daniela Celis tras el milagro de Thiago Medina - Fm Gente","og_description":"Thiago Medina experimenta un milagro, una verdadera recuperaci\u00f3n asombrosa a su tremendo accidente en moto,","og_url":"https:\/\/fmgente.com.ar\/web\/camila-deniz-conto-como-es-su-relacion-con-daniela-celis-tras-el-milagro-de-thiago-medina\/","og_site_name":"Fm Gente","article_published_time":"2025-10-07T22:04:53+00:00","og_image":[{"width":1052,"height":665,"url":"https:\/\/fmgente.com.ar\/web\/wp-content\/uploads\/2025\/10\/Wanda-Nara-Isabella-Mauro-Icardi.jpg.webp","type":"image\/webp"}],"twitter_card":"summary_large_image","twitter_misc":{"Tiempo de lectura":"2 minutos"},"schema":{"@context":"https:\/\/schema.org","@graph":[{"@type":"Article","@id":"https:\/\/fmgente.com.ar\/web\/camila-deniz-conto-como-es-su-relacion-con-daniela-celis-tras-el-milagro-de-thiago-medina\/#article","isPartOf":{"@id":"https:\/\/fmgente.com.ar\/web\/camila-deniz-conto-como-es-su-relacion-con-daniela-celis-tras-el-milagro-de-thiago-medina\/"},"author":{"name":"","@id":""},"headline":"Camila Deniz cont\u00f3 c\u00f3mo es su relaci\u00f3n con Daniela Celis tras el milagro de Thiago Medina","datePublished":"2025-10-07T22:04:53+00:00","mainEntityOfPage":{"@id":"https:\/\/fmgente.com.ar\/web\/camila-deniz-conto-como-es-su-relacion-con-daniela-celis-tras-el-milagro-de-thiago-medina\/"},"wordCount":406,"publisher":{"@id":"https:\/\/fmgente.com.ar\/web\/#organization"},"image":{"@id":"https:\/\/fmgente.com.ar\/web\/camila-deniz-conto-como-es-su-relacion-con-daniela-celis-tras-el-milagro-de-thiago-medina\/#primaryimage"},"thumbnailUrl":"https:\/\/fmgente.com.ar\/web\/wp-content\/uploads\/2025\/10\/Wanda-Nara-Isabella-Mauro-Icardi.jpg.webp","articleSection":["DESTACADAS"],"inLanguage":"es"},{"@type":"WebPage","@id":"https:\/\/fmgente.com.ar\/web\/camila-deniz-conto-como-es-su-relacion-con-daniela-celis-tras-el-milagro-de-thiago-medina\/","url":"https:\/\/fmgente.com.ar\/web\/camila-deniz-conto-como-es-su-relacion-con-daniela-celis-tras-el-milagro-de-thiago-medina\/","name":"Camila Deniz cont\u00f3 c\u00f3mo es su relaci\u00f3n con Daniela Celis tras el milagro de Thiago Medina - Fm Gente","isPartOf":{"@id":"https:\/\/fmgente.com.ar\/web\/#website"},"primaryImageOfPage":{"@id":"https:\/\/fmgente.com.ar\/web\/camila-deniz-conto-como-es-su-relacion-con-daniela-celis-tras-el-milagro-de-thiago-medina\/#primaryimage"},"image":{"@id":"https:\/\/fmgente.com.ar\/web\/camila-deniz-conto-como-es-su-relacion-con-daniela-celis-tras-el-milagro-de-thiago-medina\/#primaryimage"},"thumbnailUrl":"https:\/\/fmgente.com.ar\/web\/wp-content\/uploads\/2025\/10\/Wanda-Nara-Isabella-Mauro-Icardi.jpg.webp","datePublished":"2025-10-07T22:04:53+00:00","inLanguage":"es","potentialAction":[{"@type":"ReadAction","target":["https:\/\/fmgente.com.ar\/web\/camila-deniz-conto-como-es-su-relacion-con-daniela-celis-tras-el-milagro-de-thiago-medina\/"]}]},{"@type":"ImageObject","inLanguage":"es","@id":"https:\/\/fmgente.com.ar\/web\/camila-deniz-conto-como-es-su-relacion-con-daniela-celis-tras-el-milagro-de-thiago-medina\/#primaryimage","url":"https:\/\/fmgente.com.ar\/web\/wp-content\/uploads\/2025\/10\/Wanda-Nara-Isabella-Mauro-Icardi.jpg.webp","contentUrl":"https:\/\/fmgente.com.ar\/web\/wp-content\/uploads\/2025\/10\/Wanda-Nara-Isabella-Mauro-Icardi.jpg.webp","width":1052,"height":665},{"@type":"WebSite","@id":"https:\/\/fmgente.com.ar\/web\/#website","url":"https:\/\/fmgente.com.ar\/web\/","name":"Fm Gente","description":"- Jes\u00fas Mar\u00eda","publisher":{"@id":"https:\/\/fmgente.com.ar\/web\/#organization"},"potentialAction":[{"@type":"SearchAction","target":{"@type":"EntryPoint","urlTemplate":"https:\/\/fmgente.com.ar\/web\/?s={search_term_string}"},"query-input":{"@type":"PropertyValueSpecification","valueRequired":true,"valueName":"search_term_string"}}],"inLanguage":"es"},{"@type":"Organization","@id":"https:\/\/fmgente.com.ar\/web\/#organization","name":"Fm Gente","url":"https:\/\/fmgente.com.ar\/web\/","logo":{"@type":"ImageObject","inLanguage":"es","@id":"https:\/\/fmgente.com.ar\/web\/#\/schema\/logo\/image\/","url":"https:\/\/fmgente.com.ar\/web\/wp-content\/uploads\/2023\/07\/cropped-cropped-logo-sombra2.png","contentUrl":"https:\/\/fmgente.com.ar\/web\/wp-content\/uploads\/2023\/07\/cropped-cropped-logo-sombra2.png","width":1782,"height":1782,"caption":"Fm Gente"},"image":{"@id":"https:\/\/fmgente.com.ar\/web\/#\/schema\/logo\/image\/"}}]}},"_links":{"self":[{"href":"https:\/\/fmgente.com.ar\/web\/wp-json\/wp\/v2\/posts\/6297","targetHints":{"allow":["GET"]}}],"collection":[{"href":"https:\/\/fmgente.com.ar\/web\/wp-json\/wp\/v2\/posts"}],"about":[{"href":"https:\/\/fmgente.com.ar\/web\/wp-json\/wp\/v2\/types\/post"}],"replies":[{"embeddable":true,"href":"https:\/\/fmgente.com.ar\/web\/wp-json\/wp\/v2\/comments?post=6297"}],"version-history":[{"count":0,"href":"https:\/\/fmgente.com.ar\/web\/wp-json\/wp\/v2\/posts\/6297\/revisions"}],"wp:featuredmedia":[{"embeddable":true,"href":"https:\/\/fmgente.com.ar\/web\/wp-json\/wp\/v2\/media\/6298"}],"wp:attachment":[{"href":"https:\/\/fmgente.com.ar\/web\/wp-json\/wp\/v2\/media?parent=6297"}],"wp:term":[{"taxonomy":"category","embeddable":true,"href":"https:\/\/fmgente.com.ar\/web\/wp-json\/wp\/v2\/categories?post=6297"},{"taxonomy":"post_tag","embeddable":true,"href":"https:\/\/fmgente.com.ar\/web\/wp-json\/wp\/v2\/tags?post=6297"}],"curies":[{"name":"wp","href":"https:\/\/api.w.org\/{rel}","templated":true}]}}