{"id":6293,"date":"2025-10-07T19:04:50","date_gmt":"2025-10-07T22:04:50","guid":{"rendered":"https:\/\/fmgente.com.ar\/dario-barassi-termino-en-el-piso-y-paso-la-peor-verguenza-de-su-vida-por-que\/"},"modified":"2025-10-07T19:04:50","modified_gmt":"2025-10-07T22:04:50","slug":"dario-barassi-termino-en-el-piso-y-paso-la-peor-verguenza-de-su-vida-por-que","status":"publish","type":"post","link":"https:\/\/fmgente.com.ar\/web\/dario-barassi-termino-en-el-piso-y-paso-la-peor-verguenza-de-su-vida-por-que\/","title":{"rendered":"Dar\u00edo Barassi termin\u00f3 en el piso y pas\u00f3 la peor verg\u00fcenza de su vida: por qu\u00e9"},"content":{"rendered":"<p>En una nueva emisi\u00f3n de Ahora caigo, <strong><a href=\"https:\/\/www.paparazzi.com.ar\/tag\/dario-barassi\/\">Dar\u00edo Barassi<\/a><\/strong> protagoniz\u00f3 un momento tan divertido como accidentado. En medio de su conducci\u00f3n, el humorista tuvo una ocurrencia que r\u00e1pidamente se le fue de las manos: decidi\u00f3 conducir acostado y termin\u00f3 en el piso, sin poder levantarse, por lo que tuvo que pedir ayuda a la producci\u00f3n.<\/p>\n<p>\u201c<em>Chicos, hay que tener un sill\u00f3n que salga de abajo. Ya me cans\u00e9<\/em>\u201d, expres\u00f3 con su caracter\u00edstico tono de humor mientras el p\u00fablico re\u00eda a carcajadas. La frase fue el inicio de una escena ins\u00f3lita que dej\u00f3 a todos sorprendidos en el estudio.<\/p>\n<p>Un <a href=\"https:\/\/www.paparazzi.com.ar\/teve\/dario-barassi-se-burlo-de-wanda-nara-de-la-peor-manera-y-armo-un-escandalo\/\">productor<\/a> se acerc\u00f3 con dos almohadones y \u00e9l, sin dudarlo, se tir\u00f3 boca abajo. Luego los us\u00f3 como soporte para ponerse de costado y seguir al mando del programa desde el suelo. Las c\u00e1maras lo enfocaban mientras el conductor, entre risas, continuaba interactuando con los participantes.<\/p>\n<div class=\"mt-box \">\n<h4 class=\"mt-heading\">Mir\u00e1 Tambi\u00e9n<\/h4>\n<p><a href=\"https:\/\/www.paparazzi.com.ar\/videos\/exclusivo-marcelo-polino-hablo-como-nunca-de-su-vida-intima-y-conto-cuando-fue-la-ultima-vez-que-tuvo-sexo-con-una-mujer\/\"><\/p>\n<div class=\"mt-content\">\n<div class=\"mt-image-container\"><img decoding=\"async\" src=\"https:\/\/www.paparazzi.com.ar\/wp-content\/uploads\/2025\/09\/IMG_5980.jpg.webp\" alt=\"\u00a1Exclusivo! Marcelo Polino habl\u00f3 como nunca de su vida \u00edntima y cont\u00f3 cu\u00e1ndo fue la \u00faltima vez que tuvo sexo con una mujer\u00a0\" class=\"mt-image\" loading=\"lazy\" \/><\/div>\n<h5 class=\"mt-title\">\u00a1Exclusivo! Marcelo Polino habl\u00f3 como nunca de su vida \u00edntima y cont\u00f3 cu\u00e1ndo fue la \u00faltima vez que tuvo sexo con una mujer\u00a0<\/h5>\n<\/div>\n<p><\/a><\/div>\n<p>El momento parec\u00eda una simple broma, pero todo cambi\u00f3 al finalizar el juego. La participante perdi\u00f3 y, al intentar levantarse, Barassi descubri\u00f3 que no pod\u00eda hacerlo por s\u00ed solo. La escena, que al principio parec\u00eda controlada, se transform\u00f3 en un blooper que dej\u00f3 a todos tentados de risa.<\/p>\n<h2 class=\"wp-block-heading\">EL BLOOPER DE DAR\u00cdO BARASSI<\/h2>\n<p>Entre risas y algo de esfuerzo, el conductor pidi\u00f3 asistencia. Tres <a href=\"https:\/\/www.paparazzi.com.ar\/teve\/dario-barassi-le-puso-los-puntos-a-una-participante-de-ahora-caigo-y-la-hizo-pasar-verguenza-frente-a-todos\/\">productores<\/a> se acercaron de inmediato para ayudarlo, mientras la nueva l\u00edder del juego tambi\u00e9n colaboraba para reincorporarlo. El estudio entero segu\u00eda con atenci\u00f3n el improvisado rescate.<\/p>\n<p>Finalmente, y con mucha ayuda, logr\u00f3 ponerse de pie. Agitado y divertido por la situaci\u00f3n, solt\u00f3 entre carcajadas: \u201c<em>No doy m\u00e1s, chicos, saquenme de ac\u00e1 antes de que se me acalambre el alma<\/em>\u201d. El episodio, fiel a su estilo, termin\u00f3 convirti\u00e9ndose en uno de los momentos m\u00e1s comentados del programa.<\/p>\n<div class=\"mt-box \">\n<h4 class=\"mt-heading\">Mir\u00e1 Tambi\u00e9n<\/h4>\n<p><a href=\"https:\/\/www.paparazzi.com.ar\/teve\/marley-destrozo-a-santiago-del-moro-por-el-martin-fierro-de-oro-la-emocion-de-el-fue\/\"><\/p>\n<div class=\"mt-content\">\n<div class=\"mt-image-container\"><img decoding=\"async\" src=\"https:\/\/www.paparazzi.com.ar\/wp-content\/uploads\/2025\/10\/Marley-y-del-moro-359x226.jpg\" alt=\"Marley destroz\u00f3 a Santiago del Moro por el Mart\u00edn Fierro de Oro y estall\u00f3 la interna\" class=\"mt-image\" loading=\"lazy\" \/><\/div>\n<h5 class=\"mt-title\">Marley destroz\u00f3 a Santiago del Moro por el Mart\u00edn Fierro de Oro y estall\u00f3 la interna<\/h5>\n<\/div>\n<p><\/a><\/div>\n<div class=\"mt-box \">\n<h4 class=\"mt-heading\">Mir\u00e1 Tambi\u00e9n<\/h4>\n<p><a href=\"https:\/\/www.paparazzi.com.ar\/teve\/valentina-cervantes-conto-toda-la-verdad-del-chat-de-whatsapp-de-las-esposas-de-la-seleccion-no-echamos-a\/\"><\/p>\n<div class=\"mt-content\">\n<div class=\"mt-image-container\"><img decoding=\"async\" src=\"https:\/\/www.paparazzi.com.ar\/wp-content\/uploads\/2025\/10\/Valentina-Cervantes-WhatsApp-Seleccion-argentina-359x226.jpg\" alt=\"Valentina Cervantes cont\u00f3 toda la verdad del chat de WhatsApp de las esposas de la Selecci\u00f3n: \u201cNo echamos a\u2026\u201d\" class=\"mt-image\" loading=\"lazy\" \/><\/div>\n<h5 class=\"mt-title\">Valentina Cervantes cont\u00f3 toda la verdad del chat de WhatsApp de las esposas de la Selecci\u00f3n: \u201cNo echamos a\u2026\u201d<\/h5>\n<\/div>\n<p><\/a><\/div>\n<p>The post <a href=\"https:\/\/www.paparazzi.com.ar\/teve\/dario-barassi-termino-en-el-piso-y-paso-la-peor-verguenza-de-su-vida-por-que\/\">Dar\u00edo Barassi termin\u00f3 en el piso y pas\u00f3 la peor verg\u00fcenza de su vida: por qu\u00e9<\/a> appeared first on <a href=\"https:\/\/www.paparazzi.com.ar\">Revista Paparazzi<\/a>.<\/p>\n","protected":false},"excerpt":{"rendered":"<p>En una nueva emisi\u00f3n de Ahora caigo, Dar\u00edo Barassi protagoniz\u00f3 un momento tan divertido como<\/p>\n","protected":false},"author":0,"featured_media":6294,"comment_status":"","ping_status":"","sticky":false,"template":"","format":"standard","meta":{"footnotes":""},"categories":[11],"tags":[],"class_list":["post-6293","post","type-post","status-publish","format-standard","has-post-thumbnail","hentry","category-destacadas"],"yoast_head":"<!-- This site is optimized with the Yoast SEO plugin v28.3 - https:\/\/yoast.com\/product\/yoast-seo-wordpress\/ -->\n<title>Dar\u00edo Barassi termin\u00f3 en el piso y pas\u00f3 la peor verg\u00fcenza de su vida: por qu\u00e9 - Fm Gente<\/title>\n<meta name=\"robots\" content=\"index, follow, max-snippet:-1, max-image-preview:large, max-video-preview:-1\" \/>\n<link rel=\"canonical\" href=\"https:\/\/fmgente.com.ar\/web\/dario-barassi-termino-en-el-piso-y-paso-la-peor-verguenza-de-su-vida-por-que\/\" \/>\n<meta property=\"og:locale\" content=\"es_ES\" \/>\n<meta property=\"og:type\" content=\"article\" \/>\n<meta property=\"og:title\" content=\"Dar\u00edo Barassi termin\u00f3 en el piso y pas\u00f3 la peor verg\u00fcenza de su vida: por qu\u00e9 - Fm Gente\" \/>\n<meta property=\"og:description\" content=\"En una nueva emisi\u00f3n de Ahora caigo, Dar\u00edo Barassi protagoniz\u00f3 un momento tan divertido como\" \/>\n<meta property=\"og:url\" content=\"https:\/\/fmgente.com.ar\/web\/dario-barassi-termino-en-el-piso-y-paso-la-peor-verguenza-de-su-vida-por-que\/\" \/>\n<meta property=\"og:site_name\" content=\"Fm Gente\" \/>\n<meta property=\"article:published_time\" content=\"2025-10-07T22:04:50+00:00\" \/>\n<meta property=\"og:image\" content=\"https:\/\/fmgente.com.ar\/web\/wp-content\/uploads\/2025\/10\/IMG_5980.jpg-12.webp\" \/>\n\t<meta property=\"og:image:width\" content=\"1900\" \/>\n\t<meta property=\"og:image:height\" content=\"1425\" \/>\n\t<meta property=\"og:image:type\" content=\"image\/webp\" \/>\n<meta name=\"twitter:card\" content=\"summary_large_image\" \/>\n<meta name=\"twitter:label1\" content=\"Tiempo de lectura\" \/>\n\t<meta name=\"twitter:data1\" content=\"2 minutos\" \/>\n<script type=\"application\/ld+json\" class=\"yoast-schema-graph\">{\"@context\":\"https:\\\/\\\/schema.org\",\"@graph\":[{\"@type\":\"Article\",\"@id\":\"https:\\\/\\\/fmgente.com.ar\\\/web\\\/dario-barassi-termino-en-el-piso-y-paso-la-peor-verguenza-de-su-vida-por-que\\\/#article\",\"isPartOf\":{\"@id\":\"https:\\\/\\\/fmgente.com.ar\\\/web\\\/dario-barassi-termino-en-el-piso-y-paso-la-peor-verguenza-de-su-vida-por-que\\\/\"},\"author\":{\"name\":\"\",\"@id\":\"\"},\"headline\":\"Dar\u00edo Barassi termin\u00f3 en el piso y pas\u00f3 la peor verg\u00fcenza de su vida: por qu\u00e9\",\"datePublished\":\"2025-10-07T22:04:50+00:00\",\"mainEntityOfPage\":{\"@id\":\"https:\\\/\\\/fmgente.com.ar\\\/web\\\/dario-barassi-termino-en-el-piso-y-paso-la-peor-verguenza-de-su-vida-por-que\\\/\"},\"wordCount\":421,\"publisher\":{\"@id\":\"https:\\\/\\\/fmgente.com.ar\\\/web\\\/#organization\"},\"image\":{\"@id\":\"https:\\\/\\\/fmgente.com.ar\\\/web\\\/dario-barassi-termino-en-el-piso-y-paso-la-peor-verguenza-de-su-vida-por-que\\\/#primaryimage\"},\"thumbnailUrl\":\"https:\\\/\\\/fmgente.com.ar\\\/web\\\/wp-content\\\/uploads\\\/2025\\\/10\\\/IMG_5980.jpg-12.webp\",\"articleSection\":[\"DESTACADAS\"],\"inLanguage\":\"es\"},{\"@type\":\"WebPage\",\"@id\":\"https:\\\/\\\/fmgente.com.ar\\\/web\\\/dario-barassi-termino-en-el-piso-y-paso-la-peor-verguenza-de-su-vida-por-que\\\/\",\"url\":\"https:\\\/\\\/fmgente.com.ar\\\/web\\\/dario-barassi-termino-en-el-piso-y-paso-la-peor-verguenza-de-su-vida-por-que\\\/\",\"name\":\"Dar\u00edo Barassi termin\u00f3 en el piso y pas\u00f3 la peor verg\u00fcenza de su vida: por qu\u00e9 - Fm Gente\",\"isPartOf\":{\"@id\":\"https:\\\/\\\/fmgente.com.ar\\\/web\\\/#website\"},\"primaryImageOfPage\":{\"@id\":\"https:\\\/\\\/fmgente.com.ar\\\/web\\\/dario-barassi-termino-en-el-piso-y-paso-la-peor-verguenza-de-su-vida-por-que\\\/#primaryimage\"},\"image\":{\"@id\":\"https:\\\/\\\/fmgente.com.ar\\\/web\\\/dario-barassi-termino-en-el-piso-y-paso-la-peor-verguenza-de-su-vida-por-que\\\/#primaryimage\"},\"thumbnailUrl\":\"https:\\\/\\\/fmgente.com.ar\\\/web\\\/wp-content\\\/uploads\\\/2025\\\/10\\\/IMG_5980.jpg-12.webp\",\"datePublished\":\"2025-10-07T22:04:50+00:00\",\"inLanguage\":\"es\",\"potentialAction\":[{\"@type\":\"ReadAction\",\"target\":[\"https:\\\/\\\/fmgente.com.ar\\\/web\\\/dario-barassi-termino-en-el-piso-y-paso-la-peor-verguenza-de-su-vida-por-que\\\/\"]}]},{\"@type\":\"ImageObject\",\"inLanguage\":\"es\",\"@id\":\"https:\\\/\\\/fmgente.com.ar\\\/web\\\/dario-barassi-termino-en-el-piso-y-paso-la-peor-verguenza-de-su-vida-por-que\\\/#primaryimage\",\"url\":\"https:\\\/\\\/fmgente.com.ar\\\/web\\\/wp-content\\\/uploads\\\/2025\\\/10\\\/IMG_5980.jpg-12.webp\",\"contentUrl\":\"https:\\\/\\\/fmgente.com.ar\\\/web\\\/wp-content\\\/uploads\\\/2025\\\/10\\\/IMG_5980.jpg-12.webp\",\"width\":1900,\"height\":1425},{\"@type\":\"WebSite\",\"@id\":\"https:\\\/\\\/fmgente.com.ar\\\/web\\\/#website\",\"url\":\"https:\\\/\\\/fmgente.com.ar\\\/web\\\/\",\"name\":\"Fm Gente\",\"description\":\"- Jes\u00fas Mar\u00eda\",\"publisher\":{\"@id\":\"https:\\\/\\\/fmgente.com.ar\\\/web\\\/#organization\"},\"potentialAction\":[{\"@type\":\"SearchAction\",\"target\":{\"@type\":\"EntryPoint\",\"urlTemplate\":\"https:\\\/\\\/fmgente.com.ar\\\/web\\\/?s={search_term_string}\"},\"query-input\":{\"@type\":\"PropertyValueSpecification\",\"valueRequired\":true,\"valueName\":\"search_term_string\"}}],\"inLanguage\":\"es\"},{\"@type\":\"Organization\",\"@id\":\"https:\\\/\\\/fmgente.com.ar\\\/web\\\/#organization\",\"name\":\"Fm Gente\",\"url\":\"https:\\\/\\\/fmgente.com.ar\\\/web\\\/\",\"logo\":{\"@type\":\"ImageObject\",\"inLanguage\":\"es\",\"@id\":\"https:\\\/\\\/fmgente.com.ar\\\/web\\\/#\\\/schema\\\/logo\\\/image\\\/\",\"url\":\"https:\\\/\\\/fmgente.com.ar\\\/web\\\/wp-content\\\/uploads\\\/2023\\\/07\\\/cropped-cropped-logo-sombra2.png\",\"contentUrl\":\"https:\\\/\\\/fmgente.com.ar\\\/web\\\/wp-content\\\/uploads\\\/2023\\\/07\\\/cropped-cropped-logo-sombra2.png\",\"width\":1782,\"height\":1782,\"caption\":\"Fm Gente\"},\"image\":{\"@id\":\"https:\\\/\\\/fmgente.com.ar\\\/web\\\/#\\\/schema\\\/logo\\\/image\\\/\"}}]}<\/script>\n<!-- \/ Yoast SEO plugin. -->","yoast_head_json":{"title":"Dar\u00edo Barassi termin\u00f3 en el piso y pas\u00f3 la peor verg\u00fcenza de su vida: por qu\u00e9 - Fm Gente","robots":{"index":"index","follow":"follow","max-snippet":"max-snippet:-1","max-image-preview":"max-image-preview:large","max-video-preview":"max-video-preview:-1"},"canonical":"https:\/\/fmgente.com.ar\/web\/dario-barassi-termino-en-el-piso-y-paso-la-peor-verguenza-de-su-vida-por-que\/","og_locale":"es_ES","og_type":"article","og_title":"Dar\u00edo Barassi termin\u00f3 en el piso y pas\u00f3 la peor verg\u00fcenza de su vida: por qu\u00e9 - Fm Gente","og_description":"En una nueva emisi\u00f3n de Ahora caigo, Dar\u00edo Barassi protagoniz\u00f3 un momento tan divertido como","og_url":"https:\/\/fmgente.com.ar\/web\/dario-barassi-termino-en-el-piso-y-paso-la-peor-verguenza-de-su-vida-por-que\/","og_site_name":"Fm Gente","article_published_time":"2025-10-07T22:04:50+00:00","og_image":[{"width":1900,"height":1425,"url":"https:\/\/fmgente.com.ar\/web\/wp-content\/uploads\/2025\/10\/IMG_5980.jpg-12.webp","type":"image\/webp"}],"twitter_card":"summary_large_image","twitter_misc":{"Tiempo de lectura":"2 minutos"},"schema":{"@context":"https:\/\/schema.org","@graph":[{"@type":"Article","@id":"https:\/\/fmgente.com.ar\/web\/dario-barassi-termino-en-el-piso-y-paso-la-peor-verguenza-de-su-vida-por-que\/#article","isPartOf":{"@id":"https:\/\/fmgente.com.ar\/web\/dario-barassi-termino-en-el-piso-y-paso-la-peor-verguenza-de-su-vida-por-que\/"},"author":{"name":"","@id":""},"headline":"Dar\u00edo Barassi termin\u00f3 en el piso y pas\u00f3 la peor verg\u00fcenza de su vida: por qu\u00e9","datePublished":"2025-10-07T22:04:50+00:00","mainEntityOfPage":{"@id":"https:\/\/fmgente.com.ar\/web\/dario-barassi-termino-en-el-piso-y-paso-la-peor-verguenza-de-su-vida-por-que\/"},"wordCount":421,"publisher":{"@id":"https:\/\/fmgente.com.ar\/web\/#organization"},"image":{"@id":"https:\/\/fmgente.com.ar\/web\/dario-barassi-termino-en-el-piso-y-paso-la-peor-verguenza-de-su-vida-por-que\/#primaryimage"},"thumbnailUrl":"https:\/\/fmgente.com.ar\/web\/wp-content\/uploads\/2025\/10\/IMG_5980.jpg-12.webp","articleSection":["DESTACADAS"],"inLanguage":"es"},{"@type":"WebPage","@id":"https:\/\/fmgente.com.ar\/web\/dario-barassi-termino-en-el-piso-y-paso-la-peor-verguenza-de-su-vida-por-que\/","url":"https:\/\/fmgente.com.ar\/web\/dario-barassi-termino-en-el-piso-y-paso-la-peor-verguenza-de-su-vida-por-que\/","name":"Dar\u00edo Barassi termin\u00f3 en el piso y pas\u00f3 la peor verg\u00fcenza de su vida: por qu\u00e9 - Fm Gente","isPartOf":{"@id":"https:\/\/fmgente.com.ar\/web\/#website"},"primaryImageOfPage":{"@id":"https:\/\/fmgente.com.ar\/web\/dario-barassi-termino-en-el-piso-y-paso-la-peor-verguenza-de-su-vida-por-que\/#primaryimage"},"image":{"@id":"https:\/\/fmgente.com.ar\/web\/dario-barassi-termino-en-el-piso-y-paso-la-peor-verguenza-de-su-vida-por-que\/#primaryimage"},"thumbnailUrl":"https:\/\/fmgente.com.ar\/web\/wp-content\/uploads\/2025\/10\/IMG_5980.jpg-12.webp","datePublished":"2025-10-07T22:04:50+00:00","inLanguage":"es","potentialAction":[{"@type":"ReadAction","target":["https:\/\/fmgente.com.ar\/web\/dario-barassi-termino-en-el-piso-y-paso-la-peor-verguenza-de-su-vida-por-que\/"]}]},{"@type":"ImageObject","inLanguage":"es","@id":"https:\/\/fmgente.com.ar\/web\/dario-barassi-termino-en-el-piso-y-paso-la-peor-verguenza-de-su-vida-por-que\/#primaryimage","url":"https:\/\/fmgente.com.ar\/web\/wp-content\/uploads\/2025\/10\/IMG_5980.jpg-12.webp","contentUrl":"https:\/\/fmgente.com.ar\/web\/wp-content\/uploads\/2025\/10\/IMG_5980.jpg-12.webp","width":1900,"height":1425},{"@type":"WebSite","@id":"https:\/\/fmgente.com.ar\/web\/#website","url":"https:\/\/fmgente.com.ar\/web\/","name":"Fm Gente","description":"- Jes\u00fas Mar\u00eda","publisher":{"@id":"https:\/\/fmgente.com.ar\/web\/#organization"},"potentialAction":[{"@type":"SearchAction","target":{"@type":"EntryPoint","urlTemplate":"https:\/\/fmgente.com.ar\/web\/?s={search_term_string}"},"query-input":{"@type":"PropertyValueSpecification","valueRequired":true,"valueName":"search_term_string"}}],"inLanguage":"es"},{"@type":"Organization","@id":"https:\/\/fmgente.com.ar\/web\/#organization","name":"Fm Gente","url":"https:\/\/fmgente.com.ar\/web\/","logo":{"@type":"ImageObject","inLanguage":"es","@id":"https:\/\/fmgente.com.ar\/web\/#\/schema\/logo\/image\/","url":"https:\/\/fmgente.com.ar\/web\/wp-content\/uploads\/2023\/07\/cropped-cropped-logo-sombra2.png","contentUrl":"https:\/\/fmgente.com.ar\/web\/wp-content\/uploads\/2023\/07\/cropped-cropped-logo-sombra2.png","width":1782,"height":1782,"caption":"Fm Gente"},"image":{"@id":"https:\/\/fmgente.com.ar\/web\/#\/schema\/logo\/image\/"}}]}},"_links":{"self":[{"href":"https:\/\/fmgente.com.ar\/web\/wp-json\/wp\/v2\/posts\/6293","targetHints":{"allow":["GET"]}}],"collection":[{"href":"https:\/\/fmgente.com.ar\/web\/wp-json\/wp\/v2\/posts"}],"about":[{"href":"https:\/\/fmgente.com.ar\/web\/wp-json\/wp\/v2\/types\/post"}],"replies":[{"embeddable":true,"href":"https:\/\/fmgente.com.ar\/web\/wp-json\/wp\/v2\/comments?post=6293"}],"version-history":[{"count":0,"href":"https:\/\/fmgente.com.ar\/web\/wp-json\/wp\/v2\/posts\/6293\/revisions"}],"wp:featuredmedia":[{"embeddable":true,"href":"https:\/\/fmgente.com.ar\/web\/wp-json\/wp\/v2\/media\/6294"}],"wp:attachment":[{"href":"https:\/\/fmgente.com.ar\/web\/wp-json\/wp\/v2\/media?parent=6293"}],"wp:term":[{"taxonomy":"category","embeddable":true,"href":"https:\/\/fmgente.com.ar\/web\/wp-json\/wp\/v2\/categories?post=6293"},{"taxonomy":"post_tag","embeddable":true,"href":"https:\/\/fmgente.com.ar\/web\/wp-json\/wp\/v2\/tags?post=6293"}],"curies":[{"name":"wp","href":"https:\/\/api.w.org\/{rel}","templated":true}]}}