{"id":6285,"date":"2025-10-07T18:07:37","date_gmt":"2025-10-07T21:07:37","guid":{"rendered":"https:\/\/fmgente.com.ar\/marley-destrozo-a-santiago-del-moro-por-el-martin-fierro-de-oro-y-estallo-la-interna\/"},"modified":"2025-10-07T18:07:37","modified_gmt":"2025-10-07T21:07:37","slug":"marley-destrozo-a-santiago-del-moro-por-el-martin-fierro-de-oro-y-estallo-la-interna","status":"publish","type":"post","link":"https:\/\/fmgente.com.ar\/web\/marley-destrozo-a-santiago-del-moro-por-el-martin-fierro-de-oro-y-estallo-la-interna\/","title":{"rendered":"Marley destroz\u00f3 a Santiago del Moro por el Mart\u00edn Fierro de Oro y estall\u00f3 la interna"},"content":{"rendered":"<p>La edici\u00f3n m\u00e1s pol\u00e9mica de los <a href=\"https:\/\/www.paparazzi.com.ar\/?s=Santiago+del+Moro\">Mart\u00edn Fierro<\/a> dej\u00f3 un saldo de cr\u00edticas p\u00fablicas que no se apagan. Esta vez fue <strong><a href=\"https:\/\/www.paparazzi.com.ar\/?s=Marley\">Marley<\/a><\/strong> quien, desde la radio y la tele, lanz\u00f3 una columna de opini\u00f3n filosa contra la ceremonia y apunt\u00f3 directamente a <strong><a href=\"https:\/\/www.paparazzi.com.ar\/?s=Santiago+del+Moro\">Santiago del Moro<\/a><\/strong> por el momento en que se anunci\u00f3 a s\u00ed mismo como ganador del Mart\u00edn Fierro de Oro.<\/p>\n<p>En una entrevista con <em>Puro Show<\/em>, Marley no dud\u00f3 en sumarse al reclamo general sobre la falta de sorpresa y la sensaci\u00f3n de \u201crepartija\u201d en los premios: <em>\u201cEstoy de acuerdo y en desacuerdo al mismo tiempo con Vero. Estoy de acuerdo con que hay mucha cosa rara en el Mart\u00edn Fierro, hay cosas que no tienen l\u00f3gica\u201d<\/em>, arranc\u00f3, refiri\u00e9ndose al enojo p\u00fablico de Ver\u00f3nica Lozano por la terna de mejor conductora femenina.<\/p>\n<p>El conductor fue m\u00e1s all\u00e1 y debati\u00f3 el argumento de que no se deber\u00edan repetir ganadores: <em>\u201cAc\u00e1 lo que se est\u00e1 hablando es gane el premio la misma persona: \u00bfY Messi con el bal\u00f3n de oro qu\u00e9? Hab\u00eda que decirle no se lo damos m\u00e1s a Messi porque ya gan\u00f3 el a\u00f1o pasado\u00bb<\/em>, afirm\u00f3 Marley.<\/p>\n<div class=\"mt-box \">\n<h4 class=\"mt-heading\">Mir\u00e1 Tambi\u00e9n<\/h4>\n<p><a href=\"https:\/\/www.paparazzi.com.ar\/teve\/exclusivo-nacho-castanares-revelo-como-esta-thiago-medina-tras-despertar-del-coma\/\"><\/p>\n<div class=\"mt-content\">\n<div class=\"mt-image-container\"><img decoding=\"async\" src=\"https:\/\/www.paparazzi.com.ar\/wp-content\/uploads\/2025\/09\/Nacho-Castanares-Thiago-medina.jpg.webp\" alt=\"\u00a1Exclusivo! Nacho Casta\u00f1ares revel\u00f3 c\u00f3mo est\u00e1 Thiago Medina tras despertar del coma\" class=\"mt-image\" loading=\"lazy\" \/><\/div>\n<h5 class=\"mt-title\">\u00a1Exclusivo! Nacho Casta\u00f1ares revel\u00f3 c\u00f3mo est\u00e1 Thiago Medina tras despertar del coma<\/h5>\n<\/div>\n<p><\/a><\/div>\n<p>Y sigui\u00f3: <em>\u00abEs rid\u00edculo decir que no gane una persona porque ya gan\u00f3 el a\u00f1o pasado porque, sino que es una repartija de premios<\/em>\u00ab, en una defensa del m\u00e9rito individual frente a la acusaci\u00f3n de favoritismos. Sin embargo, su diagn\u00f3stico no se limit\u00f3 a analog\u00edas deportivas.<\/p>\n<h2 class=\"wp-block-heading\">EL ENOJO DE MARLEY CON SANTIAGO DEL MORO:<\/h2>\n<p>Marley pidi\u00f3 mayor transparencia en las ternas y sugiri\u00f3 medidas concretas. <em>\u201cHay muchas sospechas con los ganadores que con el dedo dicen: &#8216;este, este y este&#8217;. Yo sospecho algunos rubros que son as\u00ed, entonces si realmente es as\u00ed, que alguien pida una auditor\u00eda y veremos. En alg\u00fan momento se tiene que aclarar\u201d<\/em>, reclam\u00f3.<\/p>\n<p>El punto culminante del rechazo fue su comentario sobre el gesto de Del Moro en la entrega del Oro. Marley describi\u00f3 como \u201craro\u201d el modo en que el animador manej\u00f3 la apertura del sobre: <em>\u201cLa emoci\u00f3n de \u00e9l fue rara porque vio el sobre, se qued\u00f3 as\u00ed&#8230; Si yo abro el sobre y dice Marley me emociono en el momento que lo veo, c\u00f3mo voy a estar 15 segundos haciendo la pausa y despu\u00e9s cuando lo digo me emociono<\/em>\u201d. <\/p>\n<div class=\"mt-box \">\n<h4 class=\"mt-heading\">Mir\u00e1 Tambi\u00e9n<\/h4>\n<p><a href=\"https:\/\/www.paparazzi.com.ar\/teve\/marley-rompio-el-silencio-tras-abrirse-la-cabeza-en-un-dramatico-accidente-quede-banado-en-sangre\/\"><\/p>\n<div class=\"mt-content\">\n<div class=\"mt-image-container\"><img decoding=\"async\" src=\"https:\/\/www.paparazzi.com.ar\/wp-content\/uploads\/2025\/08\/Marley-rompio-el-silencio-tras-abrirse-la-cabeza-en-un-dramatico-accidente-22Quede-banado-en-sangre22.jpg.webp\" alt=\"Marley rompi\u00f3 el silencio tras abrirse la cabeza en un dram\u00e1tico accidente: &quot;Qued\u00e9 ba\u00f1ado en sangre&quot;\" class=\"mt-image\" loading=\"lazy\" \/><\/div>\n<h5 class=\"mt-title\">Marley rompi\u00f3 el silencio tras abrirse la cabeza en un dram\u00e1tico accidente: \u00abQued\u00e9 ba\u00f1ado en sangre\u00bb<\/h5>\n<\/div>\n<p><\/a><\/div>\n<p>M\u00e1s cr\u00edtico a\u00fan con la teatralidad de la gala, Marley asegur\u00f3 que la distribuci\u00f3n previa de ganadores mina la esencia del premio: <em>\u201cTodo el mundo sabe todo eso, eso es lo que tiene que cambiar, no puede ser que todos sepan todos los ganadores y que tengas que actuar la sorpresa\u201d. <\/em><\/p>\n<p>Propuso volver a recuperar la autenticidad del momento para que incluso el conductor se sorprenda al abrir el sobre. Finalmente, consultado sobre si volver\u00eda a conducir la ceremonia, Marley cerr\u00f3 con una frase rotunda que mezcla desd\u00e9n y libertad: \u201c<em>Lo hice 8 veces, me da lo mismo, si me toca de vuelta lo har\u00e9, sino no me cambia. La verdad la pas\u00e9 mejor en Jap\u00f3n que sentado ah\u00ed\u201d<\/em>. <\/p>\n<div class=\"mt-box \">\n<h4 class=\"mt-heading\">Mir\u00e1 Tambi\u00e9n<\/h4>\n<p><a href=\"https:\/\/www.paparazzi.com.ar\/teve\/santiago-del-moro-revelo-su-particular-tecnica-para-enfrentar-los-ataques-de-ansiedad\/\"><\/p>\n<div class=\"mt-content\">\n<div class=\"mt-image-container\"><img decoding=\"async\" src=\"https:\/\/www.paparazzi.com.ar\/wp-content\/uploads\/2025\/05\/del-moro-gh-1.jpg.webp\" alt=\"Santiago Del Moro revel\u00f3 su particular t\u00e9cnica para enfrentar los ataques de ansiedad\" class=\"mt-image\" loading=\"lazy\" \/><\/div>\n<h5 class=\"mt-title\">Santiago Del Moro revel\u00f3 su particular t\u00e9cnica para enfrentar los ataques de ansiedad<\/h5>\n<\/div>\n<p><\/a><\/div>\n<div class=\"mt-box \">\n<h4 class=\"mt-heading\">Mir\u00e1 Tambi\u00e9n<\/h4>\n<p><a href=\"https:\/\/www.paparazzi.com.ar\/teve\/wanda-nara-revelo-el-rol-clave-que-tuvo-en-la-entrevista-de-marley-a-mauro-icardi-en-turquia\/\"><\/p>\n<div class=\"mt-content\">\n<div class=\"mt-image-container\"><img decoding=\"async\" src=\"https:\/\/www.paparazzi.com.ar\/wp-content\/uploads\/2025\/07\/wanda-nara-mauro-icardi-marley.png.webp\" alt=\"Wanda Nara revel\u00f3 el rol clave que tuvo en la entrevista de Marley a Mauro Icardi en Turqu\u00eda\" class=\"mt-image\" loading=\"lazy\" \/><\/div>\n<h5 class=\"mt-title\">Wanda Nara revel\u00f3 el rol clave que tuvo en la entrevista de Marley a Mauro Icardi en Turqu\u00eda<\/h5>\n<\/div>\n<p><\/a><\/div>\n<p>The post <a href=\"https:\/\/www.paparazzi.com.ar\/teve\/marley-destrozo-a-santiago-del-moro-por-el-martin-fierro-de-oro-la-emocion-de-el-fue\/\">Marley destroz\u00f3 a Santiago del Moro por el Mart\u00edn Fierro de Oro y estall\u00f3 la interna<\/a> appeared first on <a href=\"https:\/\/www.paparazzi.com.ar\">Revista Paparazzi<\/a>.<\/p>\n","protected":false},"excerpt":{"rendered":"<p>La edici\u00f3n m\u00e1s pol\u00e9mica de los Mart\u00edn Fierro dej\u00f3 un saldo de cr\u00edticas p\u00fablicas que<\/p>\n","protected":false},"author":0,"featured_media":6286,"comment_status":"","ping_status":"","sticky":false,"template":"","format":"standard","meta":{"footnotes":""},"categories":[11],"tags":[],"class_list":["post-6285","post","type-post","status-publish","format-standard","has-post-thumbnail","hentry","category-destacadas"],"yoast_head":"<!-- This site is optimized with the Yoast SEO plugin v28.3 - https:\/\/yoast.com\/product\/yoast-seo-wordpress\/ -->\n<title>Marley destroz\u00f3 a Santiago del Moro por el Mart\u00edn Fierro de Oro y estall\u00f3 la interna - Fm Gente<\/title>\n<meta name=\"robots\" content=\"index, follow, max-snippet:-1, max-image-preview:large, max-video-preview:-1\" \/>\n<link rel=\"canonical\" href=\"https:\/\/fmgente.com.ar\/web\/marley-destrozo-a-santiago-del-moro-por-el-martin-fierro-de-oro-y-estallo-la-interna\/\" \/>\n<meta property=\"og:locale\" content=\"es_ES\" \/>\n<meta property=\"og:type\" content=\"article\" \/>\n<meta property=\"og:title\" content=\"Marley destroz\u00f3 a Santiago del Moro por el Mart\u00edn Fierro de Oro y estall\u00f3 la interna - Fm Gente\" \/>\n<meta property=\"og:description\" content=\"La edici\u00f3n m\u00e1s pol\u00e9mica de los Mart\u00edn Fierro dej\u00f3 un saldo de cr\u00edticas p\u00fablicas que\" \/>\n<meta property=\"og:url\" content=\"https:\/\/fmgente.com.ar\/web\/marley-destrozo-a-santiago-del-moro-por-el-martin-fierro-de-oro-y-estallo-la-interna\/\" \/>\n<meta property=\"og:site_name\" content=\"Fm Gente\" \/>\n<meta property=\"article:published_time\" content=\"2025-10-07T21:07:37+00:00\" \/>\n<meta property=\"og:image\" content=\"https:\/\/fmgente.com.ar\/web\/wp-content\/uploads\/2025\/10\/Nacho-Castanares-Thiago-medina.jpg.webp\" \/>\n\t<meta property=\"og:image:width\" content=\"1052\" \/>\n\t<meta property=\"og:image:height\" content=\"665\" \/>\n\t<meta property=\"og:image:type\" content=\"image\/webp\" \/>\n<meta name=\"twitter:card\" content=\"summary_large_image\" \/>\n<meta name=\"twitter:label1\" content=\"Tiempo de lectura\" \/>\n\t<meta name=\"twitter:data1\" content=\"3 minutos\" \/>\n<script type=\"application\/ld+json\" class=\"yoast-schema-graph\">{\"@context\":\"https:\\\/\\\/schema.org\",\"@graph\":[{\"@type\":\"Article\",\"@id\":\"https:\\\/\\\/fmgente.com.ar\\\/web\\\/marley-destrozo-a-santiago-del-moro-por-el-martin-fierro-de-oro-y-estallo-la-interna\\\/#article\",\"isPartOf\":{\"@id\":\"https:\\\/\\\/fmgente.com.ar\\\/web\\\/marley-destrozo-a-santiago-del-moro-por-el-martin-fierro-de-oro-y-estallo-la-interna\\\/\"},\"author\":{\"name\":\"\",\"@id\":\"\"},\"headline\":\"Marley destroz\u00f3 a Santiago del Moro por el Mart\u00edn Fierro de Oro y estall\u00f3 la interna\",\"datePublished\":\"2025-10-07T21:07:37+00:00\",\"mainEntityOfPage\":{\"@id\":\"https:\\\/\\\/fmgente.com.ar\\\/web\\\/marley-destrozo-a-santiago-del-moro-por-el-martin-fierro-de-oro-y-estallo-la-interna\\\/\"},\"wordCount\":648,\"publisher\":{\"@id\":\"https:\\\/\\\/fmgente.com.ar\\\/web\\\/#organization\"},\"image\":{\"@id\":\"https:\\\/\\\/fmgente.com.ar\\\/web\\\/marley-destrozo-a-santiago-del-moro-por-el-martin-fierro-de-oro-y-estallo-la-interna\\\/#primaryimage\"},\"thumbnailUrl\":\"https:\\\/\\\/fmgente.com.ar\\\/web\\\/wp-content\\\/uploads\\\/2025\\\/10\\\/Nacho-Castanares-Thiago-medina.jpg.webp\",\"articleSection\":[\"DESTACADAS\"],\"inLanguage\":\"es\"},{\"@type\":\"WebPage\",\"@id\":\"https:\\\/\\\/fmgente.com.ar\\\/web\\\/marley-destrozo-a-santiago-del-moro-por-el-martin-fierro-de-oro-y-estallo-la-interna\\\/\",\"url\":\"https:\\\/\\\/fmgente.com.ar\\\/web\\\/marley-destrozo-a-santiago-del-moro-por-el-martin-fierro-de-oro-y-estallo-la-interna\\\/\",\"name\":\"Marley destroz\u00f3 a Santiago del Moro por el Mart\u00edn Fierro de Oro y estall\u00f3 la interna - Fm Gente\",\"isPartOf\":{\"@id\":\"https:\\\/\\\/fmgente.com.ar\\\/web\\\/#website\"},\"primaryImageOfPage\":{\"@id\":\"https:\\\/\\\/fmgente.com.ar\\\/web\\\/marley-destrozo-a-santiago-del-moro-por-el-martin-fierro-de-oro-y-estallo-la-interna\\\/#primaryimage\"},\"image\":{\"@id\":\"https:\\\/\\\/fmgente.com.ar\\\/web\\\/marley-destrozo-a-santiago-del-moro-por-el-martin-fierro-de-oro-y-estallo-la-interna\\\/#primaryimage\"},\"thumbnailUrl\":\"https:\\\/\\\/fmgente.com.ar\\\/web\\\/wp-content\\\/uploads\\\/2025\\\/10\\\/Nacho-Castanares-Thiago-medina.jpg.webp\",\"datePublished\":\"2025-10-07T21:07:37+00:00\",\"inLanguage\":\"es\",\"potentialAction\":[{\"@type\":\"ReadAction\",\"target\":[\"https:\\\/\\\/fmgente.com.ar\\\/web\\\/marley-destrozo-a-santiago-del-moro-por-el-martin-fierro-de-oro-y-estallo-la-interna\\\/\"]}]},{\"@type\":\"ImageObject\",\"inLanguage\":\"es\",\"@id\":\"https:\\\/\\\/fmgente.com.ar\\\/web\\\/marley-destrozo-a-santiago-del-moro-por-el-martin-fierro-de-oro-y-estallo-la-interna\\\/#primaryimage\",\"url\":\"https:\\\/\\\/fmgente.com.ar\\\/web\\\/wp-content\\\/uploads\\\/2025\\\/10\\\/Nacho-Castanares-Thiago-medina.jpg.webp\",\"contentUrl\":\"https:\\\/\\\/fmgente.com.ar\\\/web\\\/wp-content\\\/uploads\\\/2025\\\/10\\\/Nacho-Castanares-Thiago-medina.jpg.webp\",\"width\":1052,\"height\":665},{\"@type\":\"WebSite\",\"@id\":\"https:\\\/\\\/fmgente.com.ar\\\/web\\\/#website\",\"url\":\"https:\\\/\\\/fmgente.com.ar\\\/web\\\/\",\"name\":\"Fm Gente\",\"description\":\"- Jes\u00fas Mar\u00eda\",\"publisher\":{\"@id\":\"https:\\\/\\\/fmgente.com.ar\\\/web\\\/#organization\"},\"potentialAction\":[{\"@type\":\"SearchAction\",\"target\":{\"@type\":\"EntryPoint\",\"urlTemplate\":\"https:\\\/\\\/fmgente.com.ar\\\/web\\\/?s={search_term_string}\"},\"query-input\":{\"@type\":\"PropertyValueSpecification\",\"valueRequired\":true,\"valueName\":\"search_term_string\"}}],\"inLanguage\":\"es\"},{\"@type\":\"Organization\",\"@id\":\"https:\\\/\\\/fmgente.com.ar\\\/web\\\/#organization\",\"name\":\"Fm Gente\",\"url\":\"https:\\\/\\\/fmgente.com.ar\\\/web\\\/\",\"logo\":{\"@type\":\"ImageObject\",\"inLanguage\":\"es\",\"@id\":\"https:\\\/\\\/fmgente.com.ar\\\/web\\\/#\\\/schema\\\/logo\\\/image\\\/\",\"url\":\"https:\\\/\\\/fmgente.com.ar\\\/web\\\/wp-content\\\/uploads\\\/2023\\\/07\\\/cropped-cropped-logo-sombra2.png\",\"contentUrl\":\"https:\\\/\\\/fmgente.com.ar\\\/web\\\/wp-content\\\/uploads\\\/2023\\\/07\\\/cropped-cropped-logo-sombra2.png\",\"width\":1782,\"height\":1782,\"caption\":\"Fm Gente\"},\"image\":{\"@id\":\"https:\\\/\\\/fmgente.com.ar\\\/web\\\/#\\\/schema\\\/logo\\\/image\\\/\"}}]}<\/script>\n<!-- \/ Yoast SEO plugin. -->","yoast_head_json":{"title":"Marley destroz\u00f3 a Santiago del Moro por el Mart\u00edn Fierro de Oro y estall\u00f3 la interna - Fm Gente","robots":{"index":"index","follow":"follow","max-snippet":"max-snippet:-1","max-image-preview":"max-image-preview:large","max-video-preview":"max-video-preview:-1"},"canonical":"https:\/\/fmgente.com.ar\/web\/marley-destrozo-a-santiago-del-moro-por-el-martin-fierro-de-oro-y-estallo-la-interna\/","og_locale":"es_ES","og_type":"article","og_title":"Marley destroz\u00f3 a Santiago del Moro por el Mart\u00edn Fierro de Oro y estall\u00f3 la interna - Fm Gente","og_description":"La edici\u00f3n m\u00e1s pol\u00e9mica de los Mart\u00edn Fierro dej\u00f3 un saldo de cr\u00edticas p\u00fablicas que","og_url":"https:\/\/fmgente.com.ar\/web\/marley-destrozo-a-santiago-del-moro-por-el-martin-fierro-de-oro-y-estallo-la-interna\/","og_site_name":"Fm Gente","article_published_time":"2025-10-07T21:07:37+00:00","og_image":[{"width":1052,"height":665,"url":"https:\/\/fmgente.com.ar\/web\/wp-content\/uploads\/2025\/10\/Nacho-Castanares-Thiago-medina.jpg.webp","type":"image\/webp"}],"twitter_card":"summary_large_image","twitter_misc":{"Tiempo de lectura":"3 minutos"},"schema":{"@context":"https:\/\/schema.org","@graph":[{"@type":"Article","@id":"https:\/\/fmgente.com.ar\/web\/marley-destrozo-a-santiago-del-moro-por-el-martin-fierro-de-oro-y-estallo-la-interna\/#article","isPartOf":{"@id":"https:\/\/fmgente.com.ar\/web\/marley-destrozo-a-santiago-del-moro-por-el-martin-fierro-de-oro-y-estallo-la-interna\/"},"author":{"name":"","@id":""},"headline":"Marley destroz\u00f3 a Santiago del Moro por el Mart\u00edn Fierro de Oro y estall\u00f3 la interna","datePublished":"2025-10-07T21:07:37+00:00","mainEntityOfPage":{"@id":"https:\/\/fmgente.com.ar\/web\/marley-destrozo-a-santiago-del-moro-por-el-martin-fierro-de-oro-y-estallo-la-interna\/"},"wordCount":648,"publisher":{"@id":"https:\/\/fmgente.com.ar\/web\/#organization"},"image":{"@id":"https:\/\/fmgente.com.ar\/web\/marley-destrozo-a-santiago-del-moro-por-el-martin-fierro-de-oro-y-estallo-la-interna\/#primaryimage"},"thumbnailUrl":"https:\/\/fmgente.com.ar\/web\/wp-content\/uploads\/2025\/10\/Nacho-Castanares-Thiago-medina.jpg.webp","articleSection":["DESTACADAS"],"inLanguage":"es"},{"@type":"WebPage","@id":"https:\/\/fmgente.com.ar\/web\/marley-destrozo-a-santiago-del-moro-por-el-martin-fierro-de-oro-y-estallo-la-interna\/","url":"https:\/\/fmgente.com.ar\/web\/marley-destrozo-a-santiago-del-moro-por-el-martin-fierro-de-oro-y-estallo-la-interna\/","name":"Marley destroz\u00f3 a Santiago del Moro por el Mart\u00edn Fierro de Oro y estall\u00f3 la interna - Fm Gente","isPartOf":{"@id":"https:\/\/fmgente.com.ar\/web\/#website"},"primaryImageOfPage":{"@id":"https:\/\/fmgente.com.ar\/web\/marley-destrozo-a-santiago-del-moro-por-el-martin-fierro-de-oro-y-estallo-la-interna\/#primaryimage"},"image":{"@id":"https:\/\/fmgente.com.ar\/web\/marley-destrozo-a-santiago-del-moro-por-el-martin-fierro-de-oro-y-estallo-la-interna\/#primaryimage"},"thumbnailUrl":"https:\/\/fmgente.com.ar\/web\/wp-content\/uploads\/2025\/10\/Nacho-Castanares-Thiago-medina.jpg.webp","datePublished":"2025-10-07T21:07:37+00:00","inLanguage":"es","potentialAction":[{"@type":"ReadAction","target":["https:\/\/fmgente.com.ar\/web\/marley-destrozo-a-santiago-del-moro-por-el-martin-fierro-de-oro-y-estallo-la-interna\/"]}]},{"@type":"ImageObject","inLanguage":"es","@id":"https:\/\/fmgente.com.ar\/web\/marley-destrozo-a-santiago-del-moro-por-el-martin-fierro-de-oro-y-estallo-la-interna\/#primaryimage","url":"https:\/\/fmgente.com.ar\/web\/wp-content\/uploads\/2025\/10\/Nacho-Castanares-Thiago-medina.jpg.webp","contentUrl":"https:\/\/fmgente.com.ar\/web\/wp-content\/uploads\/2025\/10\/Nacho-Castanares-Thiago-medina.jpg.webp","width":1052,"height":665},{"@type":"WebSite","@id":"https:\/\/fmgente.com.ar\/web\/#website","url":"https:\/\/fmgente.com.ar\/web\/","name":"Fm Gente","description":"- Jes\u00fas Mar\u00eda","publisher":{"@id":"https:\/\/fmgente.com.ar\/web\/#organization"},"potentialAction":[{"@type":"SearchAction","target":{"@type":"EntryPoint","urlTemplate":"https:\/\/fmgente.com.ar\/web\/?s={search_term_string}"},"query-input":{"@type":"PropertyValueSpecification","valueRequired":true,"valueName":"search_term_string"}}],"inLanguage":"es"},{"@type":"Organization","@id":"https:\/\/fmgente.com.ar\/web\/#organization","name":"Fm Gente","url":"https:\/\/fmgente.com.ar\/web\/","logo":{"@type":"ImageObject","inLanguage":"es","@id":"https:\/\/fmgente.com.ar\/web\/#\/schema\/logo\/image\/","url":"https:\/\/fmgente.com.ar\/web\/wp-content\/uploads\/2023\/07\/cropped-cropped-logo-sombra2.png","contentUrl":"https:\/\/fmgente.com.ar\/web\/wp-content\/uploads\/2023\/07\/cropped-cropped-logo-sombra2.png","width":1782,"height":1782,"caption":"Fm Gente"},"image":{"@id":"https:\/\/fmgente.com.ar\/web\/#\/schema\/logo\/image\/"}}]}},"_links":{"self":[{"href":"https:\/\/fmgente.com.ar\/web\/wp-json\/wp\/v2\/posts\/6285","targetHints":{"allow":["GET"]}}],"collection":[{"href":"https:\/\/fmgente.com.ar\/web\/wp-json\/wp\/v2\/posts"}],"about":[{"href":"https:\/\/fmgente.com.ar\/web\/wp-json\/wp\/v2\/types\/post"}],"replies":[{"embeddable":true,"href":"https:\/\/fmgente.com.ar\/web\/wp-json\/wp\/v2\/comments?post=6285"}],"version-history":[{"count":0,"href":"https:\/\/fmgente.com.ar\/web\/wp-json\/wp\/v2\/posts\/6285\/revisions"}],"wp:featuredmedia":[{"embeddable":true,"href":"https:\/\/fmgente.com.ar\/web\/wp-json\/wp\/v2\/media\/6286"}],"wp:attachment":[{"href":"https:\/\/fmgente.com.ar\/web\/wp-json\/wp\/v2\/media?parent=6285"}],"wp:term":[{"taxonomy":"category","embeddable":true,"href":"https:\/\/fmgente.com.ar\/web\/wp-json\/wp\/v2\/categories?post=6285"},{"taxonomy":"post_tag","embeddable":true,"href":"https:\/\/fmgente.com.ar\/web\/wp-json\/wp\/v2\/tags?post=6285"}],"curies":[{"name":"wp","href":"https:\/\/api.w.org\/{rel}","templated":true}]}}