{"id":6283,"date":"2025-10-07T17:06:17","date_gmt":"2025-10-07T20:06:17","guid":{"rendered":"https:\/\/fmgente.com.ar\/morena-rial-devastada-se-confirmo-que-padece-una-delicada-patologia-y-preocupa-su-salud\/"},"modified":"2025-10-07T17:06:17","modified_gmt":"2025-10-07T20:06:17","slug":"morena-rial-devastada-se-confirmo-que-padece-una-delicada-patologia-y-preocupa-su-salud","status":"publish","type":"post","link":"https:\/\/fmgente.com.ar\/web\/morena-rial-devastada-se-confirmo-que-padece-una-delicada-patologia-y-preocupa-su-salud\/","title":{"rendered":"Morena Rial devastada: se confirm\u00f3 que padece una delicada patolog\u00eda y preocupa su salud"},"content":{"rendered":"<p><strong>Morena Rial <\/strong>se encuentra atravesando una situaci\u00f3n muy adversa en su vida y en donde contin\u00faa detenida. Luego de no cumplir con las condiciones que le impuso la Justicia, <a href=\"https:\/\/www.paparazzi.com.ar\/teve\/morena-rial-sale-de-la-carcel-que-condiciones-debe-cumplir-para-tener-prision-domiciliaria\/\">la hija de <strong>Jorge Rial<\/strong><\/a> est\u00e1 pasando un momento muy delicado.<\/p>\n<p>En estas \u00faltimas horas sali\u00f3 a la luz que Morena se encuentra enfrentando una seria patolog\u00eda, relacionada a su salud mental. El que sali\u00f3 a romper el silencio en su represetanci\u00f3n fue su ex abogado, <strong><a href=\"https:\/\/www.paparazzi.com.ar\/romances\/morena-rial-mostro-un-chat-privado-con-alejandro-cipolla-su-abogado-en-medio-de-las-versiones-de-romance\/\">Alejandro Cipolla<\/a><\/strong>.<\/p>\n<p>El letrado sali\u00f3 a romper el silencio en el programa <em>Mujeres Argentina<\/em>, que va por El Trece, y all\u00ed cont\u00f3 dur\u00edsimos detalles: \u201c<em>Arrepentida no podemos decir, porque volvemos a reiterar que ella tiene una patolog\u00eda psiqui\u00e1trica que le genera una personalidad autodestructiva<\/em>\u201d.<\/p>\n<div class=\"mt-box \">\n<h4 class=\"mt-heading\">Mir\u00e1 Tambi\u00e9n<\/h4>\n<p><a href=\"https:\/\/www.paparazzi.com.ar\/videos\/exclusivo-daniela-celis-confirmo-el-ultimo-paso-para-que-thiago-medina-reciba-el-alta\/\"><\/p>\n<div class=\"mt-content\">\n<div class=\"mt-image-container\"><img decoding=\"async\" src=\"https:\/\/www.paparazzi.com.ar\/wp-content\/uploads\/2025\/10\/Thiago-Medina-Daniela-359x226.jpg\" alt=\"\u00a1Exclusivo! Daniela Celis confirm\u00f3 el \u00faltimo paso para que Thiago Medina reciba el alta\" class=\"mt-image\" loading=\"lazy\" \/><\/div>\n<h5 class=\"mt-title\">\u00a1Exclusivo! Daniela Celis confirm\u00f3 el \u00faltimo paso para que Thiago Medina reciba el alta<\/h5>\n<\/div>\n<p><\/a><\/div>\n<p>\u201c<em>Esto ya ha sido comprobado por personal del servicio penitenciario, que se mantiene dentro de un informe reservado. Solo repito palabras que ya se dieron a conocer en la prensa<\/em>\u201d, asever\u00f3 Cipolla, respecto a la condici\u00f3n que enfrenta la joven influencer.<\/p>\n<h2 class=\"wp-block-heading\">MORENA RIAL EN SU PEOR MOMENTO DENTRO DE LA C\u00c1RCEL<\/h2>\n<p>Siendo una situaci\u00f3n que obviamente genera preocupaci\u00f3n, por la magnitud de la noticia y todo lo que ocurre alrededor, uno de los puntos de quiebre de Morena en su vida se dan a partir de la lejan\u00eda que tiene con hijo menor, <strong><a href=\"https:\/\/www.paparazzi.com.ar\/teve\/morena-rial-presa-revelan-la-sensible-decision-que-rocio-rial-tomo-con-su-sobrino-amadeo\/\">Amadeo<\/a><\/strong>.&nbsp;<\/p>\n<div class=\"mt-box \">\n<h4 class=\"mt-heading\">Mir\u00e1 Tambi\u00e9n<\/h4>\n<p><a href=\"https:\/\/www.paparazzi.com.ar\/teve\/morena-rial-tuvo-una-crisis-de-llanto-en-la-carcel-el-desgarrador-momento-que-vive-por-su-hijo-de-un-ano\/\"><\/p>\n<div class=\"mt-content\">\n<div class=\"mt-image-container\"><img decoding=\"async\" src=\"https:\/\/www.paparazzi.com.ar\/wp-content\/uploads\/2025\/10\/morena-rial-amadeo-359x226.jpg\" alt=\"Morena Rial tuvo una crisis de llanto en la c\u00e1rcel: el desgarrador momento que vive por su hijo de un a\u00f1o\" class=\"mt-image\" loading=\"lazy\" \/><\/div>\n<h5 class=\"mt-title\">Morena Rial tuvo una crisis de llanto en la c\u00e1rcel: el desgarrador momento que vive por su hijo de un a\u00f1o<\/h5>\n<\/div>\n<p><\/a><\/div>\n<p>El hecho de no poder festejar el cumplea\u00f1os del ni\u00f1o, para la joven es una dur\u00edsima situaci\u00f3n y que la afecta de lleno: \u201c<em>Est\u00e1 quebrada en el primer cumplea\u00f1os del hijo. La semana pasada est\u00e1bamos hablando para ver c\u00f3mo lo \u00edbamos a organizar, porque iba a ser conjunto con el bautismo. Hay muchos sentimientos desencontrados\u201d<\/em>.<\/p>\n<p>Sin dudas que Morena nuevamente volvi\u00f3 a tocar fondo. Pese a que hab\u00eda pensado que ese momento oscuro de su vida qued\u00f3 atr\u00e1s, finalmente no fue as\u00ed. Hoy lucha por salir adelante, y su salud mental pas\u00f3 a ser un foco de preocupaci\u00f3n masivo.<\/p>\n<div class=\"mt-box \">\n<h4 class=\"mt-heading\">Mir\u00e1 Tambi\u00e9n<\/h4>\n<p><a href=\"https:\/\/www.paparazzi.com.ar\/teve\/daniela-celis-confeso-la-pesadilla-que-vivio-desde-el-accidente-de-thiago-medina-baje-8-kilos-y-me-sacaron-el\/\"><\/p>\n<div class=\"mt-content\">\n<div class=\"mt-image-container\"><img decoding=\"async\" src=\"https:\/\/www.paparazzi.com.ar\/wp-content\/uploads\/2025\/10\/daniela-celis-thiago-medina-2-359x226.jpg\" alt=\"Daniela Celis confes\u00f3 la pesadilla que vivi\u00f3 desde el accidente de Thiago Medina: \u201cBaj\u00e9 8 kilos y me sacaron el...&quot;\" class=\"mt-image\" loading=\"lazy\" \/><\/div>\n<h5 class=\"mt-title\">Daniela Celis confes\u00f3 la pesadilla que vivi\u00f3 desde el accidente de Thiago Medina: \u201cBaj\u00e9 8 kilos y me sacaron el&#8230;\u00bb<\/h5>\n<\/div>\n<p><\/a><\/div>\n<div class=\"mt-box \">\n<h4 class=\"mt-heading\">Mir\u00e1 Tambi\u00e9n<\/h4>\n<p><a href=\"https:\/\/www.paparazzi.com.ar\/teve\/confirmaron-la-noticia-mas-fuerte-de-thiago-medina-a-24-dias-de-su-accidente-se-acabo\/\"><\/p>\n<div class=\"mt-content\">\n<div class=\"mt-image-container\"><img decoding=\"async\" src=\"https:\/\/www.paparazzi.com.ar\/wp-content\/uploads\/2025\/10\/Llanto-y-felicidad-Thiago-Medina-y-la-noticia-mas-hermosa-que-anuncio-su-familia-359x226.jpg\" alt=\"Confirmaron la noticia m\u00e1s fuerte de Thiago Medina a 24 d\u00edas de su accidente: \u201cSe acab\u00f3\u201d\" class=\"mt-image\" loading=\"lazy\" \/><\/div>\n<h5 class=\"mt-title\">Confirmaron la noticia m\u00e1s fuerte de Thiago Medina a 24 d\u00edas de su accidente: \u201cSe acab\u00f3\u201d<\/h5>\n<\/div>\n<p><\/a><\/div>\n<p>The post <a href=\"https:\/\/www.paparazzi.com.ar\/teve\/morena-rial-devastada-se-confirmo-que-padece-una-delicada-patologia-y-preocupa-su-salud\/\">Morena Rial devastada: se confirm\u00f3 que padece una delicada patolog\u00eda y preocupa su salud<\/a> appeared first on <a href=\"https:\/\/www.paparazzi.com.ar\">Revista Paparazzi<\/a>.<\/p>\n","protected":false},"excerpt":{"rendered":"<p>Morena Rial se encuentra atravesando una situaci\u00f3n muy adversa en su vida y en donde<\/p>\n","protected":false},"author":0,"featured_media":6284,"comment_status":"","ping_status":"","sticky":false,"template":"","format":"standard","meta":{"footnotes":""},"categories":[11],"tags":[],"class_list":["post-6283","post","type-post","status-publish","format-standard","has-post-thumbnail","hentry","category-destacadas"],"yoast_head":"<!-- This site is optimized with the Yoast SEO plugin v28.3 - https:\/\/yoast.com\/product\/yoast-seo-wordpress\/ -->\n<title>Morena Rial devastada: se confirm\u00f3 que padece una delicada patolog\u00eda y preocupa su salud - Fm Gente<\/title>\n<meta name=\"robots\" content=\"index, follow, max-snippet:-1, max-image-preview:large, max-video-preview:-1\" \/>\n<link rel=\"canonical\" href=\"https:\/\/fmgente.com.ar\/web\/morena-rial-devastada-se-confirmo-que-padece-una-delicada-patologia-y-preocupa-su-salud\/\" \/>\n<meta property=\"og:locale\" content=\"es_ES\" \/>\n<meta property=\"og:type\" content=\"article\" \/>\n<meta property=\"og:title\" content=\"Morena Rial devastada: se confirm\u00f3 que padece una delicada patolog\u00eda y preocupa su salud - Fm Gente\" \/>\n<meta property=\"og:description\" content=\"Morena Rial se encuentra atravesando una situaci\u00f3n muy adversa en su vida y en donde\" \/>\n<meta property=\"og:url\" content=\"https:\/\/fmgente.com.ar\/web\/morena-rial-devastada-se-confirmo-que-padece-una-delicada-patologia-y-preocupa-su-salud\/\" \/>\n<meta property=\"og:site_name\" content=\"Fm Gente\" \/>\n<meta property=\"article:published_time\" content=\"2025-10-07T20:06:17+00:00\" \/>\n<meta property=\"og:image\" content=\"https:\/\/fmgente.com.ar\/web\/wp-content\/uploads\/2025\/10\/Thiago-Medina-Daniela-359x226-4.jpg\" \/>\n\t<meta property=\"og:image:width\" content=\"359\" \/>\n\t<meta property=\"og:image:height\" content=\"226\" \/>\n\t<meta property=\"og:image:type\" content=\"image\/jpeg\" \/>\n<meta name=\"twitter:card\" content=\"summary_large_image\" \/>\n<meta name=\"twitter:label1\" content=\"Tiempo de lectura\" \/>\n\t<meta name=\"twitter:data1\" content=\"2 minutos\" \/>\n<script type=\"application\/ld+json\" class=\"yoast-schema-graph\">{\"@context\":\"https:\\\/\\\/schema.org\",\"@graph\":[{\"@type\":\"Article\",\"@id\":\"https:\\\/\\\/fmgente.com.ar\\\/web\\\/morena-rial-devastada-se-confirmo-que-padece-una-delicada-patologia-y-preocupa-su-salud\\\/#article\",\"isPartOf\":{\"@id\":\"https:\\\/\\\/fmgente.com.ar\\\/web\\\/morena-rial-devastada-se-confirmo-que-padece-una-delicada-patologia-y-preocupa-su-salud\\\/\"},\"author\":{\"name\":\"\",\"@id\":\"\"},\"headline\":\"Morena Rial devastada: se confirm\u00f3 que padece una delicada patolog\u00eda y preocupa su salud\",\"datePublished\":\"2025-10-07T20:06:17+00:00\",\"mainEntityOfPage\":{\"@id\":\"https:\\\/\\\/fmgente.com.ar\\\/web\\\/morena-rial-devastada-se-confirmo-que-padece-una-delicada-patologia-y-preocupa-su-salud\\\/\"},\"wordCount\":457,\"publisher\":{\"@id\":\"https:\\\/\\\/fmgente.com.ar\\\/web\\\/#organization\"},\"image\":{\"@id\":\"https:\\\/\\\/fmgente.com.ar\\\/web\\\/morena-rial-devastada-se-confirmo-que-padece-una-delicada-patologia-y-preocupa-su-salud\\\/#primaryimage\"},\"thumbnailUrl\":\"https:\\\/\\\/fmgente.com.ar\\\/web\\\/wp-content\\\/uploads\\\/2025\\\/10\\\/Thiago-Medina-Daniela-359x226-4.jpg\",\"articleSection\":[\"DESTACADAS\"],\"inLanguage\":\"es\"},{\"@type\":\"WebPage\",\"@id\":\"https:\\\/\\\/fmgente.com.ar\\\/web\\\/morena-rial-devastada-se-confirmo-que-padece-una-delicada-patologia-y-preocupa-su-salud\\\/\",\"url\":\"https:\\\/\\\/fmgente.com.ar\\\/web\\\/morena-rial-devastada-se-confirmo-que-padece-una-delicada-patologia-y-preocupa-su-salud\\\/\",\"name\":\"Morena Rial devastada: se confirm\u00f3 que padece una delicada patolog\u00eda y preocupa su salud - Fm Gente\",\"isPartOf\":{\"@id\":\"https:\\\/\\\/fmgente.com.ar\\\/web\\\/#website\"},\"primaryImageOfPage\":{\"@id\":\"https:\\\/\\\/fmgente.com.ar\\\/web\\\/morena-rial-devastada-se-confirmo-que-padece-una-delicada-patologia-y-preocupa-su-salud\\\/#primaryimage\"},\"image\":{\"@id\":\"https:\\\/\\\/fmgente.com.ar\\\/web\\\/morena-rial-devastada-se-confirmo-que-padece-una-delicada-patologia-y-preocupa-su-salud\\\/#primaryimage\"},\"thumbnailUrl\":\"https:\\\/\\\/fmgente.com.ar\\\/web\\\/wp-content\\\/uploads\\\/2025\\\/10\\\/Thiago-Medina-Daniela-359x226-4.jpg\",\"datePublished\":\"2025-10-07T20:06:17+00:00\",\"inLanguage\":\"es\",\"potentialAction\":[{\"@type\":\"ReadAction\",\"target\":[\"https:\\\/\\\/fmgente.com.ar\\\/web\\\/morena-rial-devastada-se-confirmo-que-padece-una-delicada-patologia-y-preocupa-su-salud\\\/\"]}]},{\"@type\":\"ImageObject\",\"inLanguage\":\"es\",\"@id\":\"https:\\\/\\\/fmgente.com.ar\\\/web\\\/morena-rial-devastada-se-confirmo-que-padece-una-delicada-patologia-y-preocupa-su-salud\\\/#primaryimage\",\"url\":\"https:\\\/\\\/fmgente.com.ar\\\/web\\\/wp-content\\\/uploads\\\/2025\\\/10\\\/Thiago-Medina-Daniela-359x226-4.jpg\",\"contentUrl\":\"https:\\\/\\\/fmgente.com.ar\\\/web\\\/wp-content\\\/uploads\\\/2025\\\/10\\\/Thiago-Medina-Daniela-359x226-4.jpg\",\"width\":359,\"height\":226},{\"@type\":\"WebSite\",\"@id\":\"https:\\\/\\\/fmgente.com.ar\\\/web\\\/#website\",\"url\":\"https:\\\/\\\/fmgente.com.ar\\\/web\\\/\",\"name\":\"Fm Gente\",\"description\":\"- Jes\u00fas Mar\u00eda\",\"publisher\":{\"@id\":\"https:\\\/\\\/fmgente.com.ar\\\/web\\\/#organization\"},\"potentialAction\":[{\"@type\":\"SearchAction\",\"target\":{\"@type\":\"EntryPoint\",\"urlTemplate\":\"https:\\\/\\\/fmgente.com.ar\\\/web\\\/?s={search_term_string}\"},\"query-input\":{\"@type\":\"PropertyValueSpecification\",\"valueRequired\":true,\"valueName\":\"search_term_string\"}}],\"inLanguage\":\"es\"},{\"@type\":\"Organization\",\"@id\":\"https:\\\/\\\/fmgente.com.ar\\\/web\\\/#organization\",\"name\":\"Fm Gente\",\"url\":\"https:\\\/\\\/fmgente.com.ar\\\/web\\\/\",\"logo\":{\"@type\":\"ImageObject\",\"inLanguage\":\"es\",\"@id\":\"https:\\\/\\\/fmgente.com.ar\\\/web\\\/#\\\/schema\\\/logo\\\/image\\\/\",\"url\":\"https:\\\/\\\/fmgente.com.ar\\\/web\\\/wp-content\\\/uploads\\\/2023\\\/07\\\/cropped-cropped-logo-sombra2.png\",\"contentUrl\":\"https:\\\/\\\/fmgente.com.ar\\\/web\\\/wp-content\\\/uploads\\\/2023\\\/07\\\/cropped-cropped-logo-sombra2.png\",\"width\":1782,\"height\":1782,\"caption\":\"Fm Gente\"},\"image\":{\"@id\":\"https:\\\/\\\/fmgente.com.ar\\\/web\\\/#\\\/schema\\\/logo\\\/image\\\/\"}}]}<\/script>\n<!-- \/ Yoast SEO plugin. -->","yoast_head_json":{"title":"Morena Rial devastada: se confirm\u00f3 que padece una delicada patolog\u00eda y preocupa su salud - Fm Gente","robots":{"index":"index","follow":"follow","max-snippet":"max-snippet:-1","max-image-preview":"max-image-preview:large","max-video-preview":"max-video-preview:-1"},"canonical":"https:\/\/fmgente.com.ar\/web\/morena-rial-devastada-se-confirmo-que-padece-una-delicada-patologia-y-preocupa-su-salud\/","og_locale":"es_ES","og_type":"article","og_title":"Morena Rial devastada: se confirm\u00f3 que padece una delicada patolog\u00eda y preocupa su salud - Fm Gente","og_description":"Morena Rial se encuentra atravesando una situaci\u00f3n muy adversa en su vida y en donde","og_url":"https:\/\/fmgente.com.ar\/web\/morena-rial-devastada-se-confirmo-que-padece-una-delicada-patologia-y-preocupa-su-salud\/","og_site_name":"Fm Gente","article_published_time":"2025-10-07T20:06:17+00:00","og_image":[{"width":359,"height":226,"url":"https:\/\/fmgente.com.ar\/web\/wp-content\/uploads\/2025\/10\/Thiago-Medina-Daniela-359x226-4.jpg","type":"image\/jpeg"}],"twitter_card":"summary_large_image","twitter_misc":{"Tiempo de lectura":"2 minutos"},"schema":{"@context":"https:\/\/schema.org","@graph":[{"@type":"Article","@id":"https:\/\/fmgente.com.ar\/web\/morena-rial-devastada-se-confirmo-que-padece-una-delicada-patologia-y-preocupa-su-salud\/#article","isPartOf":{"@id":"https:\/\/fmgente.com.ar\/web\/morena-rial-devastada-se-confirmo-que-padece-una-delicada-patologia-y-preocupa-su-salud\/"},"author":{"name":"","@id":""},"headline":"Morena Rial devastada: se confirm\u00f3 que padece una delicada patolog\u00eda y preocupa su salud","datePublished":"2025-10-07T20:06:17+00:00","mainEntityOfPage":{"@id":"https:\/\/fmgente.com.ar\/web\/morena-rial-devastada-se-confirmo-que-padece-una-delicada-patologia-y-preocupa-su-salud\/"},"wordCount":457,"publisher":{"@id":"https:\/\/fmgente.com.ar\/web\/#organization"},"image":{"@id":"https:\/\/fmgente.com.ar\/web\/morena-rial-devastada-se-confirmo-que-padece-una-delicada-patologia-y-preocupa-su-salud\/#primaryimage"},"thumbnailUrl":"https:\/\/fmgente.com.ar\/web\/wp-content\/uploads\/2025\/10\/Thiago-Medina-Daniela-359x226-4.jpg","articleSection":["DESTACADAS"],"inLanguage":"es"},{"@type":"WebPage","@id":"https:\/\/fmgente.com.ar\/web\/morena-rial-devastada-se-confirmo-que-padece-una-delicada-patologia-y-preocupa-su-salud\/","url":"https:\/\/fmgente.com.ar\/web\/morena-rial-devastada-se-confirmo-que-padece-una-delicada-patologia-y-preocupa-su-salud\/","name":"Morena Rial devastada: se confirm\u00f3 que padece una delicada patolog\u00eda y preocupa su salud - Fm Gente","isPartOf":{"@id":"https:\/\/fmgente.com.ar\/web\/#website"},"primaryImageOfPage":{"@id":"https:\/\/fmgente.com.ar\/web\/morena-rial-devastada-se-confirmo-que-padece-una-delicada-patologia-y-preocupa-su-salud\/#primaryimage"},"image":{"@id":"https:\/\/fmgente.com.ar\/web\/morena-rial-devastada-se-confirmo-que-padece-una-delicada-patologia-y-preocupa-su-salud\/#primaryimage"},"thumbnailUrl":"https:\/\/fmgente.com.ar\/web\/wp-content\/uploads\/2025\/10\/Thiago-Medina-Daniela-359x226-4.jpg","datePublished":"2025-10-07T20:06:17+00:00","inLanguage":"es","potentialAction":[{"@type":"ReadAction","target":["https:\/\/fmgente.com.ar\/web\/morena-rial-devastada-se-confirmo-que-padece-una-delicada-patologia-y-preocupa-su-salud\/"]}]},{"@type":"ImageObject","inLanguage":"es","@id":"https:\/\/fmgente.com.ar\/web\/morena-rial-devastada-se-confirmo-que-padece-una-delicada-patologia-y-preocupa-su-salud\/#primaryimage","url":"https:\/\/fmgente.com.ar\/web\/wp-content\/uploads\/2025\/10\/Thiago-Medina-Daniela-359x226-4.jpg","contentUrl":"https:\/\/fmgente.com.ar\/web\/wp-content\/uploads\/2025\/10\/Thiago-Medina-Daniela-359x226-4.jpg","width":359,"height":226},{"@type":"WebSite","@id":"https:\/\/fmgente.com.ar\/web\/#website","url":"https:\/\/fmgente.com.ar\/web\/","name":"Fm Gente","description":"- Jes\u00fas Mar\u00eda","publisher":{"@id":"https:\/\/fmgente.com.ar\/web\/#organization"},"potentialAction":[{"@type":"SearchAction","target":{"@type":"EntryPoint","urlTemplate":"https:\/\/fmgente.com.ar\/web\/?s={search_term_string}"},"query-input":{"@type":"PropertyValueSpecification","valueRequired":true,"valueName":"search_term_string"}}],"inLanguage":"es"},{"@type":"Organization","@id":"https:\/\/fmgente.com.ar\/web\/#organization","name":"Fm Gente","url":"https:\/\/fmgente.com.ar\/web\/","logo":{"@type":"ImageObject","inLanguage":"es","@id":"https:\/\/fmgente.com.ar\/web\/#\/schema\/logo\/image\/","url":"https:\/\/fmgente.com.ar\/web\/wp-content\/uploads\/2023\/07\/cropped-cropped-logo-sombra2.png","contentUrl":"https:\/\/fmgente.com.ar\/web\/wp-content\/uploads\/2023\/07\/cropped-cropped-logo-sombra2.png","width":1782,"height":1782,"caption":"Fm Gente"},"image":{"@id":"https:\/\/fmgente.com.ar\/web\/#\/schema\/logo\/image\/"}}]}},"_links":{"self":[{"href":"https:\/\/fmgente.com.ar\/web\/wp-json\/wp\/v2\/posts\/6283","targetHints":{"allow":["GET"]}}],"collection":[{"href":"https:\/\/fmgente.com.ar\/web\/wp-json\/wp\/v2\/posts"}],"about":[{"href":"https:\/\/fmgente.com.ar\/web\/wp-json\/wp\/v2\/types\/post"}],"replies":[{"embeddable":true,"href":"https:\/\/fmgente.com.ar\/web\/wp-json\/wp\/v2\/comments?post=6283"}],"version-history":[{"count":0,"href":"https:\/\/fmgente.com.ar\/web\/wp-json\/wp\/v2\/posts\/6283\/revisions"}],"wp:featuredmedia":[{"embeddable":true,"href":"https:\/\/fmgente.com.ar\/web\/wp-json\/wp\/v2\/media\/6284"}],"wp:attachment":[{"href":"https:\/\/fmgente.com.ar\/web\/wp-json\/wp\/v2\/media?parent=6283"}],"wp:term":[{"taxonomy":"category","embeddable":true,"href":"https:\/\/fmgente.com.ar\/web\/wp-json\/wp\/v2\/categories?post=6283"},{"taxonomy":"post_tag","embeddable":true,"href":"https:\/\/fmgente.com.ar\/web\/wp-json\/wp\/v2\/tags?post=6283"}],"curies":[{"name":"wp","href":"https:\/\/api.w.org\/{rel}","templated":true}]}}