{"id":6277,"date":"2025-10-07T16:06:21","date_gmt":"2025-10-07T19:06:21","guid":{"rendered":"https:\/\/fmgente.com.ar\/misterio-daniela-celis-confeso-que-es-lo-que-no-se-anima-a-contar-thiago-medina-de-sus-20-dias-en-coma-son-cosas-malas-y\/"},"modified":"2025-10-07T16:06:21","modified_gmt":"2025-10-07T19:06:21","slug":"misterio-daniela-celis-confeso-que-es-lo-que-no-se-anima-a-contar-thiago-medina-de-sus-20-dias-en-coma-son-cosas-malas-y","status":"publish","type":"post","link":"https:\/\/fmgente.com.ar\/web\/misterio-daniela-celis-confeso-que-es-lo-que-no-se-anima-a-contar-thiago-medina-de-sus-20-dias-en-coma-son-cosas-malas-y\/","title":{"rendered":"\u00a1Misterio! Daniela Celis confes\u00f3 qu\u00e9 es lo que no se anima a contar Thiago Medina de sus 20 d\u00edas en coma: &quot;Son cosas malas y&#8230;&quot;"},"content":{"rendered":"<p>Poco a poco, Thiago Medina va volviendo a tener contacto con sus familiares m\u00e1s cercanos, aquellos que se bancaron \u00abreligiosamente\u00bb y al pie del ca\u00f1\u00f3n las casi tres semanas que pas\u00f3 en estado de coma y en terapia intensiva. Con ellos habla de todo y de todos. De lo que pas\u00f3, de lo que se acuerda del choque, de lo que est\u00e1 por venir, de sus sue\u00f1os, de sus deseos de recibir el alta, de su ilusi\u00f3n por ver a sus hijos&#8230; y en el medio de tantas cosas que dice hay algo misterioso: lo que no cuenta. Lo que no se atreve a revelar.<\/p>\n<p>Daniela Celis, ex de Thiago y madre de sus dos nenas, est\u00e1 dando notas en virtud de la mejor\u00eda que observa el muchacho despu\u00e9s de estar entre la vida y la muerte por el accidente que sufri\u00f3 cuando manejaba su moto por la ruta 7 en la localidad de Moreno. En esos reportajes cuenta c\u00f3mo viene la cosa y c\u00f3mo se preparan para el futuro inmediato. En ese sentido, la morocha no descart\u00f3 una reconciliaci\u00f3n, es decir volver a ser pareja. <\/p>\n<p>Sin embargo, entre tantas buenas noticias hubo algo que gener\u00f3 cierta alarma, o intriga mejor dicho, y es lo que Thiago no quiso contar y prefiri\u00f3 guardarse para \u00e9l. Daniela Celis se lo resumi\u00f3 a Ver\u00f3nica Lozano con estas palabras: \u00abMientras estuvo en coma Thiago so\u00f1\u00f3 mucho. Muchas cosas buenas pero tambi\u00e9n muchas cosas malas. Y no las quiere contar\u00bb. Ese es el punto.<\/p>\n<div class=\"mt-box \">\n<h4 class=\"mt-heading\">Mir\u00e1 Tambi\u00e9n<\/h4>\n<p><a href=\"https:\/\/www.paparazzi.com.ar\/romances\/conmovedor-daniela-celis-revelo-la-vocacion-que-descubrio-thiago-medina-estando-en-coma-son-7-anos-quiere-ser\/\"><\/p>\n<div class=\"mt-content\">\n<div class=\"mt-image-container\"><img decoding=\"async\" src=\"https:\/\/www.paparazzi.com.ar\/wp-content\/uploads\/2025\/10\/Daniela-Thiago-1-359x226.jpg\" alt=\"\u00a1Conmovedor! Daniela Celis revel\u00f3 la vocaci\u00f3n que descubri\u00f3 Thiago Medina estando en coma: &quot;Son 7 a\u00f1os, quiere ser...&quot;\" class=\"mt-image\" loading=\"lazy\" \/><\/div>\n<h5 class=\"mt-title\">\u00a1Conmovedor! Daniela Celis revel\u00f3 la vocaci\u00f3n que descubri\u00f3 Thiago Medina estando en coma: \u00abSon 7 a\u00f1os, quiere ser&#8230;\u00bb<\/h5>\n<\/div>\n<p><\/a><\/div>\n<p>Thiago Medina manejaba su motocicleta por la ruta 7 cuando choc\u00f3 de frente contra un auto que dobalaba en U. Sali\u00f3 volando y dio su cuerpo primero contra el veh\u00edculo y despu\u00e9s contra la cinta asf\u00e1ltica. Una hora despu\u00e9s fue ingresado a la sala de terapia intensiva, donde permaneci\u00f3 por casi tres semanas con el \u00fanico \u00abpar\u00e9ntesis\u00bb de las tres veces que lo llevaron a quir\u00f3fano para intervenirlo y \u00absacarlo adelante\u00bb ante situaciones grav\u00edsimas. <\/p>\n<h2 class=\"wp-block-heading\">DANIELA CELIS REVELO LO QUE NO SE ANIMA A CONTAR THIAGO MEDINA DE SUS 20 DIAS EN COMA<\/h2>\n<p>Daniela revel\u00f3, adem\u00e1s, que Thiago tiene ganas de iniciar \u00abuna nueva vida\u00bb cuando pueda abandonar el nosocomio donde est\u00e1 actualmente. \u00abEst\u00e1 leyendo muchos libros, est\u00e1 aprovechando el tiempo\u00bb inform\u00f3 primero, y despu\u00e9s sorprendi\u00f3 al contar que \u00abquiere ser arquitecto. Sabe que son 7 a\u00f1os pero est\u00e1 muy entusiasmado con la idea\u00bb. Es probable, entonces, que tengamos un Thiago Medina universitario.<\/p>\n<p>Al mismo tiempo, \u00abPesta\u00f1ela\u00bb se\u00f1al\u00f3 como un s\u00edmbolo de la mejor\u00eda que el ex GH \u00abya la est\u00e1 peleando\u00bb porque han tenido alguna que otra discusi\u00f3n, un s\u00edntoma de ya est\u00e1 \u00abm\u00e1s de \u00e1nimo\u00bb. \u00abYa se levanta, camina un poquito y come solo, porque hasta ahora le ven\u00eda dando yo la comida. Tambi\u00e9n empez\u00f3 a abrir y a cerrar la mano\u00bb, todos indicadores de una evoluci\u00f3n del cuadro.<\/p>\n<div class=\"mt-box \">\n<h4 class=\"mt-heading\">Mir\u00e1 Tambi\u00e9n<\/h4>\n<p><a href=\"https:\/\/www.paparazzi.com.ar\/teve\/morena-rial-tuvo-una-crisis-de-llanto-en-la-carcel-el-desgarrador-momento-que-vive-por-su-hijo-de-un-ano\/\"><\/p>\n<div class=\"mt-content\">\n<div class=\"mt-image-container\"><img decoding=\"async\" src=\"https:\/\/www.paparazzi.com.ar\/wp-content\/uploads\/2025\/10\/morena-rial-amadeo-359x226.jpg\" alt=\"Morena Rial tuvo una crisis de llanto en la c\u00e1rcel: el desgarrador momento que vive por su hijo de un a\u00f1o\" class=\"mt-image\" loading=\"lazy\" \/><\/div>\n<h5 class=\"mt-title\">Morena Rial tuvo una crisis de llanto en la c\u00e1rcel: el desgarrador momento que vive por su hijo de un a\u00f1o<\/h5>\n<\/div>\n<p><\/a><\/div>\n<div class=\"mt-box \">\n<h4 class=\"mt-heading\">Mir\u00e1 Tambi\u00e9n<\/h4>\n<p><a href=\"https:\/\/www.paparazzi.com.ar\/romances\/se-separo-y-se-puso-de-novia-con-futbolista-la-ex-gran-hermano-que-esta-en-pareja-con-un-jugador-argentino\/\"><\/p>\n<div class=\"mt-content\">\n<div class=\"mt-image-container\"><img decoding=\"async\" src=\"https:\/\/www.paparazzi.com.ar\/wp-content\/uploads\/2025\/10\/Quien-es-la-ex-participante-de-Gran-Hermano-que-se-separo-y-se-puso-de-novia-con-un-futbolista-359x226.jpeg\" alt=\"Se separ\u00f3 y se puso de novia con futbolista: la ex Gran Hermano que est\u00e1 en pareja con un jugador argentino\" class=\"mt-image\" loading=\"lazy\" \/><\/div>\n<h5 class=\"mt-title\">Se separ\u00f3 y se puso de novia con futbolista: la ex Gran Hermano que est\u00e1 en pareja con un jugador argentino<\/h5>\n<\/div>\n<p><\/a><\/div>\n<\/p>\n<p>The post <a href=\"https:\/\/www.paparazzi.com.ar\/romances\/misterio-daniela-celis-confeso-que-es-lo-que-no-se-anima-a-contar-thiago-medina-de-sus-20-dias-en-coma-son-cosas-malas-y\/\">\u00a1Misterio! Daniela Celis confes\u00f3 qu\u00e9 es lo que no se anima a contar Thiago Medina de sus 20 d\u00edas en coma: &quot;Son cosas malas y&#8230;&quot;<\/a> appeared first on <a href=\"https:\/\/www.paparazzi.com.ar\">Revista Paparazzi<\/a>.<\/p>\n","protected":false},"excerpt":{"rendered":"<p>Poco a poco, Thiago Medina va volviendo a tener contacto con sus familiares m\u00e1s cercanos,<\/p>\n","protected":false},"author":0,"featured_media":6278,"comment_status":"","ping_status":"","sticky":false,"template":"","format":"standard","meta":{"footnotes":""},"categories":[11],"tags":[],"class_list":["post-6277","post","type-post","status-publish","format-standard","has-post-thumbnail","hentry","category-destacadas"],"yoast_head":"<!-- This site is optimized with the Yoast SEO plugin v28.3 - https:\/\/yoast.com\/product\/yoast-seo-wordpress\/ -->\n<title>\u00a1Misterio! Daniela Celis confes\u00f3 qu\u00e9 es lo que no se anima a contar Thiago Medina de sus 20 d\u00edas en coma: &quot;Son cosas malas y...&quot; - Fm Gente<\/title>\n<meta name=\"robots\" content=\"index, follow, max-snippet:-1, max-image-preview:large, max-video-preview:-1\" \/>\n<link rel=\"canonical\" href=\"https:\/\/fmgente.com.ar\/web\/misterio-daniela-celis-confeso-que-es-lo-que-no-se-anima-a-contar-thiago-medina-de-sus-20-dias-en-coma-son-cosas-malas-y\/\" \/>\n<meta property=\"og:locale\" content=\"es_ES\" \/>\n<meta property=\"og:type\" content=\"article\" \/>\n<meta property=\"og:title\" content=\"\u00a1Misterio! Daniela Celis confes\u00f3 qu\u00e9 es lo que no se anima a contar Thiago Medina de sus 20 d\u00edas en coma: &quot;Son cosas malas y...&quot; - Fm Gente\" \/>\n<meta property=\"og:description\" content=\"Poco a poco, Thiago Medina va volviendo a tener contacto con sus familiares m\u00e1s cercanos,\" \/>\n<meta property=\"og:url\" content=\"https:\/\/fmgente.com.ar\/web\/misterio-daniela-celis-confeso-que-es-lo-que-no-se-anima-a-contar-thiago-medina-de-sus-20-dias-en-coma-son-cosas-malas-y\/\" \/>\n<meta property=\"og:site_name\" content=\"Fm Gente\" \/>\n<meta property=\"article:published_time\" content=\"2025-10-07T19:06:21+00:00\" \/>\n<meta property=\"og:image\" content=\"https:\/\/fmgente.com.ar\/web\/wp-content\/uploads\/2025\/10\/Daniela-Thiago-1-359x226-1.jpg\" \/>\n\t<meta property=\"og:image:width\" content=\"359\" \/>\n\t<meta property=\"og:image:height\" content=\"226\" \/>\n\t<meta property=\"og:image:type\" content=\"image\/jpeg\" \/>\n<meta name=\"twitter:card\" content=\"summary_large_image\" \/>\n<meta name=\"twitter:label1\" content=\"Tiempo de lectura\" \/>\n\t<meta name=\"twitter:data1\" content=\"3 minutos\" \/>\n<script type=\"application\/ld+json\" class=\"yoast-schema-graph\">{\"@context\":\"https:\\\/\\\/schema.org\",\"@graph\":[{\"@type\":\"Article\",\"@id\":\"https:\\\/\\\/fmgente.com.ar\\\/web\\\/misterio-daniela-celis-confeso-que-es-lo-que-no-se-anima-a-contar-thiago-medina-de-sus-20-dias-en-coma-son-cosas-malas-y\\\/#article\",\"isPartOf\":{\"@id\":\"https:\\\/\\\/fmgente.com.ar\\\/web\\\/misterio-daniela-celis-confeso-que-es-lo-que-no-se-anima-a-contar-thiago-medina-de-sus-20-dias-en-coma-son-cosas-malas-y\\\/\"},\"author\":{\"name\":\"\",\"@id\":\"\"},\"headline\":\"\u00a1Misterio! Daniela Celis confes\u00f3 qu\u00e9 es lo que no se anima a contar Thiago Medina de sus 20 d\u00edas en coma: &quot;Son cosas malas y&#8230;&quot;\",\"datePublished\":\"2025-10-07T19:06:21+00:00\",\"mainEntityOfPage\":{\"@id\":\"https:\\\/\\\/fmgente.com.ar\\\/web\\\/misterio-daniela-celis-confeso-que-es-lo-que-no-se-anima-a-contar-thiago-medina-de-sus-20-dias-en-coma-son-cosas-malas-y\\\/\"},\"wordCount\":630,\"publisher\":{\"@id\":\"https:\\\/\\\/fmgente.com.ar\\\/web\\\/#organization\"},\"image\":{\"@id\":\"https:\\\/\\\/fmgente.com.ar\\\/web\\\/misterio-daniela-celis-confeso-que-es-lo-que-no-se-anima-a-contar-thiago-medina-de-sus-20-dias-en-coma-son-cosas-malas-y\\\/#primaryimage\"},\"thumbnailUrl\":\"https:\\\/\\\/fmgente.com.ar\\\/web\\\/wp-content\\\/uploads\\\/2025\\\/10\\\/Daniela-Thiago-1-359x226-1.jpg\",\"articleSection\":[\"DESTACADAS\"],\"inLanguage\":\"es\"},{\"@type\":\"WebPage\",\"@id\":\"https:\\\/\\\/fmgente.com.ar\\\/web\\\/misterio-daniela-celis-confeso-que-es-lo-que-no-se-anima-a-contar-thiago-medina-de-sus-20-dias-en-coma-son-cosas-malas-y\\\/\",\"url\":\"https:\\\/\\\/fmgente.com.ar\\\/web\\\/misterio-daniela-celis-confeso-que-es-lo-que-no-se-anima-a-contar-thiago-medina-de-sus-20-dias-en-coma-son-cosas-malas-y\\\/\",\"name\":\"\u00a1Misterio! Daniela Celis confes\u00f3 qu\u00e9 es lo que no se anima a contar Thiago Medina de sus 20 d\u00edas en coma: &quot;Son cosas malas y...&quot; - Fm Gente\",\"isPartOf\":{\"@id\":\"https:\\\/\\\/fmgente.com.ar\\\/web\\\/#website\"},\"primaryImageOfPage\":{\"@id\":\"https:\\\/\\\/fmgente.com.ar\\\/web\\\/misterio-daniela-celis-confeso-que-es-lo-que-no-se-anima-a-contar-thiago-medina-de-sus-20-dias-en-coma-son-cosas-malas-y\\\/#primaryimage\"},\"image\":{\"@id\":\"https:\\\/\\\/fmgente.com.ar\\\/web\\\/misterio-daniela-celis-confeso-que-es-lo-que-no-se-anima-a-contar-thiago-medina-de-sus-20-dias-en-coma-son-cosas-malas-y\\\/#primaryimage\"},\"thumbnailUrl\":\"https:\\\/\\\/fmgente.com.ar\\\/web\\\/wp-content\\\/uploads\\\/2025\\\/10\\\/Daniela-Thiago-1-359x226-1.jpg\",\"datePublished\":\"2025-10-07T19:06:21+00:00\",\"inLanguage\":\"es\",\"potentialAction\":[{\"@type\":\"ReadAction\",\"target\":[\"https:\\\/\\\/fmgente.com.ar\\\/web\\\/misterio-daniela-celis-confeso-que-es-lo-que-no-se-anima-a-contar-thiago-medina-de-sus-20-dias-en-coma-son-cosas-malas-y\\\/\"]}]},{\"@type\":\"ImageObject\",\"inLanguage\":\"es\",\"@id\":\"https:\\\/\\\/fmgente.com.ar\\\/web\\\/misterio-daniela-celis-confeso-que-es-lo-que-no-se-anima-a-contar-thiago-medina-de-sus-20-dias-en-coma-son-cosas-malas-y\\\/#primaryimage\",\"url\":\"https:\\\/\\\/fmgente.com.ar\\\/web\\\/wp-content\\\/uploads\\\/2025\\\/10\\\/Daniela-Thiago-1-359x226-1.jpg\",\"contentUrl\":\"https:\\\/\\\/fmgente.com.ar\\\/web\\\/wp-content\\\/uploads\\\/2025\\\/10\\\/Daniela-Thiago-1-359x226-1.jpg\",\"width\":359,\"height\":226},{\"@type\":\"WebSite\",\"@id\":\"https:\\\/\\\/fmgente.com.ar\\\/web\\\/#website\",\"url\":\"https:\\\/\\\/fmgente.com.ar\\\/web\\\/\",\"name\":\"Fm Gente\",\"description\":\"- Jes\u00fas Mar\u00eda\",\"publisher\":{\"@id\":\"https:\\\/\\\/fmgente.com.ar\\\/web\\\/#organization\"},\"potentialAction\":[{\"@type\":\"SearchAction\",\"target\":{\"@type\":\"EntryPoint\",\"urlTemplate\":\"https:\\\/\\\/fmgente.com.ar\\\/web\\\/?s={search_term_string}\"},\"query-input\":{\"@type\":\"PropertyValueSpecification\",\"valueRequired\":true,\"valueName\":\"search_term_string\"}}],\"inLanguage\":\"es\"},{\"@type\":\"Organization\",\"@id\":\"https:\\\/\\\/fmgente.com.ar\\\/web\\\/#organization\",\"name\":\"Fm Gente\",\"url\":\"https:\\\/\\\/fmgente.com.ar\\\/web\\\/\",\"logo\":{\"@type\":\"ImageObject\",\"inLanguage\":\"es\",\"@id\":\"https:\\\/\\\/fmgente.com.ar\\\/web\\\/#\\\/schema\\\/logo\\\/image\\\/\",\"url\":\"https:\\\/\\\/fmgente.com.ar\\\/web\\\/wp-content\\\/uploads\\\/2023\\\/07\\\/cropped-cropped-logo-sombra2.png\",\"contentUrl\":\"https:\\\/\\\/fmgente.com.ar\\\/web\\\/wp-content\\\/uploads\\\/2023\\\/07\\\/cropped-cropped-logo-sombra2.png\",\"width\":1782,\"height\":1782,\"caption\":\"Fm Gente\"},\"image\":{\"@id\":\"https:\\\/\\\/fmgente.com.ar\\\/web\\\/#\\\/schema\\\/logo\\\/image\\\/\"}}]}<\/script>\n<!-- \/ Yoast SEO plugin. -->","yoast_head_json":{"title":"\u00a1Misterio! Daniela Celis confes\u00f3 qu\u00e9 es lo que no se anima a contar Thiago Medina de sus 20 d\u00edas en coma: &quot;Son cosas malas y...&quot; - Fm Gente","robots":{"index":"index","follow":"follow","max-snippet":"max-snippet:-1","max-image-preview":"max-image-preview:large","max-video-preview":"max-video-preview:-1"},"canonical":"https:\/\/fmgente.com.ar\/web\/misterio-daniela-celis-confeso-que-es-lo-que-no-se-anima-a-contar-thiago-medina-de-sus-20-dias-en-coma-son-cosas-malas-y\/","og_locale":"es_ES","og_type":"article","og_title":"\u00a1Misterio! Daniela Celis confes\u00f3 qu\u00e9 es lo que no se anima a contar Thiago Medina de sus 20 d\u00edas en coma: &quot;Son cosas malas y...&quot; - Fm Gente","og_description":"Poco a poco, Thiago Medina va volviendo a tener contacto con sus familiares m\u00e1s cercanos,","og_url":"https:\/\/fmgente.com.ar\/web\/misterio-daniela-celis-confeso-que-es-lo-que-no-se-anima-a-contar-thiago-medina-de-sus-20-dias-en-coma-son-cosas-malas-y\/","og_site_name":"Fm Gente","article_published_time":"2025-10-07T19:06:21+00:00","og_image":[{"width":359,"height":226,"url":"https:\/\/fmgente.com.ar\/web\/wp-content\/uploads\/2025\/10\/Daniela-Thiago-1-359x226-1.jpg","type":"image\/jpeg"}],"twitter_card":"summary_large_image","twitter_misc":{"Tiempo de lectura":"3 minutos"},"schema":{"@context":"https:\/\/schema.org","@graph":[{"@type":"Article","@id":"https:\/\/fmgente.com.ar\/web\/misterio-daniela-celis-confeso-que-es-lo-que-no-se-anima-a-contar-thiago-medina-de-sus-20-dias-en-coma-son-cosas-malas-y\/#article","isPartOf":{"@id":"https:\/\/fmgente.com.ar\/web\/misterio-daniela-celis-confeso-que-es-lo-que-no-se-anima-a-contar-thiago-medina-de-sus-20-dias-en-coma-son-cosas-malas-y\/"},"author":{"name":"","@id":""},"headline":"\u00a1Misterio! Daniela Celis confes\u00f3 qu\u00e9 es lo que no se anima a contar Thiago Medina de sus 20 d\u00edas en coma: &quot;Son cosas malas y&#8230;&quot;","datePublished":"2025-10-07T19:06:21+00:00","mainEntityOfPage":{"@id":"https:\/\/fmgente.com.ar\/web\/misterio-daniela-celis-confeso-que-es-lo-que-no-se-anima-a-contar-thiago-medina-de-sus-20-dias-en-coma-son-cosas-malas-y\/"},"wordCount":630,"publisher":{"@id":"https:\/\/fmgente.com.ar\/web\/#organization"},"image":{"@id":"https:\/\/fmgente.com.ar\/web\/misterio-daniela-celis-confeso-que-es-lo-que-no-se-anima-a-contar-thiago-medina-de-sus-20-dias-en-coma-son-cosas-malas-y\/#primaryimage"},"thumbnailUrl":"https:\/\/fmgente.com.ar\/web\/wp-content\/uploads\/2025\/10\/Daniela-Thiago-1-359x226-1.jpg","articleSection":["DESTACADAS"],"inLanguage":"es"},{"@type":"WebPage","@id":"https:\/\/fmgente.com.ar\/web\/misterio-daniela-celis-confeso-que-es-lo-que-no-se-anima-a-contar-thiago-medina-de-sus-20-dias-en-coma-son-cosas-malas-y\/","url":"https:\/\/fmgente.com.ar\/web\/misterio-daniela-celis-confeso-que-es-lo-que-no-se-anima-a-contar-thiago-medina-de-sus-20-dias-en-coma-son-cosas-malas-y\/","name":"\u00a1Misterio! Daniela Celis confes\u00f3 qu\u00e9 es lo que no se anima a contar Thiago Medina de sus 20 d\u00edas en coma: &quot;Son cosas malas y...&quot; - Fm Gente","isPartOf":{"@id":"https:\/\/fmgente.com.ar\/web\/#website"},"primaryImageOfPage":{"@id":"https:\/\/fmgente.com.ar\/web\/misterio-daniela-celis-confeso-que-es-lo-que-no-se-anima-a-contar-thiago-medina-de-sus-20-dias-en-coma-son-cosas-malas-y\/#primaryimage"},"image":{"@id":"https:\/\/fmgente.com.ar\/web\/misterio-daniela-celis-confeso-que-es-lo-que-no-se-anima-a-contar-thiago-medina-de-sus-20-dias-en-coma-son-cosas-malas-y\/#primaryimage"},"thumbnailUrl":"https:\/\/fmgente.com.ar\/web\/wp-content\/uploads\/2025\/10\/Daniela-Thiago-1-359x226-1.jpg","datePublished":"2025-10-07T19:06:21+00:00","inLanguage":"es","potentialAction":[{"@type":"ReadAction","target":["https:\/\/fmgente.com.ar\/web\/misterio-daniela-celis-confeso-que-es-lo-que-no-se-anima-a-contar-thiago-medina-de-sus-20-dias-en-coma-son-cosas-malas-y\/"]}]},{"@type":"ImageObject","inLanguage":"es","@id":"https:\/\/fmgente.com.ar\/web\/misterio-daniela-celis-confeso-que-es-lo-que-no-se-anima-a-contar-thiago-medina-de-sus-20-dias-en-coma-son-cosas-malas-y\/#primaryimage","url":"https:\/\/fmgente.com.ar\/web\/wp-content\/uploads\/2025\/10\/Daniela-Thiago-1-359x226-1.jpg","contentUrl":"https:\/\/fmgente.com.ar\/web\/wp-content\/uploads\/2025\/10\/Daniela-Thiago-1-359x226-1.jpg","width":359,"height":226},{"@type":"WebSite","@id":"https:\/\/fmgente.com.ar\/web\/#website","url":"https:\/\/fmgente.com.ar\/web\/","name":"Fm Gente","description":"- Jes\u00fas Mar\u00eda","publisher":{"@id":"https:\/\/fmgente.com.ar\/web\/#organization"},"potentialAction":[{"@type":"SearchAction","target":{"@type":"EntryPoint","urlTemplate":"https:\/\/fmgente.com.ar\/web\/?s={search_term_string}"},"query-input":{"@type":"PropertyValueSpecification","valueRequired":true,"valueName":"search_term_string"}}],"inLanguage":"es"},{"@type":"Organization","@id":"https:\/\/fmgente.com.ar\/web\/#organization","name":"Fm Gente","url":"https:\/\/fmgente.com.ar\/web\/","logo":{"@type":"ImageObject","inLanguage":"es","@id":"https:\/\/fmgente.com.ar\/web\/#\/schema\/logo\/image\/","url":"https:\/\/fmgente.com.ar\/web\/wp-content\/uploads\/2023\/07\/cropped-cropped-logo-sombra2.png","contentUrl":"https:\/\/fmgente.com.ar\/web\/wp-content\/uploads\/2023\/07\/cropped-cropped-logo-sombra2.png","width":1782,"height":1782,"caption":"Fm Gente"},"image":{"@id":"https:\/\/fmgente.com.ar\/web\/#\/schema\/logo\/image\/"}}]}},"_links":{"self":[{"href":"https:\/\/fmgente.com.ar\/web\/wp-json\/wp\/v2\/posts\/6277","targetHints":{"allow":["GET"]}}],"collection":[{"href":"https:\/\/fmgente.com.ar\/web\/wp-json\/wp\/v2\/posts"}],"about":[{"href":"https:\/\/fmgente.com.ar\/web\/wp-json\/wp\/v2\/types\/post"}],"replies":[{"embeddable":true,"href":"https:\/\/fmgente.com.ar\/web\/wp-json\/wp\/v2\/comments?post=6277"}],"version-history":[{"count":0,"href":"https:\/\/fmgente.com.ar\/web\/wp-json\/wp\/v2\/posts\/6277\/revisions"}],"wp:featuredmedia":[{"embeddable":true,"href":"https:\/\/fmgente.com.ar\/web\/wp-json\/wp\/v2\/media\/6278"}],"wp:attachment":[{"href":"https:\/\/fmgente.com.ar\/web\/wp-json\/wp\/v2\/media?parent=6277"}],"wp:term":[{"taxonomy":"category","embeddable":true,"href":"https:\/\/fmgente.com.ar\/web\/wp-json\/wp\/v2\/categories?post=6277"},{"taxonomy":"post_tag","embeddable":true,"href":"https:\/\/fmgente.com.ar\/web\/wp-json\/wp\/v2\/tags?post=6277"}],"curies":[{"name":"wp","href":"https:\/\/api.w.org\/{rel}","templated":true}]}}