{"id":6275,"date":"2025-10-07T16:06:20","date_gmt":"2025-10-07T19:06:20","guid":{"rendered":"https:\/\/fmgente.com.ar\/daniela-celis-confeso-la-pesadilla-que-vivio-desde-el-accidente-de-thiago-medina-baje-8-kilos-y-me-sacaron-el\/"},"modified":"2025-10-07T16:06:20","modified_gmt":"2025-10-07T19:06:20","slug":"daniela-celis-confeso-la-pesadilla-que-vivio-desde-el-accidente-de-thiago-medina-baje-8-kilos-y-me-sacaron-el","status":"publish","type":"post","link":"https:\/\/fmgente.com.ar\/web\/daniela-celis-confeso-la-pesadilla-que-vivio-desde-el-accidente-de-thiago-medina-baje-8-kilos-y-me-sacaron-el\/","title":{"rendered":"Daniela Celis confes\u00f3 la pesadilla que vivi\u00f3 desde el accidente de Thiago Medina: \u201cBaj\u00e9 8 kilos y me sacaron el&#8230;&quot;"},"content":{"rendered":"<p>Profundo alivio y mucha paz siente <strong>Daniela Celis<\/strong>, feliz con la milagrosa recuperaci\u00f3n de <strong>Thiago Medina<\/strong>. Ni ella ni los m\u00e9dicos pueden creer la fuerza descomunal que tiene <a href=\"https:\/\/www.paparazzi.com.ar\/tag\/thiago-medina\/\">Thiago<\/a>, a menos de un mes del grave accidente que sufri\u00f3 el 12 de septiembre con la moto y que lo dej\u00f3 con tremendas lesiones y en un estado muy delicado.<\/p>\n<p>Ya parada en otro lugar, <a href=\"https:\/\/www.paparazzi.com.ar\/tag\/daniela-celis\/\">Daniela <\/a>puede recapitular la pesadilla que vivi\u00f3 en las \u00faltimas semanas, mientras el pron\u00f3stico del padre de sus hijas era reservado y su estado cr\u00edtico. En esos d\u00edas de incertidumbre y angustia, <strong>Pesta\u00f1ela <\/strong>sufri\u00f3 un calvario que le dej\u00f3 secuelas en su cuerpo.<\/p>\n<p><em>\u201cFue muy duro\u201d<\/em> cont\u00f3 <a href=\"https:\/\/www.paparazzi.com.ar\/videos\/exclusivo-daniela-celis-confirmo-el-ultimo-paso-para-que-thiago-medina-reciba-el-alta\/\">Dani<\/a>, en di\u00e1logo con<strong> Cort\u00e1 por Lozano<\/strong> (<strong>Telefe<\/strong>), al recordar c\u00f3mo transit\u00f3 esas jornadas en las que se reparti\u00f3 entre el hospital de Moreno donde Thiago permanec\u00eda en coma en terapia intensiva y su casa. <em>\u201cSal\u00eda del hospital y ten\u00eda que volver a casa a jugar, cantar, bailar, hacer dibujitos y que todo est\u00e9 bien\u201d<\/em>, rememor\u00f3.<\/p>\n<div class=\"mt-box \">\n<h4 class=\"mt-heading\">Mir\u00e1 Tambi\u00e9n<\/h4>\n<p><a href=\"https:\/\/www.paparazzi.com.ar\/romances\/milagro-thiago-medina-ya-camina-come-solo-y-discute-con-daniela-celis-el-quiere\/\"><\/p>\n<div class=\"mt-content\">\n<div class=\"mt-image-container\"><img decoding=\"async\" src=\"https:\/\/www.paparazzi.com.ar\/wp-content\/uploads\/2025\/10\/Daniela-Celis-Thiago-1-359x226.jpg\" alt=\"\u00a1Milagro! Thiago Medina ya camina, come solo y discute con Daniela Celis: &quot;El quiere\u2026&quot;\" class=\"mt-image\" loading=\"lazy\" \/><\/div>\n<h5 class=\"mt-title\">\u00a1Milagro! Thiago Medina ya camina, come solo y discute con Daniela Celis: \u00abEl quiere\u2026\u00bb<\/h5>\n<\/div>\n<p><\/a><\/div>\n<p><em>\u201cYo ten\u00eda mucha culpa de que las nenas sientan la ausencia de \u00e9l o m\u00eda y decid\u00ed parar mi vida para estar con ellas 100 por ciento\u2026 No lloraba frente a ellas, pero mi cuerpo se expres\u00f3 de otras maneras: las primeras dos semanas se me cerr\u00f3 el apetito, no sent\u00eda hambre ni me hac\u00eda ruido la panza. Baj\u00e9 ocho kilos en 23 d\u00edas\u201d<\/em>, revel\u00f3.<\/p>\n<h2 class=\"wp-block-heading\">EL D\u00cdA EN EL QUE DANIELA CELIS POR POCO TIENE UN GRAVE ACCIDENTE<\/h2>\n<p>Pero el dato m\u00e1s impactante lleg\u00f3 luego, cuando Daniela revel\u00f3 que entre tanta preocupaci\u00f3n estuvo al borde de sufrir, ella tambi\u00e9n, un grav\u00edsimo accidente de tr\u00e1nsito.<em> \u201cTambi\u00e9n me pas\u00f3 que en los primeros d\u00edas casi me choca un cami\u00f3n y me sacaron el auto. No manej\u00e9 m\u00e1s esa semana\u201d<\/em>, relat\u00f3 la morocha, con piel de gallina.<\/p>\n<p>As\u00ed las cosas y mientras todo es esperanza para la familia de Thiago, Dani cont\u00f3 cu\u00e1l es la situaci\u00f3n actual del pap\u00e1 de sus hijas <strong>Laia <\/strong>y <strong>Aim\u00e9<\/strong>. <em>\u201cFalta que le den el alta, que pueda caminar, que pueda levantarse solo, rehabilitaci\u00f3n. Ya casi est\u00e1 con nosotros<\/em>\u201d, asegur\u00f3, con una sonrisa llena de luz.<\/p>\n<div class=\"mt-box \">\n<h4 class=\"mt-heading\">Mir\u00e1 Tambi\u00e9n<\/h4>\n<p><a href=\"https:\/\/www.paparazzi.com.ar\/romances\/conmovedor-daniela-celis-revelo-la-vocacion-que-descubrio-thiago-medina-estando-en-coma-son-7-anos-quiere-ser\/\"><\/p>\n<div class=\"mt-content\">\n<div class=\"mt-image-container\"><img decoding=\"async\" src=\"https:\/\/www.paparazzi.com.ar\/wp-content\/uploads\/2025\/10\/Daniela-Thiago-1-359x226.jpg\" alt=\"\u00a1Conmovedor! Daniela Celis revel\u00f3 la vocaci\u00f3n que descubri\u00f3 Thiago Medina estando en coma: &quot;Son 7 a\u00f1os, quiere ser...&quot;\" class=\"mt-image\" loading=\"lazy\" \/><\/div>\n<h5 class=\"mt-title\">\u00a1Conmovedor! Daniela Celis revel\u00f3 la vocaci\u00f3n que descubri\u00f3 Thiago Medina estando en coma: \u00abSon 7 a\u00f1os, quiere ser&#8230;\u00bb<\/h5>\n<\/div>\n<p><\/a><\/div>\n<p>The post <a href=\"https:\/\/www.paparazzi.com.ar\/teve\/daniela-celis-confeso-la-pesadilla-que-vivio-desde-el-accidente-de-thiago-medina-baje-8-kilos-y-me-sacaron-el\/\">Daniela Celis confes\u00f3 la pesadilla que vivi\u00f3 desde el accidente de Thiago Medina: \u201cBaj\u00e9 8 kilos y me sacaron el&#8230;&quot;<\/a> appeared first on <a href=\"https:\/\/www.paparazzi.com.ar\">Revista Paparazzi<\/a>.<\/p>\n","protected":false},"excerpt":{"rendered":"<p>Profundo alivio y mucha paz siente Daniela Celis, feliz con la milagrosa recuperaci\u00f3n de Thiago<\/p>\n","protected":false},"author":0,"featured_media":6276,"comment_status":"","ping_status":"","sticky":false,"template":"","format":"standard","meta":{"footnotes":""},"categories":[11],"tags":[],"class_list":["post-6275","post","type-post","status-publish","format-standard","has-post-thumbnail","hentry","category-destacadas"],"yoast_head":"<!-- This site is optimized with the Yoast SEO plugin v28.3 - https:\/\/yoast.com\/product\/yoast-seo-wordpress\/ -->\n<title>Daniela Celis confes\u00f3 la pesadilla que vivi\u00f3 desde el accidente de Thiago Medina: \u201cBaj\u00e9 8 kilos y me sacaron el...&quot; - Fm Gente<\/title>\n<meta name=\"robots\" content=\"index, follow, max-snippet:-1, max-image-preview:large, max-video-preview:-1\" \/>\n<link rel=\"canonical\" href=\"https:\/\/fmgente.com.ar\/web\/daniela-celis-confeso-la-pesadilla-que-vivio-desde-el-accidente-de-thiago-medina-baje-8-kilos-y-me-sacaron-el\/\" \/>\n<meta property=\"og:locale\" content=\"es_ES\" \/>\n<meta property=\"og:type\" content=\"article\" \/>\n<meta property=\"og:title\" content=\"Daniela Celis confes\u00f3 la pesadilla que vivi\u00f3 desde el accidente de Thiago Medina: \u201cBaj\u00e9 8 kilos y me sacaron el...&quot; - Fm Gente\" \/>\n<meta property=\"og:description\" content=\"Profundo alivio y mucha paz siente Daniela Celis, feliz con la milagrosa recuperaci\u00f3n de Thiago\" \/>\n<meta property=\"og:url\" content=\"https:\/\/fmgente.com.ar\/web\/daniela-celis-confeso-la-pesadilla-que-vivio-desde-el-accidente-de-thiago-medina-baje-8-kilos-y-me-sacaron-el\/\" \/>\n<meta property=\"og:site_name\" content=\"Fm Gente\" \/>\n<meta property=\"article:published_time\" content=\"2025-10-07T19:06:20+00:00\" \/>\n<meta property=\"og:image\" content=\"https:\/\/fmgente.com.ar\/web\/wp-content\/uploads\/2025\/10\/Daniela-Celis-Thiago-1-359x226-1.jpg\" \/>\n\t<meta property=\"og:image:width\" content=\"359\" \/>\n\t<meta property=\"og:image:height\" content=\"226\" \/>\n\t<meta property=\"og:image:type\" content=\"image\/jpeg\" \/>\n<meta name=\"twitter:card\" content=\"summary_large_image\" \/>\n<meta name=\"twitter:label1\" content=\"Tiempo de lectura\" \/>\n\t<meta name=\"twitter:data1\" content=\"2 minutos\" \/>\n<script type=\"application\/ld+json\" class=\"yoast-schema-graph\">{\"@context\":\"https:\\\/\\\/schema.org\",\"@graph\":[{\"@type\":\"Article\",\"@id\":\"https:\\\/\\\/fmgente.com.ar\\\/web\\\/daniela-celis-confeso-la-pesadilla-que-vivio-desde-el-accidente-de-thiago-medina-baje-8-kilos-y-me-sacaron-el\\\/#article\",\"isPartOf\":{\"@id\":\"https:\\\/\\\/fmgente.com.ar\\\/web\\\/daniela-celis-confeso-la-pesadilla-que-vivio-desde-el-accidente-de-thiago-medina-baje-8-kilos-y-me-sacaron-el\\\/\"},\"author\":{\"name\":\"\",\"@id\":\"\"},\"headline\":\"Daniela Celis confes\u00f3 la pesadilla que vivi\u00f3 desde el accidente de Thiago Medina: \u201cBaj\u00e9 8 kilos y me sacaron el&#8230;&quot;\",\"datePublished\":\"2025-10-07T19:06:20+00:00\",\"mainEntityOfPage\":{\"@id\":\"https:\\\/\\\/fmgente.com.ar\\\/web\\\/daniela-celis-confeso-la-pesadilla-que-vivio-desde-el-accidente-de-thiago-medina-baje-8-kilos-y-me-sacaron-el\\\/\"},\"wordCount\":467,\"publisher\":{\"@id\":\"https:\\\/\\\/fmgente.com.ar\\\/web\\\/#organization\"},\"image\":{\"@id\":\"https:\\\/\\\/fmgente.com.ar\\\/web\\\/daniela-celis-confeso-la-pesadilla-que-vivio-desde-el-accidente-de-thiago-medina-baje-8-kilos-y-me-sacaron-el\\\/#primaryimage\"},\"thumbnailUrl\":\"https:\\\/\\\/fmgente.com.ar\\\/web\\\/wp-content\\\/uploads\\\/2025\\\/10\\\/Daniela-Celis-Thiago-1-359x226-1.jpg\",\"articleSection\":[\"DESTACADAS\"],\"inLanguage\":\"es\"},{\"@type\":\"WebPage\",\"@id\":\"https:\\\/\\\/fmgente.com.ar\\\/web\\\/daniela-celis-confeso-la-pesadilla-que-vivio-desde-el-accidente-de-thiago-medina-baje-8-kilos-y-me-sacaron-el\\\/\",\"url\":\"https:\\\/\\\/fmgente.com.ar\\\/web\\\/daniela-celis-confeso-la-pesadilla-que-vivio-desde-el-accidente-de-thiago-medina-baje-8-kilos-y-me-sacaron-el\\\/\",\"name\":\"Daniela Celis confes\u00f3 la pesadilla que vivi\u00f3 desde el accidente de Thiago Medina: \u201cBaj\u00e9 8 kilos y me sacaron el...&quot; - Fm Gente\",\"isPartOf\":{\"@id\":\"https:\\\/\\\/fmgente.com.ar\\\/web\\\/#website\"},\"primaryImageOfPage\":{\"@id\":\"https:\\\/\\\/fmgente.com.ar\\\/web\\\/daniela-celis-confeso-la-pesadilla-que-vivio-desde-el-accidente-de-thiago-medina-baje-8-kilos-y-me-sacaron-el\\\/#primaryimage\"},\"image\":{\"@id\":\"https:\\\/\\\/fmgente.com.ar\\\/web\\\/daniela-celis-confeso-la-pesadilla-que-vivio-desde-el-accidente-de-thiago-medina-baje-8-kilos-y-me-sacaron-el\\\/#primaryimage\"},\"thumbnailUrl\":\"https:\\\/\\\/fmgente.com.ar\\\/web\\\/wp-content\\\/uploads\\\/2025\\\/10\\\/Daniela-Celis-Thiago-1-359x226-1.jpg\",\"datePublished\":\"2025-10-07T19:06:20+00:00\",\"inLanguage\":\"es\",\"potentialAction\":[{\"@type\":\"ReadAction\",\"target\":[\"https:\\\/\\\/fmgente.com.ar\\\/web\\\/daniela-celis-confeso-la-pesadilla-que-vivio-desde-el-accidente-de-thiago-medina-baje-8-kilos-y-me-sacaron-el\\\/\"]}]},{\"@type\":\"ImageObject\",\"inLanguage\":\"es\",\"@id\":\"https:\\\/\\\/fmgente.com.ar\\\/web\\\/daniela-celis-confeso-la-pesadilla-que-vivio-desde-el-accidente-de-thiago-medina-baje-8-kilos-y-me-sacaron-el\\\/#primaryimage\",\"url\":\"https:\\\/\\\/fmgente.com.ar\\\/web\\\/wp-content\\\/uploads\\\/2025\\\/10\\\/Daniela-Celis-Thiago-1-359x226-1.jpg\",\"contentUrl\":\"https:\\\/\\\/fmgente.com.ar\\\/web\\\/wp-content\\\/uploads\\\/2025\\\/10\\\/Daniela-Celis-Thiago-1-359x226-1.jpg\",\"width\":359,\"height\":226},{\"@type\":\"WebSite\",\"@id\":\"https:\\\/\\\/fmgente.com.ar\\\/web\\\/#website\",\"url\":\"https:\\\/\\\/fmgente.com.ar\\\/web\\\/\",\"name\":\"Fm Gente\",\"description\":\"- Jes\u00fas Mar\u00eda\",\"publisher\":{\"@id\":\"https:\\\/\\\/fmgente.com.ar\\\/web\\\/#organization\"},\"potentialAction\":[{\"@type\":\"SearchAction\",\"target\":{\"@type\":\"EntryPoint\",\"urlTemplate\":\"https:\\\/\\\/fmgente.com.ar\\\/web\\\/?s={search_term_string}\"},\"query-input\":{\"@type\":\"PropertyValueSpecification\",\"valueRequired\":true,\"valueName\":\"search_term_string\"}}],\"inLanguage\":\"es\"},{\"@type\":\"Organization\",\"@id\":\"https:\\\/\\\/fmgente.com.ar\\\/web\\\/#organization\",\"name\":\"Fm Gente\",\"url\":\"https:\\\/\\\/fmgente.com.ar\\\/web\\\/\",\"logo\":{\"@type\":\"ImageObject\",\"inLanguage\":\"es\",\"@id\":\"https:\\\/\\\/fmgente.com.ar\\\/web\\\/#\\\/schema\\\/logo\\\/image\\\/\",\"url\":\"https:\\\/\\\/fmgente.com.ar\\\/web\\\/wp-content\\\/uploads\\\/2023\\\/07\\\/cropped-cropped-logo-sombra2.png\",\"contentUrl\":\"https:\\\/\\\/fmgente.com.ar\\\/web\\\/wp-content\\\/uploads\\\/2023\\\/07\\\/cropped-cropped-logo-sombra2.png\",\"width\":1782,\"height\":1782,\"caption\":\"Fm Gente\"},\"image\":{\"@id\":\"https:\\\/\\\/fmgente.com.ar\\\/web\\\/#\\\/schema\\\/logo\\\/image\\\/\"}}]}<\/script>\n<!-- \/ Yoast SEO plugin. -->","yoast_head_json":{"title":"Daniela Celis confes\u00f3 la pesadilla que vivi\u00f3 desde el accidente de Thiago Medina: \u201cBaj\u00e9 8 kilos y me sacaron el...&quot; - Fm Gente","robots":{"index":"index","follow":"follow","max-snippet":"max-snippet:-1","max-image-preview":"max-image-preview:large","max-video-preview":"max-video-preview:-1"},"canonical":"https:\/\/fmgente.com.ar\/web\/daniela-celis-confeso-la-pesadilla-que-vivio-desde-el-accidente-de-thiago-medina-baje-8-kilos-y-me-sacaron-el\/","og_locale":"es_ES","og_type":"article","og_title":"Daniela Celis confes\u00f3 la pesadilla que vivi\u00f3 desde el accidente de Thiago Medina: \u201cBaj\u00e9 8 kilos y me sacaron el...&quot; - Fm Gente","og_description":"Profundo alivio y mucha paz siente Daniela Celis, feliz con la milagrosa recuperaci\u00f3n de Thiago","og_url":"https:\/\/fmgente.com.ar\/web\/daniela-celis-confeso-la-pesadilla-que-vivio-desde-el-accidente-de-thiago-medina-baje-8-kilos-y-me-sacaron-el\/","og_site_name":"Fm Gente","article_published_time":"2025-10-07T19:06:20+00:00","og_image":[{"width":359,"height":226,"url":"https:\/\/fmgente.com.ar\/web\/wp-content\/uploads\/2025\/10\/Daniela-Celis-Thiago-1-359x226-1.jpg","type":"image\/jpeg"}],"twitter_card":"summary_large_image","twitter_misc":{"Tiempo de lectura":"2 minutos"},"schema":{"@context":"https:\/\/schema.org","@graph":[{"@type":"Article","@id":"https:\/\/fmgente.com.ar\/web\/daniela-celis-confeso-la-pesadilla-que-vivio-desde-el-accidente-de-thiago-medina-baje-8-kilos-y-me-sacaron-el\/#article","isPartOf":{"@id":"https:\/\/fmgente.com.ar\/web\/daniela-celis-confeso-la-pesadilla-que-vivio-desde-el-accidente-de-thiago-medina-baje-8-kilos-y-me-sacaron-el\/"},"author":{"name":"","@id":""},"headline":"Daniela Celis confes\u00f3 la pesadilla que vivi\u00f3 desde el accidente de Thiago Medina: \u201cBaj\u00e9 8 kilos y me sacaron el&#8230;&quot;","datePublished":"2025-10-07T19:06:20+00:00","mainEntityOfPage":{"@id":"https:\/\/fmgente.com.ar\/web\/daniela-celis-confeso-la-pesadilla-que-vivio-desde-el-accidente-de-thiago-medina-baje-8-kilos-y-me-sacaron-el\/"},"wordCount":467,"publisher":{"@id":"https:\/\/fmgente.com.ar\/web\/#organization"},"image":{"@id":"https:\/\/fmgente.com.ar\/web\/daniela-celis-confeso-la-pesadilla-que-vivio-desde-el-accidente-de-thiago-medina-baje-8-kilos-y-me-sacaron-el\/#primaryimage"},"thumbnailUrl":"https:\/\/fmgente.com.ar\/web\/wp-content\/uploads\/2025\/10\/Daniela-Celis-Thiago-1-359x226-1.jpg","articleSection":["DESTACADAS"],"inLanguage":"es"},{"@type":"WebPage","@id":"https:\/\/fmgente.com.ar\/web\/daniela-celis-confeso-la-pesadilla-que-vivio-desde-el-accidente-de-thiago-medina-baje-8-kilos-y-me-sacaron-el\/","url":"https:\/\/fmgente.com.ar\/web\/daniela-celis-confeso-la-pesadilla-que-vivio-desde-el-accidente-de-thiago-medina-baje-8-kilos-y-me-sacaron-el\/","name":"Daniela Celis confes\u00f3 la pesadilla que vivi\u00f3 desde el accidente de Thiago Medina: \u201cBaj\u00e9 8 kilos y me sacaron el...&quot; - Fm Gente","isPartOf":{"@id":"https:\/\/fmgente.com.ar\/web\/#website"},"primaryImageOfPage":{"@id":"https:\/\/fmgente.com.ar\/web\/daniela-celis-confeso-la-pesadilla-que-vivio-desde-el-accidente-de-thiago-medina-baje-8-kilos-y-me-sacaron-el\/#primaryimage"},"image":{"@id":"https:\/\/fmgente.com.ar\/web\/daniela-celis-confeso-la-pesadilla-que-vivio-desde-el-accidente-de-thiago-medina-baje-8-kilos-y-me-sacaron-el\/#primaryimage"},"thumbnailUrl":"https:\/\/fmgente.com.ar\/web\/wp-content\/uploads\/2025\/10\/Daniela-Celis-Thiago-1-359x226-1.jpg","datePublished":"2025-10-07T19:06:20+00:00","inLanguage":"es","potentialAction":[{"@type":"ReadAction","target":["https:\/\/fmgente.com.ar\/web\/daniela-celis-confeso-la-pesadilla-que-vivio-desde-el-accidente-de-thiago-medina-baje-8-kilos-y-me-sacaron-el\/"]}]},{"@type":"ImageObject","inLanguage":"es","@id":"https:\/\/fmgente.com.ar\/web\/daniela-celis-confeso-la-pesadilla-que-vivio-desde-el-accidente-de-thiago-medina-baje-8-kilos-y-me-sacaron-el\/#primaryimage","url":"https:\/\/fmgente.com.ar\/web\/wp-content\/uploads\/2025\/10\/Daniela-Celis-Thiago-1-359x226-1.jpg","contentUrl":"https:\/\/fmgente.com.ar\/web\/wp-content\/uploads\/2025\/10\/Daniela-Celis-Thiago-1-359x226-1.jpg","width":359,"height":226},{"@type":"WebSite","@id":"https:\/\/fmgente.com.ar\/web\/#website","url":"https:\/\/fmgente.com.ar\/web\/","name":"Fm Gente","description":"- Jes\u00fas Mar\u00eda","publisher":{"@id":"https:\/\/fmgente.com.ar\/web\/#organization"},"potentialAction":[{"@type":"SearchAction","target":{"@type":"EntryPoint","urlTemplate":"https:\/\/fmgente.com.ar\/web\/?s={search_term_string}"},"query-input":{"@type":"PropertyValueSpecification","valueRequired":true,"valueName":"search_term_string"}}],"inLanguage":"es"},{"@type":"Organization","@id":"https:\/\/fmgente.com.ar\/web\/#organization","name":"Fm Gente","url":"https:\/\/fmgente.com.ar\/web\/","logo":{"@type":"ImageObject","inLanguage":"es","@id":"https:\/\/fmgente.com.ar\/web\/#\/schema\/logo\/image\/","url":"https:\/\/fmgente.com.ar\/web\/wp-content\/uploads\/2023\/07\/cropped-cropped-logo-sombra2.png","contentUrl":"https:\/\/fmgente.com.ar\/web\/wp-content\/uploads\/2023\/07\/cropped-cropped-logo-sombra2.png","width":1782,"height":1782,"caption":"Fm Gente"},"image":{"@id":"https:\/\/fmgente.com.ar\/web\/#\/schema\/logo\/image\/"}}]}},"_links":{"self":[{"href":"https:\/\/fmgente.com.ar\/web\/wp-json\/wp\/v2\/posts\/6275","targetHints":{"allow":["GET"]}}],"collection":[{"href":"https:\/\/fmgente.com.ar\/web\/wp-json\/wp\/v2\/posts"}],"about":[{"href":"https:\/\/fmgente.com.ar\/web\/wp-json\/wp\/v2\/types\/post"}],"replies":[{"embeddable":true,"href":"https:\/\/fmgente.com.ar\/web\/wp-json\/wp\/v2\/comments?post=6275"}],"version-history":[{"count":0,"href":"https:\/\/fmgente.com.ar\/web\/wp-json\/wp\/v2\/posts\/6275\/revisions"}],"wp:featuredmedia":[{"embeddable":true,"href":"https:\/\/fmgente.com.ar\/web\/wp-json\/wp\/v2\/media\/6276"}],"wp:attachment":[{"href":"https:\/\/fmgente.com.ar\/web\/wp-json\/wp\/v2\/media?parent=6275"}],"wp:term":[{"taxonomy":"category","embeddable":true,"href":"https:\/\/fmgente.com.ar\/web\/wp-json\/wp\/v2\/categories?post=6275"},{"taxonomy":"post_tag","embeddable":true,"href":"https:\/\/fmgente.com.ar\/web\/wp-json\/wp\/v2\/tags?post=6275"}],"curies":[{"name":"wp","href":"https:\/\/api.w.org\/{rel}","templated":true}]}}