{"id":6273,"date":"2025-10-07T15:06:17","date_gmt":"2025-10-07T18:06:17","guid":{"rendered":"https:\/\/fmgente.com.ar\/se-separo-y-se-puso-de-novia-con-futbolista-la-ex-gran-hermano-que-esta-en-pareja-con-un-jugador-argentino\/"},"modified":"2025-10-07T15:06:17","modified_gmt":"2025-10-07T18:06:17","slug":"se-separo-y-se-puso-de-novia-con-futbolista-la-ex-gran-hermano-que-esta-en-pareja-con-un-jugador-argentino","status":"publish","type":"post","link":"https:\/\/fmgente.com.ar\/web\/se-separo-y-se-puso-de-novia-con-futbolista-la-ex-gran-hermano-que-esta-en-pareja-con-un-jugador-argentino\/","title":{"rendered":"Se separ\u00f3 y se puso de novia con futbolista: la ex Gran Hermano que est\u00e1 en pareja con un jugador argentino"},"content":{"rendered":"<p>Las vueltas de la vida o el destino; el a\u00f1o que no viene siendo el mejor para algunos, aunque para otros, perfecto en el amor. Justamente en la far\u00e1ndula se vivi\u00f3 de todo a lo largo de este 2025 que, entre tantos esc\u00e1ndalos y separaciones, tiene una nueva e inesperada pareja que se form\u00f3, con una ex <strong>Gran Hermano<\/strong> como protagonista: <strong>Catalina Gorostidi<\/strong>.<\/p>\n<p>La joven m\u00e9dica pediatra que viene de pasar por una relaci\u00f3n t\u00f3xica con <strong><a href=\"https:\/\/www.paparazzi.com.ar\/romances\/joel-ojeda-de-gran-hermano-tiene-nueva-novia-quien-es-la-integrante-de-lam-que-conquisto-su-corazon\/\">Joel Ojeda<\/a><\/strong>, de quien tuvo un quiebre de pareja muy fuerte con pol\u00e9micas acusaciones, parece haber reencontrado a su hombre. El mismo se trata de<strong> Germ\u00e1n Ferreyra<\/strong>.<\/p>\n<p>El futbolista surgido de V\u00e9lez Sarsfield, y con paso por Arsenal de Sarand\u00ed, actualmente se encuentra jugando en el Melbourne City F. C. de Australia. All\u00ed le est\u00e1 yendo muy bien y viene de salir campe\u00f3n de la A-League.<\/p>\n<div class=\"mt-box \">\n<h4 class=\"mt-heading\">Mir\u00e1 Tambi\u00e9n<\/h4>\n<p><a href=\"https:\/\/www.paparazzi.com.ar\/videos\/exclusivo-daniela-celis-confirmo-el-ultimo-paso-para-que-thiago-medina-reciba-el-alta\/\"><\/p>\n<div class=\"mt-content\">\n<div class=\"mt-image-container\"><img decoding=\"async\" src=\"https:\/\/www.paparazzi.com.ar\/wp-content\/uploads\/2025\/10\/Thiago-Medina-Daniela-359x226.jpg\" alt=\"\u00a1Exclusivo! Daniela Celis confirm\u00f3 el \u00faltimo paso para que Thiago Medina reciba el alta\" class=\"mt-image\" loading=\"lazy\" \/><\/div>\n<h5 class=\"mt-title\">\u00a1Exclusivo! Daniela Celis confirm\u00f3 el \u00faltimo paso para que Thiago Medina reciba el alta<\/h5>\n<\/div>\n<p><\/a><\/div>\n<p>Con 25 partidos y dos goles, Ferreyra es uno de los mediocampistas m\u00e1s vers\u00e1tiles del equipo. Empero, fuera de la cancha, el jugador se top\u00f3 con <a href=\"https:\/\/www.paparazzi.com.ar\/teve\/la-fuerte-decepcion-de-catalina-gorostidi-tras-salir-con-un-futbolista-tengo-un\/\">Cata<\/a>, de quien ya no ocultan lo que tienen e intercambiaron diferentes mensajes.<\/p>\n<h2 class=\"wp-block-heading\">CATALINA GOROSTIDI Y SU ROMANCE CON UN FUTBOLISTA ARGENTINO<\/h2>\n<p>En algunas publicaciones que hizo Germ\u00e1n desde su cuenta de Instagram, las apariciones de <a href=\"https:\/\/www.paparazzi.com.ar\/teve\/preocupacion-total-por-la-salud-de-catalina-gorostidi-se-accidento-en-la-banera-por-no-comer\/\">Gorostidi<\/a> no tardaron en aparecer. \u201c<em>A m\u00ed me encantan los tatuajes en tu brazo<\/em>\u201d, escribi\u00f3 Catalina y el joven futbolista de 31 a\u00f1os no tard\u00f3 en responder: \u201c<em>A m\u00ed me gustas vos<\/em>\u201d.<\/p>\n<div class=\"mt-box \">\n<h4 class=\"mt-heading\">Mir\u00e1 Tambi\u00e9n<\/h4>\n<p><a href=\"https:\/\/www.paparazzi.com.ar\/romances\/cata-gorostidi-mando-al-frente-a-ricky-montaner-con-un-secreto-intimo-en-medio-de-la-crisis-con-stefi-roitman\/\"><\/p>\n<div class=\"mt-content\">\n<div class=\"mt-image-container\"><img decoding=\"async\" src=\"https:\/\/www.paparazzi.com.ar\/wp-content\/uploads\/2025\/09\/Cata-Gorostidi-y-Ricky-Montaner.jpg.webp\" alt=\"Cata Gorostidi mand\u00f3 al frente a Ricky Montaner con un secreto \u00edntimo en medio de la crisis con Stefi Roitman\" class=\"mt-image\" loading=\"lazy\" \/><\/div>\n<h5 class=\"mt-title\">Cata Gorostidi mand\u00f3 al frente a Ricky Montaner con un secreto \u00edntimo en medio de la crisis con Stefi Roitman<\/h5>\n<\/div>\n<p><\/a><\/div>\n<p>Adem\u00e1s de esos mensajes, la pareja comparti\u00f3 diferentes emojis enamorados, evidenciando que est\u00e1n en un gran momento. Por lo pronto, hasta el momento esto fue lo que se revel\u00f3 del nuevo romance que vive Catalina Gorostidi.<\/p>\n<p>El fin de la relaci\u00f3n que tuvo en su momento con Joel a Cata la dej\u00f3 muy afectada. De hecho, diferentes seguidores y fan\u00e1ticos de la ex hermanita se mostraron preocupados por el estado que mostr\u00f3 la joven post separaci\u00f3n.<\/p>\n<figure class=\"wp-block-image size-full\"><img decoding=\"async\" width=\"720\" height=\"467\" src=\"https:\/\/www.paparazzi.com.ar\/wp-content\/uploads\/2025\/10\/image-80.png.webp\" loading=\"lazy\" alt=\"\" class=\"wp-image-446753\" \/><\/figure>\n<figure class=\"wp-block-image size-full\"><img decoding=\"async\" width=\"693\" height=\"543\" src=\"https:\/\/www.paparazzi.com.ar\/wp-content\/uploads\/2025\/10\/image-81.png.webp\" loading=\"lazy\" alt=\"\" class=\"wp-image-446754\" \/><\/figure>\n<div class=\"mt-box \">\n<h4 class=\"mt-heading\">Mir\u00e1 Tambi\u00e9n<\/h4>\n<p><a href=\"https:\/\/www.paparazzi.com.ar\/teve\/el-impactante-testimonio-de-la-mama-de-lara-sobre-el-robo-en-el-triple-femicidio\/\"><\/p>\n<div class=\"mt-content\">\n<div class=\"mt-image-container\"><img decoding=\"async\" src=\"https:\/\/www.paparazzi.com.ar\/wp-content\/uploads\/2025\/10\/Lara-Gutierrez-y-su-mama-359x226.jpg\" alt=\"El impactante testimonio de la mam\u00e1 de Lara sobre el robo en el triple femicidio\" class=\"mt-image\" loading=\"lazy\" \/><\/div>\n<h5 class=\"mt-title\">El impactante testimonio de la mam\u00e1 de Lara sobre el robo en el triple femicidio<\/h5>\n<\/div>\n<p><\/a><\/div>\n<div class=\"mt-box \">\n<h4 class=\"mt-heading\">Mir\u00e1 Tambi\u00e9n<\/h4>\n<p><a href=\"https:\/\/www.paparazzi.com.ar\/romances\/conmovedor-daniela-celis-revelo-la-vocacion-que-descubrio-thiago-medina-estando-en-coma-son-7-anos-quiere-ser\/\"><\/p>\n<div class=\"mt-content\">\n<div class=\"mt-image-container\"><img decoding=\"async\" src=\"https:\/\/www.paparazzi.com.ar\/wp-content\/uploads\/2025\/10\/Daniela-Thiago-1-359x226.jpg\" alt=\"\u00a1Conmovedor! Daniela Celis revel\u00f3 la vocaci\u00f3n que descubri\u00f3 Thiago Medina estando en coma: &quot;Son 7 a\u00f1os, quiere ser...&quot;\" class=\"mt-image\" loading=\"lazy\" \/><\/div>\n<h5 class=\"mt-title\">\u00a1Conmovedor! Daniela Celis revel\u00f3 la vocaci\u00f3n que descubri\u00f3 Thiago Medina estando en coma: \u00abSon 7 a\u00f1os, quiere ser&#8230;\u00bb<\/h5>\n<\/div>\n<p><\/a><\/div>\n<p>The post <a href=\"https:\/\/www.paparazzi.com.ar\/romances\/se-separo-y-se-puso-de-novia-con-futbolista-la-ex-gran-hermano-que-esta-en-pareja-con-un-jugador-argentino\/\">Se separ\u00f3 y se puso de novia con futbolista: la ex Gran Hermano que est\u00e1 en pareja con un jugador argentino<\/a> appeared first on <a href=\"https:\/\/www.paparazzi.com.ar\">Revista Paparazzi<\/a>.<\/p>\n","protected":false},"excerpt":{"rendered":"<p>Las vueltas de la vida o el destino; el a\u00f1o que no viene siendo el<\/p>\n","protected":false},"author":0,"featured_media":6274,"comment_status":"","ping_status":"","sticky":false,"template":"","format":"standard","meta":{"footnotes":""},"categories":[11],"tags":[],"class_list":["post-6273","post","type-post","status-publish","format-standard","has-post-thumbnail","hentry","category-destacadas"],"yoast_head":"<!-- This site is optimized with the Yoast SEO plugin v28.3 - https:\/\/yoast.com\/product\/yoast-seo-wordpress\/ -->\n<title>Se separ\u00f3 y se puso de novia con futbolista: la ex Gran Hermano que est\u00e1 en pareja con un jugador argentino - Fm Gente<\/title>\n<meta name=\"robots\" content=\"index, follow, max-snippet:-1, max-image-preview:large, max-video-preview:-1\" \/>\n<link rel=\"canonical\" href=\"https:\/\/fmgente.com.ar\/web\/se-separo-y-se-puso-de-novia-con-futbolista-la-ex-gran-hermano-que-esta-en-pareja-con-un-jugador-argentino\/\" \/>\n<meta property=\"og:locale\" content=\"es_ES\" \/>\n<meta property=\"og:type\" content=\"article\" \/>\n<meta property=\"og:title\" content=\"Se separ\u00f3 y se puso de novia con futbolista: la ex Gran Hermano que est\u00e1 en pareja con un jugador argentino - Fm Gente\" \/>\n<meta property=\"og:description\" content=\"Las vueltas de la vida o el destino; el a\u00f1o que no viene siendo el\" \/>\n<meta property=\"og:url\" content=\"https:\/\/fmgente.com.ar\/web\/se-separo-y-se-puso-de-novia-con-futbolista-la-ex-gran-hermano-que-esta-en-pareja-con-un-jugador-argentino\/\" \/>\n<meta property=\"og:site_name\" content=\"Fm Gente\" \/>\n<meta property=\"article:published_time\" content=\"2025-10-07T18:06:17+00:00\" \/>\n<meta property=\"og:image\" content=\"https:\/\/fmgente.com.ar\/web\/wp-content\/uploads\/2025\/10\/Thiago-Medina-Daniela-359x226-3.jpg\" \/>\n\t<meta property=\"og:image:width\" content=\"359\" \/>\n\t<meta property=\"og:image:height\" content=\"226\" \/>\n\t<meta property=\"og:image:type\" content=\"image\/jpeg\" \/>\n<meta name=\"twitter:card\" content=\"summary_large_image\" \/>\n<meta name=\"twitter:label1\" content=\"Tiempo de lectura\" \/>\n\t<meta name=\"twitter:data1\" content=\"2 minutos\" \/>\n<script type=\"application\/ld+json\" class=\"yoast-schema-graph\">{\"@context\":\"https:\\\/\\\/schema.org\",\"@graph\":[{\"@type\":\"Article\",\"@id\":\"https:\\\/\\\/fmgente.com.ar\\\/web\\\/se-separo-y-se-puso-de-novia-con-futbolista-la-ex-gran-hermano-que-esta-en-pareja-con-un-jugador-argentino\\\/#article\",\"isPartOf\":{\"@id\":\"https:\\\/\\\/fmgente.com.ar\\\/web\\\/se-separo-y-se-puso-de-novia-con-futbolista-la-ex-gran-hermano-que-esta-en-pareja-con-un-jugador-argentino\\\/\"},\"author\":{\"name\":\"\",\"@id\":\"\"},\"headline\":\"Se separ\u00f3 y se puso de novia con futbolista: la ex Gran Hermano que est\u00e1 en pareja con un jugador argentino\",\"datePublished\":\"2025-10-07T18:06:17+00:00\",\"mainEntityOfPage\":{\"@id\":\"https:\\\/\\\/fmgente.com.ar\\\/web\\\/se-separo-y-se-puso-de-novia-con-futbolista-la-ex-gran-hermano-que-esta-en-pareja-con-un-jugador-argentino\\\/\"},\"wordCount\":457,\"publisher\":{\"@id\":\"https:\\\/\\\/fmgente.com.ar\\\/web\\\/#organization\"},\"image\":{\"@id\":\"https:\\\/\\\/fmgente.com.ar\\\/web\\\/se-separo-y-se-puso-de-novia-con-futbolista-la-ex-gran-hermano-que-esta-en-pareja-con-un-jugador-argentino\\\/#primaryimage\"},\"thumbnailUrl\":\"https:\\\/\\\/fmgente.com.ar\\\/web\\\/wp-content\\\/uploads\\\/2025\\\/10\\\/Thiago-Medina-Daniela-359x226-3.jpg\",\"articleSection\":[\"DESTACADAS\"],\"inLanguage\":\"es\"},{\"@type\":\"WebPage\",\"@id\":\"https:\\\/\\\/fmgente.com.ar\\\/web\\\/se-separo-y-se-puso-de-novia-con-futbolista-la-ex-gran-hermano-que-esta-en-pareja-con-un-jugador-argentino\\\/\",\"url\":\"https:\\\/\\\/fmgente.com.ar\\\/web\\\/se-separo-y-se-puso-de-novia-con-futbolista-la-ex-gran-hermano-que-esta-en-pareja-con-un-jugador-argentino\\\/\",\"name\":\"Se separ\u00f3 y se puso de novia con futbolista: la ex Gran Hermano que est\u00e1 en pareja con un jugador argentino - Fm Gente\",\"isPartOf\":{\"@id\":\"https:\\\/\\\/fmgente.com.ar\\\/web\\\/#website\"},\"primaryImageOfPage\":{\"@id\":\"https:\\\/\\\/fmgente.com.ar\\\/web\\\/se-separo-y-se-puso-de-novia-con-futbolista-la-ex-gran-hermano-que-esta-en-pareja-con-un-jugador-argentino\\\/#primaryimage\"},\"image\":{\"@id\":\"https:\\\/\\\/fmgente.com.ar\\\/web\\\/se-separo-y-se-puso-de-novia-con-futbolista-la-ex-gran-hermano-que-esta-en-pareja-con-un-jugador-argentino\\\/#primaryimage\"},\"thumbnailUrl\":\"https:\\\/\\\/fmgente.com.ar\\\/web\\\/wp-content\\\/uploads\\\/2025\\\/10\\\/Thiago-Medina-Daniela-359x226-3.jpg\",\"datePublished\":\"2025-10-07T18:06:17+00:00\",\"inLanguage\":\"es\",\"potentialAction\":[{\"@type\":\"ReadAction\",\"target\":[\"https:\\\/\\\/fmgente.com.ar\\\/web\\\/se-separo-y-se-puso-de-novia-con-futbolista-la-ex-gran-hermano-que-esta-en-pareja-con-un-jugador-argentino\\\/\"]}]},{\"@type\":\"ImageObject\",\"inLanguage\":\"es\",\"@id\":\"https:\\\/\\\/fmgente.com.ar\\\/web\\\/se-separo-y-se-puso-de-novia-con-futbolista-la-ex-gran-hermano-que-esta-en-pareja-con-un-jugador-argentino\\\/#primaryimage\",\"url\":\"https:\\\/\\\/fmgente.com.ar\\\/web\\\/wp-content\\\/uploads\\\/2025\\\/10\\\/Thiago-Medina-Daniela-359x226-3.jpg\",\"contentUrl\":\"https:\\\/\\\/fmgente.com.ar\\\/web\\\/wp-content\\\/uploads\\\/2025\\\/10\\\/Thiago-Medina-Daniela-359x226-3.jpg\",\"width\":359,\"height\":226},{\"@type\":\"WebSite\",\"@id\":\"https:\\\/\\\/fmgente.com.ar\\\/web\\\/#website\",\"url\":\"https:\\\/\\\/fmgente.com.ar\\\/web\\\/\",\"name\":\"Fm Gente\",\"description\":\"- Jes\u00fas Mar\u00eda\",\"publisher\":{\"@id\":\"https:\\\/\\\/fmgente.com.ar\\\/web\\\/#organization\"},\"potentialAction\":[{\"@type\":\"SearchAction\",\"target\":{\"@type\":\"EntryPoint\",\"urlTemplate\":\"https:\\\/\\\/fmgente.com.ar\\\/web\\\/?s={search_term_string}\"},\"query-input\":{\"@type\":\"PropertyValueSpecification\",\"valueRequired\":true,\"valueName\":\"search_term_string\"}}],\"inLanguage\":\"es\"},{\"@type\":\"Organization\",\"@id\":\"https:\\\/\\\/fmgente.com.ar\\\/web\\\/#organization\",\"name\":\"Fm Gente\",\"url\":\"https:\\\/\\\/fmgente.com.ar\\\/web\\\/\",\"logo\":{\"@type\":\"ImageObject\",\"inLanguage\":\"es\",\"@id\":\"https:\\\/\\\/fmgente.com.ar\\\/web\\\/#\\\/schema\\\/logo\\\/image\\\/\",\"url\":\"https:\\\/\\\/fmgente.com.ar\\\/web\\\/wp-content\\\/uploads\\\/2023\\\/07\\\/cropped-cropped-logo-sombra2.png\",\"contentUrl\":\"https:\\\/\\\/fmgente.com.ar\\\/web\\\/wp-content\\\/uploads\\\/2023\\\/07\\\/cropped-cropped-logo-sombra2.png\",\"width\":1782,\"height\":1782,\"caption\":\"Fm Gente\"},\"image\":{\"@id\":\"https:\\\/\\\/fmgente.com.ar\\\/web\\\/#\\\/schema\\\/logo\\\/image\\\/\"}}]}<\/script>\n<!-- \/ Yoast SEO plugin. -->","yoast_head_json":{"title":"Se separ\u00f3 y se puso de novia con futbolista: la ex Gran Hermano que est\u00e1 en pareja con un jugador argentino - Fm Gente","robots":{"index":"index","follow":"follow","max-snippet":"max-snippet:-1","max-image-preview":"max-image-preview:large","max-video-preview":"max-video-preview:-1"},"canonical":"https:\/\/fmgente.com.ar\/web\/se-separo-y-se-puso-de-novia-con-futbolista-la-ex-gran-hermano-que-esta-en-pareja-con-un-jugador-argentino\/","og_locale":"es_ES","og_type":"article","og_title":"Se separ\u00f3 y se puso de novia con futbolista: la ex Gran Hermano que est\u00e1 en pareja con un jugador argentino - Fm Gente","og_description":"Las vueltas de la vida o el destino; el a\u00f1o que no viene siendo el","og_url":"https:\/\/fmgente.com.ar\/web\/se-separo-y-se-puso-de-novia-con-futbolista-la-ex-gran-hermano-que-esta-en-pareja-con-un-jugador-argentino\/","og_site_name":"Fm Gente","article_published_time":"2025-10-07T18:06:17+00:00","og_image":[{"width":359,"height":226,"url":"https:\/\/fmgente.com.ar\/web\/wp-content\/uploads\/2025\/10\/Thiago-Medina-Daniela-359x226-3.jpg","type":"image\/jpeg"}],"twitter_card":"summary_large_image","twitter_misc":{"Tiempo de lectura":"2 minutos"},"schema":{"@context":"https:\/\/schema.org","@graph":[{"@type":"Article","@id":"https:\/\/fmgente.com.ar\/web\/se-separo-y-se-puso-de-novia-con-futbolista-la-ex-gran-hermano-que-esta-en-pareja-con-un-jugador-argentino\/#article","isPartOf":{"@id":"https:\/\/fmgente.com.ar\/web\/se-separo-y-se-puso-de-novia-con-futbolista-la-ex-gran-hermano-que-esta-en-pareja-con-un-jugador-argentino\/"},"author":{"name":"","@id":""},"headline":"Se separ\u00f3 y se puso de novia con futbolista: la ex Gran Hermano que est\u00e1 en pareja con un jugador argentino","datePublished":"2025-10-07T18:06:17+00:00","mainEntityOfPage":{"@id":"https:\/\/fmgente.com.ar\/web\/se-separo-y-se-puso-de-novia-con-futbolista-la-ex-gran-hermano-que-esta-en-pareja-con-un-jugador-argentino\/"},"wordCount":457,"publisher":{"@id":"https:\/\/fmgente.com.ar\/web\/#organization"},"image":{"@id":"https:\/\/fmgente.com.ar\/web\/se-separo-y-se-puso-de-novia-con-futbolista-la-ex-gran-hermano-que-esta-en-pareja-con-un-jugador-argentino\/#primaryimage"},"thumbnailUrl":"https:\/\/fmgente.com.ar\/web\/wp-content\/uploads\/2025\/10\/Thiago-Medina-Daniela-359x226-3.jpg","articleSection":["DESTACADAS"],"inLanguage":"es"},{"@type":"WebPage","@id":"https:\/\/fmgente.com.ar\/web\/se-separo-y-se-puso-de-novia-con-futbolista-la-ex-gran-hermano-que-esta-en-pareja-con-un-jugador-argentino\/","url":"https:\/\/fmgente.com.ar\/web\/se-separo-y-se-puso-de-novia-con-futbolista-la-ex-gran-hermano-que-esta-en-pareja-con-un-jugador-argentino\/","name":"Se separ\u00f3 y se puso de novia con futbolista: la ex Gran Hermano que est\u00e1 en pareja con un jugador argentino - Fm Gente","isPartOf":{"@id":"https:\/\/fmgente.com.ar\/web\/#website"},"primaryImageOfPage":{"@id":"https:\/\/fmgente.com.ar\/web\/se-separo-y-se-puso-de-novia-con-futbolista-la-ex-gran-hermano-que-esta-en-pareja-con-un-jugador-argentino\/#primaryimage"},"image":{"@id":"https:\/\/fmgente.com.ar\/web\/se-separo-y-se-puso-de-novia-con-futbolista-la-ex-gran-hermano-que-esta-en-pareja-con-un-jugador-argentino\/#primaryimage"},"thumbnailUrl":"https:\/\/fmgente.com.ar\/web\/wp-content\/uploads\/2025\/10\/Thiago-Medina-Daniela-359x226-3.jpg","datePublished":"2025-10-07T18:06:17+00:00","inLanguage":"es","potentialAction":[{"@type":"ReadAction","target":["https:\/\/fmgente.com.ar\/web\/se-separo-y-se-puso-de-novia-con-futbolista-la-ex-gran-hermano-que-esta-en-pareja-con-un-jugador-argentino\/"]}]},{"@type":"ImageObject","inLanguage":"es","@id":"https:\/\/fmgente.com.ar\/web\/se-separo-y-se-puso-de-novia-con-futbolista-la-ex-gran-hermano-que-esta-en-pareja-con-un-jugador-argentino\/#primaryimage","url":"https:\/\/fmgente.com.ar\/web\/wp-content\/uploads\/2025\/10\/Thiago-Medina-Daniela-359x226-3.jpg","contentUrl":"https:\/\/fmgente.com.ar\/web\/wp-content\/uploads\/2025\/10\/Thiago-Medina-Daniela-359x226-3.jpg","width":359,"height":226},{"@type":"WebSite","@id":"https:\/\/fmgente.com.ar\/web\/#website","url":"https:\/\/fmgente.com.ar\/web\/","name":"Fm Gente","description":"- Jes\u00fas Mar\u00eda","publisher":{"@id":"https:\/\/fmgente.com.ar\/web\/#organization"},"potentialAction":[{"@type":"SearchAction","target":{"@type":"EntryPoint","urlTemplate":"https:\/\/fmgente.com.ar\/web\/?s={search_term_string}"},"query-input":{"@type":"PropertyValueSpecification","valueRequired":true,"valueName":"search_term_string"}}],"inLanguage":"es"},{"@type":"Organization","@id":"https:\/\/fmgente.com.ar\/web\/#organization","name":"Fm Gente","url":"https:\/\/fmgente.com.ar\/web\/","logo":{"@type":"ImageObject","inLanguage":"es","@id":"https:\/\/fmgente.com.ar\/web\/#\/schema\/logo\/image\/","url":"https:\/\/fmgente.com.ar\/web\/wp-content\/uploads\/2023\/07\/cropped-cropped-logo-sombra2.png","contentUrl":"https:\/\/fmgente.com.ar\/web\/wp-content\/uploads\/2023\/07\/cropped-cropped-logo-sombra2.png","width":1782,"height":1782,"caption":"Fm Gente"},"image":{"@id":"https:\/\/fmgente.com.ar\/web\/#\/schema\/logo\/image\/"}}]}},"_links":{"self":[{"href":"https:\/\/fmgente.com.ar\/web\/wp-json\/wp\/v2\/posts\/6273","targetHints":{"allow":["GET"]}}],"collection":[{"href":"https:\/\/fmgente.com.ar\/web\/wp-json\/wp\/v2\/posts"}],"about":[{"href":"https:\/\/fmgente.com.ar\/web\/wp-json\/wp\/v2\/types\/post"}],"replies":[{"embeddable":true,"href":"https:\/\/fmgente.com.ar\/web\/wp-json\/wp\/v2\/comments?post=6273"}],"version-history":[{"count":0,"href":"https:\/\/fmgente.com.ar\/web\/wp-json\/wp\/v2\/posts\/6273\/revisions"}],"wp:featuredmedia":[{"embeddable":true,"href":"https:\/\/fmgente.com.ar\/web\/wp-json\/wp\/v2\/media\/6274"}],"wp:attachment":[{"href":"https:\/\/fmgente.com.ar\/web\/wp-json\/wp\/v2\/media?parent=6273"}],"wp:term":[{"taxonomy":"category","embeddable":true,"href":"https:\/\/fmgente.com.ar\/web\/wp-json\/wp\/v2\/categories?post=6273"},{"taxonomy":"post_tag","embeddable":true,"href":"https:\/\/fmgente.com.ar\/web\/wp-json\/wp\/v2\/tags?post=6273"}],"curies":[{"name":"wp","href":"https:\/\/api.w.org\/{rel}","templated":true}]}}