{"id":6269,"date":"2025-10-07T14:05:35","date_gmt":"2025-10-07T17:05:35","guid":{"rendered":"https:\/\/fmgente.com.ar\/thiago-medina-presento-una-complicacion-y-los-medicos-evaluan-su-situacion-tiene-mucha\/"},"modified":"2025-10-07T14:05:35","modified_gmt":"2025-10-07T17:05:35","slug":"thiago-medina-presento-una-complicacion-y-los-medicos-evaluan-su-situacion-tiene-mucha","status":"publish","type":"post","link":"https:\/\/fmgente.com.ar\/web\/thiago-medina-presento-una-complicacion-y-los-medicos-evaluan-su-situacion-tiene-mucha\/","title":{"rendered":"Thiago Medina present\u00f3 una complicaci\u00f3n y los m\u00e9dicos eval\u00faan su situaci\u00f3n: &quot;Tiene mucha\u2026&quot;"},"content":{"rendered":"<p><strong>Thiago Medina<\/strong> pas\u00f3 23 d\u00edas internado en terapia intensiva, en donde debi\u00f3 ser sometido a un coma. A ra\u00edz del accidente en moto que sufri\u00f3 hace unos d\u00edas, el joven pas\u00f3 por tres operaciones, estuvo al borde de la muerte, pero los m\u00e9dicos aseguraron que se dio el milagro.<\/p>\n<p>Al ex <strong><a href=\"https:\/\/www.paparazzi.com.ar\/teve\/el-desgarrador-testimonio-de-la-tana-de-gran-hermano-sobre-sus-adicciones-pedia-que-dios-me-lleve\/\">Gran Hermano<\/a><\/strong> debieron extirparle el bazo, y en un momento tuvo sus pulmones altamente comprometidos a punto que debieron ubicarlo boca abajo. Incluso, los profesionales de salud llegaron a analizar hacerle una traqueotom\u00eda.<\/p>\n<p>Ya en una sala y con la visita de su familia, <a href=\"https:\/\/www.paparazzi.com.ar\/teve\/confirmaron-la-noticia-mas-fuerte-de-thiago-medina-a-24-dias-de-su-accidente-se-acabo\/\">Thiago est\u00e1 mucho m\u00e1s l\u00facido<\/a> y fuera de peligro. Al tener m\u00e1s energ\u00eda y encontrarse mejor de salud, aparecen algunas consecuencias como sus ganas de irse, lo que le genera mucha ansiedad y buscan que se tome todo este largo proceso con calma.<\/p>\n<div class=\"mt-box \">\n<h4 class=\"mt-heading\">Mir\u00e1 Tambi\u00e9n<\/h4>\n<p><a href=\"https:\/\/www.paparazzi.com.ar\/videos\/exclusivo-daniela-celis-confirmo-el-ultimo-paso-para-que-thiago-medina-reciba-el-alta\/\"><\/p>\n<div class=\"mt-content\">\n<div class=\"mt-image-container\"><img decoding=\"async\" src=\"https:\/\/www.paparazzi.com.ar\/wp-content\/uploads\/2025\/10\/Thiago-Medina-Daniela-359x226.jpg\" alt=\"\u00a1Exclusivo! Daniela Celis confirm\u00f3 el \u00faltimo paso para que Thiago Medina reciba el alta\" class=\"mt-image\" loading=\"lazy\" \/><\/div>\n<h5 class=\"mt-title\">\u00a1Exclusivo! Daniela Celis confirm\u00f3 el \u00faltimo paso para que Thiago Medina reciba el alta<\/h5>\n<\/div>\n<p><\/a><\/div>\n<p>\u00ab<em><strong>\u00c9l quiere irse ya, tiene mucha ansiedad, no quiere saber m\u00e1s nada<\/strong>. Es incre\u00edble la voluntad y la fuerza que tiene. Los m\u00e9dicos no pueden entender la evoluci\u00f3n, <strong>nos dicen que es un milagro<\/strong><\/em>\u00ab, sostuvo <strong><a href=\"https:\/\/www.paparazzi.com.ar\/romances\/milagro-thiago-medina-ya-camina-come-solo-y-discute-con-daniela-celis-el-quiere\/\">Daniela Celis<\/a><\/strong>.<\/p>\n<h2 class=\"wp-block-heading\">THIAGO MEDINA Y SU RECUPERACI\u00d3N: EL PASO A PASO DE C\u00d3MO SE ENTER\u00d3 DE TODO<\/h2>\n<p>En una entrevista que dio Pesta\u00f1ela en <em>Cort\u00e1 por Lozano<\/em>, habl\u00f3 de todo. La ex pareja de Medina, que desde hace unos d\u00edas enfrenta algunos posibles rumores de reconciliaci\u00f3n, cont\u00f3 que el pap\u00e1 de su hijas hoy cuenta con apoyo psicol\u00f3gico para procesar lo que vivi\u00f3.<\/p>\n<div class=\"mt-box \">\n<h4 class=\"mt-heading\">Mir\u00e1 Tambi\u00e9n<\/h4>\n<p><a href=\"https:\/\/www.paparazzi.com.ar\/teve\/confirmaron-la-noticia-mas-fuerte-de-thiago-medina-a-24-dias-de-su-accidente-se-acabo\/\"><\/p>\n<div class=\"mt-content\">\n<div class=\"mt-image-container\"><img decoding=\"async\" src=\"https:\/\/www.paparazzi.com.ar\/wp-content\/uploads\/2025\/10\/Llanto-y-felicidad-Thiago-Medina-y-la-noticia-mas-hermosa-que-anuncio-su-familia-359x226.jpg\" alt=\"Confirmaron la noticia m\u00e1s fuerte de Thiago Medina a 24 d\u00edas de su accidente: \u201cSe acab\u00f3\u201d\" class=\"mt-image\" loading=\"lazy\" \/><\/div>\n<h5 class=\"mt-title\">Confirmaron la noticia m\u00e1s fuerte de Thiago Medina a 24 d\u00edas de su accidente: \u201cSe acab\u00f3\u201d<\/h5>\n<\/div>\n<p><\/a><\/div>\n<p>\u00ab<em>\u00c9l sabe m\u00e1s o menos lo que le pas\u00f3, pero del accidente no se acuerda nada. Entendemos que el cerebro hace un bloqueo a los traumas o al shock, est\u00e1 con asistencia psicol\u00f3gica<\/em>\u201d, destac\u00f3 Daniela en relaci\u00f3n a c\u00f3mo est\u00e1 Thiago.<\/p>\n<p>Y sobre el cierre de su relato, cont\u00f3 c\u00f3mo est\u00e1n tratando este tema con el joven de 22 a\u00f1os: \u201c<em>No contamos nada que \u00e9l no pregunte, le decimos la verdad pero lo justo y necesario. \u00c9l dice que volvi\u00f3 a nacer, sabe que estuvo grave, que pasaron 23 d\u00edas y que estuvo en un coma inducido<\/em>\u00ab.<\/p>\n<div class=\"mt-box \">\n<h4 class=\"mt-heading\">Mir\u00e1 Tambi\u00e9n<\/h4>\n<p><a href=\"https:\/\/www.paparazzi.com.ar\/teve\/la-durisima-historia-de-vida-de-oliver-quiroz-el-cronista-ganador-de-un-martin-fierro-un-cancer-discriminacion-y-una-crianza-triste\/\"><\/p>\n<div class=\"mt-content\">\n<div class=\"mt-image-container\"><img decoding=\"async\" src=\"https:\/\/www.paparazzi.com.ar\/wp-content\/uploads\/2025\/10\/Oliver-Quiroz-359x226.jpg\" alt=\"La dur\u00edsima historia de vida de Oliver Quiroz, el cronista ganador de un Mart\u00edn Fierro: un c\u00e1ncer, discriminaci\u00f3n y una crianza triste\" class=\"mt-image\" loading=\"lazy\" \/><\/div>\n<h5 class=\"mt-title\">La dur\u00edsima historia de vida de Oliver Quiroz, el cronista ganador de un Mart\u00edn Fierro: un c\u00e1ncer, discriminaci\u00f3n y una crianza triste<\/h5>\n<\/div>\n<p><\/a><\/div>\n<p>The post <a href=\"https:\/\/www.paparazzi.com.ar\/teve\/thiago-medina-presento-una-complicacion-y-los-medicos-evaluan-su-situacion-tiene-mucha\/\">Thiago Medina present\u00f3 una complicaci\u00f3n y los m\u00e9dicos eval\u00faan su situaci\u00f3n: &quot;Tiene mucha\u2026&quot;<\/a> appeared first on <a href=\"https:\/\/www.paparazzi.com.ar\">Revista Paparazzi<\/a>.<\/p>\n","protected":false},"excerpt":{"rendered":"<p>Thiago Medina pas\u00f3 23 d\u00edas internado en terapia intensiva, en donde debi\u00f3 ser sometido a<\/p>\n","protected":false},"author":0,"featured_media":6270,"comment_status":"","ping_status":"","sticky":false,"template":"","format":"standard","meta":{"footnotes":""},"categories":[11],"tags":[],"class_list":["post-6269","post","type-post","status-publish","format-standard","has-post-thumbnail","hentry","category-destacadas"],"yoast_head":"<!-- This site is optimized with the Yoast SEO plugin v28.3 - https:\/\/yoast.com\/product\/yoast-seo-wordpress\/ -->\n<title>Thiago Medina present\u00f3 una complicaci\u00f3n y los m\u00e9dicos eval\u00faan su situaci\u00f3n: &quot;Tiene mucha\u2026&quot; - Fm Gente<\/title>\n<meta name=\"robots\" content=\"index, follow, max-snippet:-1, max-image-preview:large, max-video-preview:-1\" \/>\n<link rel=\"canonical\" href=\"https:\/\/fmgente.com.ar\/web\/thiago-medina-presento-una-complicacion-y-los-medicos-evaluan-su-situacion-tiene-mucha\/\" \/>\n<meta property=\"og:locale\" content=\"es_ES\" \/>\n<meta property=\"og:type\" content=\"article\" \/>\n<meta property=\"og:title\" content=\"Thiago Medina present\u00f3 una complicaci\u00f3n y los m\u00e9dicos eval\u00faan su situaci\u00f3n: &quot;Tiene mucha\u2026&quot; - Fm Gente\" \/>\n<meta property=\"og:description\" content=\"Thiago Medina pas\u00f3 23 d\u00edas internado en terapia intensiva, en donde debi\u00f3 ser sometido a\" \/>\n<meta property=\"og:url\" content=\"https:\/\/fmgente.com.ar\/web\/thiago-medina-presento-una-complicacion-y-los-medicos-evaluan-su-situacion-tiene-mucha\/\" \/>\n<meta property=\"og:site_name\" content=\"Fm Gente\" \/>\n<meta property=\"article:published_time\" content=\"2025-10-07T17:05:35+00:00\" \/>\n<meta property=\"og:image\" content=\"https:\/\/fmgente.com.ar\/web\/wp-content\/uploads\/2025\/10\/Thiago-Medina-Daniela-359x226-2.jpg\" \/>\n\t<meta property=\"og:image:width\" content=\"359\" \/>\n\t<meta property=\"og:image:height\" content=\"226\" \/>\n\t<meta property=\"og:image:type\" content=\"image\/jpeg\" \/>\n<meta name=\"twitter:card\" content=\"summary_large_image\" \/>\n<meta name=\"twitter:label1\" content=\"Tiempo de lectura\" \/>\n\t<meta name=\"twitter:data1\" content=\"2 minutos\" \/>\n<script type=\"application\/ld+json\" class=\"yoast-schema-graph\">{\"@context\":\"https:\\\/\\\/schema.org\",\"@graph\":[{\"@type\":\"Article\",\"@id\":\"https:\\\/\\\/fmgente.com.ar\\\/web\\\/thiago-medina-presento-una-complicacion-y-los-medicos-evaluan-su-situacion-tiene-mucha\\\/#article\",\"isPartOf\":{\"@id\":\"https:\\\/\\\/fmgente.com.ar\\\/web\\\/thiago-medina-presento-una-complicacion-y-los-medicos-evaluan-su-situacion-tiene-mucha\\\/\"},\"author\":{\"name\":\"\",\"@id\":\"\"},\"headline\":\"Thiago Medina present\u00f3 una complicaci\u00f3n y los m\u00e9dicos eval\u00faan su situaci\u00f3n: &quot;Tiene mucha\u2026&quot;\",\"datePublished\":\"2025-10-07T17:05:35+00:00\",\"mainEntityOfPage\":{\"@id\":\"https:\\\/\\\/fmgente.com.ar\\\/web\\\/thiago-medina-presento-una-complicacion-y-los-medicos-evaluan-su-situacion-tiene-mucha\\\/\"},\"wordCount\":468,\"publisher\":{\"@id\":\"https:\\\/\\\/fmgente.com.ar\\\/web\\\/#organization\"},\"image\":{\"@id\":\"https:\\\/\\\/fmgente.com.ar\\\/web\\\/thiago-medina-presento-una-complicacion-y-los-medicos-evaluan-su-situacion-tiene-mucha\\\/#primaryimage\"},\"thumbnailUrl\":\"https:\\\/\\\/fmgente.com.ar\\\/web\\\/wp-content\\\/uploads\\\/2025\\\/10\\\/Thiago-Medina-Daniela-359x226-2.jpg\",\"articleSection\":[\"DESTACADAS\"],\"inLanguage\":\"es\"},{\"@type\":\"WebPage\",\"@id\":\"https:\\\/\\\/fmgente.com.ar\\\/web\\\/thiago-medina-presento-una-complicacion-y-los-medicos-evaluan-su-situacion-tiene-mucha\\\/\",\"url\":\"https:\\\/\\\/fmgente.com.ar\\\/web\\\/thiago-medina-presento-una-complicacion-y-los-medicos-evaluan-su-situacion-tiene-mucha\\\/\",\"name\":\"Thiago Medina present\u00f3 una complicaci\u00f3n y los m\u00e9dicos eval\u00faan su situaci\u00f3n: &quot;Tiene mucha\u2026&quot; - Fm Gente\",\"isPartOf\":{\"@id\":\"https:\\\/\\\/fmgente.com.ar\\\/web\\\/#website\"},\"primaryImageOfPage\":{\"@id\":\"https:\\\/\\\/fmgente.com.ar\\\/web\\\/thiago-medina-presento-una-complicacion-y-los-medicos-evaluan-su-situacion-tiene-mucha\\\/#primaryimage\"},\"image\":{\"@id\":\"https:\\\/\\\/fmgente.com.ar\\\/web\\\/thiago-medina-presento-una-complicacion-y-los-medicos-evaluan-su-situacion-tiene-mucha\\\/#primaryimage\"},\"thumbnailUrl\":\"https:\\\/\\\/fmgente.com.ar\\\/web\\\/wp-content\\\/uploads\\\/2025\\\/10\\\/Thiago-Medina-Daniela-359x226-2.jpg\",\"datePublished\":\"2025-10-07T17:05:35+00:00\",\"inLanguage\":\"es\",\"potentialAction\":[{\"@type\":\"ReadAction\",\"target\":[\"https:\\\/\\\/fmgente.com.ar\\\/web\\\/thiago-medina-presento-una-complicacion-y-los-medicos-evaluan-su-situacion-tiene-mucha\\\/\"]}]},{\"@type\":\"ImageObject\",\"inLanguage\":\"es\",\"@id\":\"https:\\\/\\\/fmgente.com.ar\\\/web\\\/thiago-medina-presento-una-complicacion-y-los-medicos-evaluan-su-situacion-tiene-mucha\\\/#primaryimage\",\"url\":\"https:\\\/\\\/fmgente.com.ar\\\/web\\\/wp-content\\\/uploads\\\/2025\\\/10\\\/Thiago-Medina-Daniela-359x226-2.jpg\",\"contentUrl\":\"https:\\\/\\\/fmgente.com.ar\\\/web\\\/wp-content\\\/uploads\\\/2025\\\/10\\\/Thiago-Medina-Daniela-359x226-2.jpg\",\"width\":359,\"height\":226},{\"@type\":\"WebSite\",\"@id\":\"https:\\\/\\\/fmgente.com.ar\\\/web\\\/#website\",\"url\":\"https:\\\/\\\/fmgente.com.ar\\\/web\\\/\",\"name\":\"Fm Gente\",\"description\":\"- Jes\u00fas Mar\u00eda\",\"publisher\":{\"@id\":\"https:\\\/\\\/fmgente.com.ar\\\/web\\\/#organization\"},\"potentialAction\":[{\"@type\":\"SearchAction\",\"target\":{\"@type\":\"EntryPoint\",\"urlTemplate\":\"https:\\\/\\\/fmgente.com.ar\\\/web\\\/?s={search_term_string}\"},\"query-input\":{\"@type\":\"PropertyValueSpecification\",\"valueRequired\":true,\"valueName\":\"search_term_string\"}}],\"inLanguage\":\"es\"},{\"@type\":\"Organization\",\"@id\":\"https:\\\/\\\/fmgente.com.ar\\\/web\\\/#organization\",\"name\":\"Fm Gente\",\"url\":\"https:\\\/\\\/fmgente.com.ar\\\/web\\\/\",\"logo\":{\"@type\":\"ImageObject\",\"inLanguage\":\"es\",\"@id\":\"https:\\\/\\\/fmgente.com.ar\\\/web\\\/#\\\/schema\\\/logo\\\/image\\\/\",\"url\":\"https:\\\/\\\/fmgente.com.ar\\\/web\\\/wp-content\\\/uploads\\\/2023\\\/07\\\/cropped-cropped-logo-sombra2.png\",\"contentUrl\":\"https:\\\/\\\/fmgente.com.ar\\\/web\\\/wp-content\\\/uploads\\\/2023\\\/07\\\/cropped-cropped-logo-sombra2.png\",\"width\":1782,\"height\":1782,\"caption\":\"Fm Gente\"},\"image\":{\"@id\":\"https:\\\/\\\/fmgente.com.ar\\\/web\\\/#\\\/schema\\\/logo\\\/image\\\/\"}}]}<\/script>\n<!-- \/ Yoast SEO plugin. -->","yoast_head_json":{"title":"Thiago Medina present\u00f3 una complicaci\u00f3n y los m\u00e9dicos eval\u00faan su situaci\u00f3n: &quot;Tiene mucha\u2026&quot; - Fm Gente","robots":{"index":"index","follow":"follow","max-snippet":"max-snippet:-1","max-image-preview":"max-image-preview:large","max-video-preview":"max-video-preview:-1"},"canonical":"https:\/\/fmgente.com.ar\/web\/thiago-medina-presento-una-complicacion-y-los-medicos-evaluan-su-situacion-tiene-mucha\/","og_locale":"es_ES","og_type":"article","og_title":"Thiago Medina present\u00f3 una complicaci\u00f3n y los m\u00e9dicos eval\u00faan su situaci\u00f3n: &quot;Tiene mucha\u2026&quot; - Fm Gente","og_description":"Thiago Medina pas\u00f3 23 d\u00edas internado en terapia intensiva, en donde debi\u00f3 ser sometido a","og_url":"https:\/\/fmgente.com.ar\/web\/thiago-medina-presento-una-complicacion-y-los-medicos-evaluan-su-situacion-tiene-mucha\/","og_site_name":"Fm Gente","article_published_time":"2025-10-07T17:05:35+00:00","og_image":[{"width":359,"height":226,"url":"https:\/\/fmgente.com.ar\/web\/wp-content\/uploads\/2025\/10\/Thiago-Medina-Daniela-359x226-2.jpg","type":"image\/jpeg"}],"twitter_card":"summary_large_image","twitter_misc":{"Tiempo de lectura":"2 minutos"},"schema":{"@context":"https:\/\/schema.org","@graph":[{"@type":"Article","@id":"https:\/\/fmgente.com.ar\/web\/thiago-medina-presento-una-complicacion-y-los-medicos-evaluan-su-situacion-tiene-mucha\/#article","isPartOf":{"@id":"https:\/\/fmgente.com.ar\/web\/thiago-medina-presento-una-complicacion-y-los-medicos-evaluan-su-situacion-tiene-mucha\/"},"author":{"name":"","@id":""},"headline":"Thiago Medina present\u00f3 una complicaci\u00f3n y los m\u00e9dicos eval\u00faan su situaci\u00f3n: &quot;Tiene mucha\u2026&quot;","datePublished":"2025-10-07T17:05:35+00:00","mainEntityOfPage":{"@id":"https:\/\/fmgente.com.ar\/web\/thiago-medina-presento-una-complicacion-y-los-medicos-evaluan-su-situacion-tiene-mucha\/"},"wordCount":468,"publisher":{"@id":"https:\/\/fmgente.com.ar\/web\/#organization"},"image":{"@id":"https:\/\/fmgente.com.ar\/web\/thiago-medina-presento-una-complicacion-y-los-medicos-evaluan-su-situacion-tiene-mucha\/#primaryimage"},"thumbnailUrl":"https:\/\/fmgente.com.ar\/web\/wp-content\/uploads\/2025\/10\/Thiago-Medina-Daniela-359x226-2.jpg","articleSection":["DESTACADAS"],"inLanguage":"es"},{"@type":"WebPage","@id":"https:\/\/fmgente.com.ar\/web\/thiago-medina-presento-una-complicacion-y-los-medicos-evaluan-su-situacion-tiene-mucha\/","url":"https:\/\/fmgente.com.ar\/web\/thiago-medina-presento-una-complicacion-y-los-medicos-evaluan-su-situacion-tiene-mucha\/","name":"Thiago Medina present\u00f3 una complicaci\u00f3n y los m\u00e9dicos eval\u00faan su situaci\u00f3n: &quot;Tiene mucha\u2026&quot; - Fm Gente","isPartOf":{"@id":"https:\/\/fmgente.com.ar\/web\/#website"},"primaryImageOfPage":{"@id":"https:\/\/fmgente.com.ar\/web\/thiago-medina-presento-una-complicacion-y-los-medicos-evaluan-su-situacion-tiene-mucha\/#primaryimage"},"image":{"@id":"https:\/\/fmgente.com.ar\/web\/thiago-medina-presento-una-complicacion-y-los-medicos-evaluan-su-situacion-tiene-mucha\/#primaryimage"},"thumbnailUrl":"https:\/\/fmgente.com.ar\/web\/wp-content\/uploads\/2025\/10\/Thiago-Medina-Daniela-359x226-2.jpg","datePublished":"2025-10-07T17:05:35+00:00","inLanguage":"es","potentialAction":[{"@type":"ReadAction","target":["https:\/\/fmgente.com.ar\/web\/thiago-medina-presento-una-complicacion-y-los-medicos-evaluan-su-situacion-tiene-mucha\/"]}]},{"@type":"ImageObject","inLanguage":"es","@id":"https:\/\/fmgente.com.ar\/web\/thiago-medina-presento-una-complicacion-y-los-medicos-evaluan-su-situacion-tiene-mucha\/#primaryimage","url":"https:\/\/fmgente.com.ar\/web\/wp-content\/uploads\/2025\/10\/Thiago-Medina-Daniela-359x226-2.jpg","contentUrl":"https:\/\/fmgente.com.ar\/web\/wp-content\/uploads\/2025\/10\/Thiago-Medina-Daniela-359x226-2.jpg","width":359,"height":226},{"@type":"WebSite","@id":"https:\/\/fmgente.com.ar\/web\/#website","url":"https:\/\/fmgente.com.ar\/web\/","name":"Fm Gente","description":"- Jes\u00fas Mar\u00eda","publisher":{"@id":"https:\/\/fmgente.com.ar\/web\/#organization"},"potentialAction":[{"@type":"SearchAction","target":{"@type":"EntryPoint","urlTemplate":"https:\/\/fmgente.com.ar\/web\/?s={search_term_string}"},"query-input":{"@type":"PropertyValueSpecification","valueRequired":true,"valueName":"search_term_string"}}],"inLanguage":"es"},{"@type":"Organization","@id":"https:\/\/fmgente.com.ar\/web\/#organization","name":"Fm Gente","url":"https:\/\/fmgente.com.ar\/web\/","logo":{"@type":"ImageObject","inLanguage":"es","@id":"https:\/\/fmgente.com.ar\/web\/#\/schema\/logo\/image\/","url":"https:\/\/fmgente.com.ar\/web\/wp-content\/uploads\/2023\/07\/cropped-cropped-logo-sombra2.png","contentUrl":"https:\/\/fmgente.com.ar\/web\/wp-content\/uploads\/2023\/07\/cropped-cropped-logo-sombra2.png","width":1782,"height":1782,"caption":"Fm Gente"},"image":{"@id":"https:\/\/fmgente.com.ar\/web\/#\/schema\/logo\/image\/"}}]}},"_links":{"self":[{"href":"https:\/\/fmgente.com.ar\/web\/wp-json\/wp\/v2\/posts\/6269","targetHints":{"allow":["GET"]}}],"collection":[{"href":"https:\/\/fmgente.com.ar\/web\/wp-json\/wp\/v2\/posts"}],"about":[{"href":"https:\/\/fmgente.com.ar\/web\/wp-json\/wp\/v2\/types\/post"}],"replies":[{"embeddable":true,"href":"https:\/\/fmgente.com.ar\/web\/wp-json\/wp\/v2\/comments?post=6269"}],"version-history":[{"count":0,"href":"https:\/\/fmgente.com.ar\/web\/wp-json\/wp\/v2\/posts\/6269\/revisions"}],"wp:featuredmedia":[{"embeddable":true,"href":"https:\/\/fmgente.com.ar\/web\/wp-json\/wp\/v2\/media\/6270"}],"wp:attachment":[{"href":"https:\/\/fmgente.com.ar\/web\/wp-json\/wp\/v2\/media?parent=6269"}],"wp:term":[{"taxonomy":"category","embeddable":true,"href":"https:\/\/fmgente.com.ar\/web\/wp-json\/wp\/v2\/categories?post=6269"},{"taxonomy":"post_tag","embeddable":true,"href":"https:\/\/fmgente.com.ar\/web\/wp-json\/wp\/v2\/tags?post=6269"}],"curies":[{"name":"wp","href":"https:\/\/api.w.org\/{rel}","templated":true}]}}