{"id":6267,"date":"2025-10-07T14:05:34","date_gmt":"2025-10-07T17:05:34","guid":{"rendered":"https:\/\/fmgente.com.ar\/implacable-la-actitud-de-pampita-tras-la-guerra-que-le-declaro-la-china-suarez\/"},"modified":"2025-10-07T14:05:34","modified_gmt":"2025-10-07T17:05:34","slug":"implacable-la-actitud-de-pampita-tras-la-guerra-que-le-declaro-la-china-suarez","status":"publish","type":"post","link":"https:\/\/fmgente.com.ar\/web\/implacable-la-actitud-de-pampita-tras-la-guerra-que-le-declaro-la-china-suarez\/","title":{"rendered":"\u00a1Implacable! La actitud de Pampita tras la guerra que le declar\u00f3 la China Su\u00e1rez"},"content":{"rendered":"<p>Si bien hace menos de un a\u00f1o <strong>Pampita <\/strong>y la <strong>China Su\u00e1rez<\/strong> aparecieron a los abrazos y sonrisas en un evento, se sabe que las dos est\u00e1n m\u00e1s lejos que nunca. Y en los \u00faltimos tiempos, la brecha entre <a href=\"https:\/\/www.paparazzi.com.ar\/tag\/pampita\/\">Pampa <\/a>y la <a href=\"https:\/\/www.paparazzi.com.ar\/tag\/china-suarez\/\">China <\/a>se ahond\u00f3 de manera fatal. Y en medio de su vida so\u00f1ada en Turqu\u00eda, la actriz decidi\u00f3 cortar de cuajo: dej\u00f3 de seguirla en IG.\u00a0<\/p>\n<p>Harta de ver la sonrisa perfecta de <a href=\"https:\/\/www.paparazzi.com.ar\/teve\/pampita-se-metio-en-el-escandalo-de-wanda-nara-y-maxi-lopez-con-mauro-icardi\/\">Pampita<\/a>, la elegida de <strong>Carolina Herrera<\/strong> para ser su embajadora, rol que antes ten\u00eda ella, la <a href=\"https:\/\/www.paparazzi.com.ar\/romances\/mauro-icardi-y-la-china-suarez-dejaron-turquia-las-fotos-que-confirman-su-nuevo-destino\/\">China <\/a>le dio \u201c<em>unfollow<\/em>\u201d a la mam\u00e1 de los hermanos de sus hijos <strong>Magnolia <\/strong>y <strong>Amancio<\/strong>,<strong> <\/strong>quien m\u00e1s de una vez cuida a sus chicos.\u00a0<\/p>\n<p>\u00bfY qu\u00e9 hizo Pampa? Ni se mosque\u00f3. La modelo demostr\u00f3 que est\u00e1 m\u00e1s all\u00e1 de todo y dej\u00f3 en claro que nada le importan estos arranques de <strong>Sangre Japonesa<\/strong>. Tal como descubri\u00f3 <strong>Juariu<\/strong>, la conductora de <strong>Los 8 Escalones <\/strong>todav\u00eda la sigue en Instagram. No solo a ella, tambi\u00e9n a todos los personajes de la trama delirante del <strong>WandaGate<\/strong>.<\/p>\n<div class=\"mt-box \">\n<h4 class=\"mt-heading\">Mir\u00e1 Tambi\u00e9n<\/h4>\n<p><a href=\"https:\/\/www.paparazzi.com.ar\/teve\/la-china-suarez-corto-todo-vinculo-con-pampita-y-le-declaro-la-guerra-con-una-polemica-actitud\/\"><\/p>\n<div class=\"mt-content\">\n<div class=\"mt-image-container\"><img decoding=\"async\" src=\"https:\/\/www.paparazzi.com.ar\/wp-content\/uploads\/2025\/10\/China-Suarez-Pampita-359x226.jpg\" alt=\"La China Su\u00e1rez cort\u00f3 todo v\u00ednculo con Pampita y le declar\u00f3 la guerra con una pol\u00e9mica actitud\" class=\"mt-image\" loading=\"lazy\" \/><\/div>\n<h5 class=\"mt-title\">La China Su\u00e1rez cort\u00f3 todo v\u00ednculo con Pampita y le declar\u00f3 la guerra con una pol\u00e9mica actitud<\/h5>\n<\/div>\n<p><\/a><\/div>\n<p><em>\u201cSigue a todos sin asco. La amo. Est\u00e1 m\u00e1s all\u00e1. Dentro de poco te lo sigue a Migueles tambi\u00e9n\u201d<\/em>, opin\u00f3 <strong>Pochi <\/strong>de <strong>Gossipeame <\/strong>en referencia a Mart\u00edn Migueles, el nuevo novio de Wanda Nara, al ver que Pampa est\u00e1 al tanto de las publicaciones de <strong>Wan<\/strong>, la China, <strong>Mauro Icardi<\/strong>, tan importantes para ella como <strong>Gachi <\/strong>y <strong>Pachi <\/strong>y cualquier hijo del vecino.\u00a0<\/p>\n<figure class=\"wp-block-image size-full\"><img decoding=\"async\" width=\"435\" height=\"786\" src=\"https:\/\/www.paparazzi.com.ar\/wp-content\/uploads\/2025\/10\/pampit.png.webp\" loading=\"lazy\" alt=\"\" class=\"wp-image-446743\" \/><\/figure>\n<h2 class=\"wp-block-heading\">LOS PALOS SUTILES DE PAMPITA A LA CHINA SU\u00c1REZ<\/h2>\n<p><a href=\"https:\/\/www.paparazzi.com.ar\/teve\/el-album-de-fotos-de-pampita-y-sus-hijos-de-vacaciones-en-central-park-nueva-york\/\">Pampita <\/a>es muy correcta y nunca va a salir a hablar mal de la China Su\u00e1rez cuando le ponen un micr\u00f3fono. Lo que s\u00ed hizo Pampa, y mucho, fue diferenciarse radicalmente de la medi\u00e1tica a la hora de contar c\u00f3mo se maneja con sus hijos y los padres de ellos. Un tema candente que muchos problemas le est\u00e1 trayendo a la China con Benjam\u00edn Vicu\u00f1a.<\/p>\n<p><em>\u00abViaj\u00e9 por mi carrera y por asuntos personales, y siempre me organic\u00e9 con los padres de mis hijos. Cuando yo viajo, se quedan con sus pap\u00e1s. Tienen todos mis hijos a sus pap\u00e1s vivos. As\u00ed que la verdad que nos organizamos, y si ellos tienen que viajar tambi\u00e9n es as\u00ed. Es muy simple. Si uno tiene contacto directo y se habla por tel\u00e9fono, las cosas se pueden organizar. Muy simple, las cosas se pueden organizar<\/em>\u201d, sostuvo .<\/p>\n<div class=\"mt-box \">\n<h4 class=\"mt-heading\">Mir\u00e1 Tambi\u00e9n<\/h4>\n<p><a href=\"https:\/\/www.paparazzi.com.ar\/teve\/la-horrible-traicion-que-sufrio-la-china-suarez-en-pleno-romance-con-mauro-icardi\/\"><\/p>\n<div class=\"mt-content\">\n<div class=\"mt-image-container\"><img decoding=\"async\" src=\"https:\/\/www.paparazzi.com.ar\/wp-content\/uploads\/2025\/10\/china-suarez-1-359x226.jpg\" alt=\"La horrible traici\u00f3n que sufri\u00f3 la China Su\u00e1rez en pleno romance con Mauro Icardi\" class=\"mt-image\" loading=\"lazy\" \/><\/div>\n<h5 class=\"mt-title\">La horrible traici\u00f3n que sufri\u00f3 la China Su\u00e1rez en pleno romance con Mauro Icardi<\/h5>\n<\/div>\n<p><\/a><\/div>\n<p><em>\u201cCreo que aprendemos todo el tiempo y ojal\u00e1 demos nuestra mejor versi\u00f3n. Somos los adultos ac\u00e1 y hay que priorizar a los chicos. Tambi\u00e9n hay que cuidar la cabeza de los chicos, eso es lo que nos corresponde como adultos. Yo hablo todos los d\u00edas con los dos padres de mis hijos, como corresponde<\/em>\u201d, cerr\u00f3.<\/p>\n<div class=\"mt-box \">\n<h4 class=\"mt-heading\">Mir\u00e1 Tambi\u00e9n<\/h4>\n<p><a href=\"https:\/\/www.paparazzi.com.ar\/teve\/juana-repetto-confeso-el-drama-que-sufre-con-su-cuerpo-mientras-avanza-su-tercer-embarazo-sufro\/\"><\/p>\n<div class=\"mt-content\">\n<div class=\"mt-image-container\"><img decoding=\"async\" src=\"https:\/\/www.paparazzi.com.ar\/wp-content\/uploads\/2025\/09\/juana-repetto-4.jpg.webp\" alt=\"Juana Repetto confes\u00f3 el drama que sufre con su cuerpo mientras avanza su tercer embarazo: \u201cSufro\u201d\" class=\"mt-image\" loading=\"lazy\" \/><\/div>\n<h5 class=\"mt-title\">Juana Repetto confes\u00f3 el drama que sufre con su cuerpo mientras avanza su tercer embarazo: \u201cSufro\u201d<\/h5>\n<\/div>\n<p><\/a><\/div>\n<div class=\"mt-box \">\n<h4 class=\"mt-heading\">Mir\u00e1 Tambi\u00e9n<\/h4>\n<p><a href=\"https:\/\/www.paparazzi.com.ar\/romances\/conmovedor-daniela-celis-revelo-la-vocacion-que-descubrio-thiago-medina-estando-en-coma-son-7-anos-quiere-ser\/\"><\/p>\n<div class=\"mt-content\">\n<div class=\"mt-image-container\"><img decoding=\"async\" src=\"https:\/\/www.paparazzi.com.ar\/wp-content\/uploads\/2025\/10\/Daniela-Thiago-1-359x226.jpg\" alt=\"\u00a1Conmovedor! Daniela Celis revel\u00f3 la vocaci\u00f3n que descubri\u00f3 Thiago Medina estando en coma: &quot;Son 7 a\u00f1os, quiere ser...&quot;\" class=\"mt-image\" loading=\"lazy\" \/><\/div>\n<h5 class=\"mt-title\">\u00a1Conmovedor! Daniela Celis revel\u00f3 la vocaci\u00f3n que descubri\u00f3 Thiago Medina estando en coma: \u00abSon 7 a\u00f1os, quiere ser&#8230;\u00bb<\/h5>\n<\/div>\n<p><\/a><\/div>\n<p>The post <a href=\"https:\/\/www.paparazzi.com.ar\/teve\/implacable-la-actitud-de-pampita-tras-la-guerra-que-le-declaro-la-china-suarez\/\">\u00a1Implacable! La actitud de Pampita tras la guerra que le declar\u00f3 la China Su\u00e1rez<\/a> appeared first on <a href=\"https:\/\/www.paparazzi.com.ar\">Revista Paparazzi<\/a>.<\/p>\n","protected":false},"excerpt":{"rendered":"<p>Si bien hace menos de un a\u00f1o Pampita y la China Su\u00e1rez aparecieron a los<\/p>\n","protected":false},"author":0,"featured_media":6268,"comment_status":"","ping_status":"","sticky":false,"template":"","format":"standard","meta":{"footnotes":""},"categories":[11],"tags":[],"class_list":["post-6267","post","type-post","status-publish","format-standard","has-post-thumbnail","hentry","category-destacadas"],"yoast_head":"<!-- This site is optimized with the Yoast SEO plugin v28.3 - https:\/\/yoast.com\/product\/yoast-seo-wordpress\/ -->\n<title>\u00a1Implacable! La actitud de Pampita tras la guerra que le declar\u00f3 la China Su\u00e1rez - Fm Gente<\/title>\n<meta name=\"robots\" content=\"index, follow, max-snippet:-1, max-image-preview:large, max-video-preview:-1\" \/>\n<link rel=\"canonical\" href=\"https:\/\/fmgente.com.ar\/web\/implacable-la-actitud-de-pampita-tras-la-guerra-que-le-declaro-la-china-suarez\/\" \/>\n<meta property=\"og:locale\" content=\"es_ES\" \/>\n<meta property=\"og:type\" content=\"article\" \/>\n<meta property=\"og:title\" content=\"\u00a1Implacable! La actitud de Pampita tras la guerra que le declar\u00f3 la China Su\u00e1rez - Fm Gente\" \/>\n<meta property=\"og:description\" content=\"Si bien hace menos de un a\u00f1o Pampita y la China Su\u00e1rez aparecieron a los\" \/>\n<meta property=\"og:url\" content=\"https:\/\/fmgente.com.ar\/web\/implacable-la-actitud-de-pampita-tras-la-guerra-que-le-declaro-la-china-suarez\/\" \/>\n<meta property=\"og:site_name\" content=\"Fm Gente\" \/>\n<meta property=\"article:published_time\" content=\"2025-10-07T17:05:34+00:00\" \/>\n<meta property=\"og:image\" content=\"https:\/\/fmgente.com.ar\/web\/wp-content\/uploads\/2025\/10\/China-Suarez-Pampita-359x226-1.jpg\" \/>\n\t<meta property=\"og:image:width\" content=\"359\" \/>\n\t<meta property=\"og:image:height\" content=\"226\" \/>\n\t<meta property=\"og:image:type\" content=\"image\/jpeg\" \/>\n<meta name=\"twitter:card\" content=\"summary_large_image\" \/>\n<meta name=\"twitter:label1\" content=\"Tiempo de lectura\" \/>\n\t<meta name=\"twitter:data1\" content=\"3 minutos\" \/>\n<script type=\"application\/ld+json\" class=\"yoast-schema-graph\">{\"@context\":\"https:\\\/\\\/schema.org\",\"@graph\":[{\"@type\":\"Article\",\"@id\":\"https:\\\/\\\/fmgente.com.ar\\\/web\\\/implacable-la-actitud-de-pampita-tras-la-guerra-que-le-declaro-la-china-suarez\\\/#article\",\"isPartOf\":{\"@id\":\"https:\\\/\\\/fmgente.com.ar\\\/web\\\/implacable-la-actitud-de-pampita-tras-la-guerra-que-le-declaro-la-china-suarez\\\/\"},\"author\":{\"name\":\"\",\"@id\":\"\"},\"headline\":\"\u00a1Implacable! La actitud de Pampita tras la guerra que le declar\u00f3 la China Su\u00e1rez\",\"datePublished\":\"2025-10-07T17:05:34+00:00\",\"mainEntityOfPage\":{\"@id\":\"https:\\\/\\\/fmgente.com.ar\\\/web\\\/implacable-la-actitud-de-pampita-tras-la-guerra-que-le-declaro-la-china-suarez\\\/\"},\"wordCount\":590,\"publisher\":{\"@id\":\"https:\\\/\\\/fmgente.com.ar\\\/web\\\/#organization\"},\"image\":{\"@id\":\"https:\\\/\\\/fmgente.com.ar\\\/web\\\/implacable-la-actitud-de-pampita-tras-la-guerra-que-le-declaro-la-china-suarez\\\/#primaryimage\"},\"thumbnailUrl\":\"https:\\\/\\\/fmgente.com.ar\\\/web\\\/wp-content\\\/uploads\\\/2025\\\/10\\\/China-Suarez-Pampita-359x226-1.jpg\",\"articleSection\":[\"DESTACADAS\"],\"inLanguage\":\"es\"},{\"@type\":\"WebPage\",\"@id\":\"https:\\\/\\\/fmgente.com.ar\\\/web\\\/implacable-la-actitud-de-pampita-tras-la-guerra-que-le-declaro-la-china-suarez\\\/\",\"url\":\"https:\\\/\\\/fmgente.com.ar\\\/web\\\/implacable-la-actitud-de-pampita-tras-la-guerra-que-le-declaro-la-china-suarez\\\/\",\"name\":\"\u00a1Implacable! La actitud de Pampita tras la guerra que le declar\u00f3 la China Su\u00e1rez - Fm Gente\",\"isPartOf\":{\"@id\":\"https:\\\/\\\/fmgente.com.ar\\\/web\\\/#website\"},\"primaryImageOfPage\":{\"@id\":\"https:\\\/\\\/fmgente.com.ar\\\/web\\\/implacable-la-actitud-de-pampita-tras-la-guerra-que-le-declaro-la-china-suarez\\\/#primaryimage\"},\"image\":{\"@id\":\"https:\\\/\\\/fmgente.com.ar\\\/web\\\/implacable-la-actitud-de-pampita-tras-la-guerra-que-le-declaro-la-china-suarez\\\/#primaryimage\"},\"thumbnailUrl\":\"https:\\\/\\\/fmgente.com.ar\\\/web\\\/wp-content\\\/uploads\\\/2025\\\/10\\\/China-Suarez-Pampita-359x226-1.jpg\",\"datePublished\":\"2025-10-07T17:05:34+00:00\",\"inLanguage\":\"es\",\"potentialAction\":[{\"@type\":\"ReadAction\",\"target\":[\"https:\\\/\\\/fmgente.com.ar\\\/web\\\/implacable-la-actitud-de-pampita-tras-la-guerra-que-le-declaro-la-china-suarez\\\/\"]}]},{\"@type\":\"ImageObject\",\"inLanguage\":\"es\",\"@id\":\"https:\\\/\\\/fmgente.com.ar\\\/web\\\/implacable-la-actitud-de-pampita-tras-la-guerra-que-le-declaro-la-china-suarez\\\/#primaryimage\",\"url\":\"https:\\\/\\\/fmgente.com.ar\\\/web\\\/wp-content\\\/uploads\\\/2025\\\/10\\\/China-Suarez-Pampita-359x226-1.jpg\",\"contentUrl\":\"https:\\\/\\\/fmgente.com.ar\\\/web\\\/wp-content\\\/uploads\\\/2025\\\/10\\\/China-Suarez-Pampita-359x226-1.jpg\",\"width\":359,\"height\":226},{\"@type\":\"WebSite\",\"@id\":\"https:\\\/\\\/fmgente.com.ar\\\/web\\\/#website\",\"url\":\"https:\\\/\\\/fmgente.com.ar\\\/web\\\/\",\"name\":\"Fm Gente\",\"description\":\"- Jes\u00fas Mar\u00eda\",\"publisher\":{\"@id\":\"https:\\\/\\\/fmgente.com.ar\\\/web\\\/#organization\"},\"potentialAction\":[{\"@type\":\"SearchAction\",\"target\":{\"@type\":\"EntryPoint\",\"urlTemplate\":\"https:\\\/\\\/fmgente.com.ar\\\/web\\\/?s={search_term_string}\"},\"query-input\":{\"@type\":\"PropertyValueSpecification\",\"valueRequired\":true,\"valueName\":\"search_term_string\"}}],\"inLanguage\":\"es\"},{\"@type\":\"Organization\",\"@id\":\"https:\\\/\\\/fmgente.com.ar\\\/web\\\/#organization\",\"name\":\"Fm Gente\",\"url\":\"https:\\\/\\\/fmgente.com.ar\\\/web\\\/\",\"logo\":{\"@type\":\"ImageObject\",\"inLanguage\":\"es\",\"@id\":\"https:\\\/\\\/fmgente.com.ar\\\/web\\\/#\\\/schema\\\/logo\\\/image\\\/\",\"url\":\"https:\\\/\\\/fmgente.com.ar\\\/web\\\/wp-content\\\/uploads\\\/2023\\\/07\\\/cropped-cropped-logo-sombra2.png\",\"contentUrl\":\"https:\\\/\\\/fmgente.com.ar\\\/web\\\/wp-content\\\/uploads\\\/2023\\\/07\\\/cropped-cropped-logo-sombra2.png\",\"width\":1782,\"height\":1782,\"caption\":\"Fm Gente\"},\"image\":{\"@id\":\"https:\\\/\\\/fmgente.com.ar\\\/web\\\/#\\\/schema\\\/logo\\\/image\\\/\"}}]}<\/script>\n<!-- \/ Yoast SEO plugin. -->","yoast_head_json":{"title":"\u00a1Implacable! La actitud de Pampita tras la guerra que le declar\u00f3 la China Su\u00e1rez - Fm Gente","robots":{"index":"index","follow":"follow","max-snippet":"max-snippet:-1","max-image-preview":"max-image-preview:large","max-video-preview":"max-video-preview:-1"},"canonical":"https:\/\/fmgente.com.ar\/web\/implacable-la-actitud-de-pampita-tras-la-guerra-que-le-declaro-la-china-suarez\/","og_locale":"es_ES","og_type":"article","og_title":"\u00a1Implacable! La actitud de Pampita tras la guerra que le declar\u00f3 la China Su\u00e1rez - Fm Gente","og_description":"Si bien hace menos de un a\u00f1o Pampita y la China Su\u00e1rez aparecieron a los","og_url":"https:\/\/fmgente.com.ar\/web\/implacable-la-actitud-de-pampita-tras-la-guerra-que-le-declaro-la-china-suarez\/","og_site_name":"Fm Gente","article_published_time":"2025-10-07T17:05:34+00:00","og_image":[{"width":359,"height":226,"url":"https:\/\/fmgente.com.ar\/web\/wp-content\/uploads\/2025\/10\/China-Suarez-Pampita-359x226-1.jpg","type":"image\/jpeg"}],"twitter_card":"summary_large_image","twitter_misc":{"Tiempo de lectura":"3 minutos"},"schema":{"@context":"https:\/\/schema.org","@graph":[{"@type":"Article","@id":"https:\/\/fmgente.com.ar\/web\/implacable-la-actitud-de-pampita-tras-la-guerra-que-le-declaro-la-china-suarez\/#article","isPartOf":{"@id":"https:\/\/fmgente.com.ar\/web\/implacable-la-actitud-de-pampita-tras-la-guerra-que-le-declaro-la-china-suarez\/"},"author":{"name":"","@id":""},"headline":"\u00a1Implacable! La actitud de Pampita tras la guerra que le declar\u00f3 la China Su\u00e1rez","datePublished":"2025-10-07T17:05:34+00:00","mainEntityOfPage":{"@id":"https:\/\/fmgente.com.ar\/web\/implacable-la-actitud-de-pampita-tras-la-guerra-que-le-declaro-la-china-suarez\/"},"wordCount":590,"publisher":{"@id":"https:\/\/fmgente.com.ar\/web\/#organization"},"image":{"@id":"https:\/\/fmgente.com.ar\/web\/implacable-la-actitud-de-pampita-tras-la-guerra-que-le-declaro-la-china-suarez\/#primaryimage"},"thumbnailUrl":"https:\/\/fmgente.com.ar\/web\/wp-content\/uploads\/2025\/10\/China-Suarez-Pampita-359x226-1.jpg","articleSection":["DESTACADAS"],"inLanguage":"es"},{"@type":"WebPage","@id":"https:\/\/fmgente.com.ar\/web\/implacable-la-actitud-de-pampita-tras-la-guerra-que-le-declaro-la-china-suarez\/","url":"https:\/\/fmgente.com.ar\/web\/implacable-la-actitud-de-pampita-tras-la-guerra-que-le-declaro-la-china-suarez\/","name":"\u00a1Implacable! La actitud de Pampita tras la guerra que le declar\u00f3 la China Su\u00e1rez - Fm Gente","isPartOf":{"@id":"https:\/\/fmgente.com.ar\/web\/#website"},"primaryImageOfPage":{"@id":"https:\/\/fmgente.com.ar\/web\/implacable-la-actitud-de-pampita-tras-la-guerra-que-le-declaro-la-china-suarez\/#primaryimage"},"image":{"@id":"https:\/\/fmgente.com.ar\/web\/implacable-la-actitud-de-pampita-tras-la-guerra-que-le-declaro-la-china-suarez\/#primaryimage"},"thumbnailUrl":"https:\/\/fmgente.com.ar\/web\/wp-content\/uploads\/2025\/10\/China-Suarez-Pampita-359x226-1.jpg","datePublished":"2025-10-07T17:05:34+00:00","inLanguage":"es","potentialAction":[{"@type":"ReadAction","target":["https:\/\/fmgente.com.ar\/web\/implacable-la-actitud-de-pampita-tras-la-guerra-que-le-declaro-la-china-suarez\/"]}]},{"@type":"ImageObject","inLanguage":"es","@id":"https:\/\/fmgente.com.ar\/web\/implacable-la-actitud-de-pampita-tras-la-guerra-que-le-declaro-la-china-suarez\/#primaryimage","url":"https:\/\/fmgente.com.ar\/web\/wp-content\/uploads\/2025\/10\/China-Suarez-Pampita-359x226-1.jpg","contentUrl":"https:\/\/fmgente.com.ar\/web\/wp-content\/uploads\/2025\/10\/China-Suarez-Pampita-359x226-1.jpg","width":359,"height":226},{"@type":"WebSite","@id":"https:\/\/fmgente.com.ar\/web\/#website","url":"https:\/\/fmgente.com.ar\/web\/","name":"Fm Gente","description":"- Jes\u00fas Mar\u00eda","publisher":{"@id":"https:\/\/fmgente.com.ar\/web\/#organization"},"potentialAction":[{"@type":"SearchAction","target":{"@type":"EntryPoint","urlTemplate":"https:\/\/fmgente.com.ar\/web\/?s={search_term_string}"},"query-input":{"@type":"PropertyValueSpecification","valueRequired":true,"valueName":"search_term_string"}}],"inLanguage":"es"},{"@type":"Organization","@id":"https:\/\/fmgente.com.ar\/web\/#organization","name":"Fm Gente","url":"https:\/\/fmgente.com.ar\/web\/","logo":{"@type":"ImageObject","inLanguage":"es","@id":"https:\/\/fmgente.com.ar\/web\/#\/schema\/logo\/image\/","url":"https:\/\/fmgente.com.ar\/web\/wp-content\/uploads\/2023\/07\/cropped-cropped-logo-sombra2.png","contentUrl":"https:\/\/fmgente.com.ar\/web\/wp-content\/uploads\/2023\/07\/cropped-cropped-logo-sombra2.png","width":1782,"height":1782,"caption":"Fm Gente"},"image":{"@id":"https:\/\/fmgente.com.ar\/web\/#\/schema\/logo\/image\/"}}]}},"_links":{"self":[{"href":"https:\/\/fmgente.com.ar\/web\/wp-json\/wp\/v2\/posts\/6267","targetHints":{"allow":["GET"]}}],"collection":[{"href":"https:\/\/fmgente.com.ar\/web\/wp-json\/wp\/v2\/posts"}],"about":[{"href":"https:\/\/fmgente.com.ar\/web\/wp-json\/wp\/v2\/types\/post"}],"replies":[{"embeddable":true,"href":"https:\/\/fmgente.com.ar\/web\/wp-json\/wp\/v2\/comments?post=6267"}],"version-history":[{"count":0,"href":"https:\/\/fmgente.com.ar\/web\/wp-json\/wp\/v2\/posts\/6267\/revisions"}],"wp:featuredmedia":[{"embeddable":true,"href":"https:\/\/fmgente.com.ar\/web\/wp-json\/wp\/v2\/media\/6268"}],"wp:attachment":[{"href":"https:\/\/fmgente.com.ar\/web\/wp-json\/wp\/v2\/media?parent=6267"}],"wp:term":[{"taxonomy":"category","embeddable":true,"href":"https:\/\/fmgente.com.ar\/web\/wp-json\/wp\/v2\/categories?post=6267"},{"taxonomy":"post_tag","embeddable":true,"href":"https:\/\/fmgente.com.ar\/web\/wp-json\/wp\/v2\/tags?post=6267"}],"curies":[{"name":"wp","href":"https:\/\/api.w.org\/{rel}","templated":true}]}}