{"id":6263,"date":"2025-10-07T11:05:16","date_gmt":"2025-10-07T14:05:16","guid":{"rendered":"https:\/\/fmgente.com.ar\/morena-rial-tuvo-una-crisis-de-llanto-en-la-carcel-el-desgarrador-momento-que-vive-por-su-hijo-de-un-ano\/"},"modified":"2025-10-07T11:05:16","modified_gmt":"2025-10-07T14:05:16","slug":"morena-rial-tuvo-una-crisis-de-llanto-en-la-carcel-el-desgarrador-momento-que-vive-por-su-hijo-de-un-ano","status":"publish","type":"post","link":"https:\/\/fmgente.com.ar\/web\/morena-rial-tuvo-una-crisis-de-llanto-en-la-carcel-el-desgarrador-momento-que-vive-por-su-hijo-de-un-ano\/","title":{"rendered":"Morena Rial tuvo una crisis de llanto en la c\u00e1rcel: el desgarrador momento que vive por su hijo de un a\u00f1o"},"content":{"rendered":"<p>Son d\u00edas duros y tristes para <strong>Morena Rial<\/strong>, que la semana pasada fue trasladada a la c\u00e1rcel de Magdalena por incumplir con las condiciones que le hab\u00edan impuesto para el beneficio de la excarcelaci\u00f3n, en marzo de este a\u00f1o. Las horas pasan y para <a href=\"https:\/\/www.paparazzi.com.ar\/tag\/morena-rial\/\">Morena<\/a>, en medio del infierno que est\u00e1 viviendo hay apenas una luz: su hijo <strong>Amadeo<\/strong>.<\/p>\n<p>Lo cierto es que Amadeo cumpli\u00f3 su primer a\u00f1o este lunes 6 de octubre y Morena no pudo abrazarlo ni llenarlo de besos. Lo que s\u00ed pudo hacer fue, gracias a su amigo, el abogado<strong> Alejandro Cipolla<\/strong>, al menos verlo por medio de una pantalla.<\/p>\n<p>Por medio de las gestiones que realiz\u00f3 Cipolla, el juez autorizado que la hija de <strong>Jorge Rial<\/strong> salude a Amadeo el d\u00eda de su cumplea\u00f1os por medio de una videollamada. Un encuentro que se habr\u00eda concretado en alg\u00fan momento de la tarde del lunes, quebrando de emoci\u00f3n a <a href=\"https:\/\/www.paparazzi.com.ar\/teve\/morena-rial-vive-su-peor-momento-desde-la-carcel-tiene-problemas-psiquiatricos-es-autodestructiva-y\/\">Morena<\/a>, mientras su abogado intenta que le otorguen la prisi\u00f3n domiciliaria.<\/p>\n<div class=\"mt-box \">\n<h4 class=\"mt-heading\">Mir\u00e1 Tambi\u00e9n<\/h4>\n<p><a href=\"https:\/\/www.paparazzi.com.ar\/teve\/el-escandaloso-plan-de-morena-rial-para-poder-salir-de-la-carcel-su-hijo-como-escudo\/\"><\/p>\n<div class=\"mt-content\">\n<div class=\"mt-image-container\"><img decoding=\"async\" src=\"https:\/\/www.paparazzi.com.ar\/wp-content\/uploads\/2025\/07\/Morena-Rial-quedo-envuelta-en-medio-de-una-infidelidad-con-un-famoso-y-termino-a-los-insultos.jpg.webp\" alt=\"El escandaloso plan de Morena Rial para poder salir de la c\u00e1rcel: \u201cSu hijo como escudo\u2026\u201d\" class=\"mt-image\" loading=\"lazy\" \/><\/div>\n<h5 class=\"mt-title\">El escandaloso plan de Morena Rial para poder salir de la c\u00e1rcel: \u201cSu hijo como escudo\u2026\u201d<\/h5>\n<\/div>\n<p><\/a><\/div>\n<p><em>\u00abFeliz cumple al ahijado m\u00e1s lindo. Pronto mam\u00e1 va a tenerte en brazos para besarte\u00bb<\/em>, escribi\u00f3 Cipolla junto a una foto del nene el d\u00eda de su primer a\u00f1ito, importante momento que su t\u00eda Roc\u00edo se encarg\u00f3 de hacer muy especial, con un festejo en un sal\u00f3n entre sus m\u00e1s \u00edntimos para que el peque\u00f1o tenga un lindo recuerdo de su infancia.<\/p>\n<h2 class=\"wp-block-heading\">LA SITUACI\u00d3N DE MORENA RIAL EN LA C\u00c1RCEL<\/h2>\n<p>Desde que <a href=\"https:\/\/www.paparazzi.com.ar\/teve\/el-llamado-privado-de-jorge-rial-a-su-hija-en-sus-primeros-dias-en-una-carcel-de-maxima-seguridad\/\">Morena <\/a>qued\u00f3 encarcelada en el penal de Magdalena sus abogados intentan que se le otorgue el arresto domiciliario. En di\u00e1logo con <strong>Mujeres Argentinas<\/strong>, Alejando Cipolla aclar\u00f3 el panorama:<em> \u201cUna cosa es que le hayan revocado una excarcelaci\u00f3n extraordinaria y otra cosa es un beneficio excarcelatorio. En este caso no hay una libertad, lo que hay es que se suplanta un penal por una casa\u201d.<\/em><\/p>\n<p><em>\u201cNo es que puede salir a hacer las compras, no se puede mover del departamento con una tobillera\u201d<\/em>, especific\u00f3 en el programa de <strong>El Trece<\/strong>. Adem\u00e1s, tambi\u00e9n se refiri\u00f3 a la idea de llevar a cabo una terapia psicol\u00f3gica: <em>\u201cLo de hacer terapia lo har\u00eda por ella, no creo que se lo obligue la Justicia\u201d.<\/em><\/p>\n<div class=\"mt-box \">\n<h4 class=\"mt-heading\">Mir\u00e1 Tambi\u00e9n<\/h4>\n<p><a href=\"https:\/\/www.paparazzi.com.ar\/teve\/morena-rial-sale-de-la-carcel-que-condiciones-debe-cumplir-para-tener-prision-domiciliaria\/\"><\/p>\n<div class=\"mt-content\">\n<div class=\"mt-image-container\"><img decoding=\"async\" src=\"https:\/\/www.paparazzi.com.ar\/wp-content\/uploads\/2025\/10\/Morena-Rial-presa-359x226.jpg\" alt=\"Morena Rial sale de la c\u00e1rcel: qu\u00e9 condiciones debe cumplir para tener prisi\u00f3n domiciliaria\" class=\"mt-image\" loading=\"lazy\" \/><\/div>\n<h5 class=\"mt-title\">Morena Rial sale de la c\u00e1rcel: qu\u00e9 condiciones debe cumplir para tener prisi\u00f3n domiciliaria<\/h5>\n<\/div>\n<p><\/a><\/div>\n<p>Y el abogado dijo m\u00e1s sobre la situaci\u00f3n legal de Morena Rial: <em>\u00abNo solo es el factor de su hijo menor de un a\u00f1o, tambi\u00e9n hay un mont\u00f3n de factores, por ejemplo, que las penas en expectativas tampoco superan los m\u00e1ximos que establecen el c\u00f3digo para las excarcelaciones. Ella actualmente no tiene siquiera prisi\u00f3n preventiva, es decir su situaci\u00f3n procesal no est\u00e1 resuelta\u00bb.<\/em><\/p>\n<div class=\"mt-box \">\n<h4 class=\"mt-heading\">Mir\u00e1 Tambi\u00e9n<\/h4>\n<p><a href=\"https:\/\/www.paparazzi.com.ar\/romances\/fede-bal-fue-descubierto-a-los-besos-con-una-periodista-quien-es-y-como-reacciono-evelyn-boto\/\"><\/p>\n<div class=\"mt-content\">\n<div class=\"mt-image-container\"><img decoding=\"async\" src=\"https:\/\/www.paparazzi.com.ar\/wp-content\/uploads\/2025\/06\/fede-bal-359x226.jpeg\" alt=\"Fede Bal fue descubierto a los besos con una periodista: qui\u00e9n es y c\u00f3mo reaccion\u00f3 Evelyn Boto\" class=\"mt-image\" loading=\"lazy\" \/><\/div>\n<h5 class=\"mt-title\">Fede Bal fue descubierto a los besos con una periodista: qui\u00e9n es y c\u00f3mo reaccion\u00f3 Evelyn Boto<\/h5>\n<\/div>\n<p><\/a><\/div>\n<div class=\"mt-box \">\n<h4 class=\"mt-heading\">Mir\u00e1 Tambi\u00e9n<\/h4>\n<p><a href=\"https:\/\/www.paparazzi.com.ar\/teve\/juana-repetto-confeso-el-drama-que-sufre-con-su-cuerpo-mientras-avanza-su-tercer-embarazo-sufro\/\"><\/p>\n<div class=\"mt-content\">\n<div class=\"mt-image-container\"><img decoding=\"async\" src=\"https:\/\/www.paparazzi.com.ar\/wp-content\/uploads\/2025\/09\/juana-repetto-4.jpg.webp\" alt=\"Juana Repetto confes\u00f3 el drama que sufre con su cuerpo mientras avanza su tercer embarazo: \u201cSufro\u201d\" class=\"mt-image\" loading=\"lazy\" \/><\/div>\n<h5 class=\"mt-title\">Juana Repetto confes\u00f3 el drama que sufre con su cuerpo mientras avanza su tercer embarazo: \u201cSufro\u201d<\/h5>\n<\/div>\n<p><\/a><\/div>\n<p>The post <a href=\"https:\/\/www.paparazzi.com.ar\/teve\/morena-rial-tuvo-una-crisis-de-llanto-en-la-carcel-el-desgarrador-momento-que-vive-por-su-hijo-de-un-ano\/\">Morena Rial tuvo una crisis de llanto en la c\u00e1rcel: el desgarrador momento que vive por su hijo de un a\u00f1o<\/a> appeared first on <a href=\"https:\/\/www.paparazzi.com.ar\">Revista Paparazzi<\/a>.<\/p>\n","protected":false},"excerpt":{"rendered":"<p>Son d\u00edas duros y tristes para Morena Rial, que la semana pasada fue trasladada a<\/p>\n","protected":false},"author":0,"featured_media":6264,"comment_status":"","ping_status":"","sticky":false,"template":"","format":"standard","meta":{"footnotes":""},"categories":[11],"tags":[],"class_list":["post-6263","post","type-post","status-publish","format-standard","has-post-thumbnail","hentry","category-destacadas"],"yoast_head":"<!-- This site is optimized with the Yoast SEO plugin v28.3 - https:\/\/yoast.com\/product\/yoast-seo-wordpress\/ -->\n<title>Morena Rial tuvo una crisis de llanto en la c\u00e1rcel: el desgarrador momento que vive por su hijo de un a\u00f1o - Fm Gente<\/title>\n<meta name=\"robots\" content=\"index, follow, max-snippet:-1, max-image-preview:large, max-video-preview:-1\" \/>\n<link rel=\"canonical\" href=\"https:\/\/fmgente.com.ar\/web\/morena-rial-tuvo-una-crisis-de-llanto-en-la-carcel-el-desgarrador-momento-que-vive-por-su-hijo-de-un-ano\/\" \/>\n<meta property=\"og:locale\" content=\"es_ES\" \/>\n<meta property=\"og:type\" content=\"article\" \/>\n<meta property=\"og:title\" content=\"Morena Rial tuvo una crisis de llanto en la c\u00e1rcel: el desgarrador momento que vive por su hijo de un a\u00f1o - Fm Gente\" \/>\n<meta property=\"og:description\" content=\"Son d\u00edas duros y tristes para Morena Rial, que la semana pasada fue trasladada a\" \/>\n<meta property=\"og:url\" content=\"https:\/\/fmgente.com.ar\/web\/morena-rial-tuvo-una-crisis-de-llanto-en-la-carcel-el-desgarrador-momento-que-vive-por-su-hijo-de-un-ano\/\" \/>\n<meta property=\"og:site_name\" content=\"Fm Gente\" \/>\n<meta property=\"article:published_time\" content=\"2025-10-07T14:05:16+00:00\" \/>\n<meta property=\"og:image\" content=\"https:\/\/fmgente.com.ar\/web\/wp-content\/uploads\/2025\/10\/Morena-Rial-quedo-envuelta-en-medio-de-una-infidelidad-con-un-famoso-y-termino-a-los-insultos.jpg.webp\" \/>\n\t<meta property=\"og:image:width\" content=\"1052\" \/>\n\t<meta property=\"og:image:height\" content=\"665\" \/>\n\t<meta property=\"og:image:type\" content=\"image\/webp\" \/>\n<meta name=\"twitter:card\" content=\"summary_large_image\" \/>\n<meta name=\"twitter:label1\" content=\"Tiempo de lectura\" \/>\n\t<meta name=\"twitter:data1\" content=\"3 minutos\" \/>\n<script type=\"application\/ld+json\" class=\"yoast-schema-graph\">{\"@context\":\"https:\\\/\\\/schema.org\",\"@graph\":[{\"@type\":\"Article\",\"@id\":\"https:\\\/\\\/fmgente.com.ar\\\/web\\\/morena-rial-tuvo-una-crisis-de-llanto-en-la-carcel-el-desgarrador-momento-que-vive-por-su-hijo-de-un-ano\\\/#article\",\"isPartOf\":{\"@id\":\"https:\\\/\\\/fmgente.com.ar\\\/web\\\/morena-rial-tuvo-una-crisis-de-llanto-en-la-carcel-el-desgarrador-momento-que-vive-por-su-hijo-de-un-ano\\\/\"},\"author\":{\"name\":\"\",\"@id\":\"\"},\"headline\":\"Morena Rial tuvo una crisis de llanto en la c\u00e1rcel: el desgarrador momento que vive por su hijo de un a\u00f1o\",\"datePublished\":\"2025-10-07T14:05:16+00:00\",\"mainEntityOfPage\":{\"@id\":\"https:\\\/\\\/fmgente.com.ar\\\/web\\\/morena-rial-tuvo-una-crisis-de-llanto-en-la-carcel-el-desgarrador-momento-que-vive-por-su-hijo-de-un-ano\\\/\"},\"wordCount\":586,\"publisher\":{\"@id\":\"https:\\\/\\\/fmgente.com.ar\\\/web\\\/#organization\"},\"image\":{\"@id\":\"https:\\\/\\\/fmgente.com.ar\\\/web\\\/morena-rial-tuvo-una-crisis-de-llanto-en-la-carcel-el-desgarrador-momento-que-vive-por-su-hijo-de-un-ano\\\/#primaryimage\"},\"thumbnailUrl\":\"https:\\\/\\\/fmgente.com.ar\\\/web\\\/wp-content\\\/uploads\\\/2025\\\/10\\\/Morena-Rial-quedo-envuelta-en-medio-de-una-infidelidad-con-un-famoso-y-termino-a-los-insultos.jpg.webp\",\"articleSection\":[\"DESTACADAS\"],\"inLanguage\":\"es\"},{\"@type\":\"WebPage\",\"@id\":\"https:\\\/\\\/fmgente.com.ar\\\/web\\\/morena-rial-tuvo-una-crisis-de-llanto-en-la-carcel-el-desgarrador-momento-que-vive-por-su-hijo-de-un-ano\\\/\",\"url\":\"https:\\\/\\\/fmgente.com.ar\\\/web\\\/morena-rial-tuvo-una-crisis-de-llanto-en-la-carcel-el-desgarrador-momento-que-vive-por-su-hijo-de-un-ano\\\/\",\"name\":\"Morena Rial tuvo una crisis de llanto en la c\u00e1rcel: el desgarrador momento que vive por su hijo de un a\u00f1o - Fm Gente\",\"isPartOf\":{\"@id\":\"https:\\\/\\\/fmgente.com.ar\\\/web\\\/#website\"},\"primaryImageOfPage\":{\"@id\":\"https:\\\/\\\/fmgente.com.ar\\\/web\\\/morena-rial-tuvo-una-crisis-de-llanto-en-la-carcel-el-desgarrador-momento-que-vive-por-su-hijo-de-un-ano\\\/#primaryimage\"},\"image\":{\"@id\":\"https:\\\/\\\/fmgente.com.ar\\\/web\\\/morena-rial-tuvo-una-crisis-de-llanto-en-la-carcel-el-desgarrador-momento-que-vive-por-su-hijo-de-un-ano\\\/#primaryimage\"},\"thumbnailUrl\":\"https:\\\/\\\/fmgente.com.ar\\\/web\\\/wp-content\\\/uploads\\\/2025\\\/10\\\/Morena-Rial-quedo-envuelta-en-medio-de-una-infidelidad-con-un-famoso-y-termino-a-los-insultos.jpg.webp\",\"datePublished\":\"2025-10-07T14:05:16+00:00\",\"inLanguage\":\"es\",\"potentialAction\":[{\"@type\":\"ReadAction\",\"target\":[\"https:\\\/\\\/fmgente.com.ar\\\/web\\\/morena-rial-tuvo-una-crisis-de-llanto-en-la-carcel-el-desgarrador-momento-que-vive-por-su-hijo-de-un-ano\\\/\"]}]},{\"@type\":\"ImageObject\",\"inLanguage\":\"es\",\"@id\":\"https:\\\/\\\/fmgente.com.ar\\\/web\\\/morena-rial-tuvo-una-crisis-de-llanto-en-la-carcel-el-desgarrador-momento-que-vive-por-su-hijo-de-un-ano\\\/#primaryimage\",\"url\":\"https:\\\/\\\/fmgente.com.ar\\\/web\\\/wp-content\\\/uploads\\\/2025\\\/10\\\/Morena-Rial-quedo-envuelta-en-medio-de-una-infidelidad-con-un-famoso-y-termino-a-los-insultos.jpg.webp\",\"contentUrl\":\"https:\\\/\\\/fmgente.com.ar\\\/web\\\/wp-content\\\/uploads\\\/2025\\\/10\\\/Morena-Rial-quedo-envuelta-en-medio-de-una-infidelidad-con-un-famoso-y-termino-a-los-insultos.jpg.webp\",\"width\":1052,\"height\":665},{\"@type\":\"WebSite\",\"@id\":\"https:\\\/\\\/fmgente.com.ar\\\/web\\\/#website\",\"url\":\"https:\\\/\\\/fmgente.com.ar\\\/web\\\/\",\"name\":\"Fm Gente\",\"description\":\"- Jes\u00fas Mar\u00eda\",\"publisher\":{\"@id\":\"https:\\\/\\\/fmgente.com.ar\\\/web\\\/#organization\"},\"potentialAction\":[{\"@type\":\"SearchAction\",\"target\":{\"@type\":\"EntryPoint\",\"urlTemplate\":\"https:\\\/\\\/fmgente.com.ar\\\/web\\\/?s={search_term_string}\"},\"query-input\":{\"@type\":\"PropertyValueSpecification\",\"valueRequired\":true,\"valueName\":\"search_term_string\"}}],\"inLanguage\":\"es\"},{\"@type\":\"Organization\",\"@id\":\"https:\\\/\\\/fmgente.com.ar\\\/web\\\/#organization\",\"name\":\"Fm Gente\",\"url\":\"https:\\\/\\\/fmgente.com.ar\\\/web\\\/\",\"logo\":{\"@type\":\"ImageObject\",\"inLanguage\":\"es\",\"@id\":\"https:\\\/\\\/fmgente.com.ar\\\/web\\\/#\\\/schema\\\/logo\\\/image\\\/\",\"url\":\"https:\\\/\\\/fmgente.com.ar\\\/web\\\/wp-content\\\/uploads\\\/2023\\\/07\\\/cropped-cropped-logo-sombra2.png\",\"contentUrl\":\"https:\\\/\\\/fmgente.com.ar\\\/web\\\/wp-content\\\/uploads\\\/2023\\\/07\\\/cropped-cropped-logo-sombra2.png\",\"width\":1782,\"height\":1782,\"caption\":\"Fm Gente\"},\"image\":{\"@id\":\"https:\\\/\\\/fmgente.com.ar\\\/web\\\/#\\\/schema\\\/logo\\\/image\\\/\"}}]}<\/script>\n<!-- \/ Yoast SEO plugin. -->","yoast_head_json":{"title":"Morena Rial tuvo una crisis de llanto en la c\u00e1rcel: el desgarrador momento que vive por su hijo de un a\u00f1o - Fm Gente","robots":{"index":"index","follow":"follow","max-snippet":"max-snippet:-1","max-image-preview":"max-image-preview:large","max-video-preview":"max-video-preview:-1"},"canonical":"https:\/\/fmgente.com.ar\/web\/morena-rial-tuvo-una-crisis-de-llanto-en-la-carcel-el-desgarrador-momento-que-vive-por-su-hijo-de-un-ano\/","og_locale":"es_ES","og_type":"article","og_title":"Morena Rial tuvo una crisis de llanto en la c\u00e1rcel: el desgarrador momento que vive por su hijo de un a\u00f1o - Fm Gente","og_description":"Son d\u00edas duros y tristes para Morena Rial, que la semana pasada fue trasladada a","og_url":"https:\/\/fmgente.com.ar\/web\/morena-rial-tuvo-una-crisis-de-llanto-en-la-carcel-el-desgarrador-momento-que-vive-por-su-hijo-de-un-ano\/","og_site_name":"Fm Gente","article_published_time":"2025-10-07T14:05:16+00:00","og_image":[{"width":1052,"height":665,"url":"https:\/\/fmgente.com.ar\/web\/wp-content\/uploads\/2025\/10\/Morena-Rial-quedo-envuelta-en-medio-de-una-infidelidad-con-un-famoso-y-termino-a-los-insultos.jpg.webp","type":"image\/webp"}],"twitter_card":"summary_large_image","twitter_misc":{"Tiempo de lectura":"3 minutos"},"schema":{"@context":"https:\/\/schema.org","@graph":[{"@type":"Article","@id":"https:\/\/fmgente.com.ar\/web\/morena-rial-tuvo-una-crisis-de-llanto-en-la-carcel-el-desgarrador-momento-que-vive-por-su-hijo-de-un-ano\/#article","isPartOf":{"@id":"https:\/\/fmgente.com.ar\/web\/morena-rial-tuvo-una-crisis-de-llanto-en-la-carcel-el-desgarrador-momento-que-vive-por-su-hijo-de-un-ano\/"},"author":{"name":"","@id":""},"headline":"Morena Rial tuvo una crisis de llanto en la c\u00e1rcel: el desgarrador momento que vive por su hijo de un a\u00f1o","datePublished":"2025-10-07T14:05:16+00:00","mainEntityOfPage":{"@id":"https:\/\/fmgente.com.ar\/web\/morena-rial-tuvo-una-crisis-de-llanto-en-la-carcel-el-desgarrador-momento-que-vive-por-su-hijo-de-un-ano\/"},"wordCount":586,"publisher":{"@id":"https:\/\/fmgente.com.ar\/web\/#organization"},"image":{"@id":"https:\/\/fmgente.com.ar\/web\/morena-rial-tuvo-una-crisis-de-llanto-en-la-carcel-el-desgarrador-momento-que-vive-por-su-hijo-de-un-ano\/#primaryimage"},"thumbnailUrl":"https:\/\/fmgente.com.ar\/web\/wp-content\/uploads\/2025\/10\/Morena-Rial-quedo-envuelta-en-medio-de-una-infidelidad-con-un-famoso-y-termino-a-los-insultos.jpg.webp","articleSection":["DESTACADAS"],"inLanguage":"es"},{"@type":"WebPage","@id":"https:\/\/fmgente.com.ar\/web\/morena-rial-tuvo-una-crisis-de-llanto-en-la-carcel-el-desgarrador-momento-que-vive-por-su-hijo-de-un-ano\/","url":"https:\/\/fmgente.com.ar\/web\/morena-rial-tuvo-una-crisis-de-llanto-en-la-carcel-el-desgarrador-momento-que-vive-por-su-hijo-de-un-ano\/","name":"Morena Rial tuvo una crisis de llanto en la c\u00e1rcel: el desgarrador momento que vive por su hijo de un a\u00f1o - Fm Gente","isPartOf":{"@id":"https:\/\/fmgente.com.ar\/web\/#website"},"primaryImageOfPage":{"@id":"https:\/\/fmgente.com.ar\/web\/morena-rial-tuvo-una-crisis-de-llanto-en-la-carcel-el-desgarrador-momento-que-vive-por-su-hijo-de-un-ano\/#primaryimage"},"image":{"@id":"https:\/\/fmgente.com.ar\/web\/morena-rial-tuvo-una-crisis-de-llanto-en-la-carcel-el-desgarrador-momento-que-vive-por-su-hijo-de-un-ano\/#primaryimage"},"thumbnailUrl":"https:\/\/fmgente.com.ar\/web\/wp-content\/uploads\/2025\/10\/Morena-Rial-quedo-envuelta-en-medio-de-una-infidelidad-con-un-famoso-y-termino-a-los-insultos.jpg.webp","datePublished":"2025-10-07T14:05:16+00:00","inLanguage":"es","potentialAction":[{"@type":"ReadAction","target":["https:\/\/fmgente.com.ar\/web\/morena-rial-tuvo-una-crisis-de-llanto-en-la-carcel-el-desgarrador-momento-que-vive-por-su-hijo-de-un-ano\/"]}]},{"@type":"ImageObject","inLanguage":"es","@id":"https:\/\/fmgente.com.ar\/web\/morena-rial-tuvo-una-crisis-de-llanto-en-la-carcel-el-desgarrador-momento-que-vive-por-su-hijo-de-un-ano\/#primaryimage","url":"https:\/\/fmgente.com.ar\/web\/wp-content\/uploads\/2025\/10\/Morena-Rial-quedo-envuelta-en-medio-de-una-infidelidad-con-un-famoso-y-termino-a-los-insultos.jpg.webp","contentUrl":"https:\/\/fmgente.com.ar\/web\/wp-content\/uploads\/2025\/10\/Morena-Rial-quedo-envuelta-en-medio-de-una-infidelidad-con-un-famoso-y-termino-a-los-insultos.jpg.webp","width":1052,"height":665},{"@type":"WebSite","@id":"https:\/\/fmgente.com.ar\/web\/#website","url":"https:\/\/fmgente.com.ar\/web\/","name":"Fm Gente","description":"- Jes\u00fas Mar\u00eda","publisher":{"@id":"https:\/\/fmgente.com.ar\/web\/#organization"},"potentialAction":[{"@type":"SearchAction","target":{"@type":"EntryPoint","urlTemplate":"https:\/\/fmgente.com.ar\/web\/?s={search_term_string}"},"query-input":{"@type":"PropertyValueSpecification","valueRequired":true,"valueName":"search_term_string"}}],"inLanguage":"es"},{"@type":"Organization","@id":"https:\/\/fmgente.com.ar\/web\/#organization","name":"Fm Gente","url":"https:\/\/fmgente.com.ar\/web\/","logo":{"@type":"ImageObject","inLanguage":"es","@id":"https:\/\/fmgente.com.ar\/web\/#\/schema\/logo\/image\/","url":"https:\/\/fmgente.com.ar\/web\/wp-content\/uploads\/2023\/07\/cropped-cropped-logo-sombra2.png","contentUrl":"https:\/\/fmgente.com.ar\/web\/wp-content\/uploads\/2023\/07\/cropped-cropped-logo-sombra2.png","width":1782,"height":1782,"caption":"Fm Gente"},"image":{"@id":"https:\/\/fmgente.com.ar\/web\/#\/schema\/logo\/image\/"}}]}},"_links":{"self":[{"href":"https:\/\/fmgente.com.ar\/web\/wp-json\/wp\/v2\/posts\/6263","targetHints":{"allow":["GET"]}}],"collection":[{"href":"https:\/\/fmgente.com.ar\/web\/wp-json\/wp\/v2\/posts"}],"about":[{"href":"https:\/\/fmgente.com.ar\/web\/wp-json\/wp\/v2\/types\/post"}],"replies":[{"embeddable":true,"href":"https:\/\/fmgente.com.ar\/web\/wp-json\/wp\/v2\/comments?post=6263"}],"version-history":[{"count":0,"href":"https:\/\/fmgente.com.ar\/web\/wp-json\/wp\/v2\/posts\/6263\/revisions"}],"wp:featuredmedia":[{"embeddable":true,"href":"https:\/\/fmgente.com.ar\/web\/wp-json\/wp\/v2\/media\/6264"}],"wp:attachment":[{"href":"https:\/\/fmgente.com.ar\/web\/wp-json\/wp\/v2\/media?parent=6263"}],"wp:term":[{"taxonomy":"category","embeddable":true,"href":"https:\/\/fmgente.com.ar\/web\/wp-json\/wp\/v2\/categories?post=6263"},{"taxonomy":"post_tag","embeddable":true,"href":"https:\/\/fmgente.com.ar\/web\/wp-json\/wp\/v2\/tags?post=6263"}],"curies":[{"name":"wp","href":"https:\/\/api.w.org\/{rel}","templated":true}]}}