{"id":6261,"date":"2025-10-07T11:05:15","date_gmt":"2025-10-07T14:05:15","guid":{"rendered":"https:\/\/fmgente.com.ar\/conmovedor-daniela-celis-revelo-la-vocacion-que-descubrio-thiago-medina-estando-en-coma-son-7-anos-quiere-ser\/"},"modified":"2025-10-07T11:05:15","modified_gmt":"2025-10-07T14:05:15","slug":"conmovedor-daniela-celis-revelo-la-vocacion-que-descubrio-thiago-medina-estando-en-coma-son-7-anos-quiere-ser","status":"publish","type":"post","link":"https:\/\/fmgente.com.ar\/web\/conmovedor-daniela-celis-revelo-la-vocacion-que-descubrio-thiago-medina-estando-en-coma-son-7-anos-quiere-ser\/","title":{"rendered":"\u00a1Conmovedor! Daniela Celis revel\u00f3 la vocaci\u00f3n que descubri\u00f3 Thiago Medina estando en coma: &quot;Son 7 a\u00f1os, quiere ser&#8230;&quot;"},"content":{"rendered":"<p>Gracias a Dios -y a los m\u00e9dicos que pusieron el cuerpo y sus conocimientos y le salvaron la vida- la evoluci\u00f3n de Thiago Medina avanza a pasos agigantados. El ex jugador de Gran Hermano ya quiere irse de alta del hospital de Moreno al que entr\u00f3 en grav\u00edsimo estado tras chocar con su moto y quienes lo disfrutan, adem\u00e1s del mismo protagonista, son sus familiares y sus seguidores. Sobre todo Daniela Celis, que no da m\u00e1s de felicidad.<\/p>\n<p>En una suerte de \u00abraid medi\u00e1tico\u00bb en el que se la ve mucho m\u00e1s distendida y tranquila que en las \u00faltimas dos semanas, cuando aparec\u00eda en sus historias de Instagram rogando no frenar las cadenas de oraci\u00f3n envuelta en un mar de l\u00e1grimas , \u00abPesta\u00f1ela\u00bb va dando detalles cada vez m\u00e1s alentadores y optimistas en cuanto a la recuperaci\u00f3n de Thiago. Los fan\u00e1ticos, agradecidos y chochos de la vida.<\/p>\n<p>La novedad que dio a conocer Daniela ahora es que Thiago \u00abdescubri\u00f3\u00bb una vocaci\u00f3n durante esos d\u00edas en los que estuvo en coma inducido. Mientras dorm\u00eda profundamente y los facultativos iban haciendo su trabajo de orfebre para primero \u00abreconstruirlo\u00bb y despu\u00e9s recuperarlo, el muchacho \u00absinti\u00f3 el llamado\u00bb para ser arquitecto, y para cuando le den el alta le pic\u00f3 el bichito de anotarse en la facultad. Lo mejor que puede hacer.<\/p>\n<div class=\"mt-box \">\n<h4 class=\"mt-heading\">Mir\u00e1 Tambi\u00e9n<\/h4>\n<p><a href=\"https:\/\/www.paparazzi.com.ar\/teve\/yanina-latorre-conto-el-peor-robo-que-cometio-more-rial-cuando-jorge-sufrio-el-infarto-ella\/\"><\/p>\n<div class=\"mt-content\">\n<div class=\"mt-image-container\"><img decoding=\"async\" src=\"https:\/\/www.paparazzi.com.ar\/wp-content\/uploads\/2025\/10\/Latorre-More-1-359x226.jpg\" alt=\"Yanina Latorre cont\u00f3 el peor robo que cometi\u00f3 More Rial: &quot;Cuando Jorge sufri\u00f3 el infarto, ella...&quot;\" class=\"mt-image\" loading=\"lazy\" \/><\/div>\n<h5 class=\"mt-title\">Yanina Latorre cont\u00f3 el peor robo que cometi\u00f3 More Rial: \u00abCuando Jorge sufri\u00f3 el infarto, ella&#8230;\u00bb<\/h5>\n<\/div>\n<p><\/a><\/div>\n<p>Daniela se lo cont\u00f3 a Ver\u00f3nica Lozano, a quien le dio una emotiva y entretenida nota en su siempre vigente programa Cort\u00e1 por Lozano, de Telefe. \u00abEl ya me avis\u00f3, yam e dijo \u00abla vida ahora cambi\u00f3, quiero estudiar, quiero ser arquitecto\u00bb expres\u00f3 Pesta\u00f1ela provocando la explosi\u00f3n de la conductora: \u00abhay qu\u00e9 bueno, lo amo\u00bb celebr\u00f3 la mujer del Corcho Rodr\u00edguez y principal enemiga de Susana Gim\u00e9nez.<\/p>\n<h2 class=\"wp-block-heading\">LA VOCACION QUE DESCUBRIO THIAGO MEDINA MIENTRAS ESTABA EN COMA: \u00abQUIERE ESTUDIAR Y SER ARQUITECTO\u00bb<\/h2>\n<p>\u00abYo le dije que son 7 a\u00f1os, y \u00e9l lo sabe\u00bb aclar\u00f3 Daniela, y despu\u00e9s cont\u00f3 otros cambios en la personalidad y en el enfoque de la vida que tiene Thiago. \u00abEst\u00e1 leyendo libros, s\u00ed, lee libros todo el tiempo. Est\u00e1 muy de \u00e1nimo. De hecho nos sorprende a todos c\u00f3mo se lo encuentra, c\u00f3mo se lo ve, entero, fuerte&#8230; pero bueno, tambi\u00e9n es un proceso para \u00e9l\u00bb. <\/p>\n<p>Cuando le preguntaron qu\u00e9 recuerda Thiago de esas dos semanas en las que estuvo \u00abun poco ac\u00e1 y un poco en el m\u00e1s all\u00e1\u00bb, Daniela volvi\u00f3 a ser sincera y sin perder la sonrisa confes\u00f3 que\u00bb\u00e9l dice que tuvo muchos sue\u00f1os, que no par\u00f3 de so\u00f1ar cosas lindas y cosas no tan lindas pero no te las cuenta. Por ahora no te las cuenta\u00bb. Evidentemente, la vida le ha dado una nueva oportunidad al pibe. <\/p>\n<div class=\"mt-box \">\n<h4 class=\"mt-heading\">Mir\u00e1 Tambi\u00e9n<\/h4>\n<p><a href=\"https:\/\/www.paparazzi.com.ar\/romances\/milagro-thiago-medina-ya-camina-come-solo-y-discute-con-daniela-celis-el-quiere\/\"><\/p>\n<div class=\"mt-content\">\n<div class=\"mt-image-container\"><img decoding=\"async\" src=\"https:\/\/www.paparazzi.com.ar\/wp-content\/uploads\/2025\/10\/Daniela-Celis-Thiago-1-359x226.jpg\" alt=\"\u00a1Milagro! Thiago Medina ya camina, come solo y discute con Daniela Celis: &quot;El quiere\u2026&quot;\" class=\"mt-image\" loading=\"lazy\" \/><\/div>\n<h5 class=\"mt-title\">\u00a1Milagro! Thiago Medina ya camina, come solo y discute con Daniela Celis: \u00abEl quiere\u2026\u00bb<\/h5>\n<\/div>\n<p><\/a><\/div>\n<div class=\"mt-box \">\n<h4 class=\"mt-heading\">Mir\u00e1 Tambi\u00e9n<\/h4>\n<p><a href=\"https:\/\/www.paparazzi.com.ar\/teve\/inesperado-giro-en-el-triple-femicidio-de-florencio-varela-lara-y-pequeno-j-habrian-sido-novios\/\"><\/p>\n<div class=\"mt-content\">\n<div class=\"mt-image-container\"><img decoding=\"async\" src=\"https:\/\/www.paparazzi.com.ar\/wp-content\/uploads\/2025\/10\/LARA-PEQUENO-J-NUEVA-2-359x226.jpg\" alt=\"Inesperado giro en el triple femicidio de Florencio Varela: &quot;Lara y Peque\u00f1o J habr\u00edan sido novios&quot;\" class=\"mt-image\" loading=\"lazy\" \/><\/div>\n<h5 class=\"mt-title\">Inesperado giro en el triple femicidio de Florencio Varela: \u00abLara y Peque\u00f1o J habr\u00edan sido novios\u00bb<\/h5>\n<\/div>\n<p><\/a><\/div>\n<p>The post <a href=\"https:\/\/www.paparazzi.com.ar\/romances\/conmovedor-daniela-celis-revelo-la-vocacion-que-descubrio-thiago-medina-estando-en-coma-son-7-anos-quiere-ser\/\">\u00a1Conmovedor! Daniela Celis revel\u00f3 la vocaci\u00f3n que descubri\u00f3 Thiago Medina estando en coma: &quot;Son 7 a\u00f1os, quiere ser&#8230;&quot;<\/a> appeared first on <a href=\"https:\/\/www.paparazzi.com.ar\">Revista Paparazzi<\/a>.<\/p>\n","protected":false},"excerpt":{"rendered":"<p>Gracias a Dios -y a los m\u00e9dicos que pusieron el cuerpo y sus conocimientos y<\/p>\n","protected":false},"author":0,"featured_media":6262,"comment_status":"","ping_status":"","sticky":false,"template":"","format":"standard","meta":{"footnotes":""},"categories":[11],"tags":[],"class_list":["post-6261","post","type-post","status-publish","format-standard","has-post-thumbnail","hentry","category-destacadas"],"yoast_head":"<!-- This site is optimized with the Yoast SEO plugin v28.3 - https:\/\/yoast.com\/product\/yoast-seo-wordpress\/ -->\n<title>\u00a1Conmovedor! Daniela Celis revel\u00f3 la vocaci\u00f3n que descubri\u00f3 Thiago Medina estando en coma: &quot;Son 7 a\u00f1os, quiere ser...&quot; - Fm Gente<\/title>\n<meta name=\"robots\" content=\"index, follow, max-snippet:-1, max-image-preview:large, max-video-preview:-1\" \/>\n<link rel=\"canonical\" href=\"https:\/\/fmgente.com.ar\/web\/conmovedor-daniela-celis-revelo-la-vocacion-que-descubrio-thiago-medina-estando-en-coma-son-7-anos-quiere-ser\/\" \/>\n<meta property=\"og:locale\" content=\"es_ES\" \/>\n<meta property=\"og:type\" content=\"article\" \/>\n<meta property=\"og:title\" content=\"\u00a1Conmovedor! Daniela Celis revel\u00f3 la vocaci\u00f3n que descubri\u00f3 Thiago Medina estando en coma: &quot;Son 7 a\u00f1os, quiere ser...&quot; - Fm Gente\" \/>\n<meta property=\"og:description\" content=\"Gracias a Dios -y a los m\u00e9dicos que pusieron el cuerpo y sus conocimientos y\" \/>\n<meta property=\"og:url\" content=\"https:\/\/fmgente.com.ar\/web\/conmovedor-daniela-celis-revelo-la-vocacion-que-descubrio-thiago-medina-estando-en-coma-son-7-anos-quiere-ser\/\" \/>\n<meta property=\"og:site_name\" content=\"Fm Gente\" \/>\n<meta property=\"article:published_time\" content=\"2025-10-07T14:05:15+00:00\" \/>\n<meta property=\"og:image\" content=\"https:\/\/fmgente.com.ar\/web\/wp-content\/uploads\/2025\/10\/Latorre-More-1-359x226-2.jpg\" \/>\n\t<meta property=\"og:image:width\" content=\"359\" \/>\n\t<meta property=\"og:image:height\" content=\"226\" \/>\n\t<meta property=\"og:image:type\" content=\"image\/jpeg\" \/>\n<meta name=\"twitter:card\" content=\"summary_large_image\" \/>\n<meta name=\"twitter:label1\" content=\"Tiempo de lectura\" \/>\n\t<meta name=\"twitter:data1\" content=\"3 minutos\" \/>\n<script type=\"application\/ld+json\" class=\"yoast-schema-graph\">{\"@context\":\"https:\\\/\\\/schema.org\",\"@graph\":[{\"@type\":\"Article\",\"@id\":\"https:\\\/\\\/fmgente.com.ar\\\/web\\\/conmovedor-daniela-celis-revelo-la-vocacion-que-descubrio-thiago-medina-estando-en-coma-son-7-anos-quiere-ser\\\/#article\",\"isPartOf\":{\"@id\":\"https:\\\/\\\/fmgente.com.ar\\\/web\\\/conmovedor-daniela-celis-revelo-la-vocacion-que-descubrio-thiago-medina-estando-en-coma-son-7-anos-quiere-ser\\\/\"},\"author\":{\"name\":\"\",\"@id\":\"\"},\"headline\":\"\u00a1Conmovedor! Daniela Celis revel\u00f3 la vocaci\u00f3n que descubri\u00f3 Thiago Medina estando en coma: &quot;Son 7 a\u00f1os, quiere ser&#8230;&quot;\",\"datePublished\":\"2025-10-07T14:05:15+00:00\",\"mainEntityOfPage\":{\"@id\":\"https:\\\/\\\/fmgente.com.ar\\\/web\\\/conmovedor-daniela-celis-revelo-la-vocacion-que-descubrio-thiago-medina-estando-en-coma-son-7-anos-quiere-ser\\\/\"},\"wordCount\":579,\"publisher\":{\"@id\":\"https:\\\/\\\/fmgente.com.ar\\\/web\\\/#organization\"},\"image\":{\"@id\":\"https:\\\/\\\/fmgente.com.ar\\\/web\\\/conmovedor-daniela-celis-revelo-la-vocacion-que-descubrio-thiago-medina-estando-en-coma-son-7-anos-quiere-ser\\\/#primaryimage\"},\"thumbnailUrl\":\"https:\\\/\\\/fmgente.com.ar\\\/web\\\/wp-content\\\/uploads\\\/2025\\\/10\\\/Latorre-More-1-359x226-2.jpg\",\"articleSection\":[\"DESTACADAS\"],\"inLanguage\":\"es\"},{\"@type\":\"WebPage\",\"@id\":\"https:\\\/\\\/fmgente.com.ar\\\/web\\\/conmovedor-daniela-celis-revelo-la-vocacion-que-descubrio-thiago-medina-estando-en-coma-son-7-anos-quiere-ser\\\/\",\"url\":\"https:\\\/\\\/fmgente.com.ar\\\/web\\\/conmovedor-daniela-celis-revelo-la-vocacion-que-descubrio-thiago-medina-estando-en-coma-son-7-anos-quiere-ser\\\/\",\"name\":\"\u00a1Conmovedor! Daniela Celis revel\u00f3 la vocaci\u00f3n que descubri\u00f3 Thiago Medina estando en coma: &quot;Son 7 a\u00f1os, quiere ser...&quot; - Fm Gente\",\"isPartOf\":{\"@id\":\"https:\\\/\\\/fmgente.com.ar\\\/web\\\/#website\"},\"primaryImageOfPage\":{\"@id\":\"https:\\\/\\\/fmgente.com.ar\\\/web\\\/conmovedor-daniela-celis-revelo-la-vocacion-que-descubrio-thiago-medina-estando-en-coma-son-7-anos-quiere-ser\\\/#primaryimage\"},\"image\":{\"@id\":\"https:\\\/\\\/fmgente.com.ar\\\/web\\\/conmovedor-daniela-celis-revelo-la-vocacion-que-descubrio-thiago-medina-estando-en-coma-son-7-anos-quiere-ser\\\/#primaryimage\"},\"thumbnailUrl\":\"https:\\\/\\\/fmgente.com.ar\\\/web\\\/wp-content\\\/uploads\\\/2025\\\/10\\\/Latorre-More-1-359x226-2.jpg\",\"datePublished\":\"2025-10-07T14:05:15+00:00\",\"inLanguage\":\"es\",\"potentialAction\":[{\"@type\":\"ReadAction\",\"target\":[\"https:\\\/\\\/fmgente.com.ar\\\/web\\\/conmovedor-daniela-celis-revelo-la-vocacion-que-descubrio-thiago-medina-estando-en-coma-son-7-anos-quiere-ser\\\/\"]}]},{\"@type\":\"ImageObject\",\"inLanguage\":\"es\",\"@id\":\"https:\\\/\\\/fmgente.com.ar\\\/web\\\/conmovedor-daniela-celis-revelo-la-vocacion-que-descubrio-thiago-medina-estando-en-coma-son-7-anos-quiere-ser\\\/#primaryimage\",\"url\":\"https:\\\/\\\/fmgente.com.ar\\\/web\\\/wp-content\\\/uploads\\\/2025\\\/10\\\/Latorre-More-1-359x226-2.jpg\",\"contentUrl\":\"https:\\\/\\\/fmgente.com.ar\\\/web\\\/wp-content\\\/uploads\\\/2025\\\/10\\\/Latorre-More-1-359x226-2.jpg\",\"width\":359,\"height\":226},{\"@type\":\"WebSite\",\"@id\":\"https:\\\/\\\/fmgente.com.ar\\\/web\\\/#website\",\"url\":\"https:\\\/\\\/fmgente.com.ar\\\/web\\\/\",\"name\":\"Fm Gente\",\"description\":\"- Jes\u00fas Mar\u00eda\",\"publisher\":{\"@id\":\"https:\\\/\\\/fmgente.com.ar\\\/web\\\/#organization\"},\"potentialAction\":[{\"@type\":\"SearchAction\",\"target\":{\"@type\":\"EntryPoint\",\"urlTemplate\":\"https:\\\/\\\/fmgente.com.ar\\\/web\\\/?s={search_term_string}\"},\"query-input\":{\"@type\":\"PropertyValueSpecification\",\"valueRequired\":true,\"valueName\":\"search_term_string\"}}],\"inLanguage\":\"es\"},{\"@type\":\"Organization\",\"@id\":\"https:\\\/\\\/fmgente.com.ar\\\/web\\\/#organization\",\"name\":\"Fm Gente\",\"url\":\"https:\\\/\\\/fmgente.com.ar\\\/web\\\/\",\"logo\":{\"@type\":\"ImageObject\",\"inLanguage\":\"es\",\"@id\":\"https:\\\/\\\/fmgente.com.ar\\\/web\\\/#\\\/schema\\\/logo\\\/image\\\/\",\"url\":\"https:\\\/\\\/fmgente.com.ar\\\/web\\\/wp-content\\\/uploads\\\/2023\\\/07\\\/cropped-cropped-logo-sombra2.png\",\"contentUrl\":\"https:\\\/\\\/fmgente.com.ar\\\/web\\\/wp-content\\\/uploads\\\/2023\\\/07\\\/cropped-cropped-logo-sombra2.png\",\"width\":1782,\"height\":1782,\"caption\":\"Fm Gente\"},\"image\":{\"@id\":\"https:\\\/\\\/fmgente.com.ar\\\/web\\\/#\\\/schema\\\/logo\\\/image\\\/\"}}]}<\/script>\n<!-- \/ Yoast SEO plugin. -->","yoast_head_json":{"title":"\u00a1Conmovedor! Daniela Celis revel\u00f3 la vocaci\u00f3n que descubri\u00f3 Thiago Medina estando en coma: &quot;Son 7 a\u00f1os, quiere ser...&quot; - Fm Gente","robots":{"index":"index","follow":"follow","max-snippet":"max-snippet:-1","max-image-preview":"max-image-preview:large","max-video-preview":"max-video-preview:-1"},"canonical":"https:\/\/fmgente.com.ar\/web\/conmovedor-daniela-celis-revelo-la-vocacion-que-descubrio-thiago-medina-estando-en-coma-son-7-anos-quiere-ser\/","og_locale":"es_ES","og_type":"article","og_title":"\u00a1Conmovedor! Daniela Celis revel\u00f3 la vocaci\u00f3n que descubri\u00f3 Thiago Medina estando en coma: &quot;Son 7 a\u00f1os, quiere ser...&quot; - Fm Gente","og_description":"Gracias a Dios -y a los m\u00e9dicos que pusieron el cuerpo y sus conocimientos y","og_url":"https:\/\/fmgente.com.ar\/web\/conmovedor-daniela-celis-revelo-la-vocacion-que-descubrio-thiago-medina-estando-en-coma-son-7-anos-quiere-ser\/","og_site_name":"Fm Gente","article_published_time":"2025-10-07T14:05:15+00:00","og_image":[{"width":359,"height":226,"url":"https:\/\/fmgente.com.ar\/web\/wp-content\/uploads\/2025\/10\/Latorre-More-1-359x226-2.jpg","type":"image\/jpeg"}],"twitter_card":"summary_large_image","twitter_misc":{"Tiempo de lectura":"3 minutos"},"schema":{"@context":"https:\/\/schema.org","@graph":[{"@type":"Article","@id":"https:\/\/fmgente.com.ar\/web\/conmovedor-daniela-celis-revelo-la-vocacion-que-descubrio-thiago-medina-estando-en-coma-son-7-anos-quiere-ser\/#article","isPartOf":{"@id":"https:\/\/fmgente.com.ar\/web\/conmovedor-daniela-celis-revelo-la-vocacion-que-descubrio-thiago-medina-estando-en-coma-son-7-anos-quiere-ser\/"},"author":{"name":"","@id":""},"headline":"\u00a1Conmovedor! Daniela Celis revel\u00f3 la vocaci\u00f3n que descubri\u00f3 Thiago Medina estando en coma: &quot;Son 7 a\u00f1os, quiere ser&#8230;&quot;","datePublished":"2025-10-07T14:05:15+00:00","mainEntityOfPage":{"@id":"https:\/\/fmgente.com.ar\/web\/conmovedor-daniela-celis-revelo-la-vocacion-que-descubrio-thiago-medina-estando-en-coma-son-7-anos-quiere-ser\/"},"wordCount":579,"publisher":{"@id":"https:\/\/fmgente.com.ar\/web\/#organization"},"image":{"@id":"https:\/\/fmgente.com.ar\/web\/conmovedor-daniela-celis-revelo-la-vocacion-que-descubrio-thiago-medina-estando-en-coma-son-7-anos-quiere-ser\/#primaryimage"},"thumbnailUrl":"https:\/\/fmgente.com.ar\/web\/wp-content\/uploads\/2025\/10\/Latorre-More-1-359x226-2.jpg","articleSection":["DESTACADAS"],"inLanguage":"es"},{"@type":"WebPage","@id":"https:\/\/fmgente.com.ar\/web\/conmovedor-daniela-celis-revelo-la-vocacion-que-descubrio-thiago-medina-estando-en-coma-son-7-anos-quiere-ser\/","url":"https:\/\/fmgente.com.ar\/web\/conmovedor-daniela-celis-revelo-la-vocacion-que-descubrio-thiago-medina-estando-en-coma-son-7-anos-quiere-ser\/","name":"\u00a1Conmovedor! Daniela Celis revel\u00f3 la vocaci\u00f3n que descubri\u00f3 Thiago Medina estando en coma: &quot;Son 7 a\u00f1os, quiere ser...&quot; - Fm Gente","isPartOf":{"@id":"https:\/\/fmgente.com.ar\/web\/#website"},"primaryImageOfPage":{"@id":"https:\/\/fmgente.com.ar\/web\/conmovedor-daniela-celis-revelo-la-vocacion-que-descubrio-thiago-medina-estando-en-coma-son-7-anos-quiere-ser\/#primaryimage"},"image":{"@id":"https:\/\/fmgente.com.ar\/web\/conmovedor-daniela-celis-revelo-la-vocacion-que-descubrio-thiago-medina-estando-en-coma-son-7-anos-quiere-ser\/#primaryimage"},"thumbnailUrl":"https:\/\/fmgente.com.ar\/web\/wp-content\/uploads\/2025\/10\/Latorre-More-1-359x226-2.jpg","datePublished":"2025-10-07T14:05:15+00:00","inLanguage":"es","potentialAction":[{"@type":"ReadAction","target":["https:\/\/fmgente.com.ar\/web\/conmovedor-daniela-celis-revelo-la-vocacion-que-descubrio-thiago-medina-estando-en-coma-son-7-anos-quiere-ser\/"]}]},{"@type":"ImageObject","inLanguage":"es","@id":"https:\/\/fmgente.com.ar\/web\/conmovedor-daniela-celis-revelo-la-vocacion-que-descubrio-thiago-medina-estando-en-coma-son-7-anos-quiere-ser\/#primaryimage","url":"https:\/\/fmgente.com.ar\/web\/wp-content\/uploads\/2025\/10\/Latorre-More-1-359x226-2.jpg","contentUrl":"https:\/\/fmgente.com.ar\/web\/wp-content\/uploads\/2025\/10\/Latorre-More-1-359x226-2.jpg","width":359,"height":226},{"@type":"WebSite","@id":"https:\/\/fmgente.com.ar\/web\/#website","url":"https:\/\/fmgente.com.ar\/web\/","name":"Fm Gente","description":"- Jes\u00fas Mar\u00eda","publisher":{"@id":"https:\/\/fmgente.com.ar\/web\/#organization"},"potentialAction":[{"@type":"SearchAction","target":{"@type":"EntryPoint","urlTemplate":"https:\/\/fmgente.com.ar\/web\/?s={search_term_string}"},"query-input":{"@type":"PropertyValueSpecification","valueRequired":true,"valueName":"search_term_string"}}],"inLanguage":"es"},{"@type":"Organization","@id":"https:\/\/fmgente.com.ar\/web\/#organization","name":"Fm Gente","url":"https:\/\/fmgente.com.ar\/web\/","logo":{"@type":"ImageObject","inLanguage":"es","@id":"https:\/\/fmgente.com.ar\/web\/#\/schema\/logo\/image\/","url":"https:\/\/fmgente.com.ar\/web\/wp-content\/uploads\/2023\/07\/cropped-cropped-logo-sombra2.png","contentUrl":"https:\/\/fmgente.com.ar\/web\/wp-content\/uploads\/2023\/07\/cropped-cropped-logo-sombra2.png","width":1782,"height":1782,"caption":"Fm Gente"},"image":{"@id":"https:\/\/fmgente.com.ar\/web\/#\/schema\/logo\/image\/"}}]}},"_links":{"self":[{"href":"https:\/\/fmgente.com.ar\/web\/wp-json\/wp\/v2\/posts\/6261","targetHints":{"allow":["GET"]}}],"collection":[{"href":"https:\/\/fmgente.com.ar\/web\/wp-json\/wp\/v2\/posts"}],"about":[{"href":"https:\/\/fmgente.com.ar\/web\/wp-json\/wp\/v2\/types\/post"}],"replies":[{"embeddable":true,"href":"https:\/\/fmgente.com.ar\/web\/wp-json\/wp\/v2\/comments?post=6261"}],"version-history":[{"count":0,"href":"https:\/\/fmgente.com.ar\/web\/wp-json\/wp\/v2\/posts\/6261\/revisions"}],"wp:featuredmedia":[{"embeddable":true,"href":"https:\/\/fmgente.com.ar\/web\/wp-json\/wp\/v2\/media\/6262"}],"wp:attachment":[{"href":"https:\/\/fmgente.com.ar\/web\/wp-json\/wp\/v2\/media?parent=6261"}],"wp:term":[{"taxonomy":"category","embeddable":true,"href":"https:\/\/fmgente.com.ar\/web\/wp-json\/wp\/v2\/categories?post=6261"},{"taxonomy":"post_tag","embeddable":true,"href":"https:\/\/fmgente.com.ar\/web\/wp-json\/wp\/v2\/tags?post=6261"}],"curies":[{"name":"wp","href":"https:\/\/api.w.org\/{rel}","templated":true}]}}