{"id":6259,"date":"2025-10-07T10:05:21","date_gmt":"2025-10-07T13:05:21","guid":{"rendered":"https:\/\/fmgente.com.ar\/la-durisima-historia-de-vida-de-oliver-quiroz-el-cronista-ganador-de-un-martin-fierro-un-cancer-discriminacion-y-una-crianza-triste\/"},"modified":"2025-10-07T10:05:21","modified_gmt":"2025-10-07T13:05:21","slug":"la-durisima-historia-de-vida-de-oliver-quiroz-el-cronista-ganador-de-un-martin-fierro-un-cancer-discriminacion-y-una-crianza-triste","status":"publish","type":"post","link":"https:\/\/fmgente.com.ar\/web\/la-durisima-historia-de-vida-de-oliver-quiroz-el-cronista-ganador-de-un-martin-fierro-un-cancer-discriminacion-y-una-crianza-triste\/","title":{"rendered":"La dur\u00edsima historia de vida de Oliver Quiroz, el cronista ganador de un Mart\u00edn Fierro: un c\u00e1ncer, discriminaci\u00f3n y una crianza triste"},"content":{"rendered":"<\/p>\n<p>El nombre <strong><a href=\"https:\/\/www.paparazzi.com.ar\/?s=Oliver+Quiroz\">Oliver Quiroz<\/a><\/strong> son\u00f3 fuerte en el Hilton de Puerto Madero cuando APTRA lo consagr\u00f3 con el <strong><a href=\"https:\/\/www.paparazzi.com.ar\/?s=+Mart%C3%ADn+Fierro+\">Mart\u00edn Fierro<\/a><\/strong> a mejor movilero\/cronista. El aplauso fue por su trabajo diario en la calle, pero tambi\u00e9n por una historia de resiliencia que cruza fronteras y derriba prejuicios. <\/p>\n<p>A los 28 a\u00f1os, el periodista peruano coron\u00f3 una l\u00ednea de tiempo hecha de migraci\u00f3n, adaptaci\u00f3n, bullying y una batalla ganada a un c\u00e1ncer testicular. Criado por sus abuelos, Mercedes y Felipe, en Reque (Chiclayo, Per\u00fa), Oliver lleg\u00f3 a Buenos Aires a los 11 para reencontrarse con sus padres y sus hermanos. <\/p>\n<p>El desembarco no fue amable: la primaria y la secundaria fueron terreno cuesta arriba. <em>\u201cMe dec\u00edan: \u2018Negro\u2019, \u2018Chocolatito\u2019\u201d,<\/em> record\u00f3 sobre los apodos que lo marcaron por su acento y el color de su piel. El desarraigo y la extranjer\u00eda lo empujaron a forjar car\u00e1cter, pero tambi\u00e9n a buscar su lugar.<\/p>\n<div class=\"mt-box \">\n<h4 class=\"mt-heading\">Mir\u00e1 Tambi\u00e9n<\/h4>\n<p><a href=\"https:\/\/www.paparazzi.com.ar\/looks\/exclusivo-los-looks-de-los-famosos-en-los-martin-fierro-de-television-2025\/\"><\/p>\n<div class=\"mt-content\">\n<div class=\"mt-image-container\"><img decoding=\"async\" src=\"https:\/\/www.paparazzi.com.ar\/wp-content\/uploads\/2025\/09\/Martin-Fierro-359x226.jpg\" alt=\"\u00a1Exclusivo! Los looks de los famosos en los Mart\u00edn Fierro de Televisi\u00f3n 2025\" class=\"mt-image\" loading=\"lazy\" \/><\/div>\n<h5 class=\"mt-title\">\u00a1Exclusivo! Los looks de los famosos en los Mart\u00edn Fierro de Televisi\u00f3n 2025<\/h5>\n<\/div>\n<p><\/a><\/div>\n<p>Mientras su familia imaginaba un futuro en Medicina, Oliver se descubri\u00f3 mirando programas de espect\u00e1culos y fantaseando con un micr\u00f3fono. Prob\u00f3 Econom\u00eda y Psicolog\u00eda, trabaj\u00f3 de kiosquero y fletero, hasta que se anot\u00f3 en el Instituto ETER y pag\u00f3 sus estudios a pulm\u00f3n. <\/p>\n<p>La tele lleg\u00f3 primero con una pasant\u00eda en Radio Late, la creaci\u00f3n del personaje <em>\u201cEl pregunt\u00f3n\u201d,<\/em> producci\u00f3n de ciclos y, m\u00e1s tarde, con la pantalla de Ma\u00f1an\u00edsima (Carmen Barbieri). El salto grande ser\u00eda A la Tarde (Am\u00e9rica), de Karina Mazzocco, donde su estilo frontal y su olfato para la exclusiva lo volvieron el <em>\u201cmovilero estrella\u201d.<\/em><\/p>\n<div class=\"mt-box \">\n<h4 class=\"mt-heading\">Mir\u00e1 Tambi\u00e9n<\/h4>\n<p><a href=\"https:\/\/www.paparazzi.com.ar\/teve\/robertito-funes-ugarte-estallo-de-ira-contra-luis-ventura-tras-los-martin-fierro-mamarracho\/\"><\/p>\n<div class=\"mt-content\">\n<div class=\"mt-image-container\"><img decoding=\"async\" src=\"https:\/\/www.paparazzi.com.ar\/wp-content\/uploads\/2025\/09\/robertito-funes-luis-ventura-359x226.jpg\" alt=\"Robertito Funes Ugarte estall\u00f3 de ira contra Luis Ventura tras los Mart\u00edn Fierro: \u201c\u00a1Mamarracho!\u201d\" class=\"mt-image\" loading=\"lazy\" \/><\/div>\n<h5 class=\"mt-title\">Robertito Funes Ugarte estall\u00f3 de ira contra Luis Ventura tras los Mart\u00edn Fierro: \u201c\u00a1Mamarracho!\u201d<\/h5>\n<\/div>\n<p><\/a><\/div>\n<p>En 2021, la vida pate\u00f3 el tablero: diagn\u00f3stico de c\u00e1ncer testicular. Sin prepaga, en plena pandemia, Oliver se atendi\u00f3 en el Hospital Ramos Mej\u00eda y confi\u00f3 en el m\u00e9dico boliviano Wilmer Sol\u00eds. El miedo lo golpe\u00f3 de lleno: <em>\u201cSent\u00ed que el mundo se me ca\u00eda abajo y no sab\u00eda c\u00f3mo hacer para seguir adelante\u201d.<\/em><\/p>\n<p><em> <\/em>Hubo operaci\u00f3n en 15 d\u00edas, controles, y un gracias con nombre y apellido que no se olvida: <em>\u201cEse hombre me salv\u00f3 la vida y quiero agradecerle. Me oper\u00f3, me sac\u00f3 los puntos y desapareci\u00f3\u201d.<\/em> El tumor era maligno, pero fue detectado a tiempo. Hoy sigue controles anuales y cuenta la historia con alivio y gratitud.<\/p>\n<div class=\"mt-box \">\n<h4 class=\"mt-heading\">Mir\u00e1 Tambi\u00e9n<\/h4>\n<p><a href=\"https:\/\/www.paparazzi.com.ar\/romances\/julieta-poggio-tuvo-relaciones-en-los-martin-fierro-con-un-famoso-fueron-a-la-habitacion-y\/\"><\/p>\n<div class=\"mt-content\">\n<div class=\"mt-image-container\"><img decoding=\"async\" src=\"https:\/\/www.paparazzi.com.ar\/wp-content\/uploads\/2025\/09\/julieta-poggio-martin-salwe-359x226.png\" alt=\"Julieta Poggio tuvo relaciones en los Mart\u00edn Fierro con un famoso: &quot;Fueron a la habitaci\u00f3n y\u2026&quot;\" class=\"mt-image\" loading=\"lazy\" \/><\/div>\n<h5 class=\"mt-title\">Julieta Poggio tuvo relaciones en los Mart\u00edn Fierro con un famoso: \u00abFueron a la habitaci\u00f3n y\u2026\u00bb<\/h5>\n<\/div>\n<p><\/a><\/div>\n<p>De ah\u00ed en m\u00e1s, trabajo, calle y exclusivas. Entrevistas a figuras que no suelen hablar, coberturas sensibles (como la separaci\u00f3n de Marina Calabr\u00f3 y Rolando Barbano), notas con Pampita y varias primicias que lo ubicaron en la primera l\u00ednea de los cronistas de espect\u00e1culo. Le ofrecieron panel, pero eligi\u00f3 seguir en la vereda: ah\u00ed, dice, est\u00e1 la libertad y el acceso a las mejores historias.<\/p>\n<p>El 29 de septiembre de 2025, APTRA le dio el s\u00ed. En una terna compartida con Cecilia Insinga, Daniel Roggiano y Robertito Funes Ugarte, Oliver subi\u00f3 al escenario y, con la voz temblorosa, dej\u00f3 su frase de pel\u00edcula:<em> \u201cSo\u00f1\u00e9 tanto con decir esto y hoy estar ac\u00e1 es un agradecimiento\u201d.<\/em> <\/p>\n<figure class=\"wp-block-image size-large\"><img decoding=\"async\" src=\"https:\/\/www.paparazzi.com.ar\/wp-content\/uploads\/2025\/10\/image-3-768x1024.png.webp\" loading=\"lazy\" alt=\"\" class=\"wp-image-445955\" \/><\/figure>\n<div class=\"mt-box \">\n<h4 class=\"mt-heading\">Mir\u00e1 Tambi\u00e9n<\/h4>\n<p><a href=\"https:\/\/www.paparazzi.com.ar\/teve\/se-pudrio-todo-feroz-pelea-en-los-martin-fierro-en-plena-alfombra-roja-entre-dos-figuras\/\"><\/p>\n<div class=\"mt-content\">\n<div class=\"mt-image-container\"><img decoding=\"async\" src=\"https:\/\/www.paparazzi.com.ar\/wp-content\/uploads\/2025\/09\/\u00a1Se-pudrio-todo-Feroz-pelea-en-los-Martin-Fierro-en-plena-alfombra-roja-entre-dos-figuras-359x226.jpg\" alt=\"\u00a1Se pudri\u00f3 todo! Feroz pelea en los Mart\u00edn Fierro en plena alfombra roja entre dos figuras\" class=\"mt-image\" loading=\"lazy\" \/><\/div>\n<h5 class=\"mt-title\">\u00a1Se pudri\u00f3 todo! Feroz pelea en los Mart\u00edn Fierro en plena alfombra roja entre dos figuras<\/h5>\n<\/div>\n<p><\/a><\/div>\n<div class=\"mt-box \">\n<h4 class=\"mt-heading\">Mir\u00e1 Tambi\u00e9n<\/h4>\n<p><a href=\"https:\/\/www.paparazzi.com.ar\/teve\/quien-es-la-misteriosa-periodista-que-estuvo-a-los-besos-con-fede-bal-en-los-martin-fierro-es-la-notera-de\/\"><\/p>\n<div class=\"mt-content\">\n<div class=\"mt-image-container\"><img decoding=\"async\" src=\"https:\/\/www.paparazzi.com.ar\/wp-content\/uploads\/2025\/09\/image-332-359x226.png\" alt=\"Qui\u00e9n es la misteriosa periodista que estuvo a los besos con Fede Bal en los Martin Fierro: &quot;Es la notera de\u2026&quot;\" class=\"mt-image\" loading=\"lazy\" \/><\/div>\n<h5 class=\"mt-title\">Qui\u00e9n es la misteriosa periodista que estuvo a los besos con Fede Bal en los Martin Fierro: \u00abEs la notera de\u2026\u00bb<\/h5>\n<\/div>\n<p><\/a><\/div>\n<p>The post <a href=\"https:\/\/www.paparazzi.com.ar\/teve\/la-durisima-historia-de-vida-de-oliver-quiroz-el-cronista-ganador-de-un-martin-fierro-un-cancer-discriminacion-y-una-crianza-triste\/\">La dur\u00edsima historia de vida de Oliver Quiroz, el cronista ganador de un Mart\u00edn Fierro: un c\u00e1ncer, discriminaci\u00f3n y una crianza triste<\/a> appeared first on <a href=\"https:\/\/www.paparazzi.com.ar\">Revista Paparazzi<\/a>.<\/p>\n","protected":false},"excerpt":{"rendered":"<p>El nombre Oliver Quiroz son\u00f3 fuerte en el Hilton de Puerto Madero cuando APTRA lo<\/p>\n","protected":false},"author":0,"featured_media":6260,"comment_status":"","ping_status":"","sticky":false,"template":"","format":"standard","meta":{"footnotes":""},"categories":[11],"tags":[],"class_list":["post-6259","post","type-post","status-publish","format-standard","has-post-thumbnail","hentry","category-destacadas"],"yoast_head":"<!-- This site is optimized with the Yoast SEO plugin v28.3 - https:\/\/yoast.com\/product\/yoast-seo-wordpress\/ -->\n<title>La dur\u00edsima historia de vida de Oliver Quiroz, el cronista ganador de un Mart\u00edn Fierro: un c\u00e1ncer, discriminaci\u00f3n y una crianza triste - Fm Gente<\/title>\n<meta name=\"robots\" content=\"index, follow, max-snippet:-1, max-image-preview:large, max-video-preview:-1\" \/>\n<link rel=\"canonical\" href=\"https:\/\/fmgente.com.ar\/web\/la-durisima-historia-de-vida-de-oliver-quiroz-el-cronista-ganador-de-un-martin-fierro-un-cancer-discriminacion-y-una-crianza-triste\/\" \/>\n<meta property=\"og:locale\" content=\"es_ES\" \/>\n<meta property=\"og:type\" content=\"article\" \/>\n<meta property=\"og:title\" content=\"La dur\u00edsima historia de vida de Oliver Quiroz, el cronista ganador de un Mart\u00edn Fierro: un c\u00e1ncer, discriminaci\u00f3n y una crianza triste - Fm Gente\" \/>\n<meta property=\"og:description\" content=\"El nombre Oliver Quiroz son\u00f3 fuerte en el Hilton de Puerto Madero cuando APTRA lo\" \/>\n<meta property=\"og:url\" content=\"https:\/\/fmgente.com.ar\/web\/la-durisima-historia-de-vida-de-oliver-quiroz-el-cronista-ganador-de-un-martin-fierro-un-cancer-discriminacion-y-una-crianza-triste\/\" \/>\n<meta property=\"og:site_name\" content=\"Fm Gente\" \/>\n<meta property=\"article:published_time\" content=\"2025-10-07T13:05:21+00:00\" \/>\n<meta property=\"og:image\" content=\"https:\/\/fmgente.com.ar\/web\/wp-content\/uploads\/2025\/10\/Martin-Fierro-359x226-6.jpg\" \/>\n\t<meta property=\"og:image:width\" content=\"359\" \/>\n\t<meta property=\"og:image:height\" content=\"226\" \/>\n\t<meta property=\"og:image:type\" content=\"image\/jpeg\" \/>\n<meta name=\"twitter:card\" content=\"summary_large_image\" \/>\n<meta name=\"twitter:label1\" content=\"Tiempo de lectura\" \/>\n\t<meta name=\"twitter:data1\" content=\"3 minutos\" \/>\n<script type=\"application\/ld+json\" class=\"yoast-schema-graph\">{\"@context\":\"https:\\\/\\\/schema.org\",\"@graph\":[{\"@type\":\"Article\",\"@id\":\"https:\\\/\\\/fmgente.com.ar\\\/web\\\/la-durisima-historia-de-vida-de-oliver-quiroz-el-cronista-ganador-de-un-martin-fierro-un-cancer-discriminacion-y-una-crianza-triste\\\/#article\",\"isPartOf\":{\"@id\":\"https:\\\/\\\/fmgente.com.ar\\\/web\\\/la-durisima-historia-de-vida-de-oliver-quiroz-el-cronista-ganador-de-un-martin-fierro-un-cancer-discriminacion-y-una-crianza-triste\\\/\"},\"author\":{\"name\":\"\",\"@id\":\"\"},\"headline\":\"La dur\u00edsima historia de vida de Oliver Quiroz, el cronista ganador de un Mart\u00edn Fierro: un c\u00e1ncer, discriminaci\u00f3n y una crianza triste\",\"datePublished\":\"2025-10-07T13:05:21+00:00\",\"mainEntityOfPage\":{\"@id\":\"https:\\\/\\\/fmgente.com.ar\\\/web\\\/la-durisima-historia-de-vida-de-oliver-quiroz-el-cronista-ganador-de-un-martin-fierro-un-cancer-discriminacion-y-una-crianza-triste\\\/\"},\"wordCount\":665,\"publisher\":{\"@id\":\"https:\\\/\\\/fmgente.com.ar\\\/web\\\/#organization\"},\"image\":{\"@id\":\"https:\\\/\\\/fmgente.com.ar\\\/web\\\/la-durisima-historia-de-vida-de-oliver-quiroz-el-cronista-ganador-de-un-martin-fierro-un-cancer-discriminacion-y-una-crianza-triste\\\/#primaryimage\"},\"thumbnailUrl\":\"https:\\\/\\\/fmgente.com.ar\\\/web\\\/wp-content\\\/uploads\\\/2025\\\/10\\\/Martin-Fierro-359x226-6.jpg\",\"articleSection\":[\"DESTACADAS\"],\"inLanguage\":\"es\"},{\"@type\":\"WebPage\",\"@id\":\"https:\\\/\\\/fmgente.com.ar\\\/web\\\/la-durisima-historia-de-vida-de-oliver-quiroz-el-cronista-ganador-de-un-martin-fierro-un-cancer-discriminacion-y-una-crianza-triste\\\/\",\"url\":\"https:\\\/\\\/fmgente.com.ar\\\/web\\\/la-durisima-historia-de-vida-de-oliver-quiroz-el-cronista-ganador-de-un-martin-fierro-un-cancer-discriminacion-y-una-crianza-triste\\\/\",\"name\":\"La dur\u00edsima historia de vida de Oliver Quiroz, el cronista ganador de un Mart\u00edn Fierro: un c\u00e1ncer, discriminaci\u00f3n y una crianza triste - Fm Gente\",\"isPartOf\":{\"@id\":\"https:\\\/\\\/fmgente.com.ar\\\/web\\\/#website\"},\"primaryImageOfPage\":{\"@id\":\"https:\\\/\\\/fmgente.com.ar\\\/web\\\/la-durisima-historia-de-vida-de-oliver-quiroz-el-cronista-ganador-de-un-martin-fierro-un-cancer-discriminacion-y-una-crianza-triste\\\/#primaryimage\"},\"image\":{\"@id\":\"https:\\\/\\\/fmgente.com.ar\\\/web\\\/la-durisima-historia-de-vida-de-oliver-quiroz-el-cronista-ganador-de-un-martin-fierro-un-cancer-discriminacion-y-una-crianza-triste\\\/#primaryimage\"},\"thumbnailUrl\":\"https:\\\/\\\/fmgente.com.ar\\\/web\\\/wp-content\\\/uploads\\\/2025\\\/10\\\/Martin-Fierro-359x226-6.jpg\",\"datePublished\":\"2025-10-07T13:05:21+00:00\",\"inLanguage\":\"es\",\"potentialAction\":[{\"@type\":\"ReadAction\",\"target\":[\"https:\\\/\\\/fmgente.com.ar\\\/web\\\/la-durisima-historia-de-vida-de-oliver-quiroz-el-cronista-ganador-de-un-martin-fierro-un-cancer-discriminacion-y-una-crianza-triste\\\/\"]}]},{\"@type\":\"ImageObject\",\"inLanguage\":\"es\",\"@id\":\"https:\\\/\\\/fmgente.com.ar\\\/web\\\/la-durisima-historia-de-vida-de-oliver-quiroz-el-cronista-ganador-de-un-martin-fierro-un-cancer-discriminacion-y-una-crianza-triste\\\/#primaryimage\",\"url\":\"https:\\\/\\\/fmgente.com.ar\\\/web\\\/wp-content\\\/uploads\\\/2025\\\/10\\\/Martin-Fierro-359x226-6.jpg\",\"contentUrl\":\"https:\\\/\\\/fmgente.com.ar\\\/web\\\/wp-content\\\/uploads\\\/2025\\\/10\\\/Martin-Fierro-359x226-6.jpg\",\"width\":359,\"height\":226},{\"@type\":\"WebSite\",\"@id\":\"https:\\\/\\\/fmgente.com.ar\\\/web\\\/#website\",\"url\":\"https:\\\/\\\/fmgente.com.ar\\\/web\\\/\",\"name\":\"Fm Gente\",\"description\":\"- Jes\u00fas Mar\u00eda\",\"publisher\":{\"@id\":\"https:\\\/\\\/fmgente.com.ar\\\/web\\\/#organization\"},\"potentialAction\":[{\"@type\":\"SearchAction\",\"target\":{\"@type\":\"EntryPoint\",\"urlTemplate\":\"https:\\\/\\\/fmgente.com.ar\\\/web\\\/?s={search_term_string}\"},\"query-input\":{\"@type\":\"PropertyValueSpecification\",\"valueRequired\":true,\"valueName\":\"search_term_string\"}}],\"inLanguage\":\"es\"},{\"@type\":\"Organization\",\"@id\":\"https:\\\/\\\/fmgente.com.ar\\\/web\\\/#organization\",\"name\":\"Fm Gente\",\"url\":\"https:\\\/\\\/fmgente.com.ar\\\/web\\\/\",\"logo\":{\"@type\":\"ImageObject\",\"inLanguage\":\"es\",\"@id\":\"https:\\\/\\\/fmgente.com.ar\\\/web\\\/#\\\/schema\\\/logo\\\/image\\\/\",\"url\":\"https:\\\/\\\/fmgente.com.ar\\\/web\\\/wp-content\\\/uploads\\\/2023\\\/07\\\/cropped-cropped-logo-sombra2.png\",\"contentUrl\":\"https:\\\/\\\/fmgente.com.ar\\\/web\\\/wp-content\\\/uploads\\\/2023\\\/07\\\/cropped-cropped-logo-sombra2.png\",\"width\":1782,\"height\":1782,\"caption\":\"Fm Gente\"},\"image\":{\"@id\":\"https:\\\/\\\/fmgente.com.ar\\\/web\\\/#\\\/schema\\\/logo\\\/image\\\/\"}}]}<\/script>\n<!-- \/ Yoast SEO plugin. -->","yoast_head_json":{"title":"La dur\u00edsima historia de vida de Oliver Quiroz, el cronista ganador de un Mart\u00edn Fierro: un c\u00e1ncer, discriminaci\u00f3n y una crianza triste - Fm Gente","robots":{"index":"index","follow":"follow","max-snippet":"max-snippet:-1","max-image-preview":"max-image-preview:large","max-video-preview":"max-video-preview:-1"},"canonical":"https:\/\/fmgente.com.ar\/web\/la-durisima-historia-de-vida-de-oliver-quiroz-el-cronista-ganador-de-un-martin-fierro-un-cancer-discriminacion-y-una-crianza-triste\/","og_locale":"es_ES","og_type":"article","og_title":"La dur\u00edsima historia de vida de Oliver Quiroz, el cronista ganador de un Mart\u00edn Fierro: un c\u00e1ncer, discriminaci\u00f3n y una crianza triste - Fm Gente","og_description":"El nombre Oliver Quiroz son\u00f3 fuerte en el Hilton de Puerto Madero cuando APTRA lo","og_url":"https:\/\/fmgente.com.ar\/web\/la-durisima-historia-de-vida-de-oliver-quiroz-el-cronista-ganador-de-un-martin-fierro-un-cancer-discriminacion-y-una-crianza-triste\/","og_site_name":"Fm Gente","article_published_time":"2025-10-07T13:05:21+00:00","og_image":[{"width":359,"height":226,"url":"https:\/\/fmgente.com.ar\/web\/wp-content\/uploads\/2025\/10\/Martin-Fierro-359x226-6.jpg","type":"image\/jpeg"}],"twitter_card":"summary_large_image","twitter_misc":{"Tiempo de lectura":"3 minutos"},"schema":{"@context":"https:\/\/schema.org","@graph":[{"@type":"Article","@id":"https:\/\/fmgente.com.ar\/web\/la-durisima-historia-de-vida-de-oliver-quiroz-el-cronista-ganador-de-un-martin-fierro-un-cancer-discriminacion-y-una-crianza-triste\/#article","isPartOf":{"@id":"https:\/\/fmgente.com.ar\/web\/la-durisima-historia-de-vida-de-oliver-quiroz-el-cronista-ganador-de-un-martin-fierro-un-cancer-discriminacion-y-una-crianza-triste\/"},"author":{"name":"","@id":""},"headline":"La dur\u00edsima historia de vida de Oliver Quiroz, el cronista ganador de un Mart\u00edn Fierro: un c\u00e1ncer, discriminaci\u00f3n y una crianza triste","datePublished":"2025-10-07T13:05:21+00:00","mainEntityOfPage":{"@id":"https:\/\/fmgente.com.ar\/web\/la-durisima-historia-de-vida-de-oliver-quiroz-el-cronista-ganador-de-un-martin-fierro-un-cancer-discriminacion-y-una-crianza-triste\/"},"wordCount":665,"publisher":{"@id":"https:\/\/fmgente.com.ar\/web\/#organization"},"image":{"@id":"https:\/\/fmgente.com.ar\/web\/la-durisima-historia-de-vida-de-oliver-quiroz-el-cronista-ganador-de-un-martin-fierro-un-cancer-discriminacion-y-una-crianza-triste\/#primaryimage"},"thumbnailUrl":"https:\/\/fmgente.com.ar\/web\/wp-content\/uploads\/2025\/10\/Martin-Fierro-359x226-6.jpg","articleSection":["DESTACADAS"],"inLanguage":"es"},{"@type":"WebPage","@id":"https:\/\/fmgente.com.ar\/web\/la-durisima-historia-de-vida-de-oliver-quiroz-el-cronista-ganador-de-un-martin-fierro-un-cancer-discriminacion-y-una-crianza-triste\/","url":"https:\/\/fmgente.com.ar\/web\/la-durisima-historia-de-vida-de-oliver-quiroz-el-cronista-ganador-de-un-martin-fierro-un-cancer-discriminacion-y-una-crianza-triste\/","name":"La dur\u00edsima historia de vida de Oliver Quiroz, el cronista ganador de un Mart\u00edn Fierro: un c\u00e1ncer, discriminaci\u00f3n y una crianza triste - Fm Gente","isPartOf":{"@id":"https:\/\/fmgente.com.ar\/web\/#website"},"primaryImageOfPage":{"@id":"https:\/\/fmgente.com.ar\/web\/la-durisima-historia-de-vida-de-oliver-quiroz-el-cronista-ganador-de-un-martin-fierro-un-cancer-discriminacion-y-una-crianza-triste\/#primaryimage"},"image":{"@id":"https:\/\/fmgente.com.ar\/web\/la-durisima-historia-de-vida-de-oliver-quiroz-el-cronista-ganador-de-un-martin-fierro-un-cancer-discriminacion-y-una-crianza-triste\/#primaryimage"},"thumbnailUrl":"https:\/\/fmgente.com.ar\/web\/wp-content\/uploads\/2025\/10\/Martin-Fierro-359x226-6.jpg","datePublished":"2025-10-07T13:05:21+00:00","inLanguage":"es","potentialAction":[{"@type":"ReadAction","target":["https:\/\/fmgente.com.ar\/web\/la-durisima-historia-de-vida-de-oliver-quiroz-el-cronista-ganador-de-un-martin-fierro-un-cancer-discriminacion-y-una-crianza-triste\/"]}]},{"@type":"ImageObject","inLanguage":"es","@id":"https:\/\/fmgente.com.ar\/web\/la-durisima-historia-de-vida-de-oliver-quiroz-el-cronista-ganador-de-un-martin-fierro-un-cancer-discriminacion-y-una-crianza-triste\/#primaryimage","url":"https:\/\/fmgente.com.ar\/web\/wp-content\/uploads\/2025\/10\/Martin-Fierro-359x226-6.jpg","contentUrl":"https:\/\/fmgente.com.ar\/web\/wp-content\/uploads\/2025\/10\/Martin-Fierro-359x226-6.jpg","width":359,"height":226},{"@type":"WebSite","@id":"https:\/\/fmgente.com.ar\/web\/#website","url":"https:\/\/fmgente.com.ar\/web\/","name":"Fm Gente","description":"- Jes\u00fas Mar\u00eda","publisher":{"@id":"https:\/\/fmgente.com.ar\/web\/#organization"},"potentialAction":[{"@type":"SearchAction","target":{"@type":"EntryPoint","urlTemplate":"https:\/\/fmgente.com.ar\/web\/?s={search_term_string}"},"query-input":{"@type":"PropertyValueSpecification","valueRequired":true,"valueName":"search_term_string"}}],"inLanguage":"es"},{"@type":"Organization","@id":"https:\/\/fmgente.com.ar\/web\/#organization","name":"Fm Gente","url":"https:\/\/fmgente.com.ar\/web\/","logo":{"@type":"ImageObject","inLanguage":"es","@id":"https:\/\/fmgente.com.ar\/web\/#\/schema\/logo\/image\/","url":"https:\/\/fmgente.com.ar\/web\/wp-content\/uploads\/2023\/07\/cropped-cropped-logo-sombra2.png","contentUrl":"https:\/\/fmgente.com.ar\/web\/wp-content\/uploads\/2023\/07\/cropped-cropped-logo-sombra2.png","width":1782,"height":1782,"caption":"Fm Gente"},"image":{"@id":"https:\/\/fmgente.com.ar\/web\/#\/schema\/logo\/image\/"}}]}},"_links":{"self":[{"href":"https:\/\/fmgente.com.ar\/web\/wp-json\/wp\/v2\/posts\/6259","targetHints":{"allow":["GET"]}}],"collection":[{"href":"https:\/\/fmgente.com.ar\/web\/wp-json\/wp\/v2\/posts"}],"about":[{"href":"https:\/\/fmgente.com.ar\/web\/wp-json\/wp\/v2\/types\/post"}],"replies":[{"embeddable":true,"href":"https:\/\/fmgente.com.ar\/web\/wp-json\/wp\/v2\/comments?post=6259"}],"version-history":[{"count":0,"href":"https:\/\/fmgente.com.ar\/web\/wp-json\/wp\/v2\/posts\/6259\/revisions"}],"wp:featuredmedia":[{"embeddable":true,"href":"https:\/\/fmgente.com.ar\/web\/wp-json\/wp\/v2\/media\/6260"}],"wp:attachment":[{"href":"https:\/\/fmgente.com.ar\/web\/wp-json\/wp\/v2\/media?parent=6259"}],"wp:term":[{"taxonomy":"category","embeddable":true,"href":"https:\/\/fmgente.com.ar\/web\/wp-json\/wp\/v2\/categories?post=6259"},{"taxonomy":"post_tag","embeddable":true,"href":"https:\/\/fmgente.com.ar\/web\/wp-json\/wp\/v2\/tags?post=6259"}],"curies":[{"name":"wp","href":"https:\/\/api.w.org\/{rel}","templated":true}]}}