{"id":6257,"date":"2025-10-07T08:04:52","date_gmt":"2025-10-07T11:04:52","guid":{"rendered":"https:\/\/fmgente.com.ar\/fede-bal-fue-descubierto-a-los-besos-con-una-periodista-quien-es-y-como-reacciono-evelyn-boto\/"},"modified":"2025-10-07T08:04:52","modified_gmt":"2025-10-07T11:04:52","slug":"fede-bal-fue-descubierto-a-los-besos-con-una-periodista-quien-es-y-como-reacciono-evelyn-boto","status":"publish","type":"post","link":"https:\/\/fmgente.com.ar\/web\/fede-bal-fue-descubierto-a-los-besos-con-una-periodista-quien-es-y-como-reacciono-evelyn-boto\/","title":{"rendered":"Fede Bal fue descubierto a los besos con una periodista: qui\u00e9n es y c\u00f3mo reaccion\u00f3 Evelyn Boto"},"content":{"rendered":"<p>Luego de recibir el premio Mart\u00edn Fierro por su labor al frente de Resto del Mundo, Federico Bal sigui\u00f3 festejando en el After de la gala organizada por Aptra en la disco Chana ubicada justamente al lado del hotel Hilton. Y si bien le sobraban motivos para festejar, la noche le depar\u00f3 otra coronaci\u00f3n.<\/p>\n<p>Llegando a la disco alrededor de la 1:30 de la ma\u00f1ana el actor y conductor bail\u00f3 y se divirti\u00f3 junto a <strong>Angel de Brito <\/strong>y <strong>Pepe Ochoa<\/strong>. Sin embargo, unas horitas despu\u00e9s algunas mujeres comenzaron a merodear ese rinconcito de la pista. \u00a1Y el hijo de <strong>Carmen Barbieri<\/strong> no perdi\u00f3 oportunidad para desplegar sus encantos!<\/p>\n<p>Sin embargo, tal como contaron al aire de Los Profesionales fue una sensual morocha, que no es<strong> Evelyn Botto,<\/strong> con quien mantiene un affaire, a quien <a href=\"https:\/\/www.paparazzi.com.ar\/teve\/fede-bal-explico-por-que-odia-a-muerte-al-streamer-numero-uno-del-pais-coscu-me-boludea-y-me-bajo-de-eventos\/\">Bal<\/a> le comi\u00f3 la boca en el boliche. <em>\u201cMe estaba por ir y los veo. Es <\/em><strong><em>Juli Roque<\/em><\/strong><em>, nuestra notera\u201d,<\/em> lanz\u00f3 al aire el cronista <strong>Diego Bouvet.<\/strong><\/p>\n<div class=\"mt-box \">\n<h4 class=\"mt-heading\">Mir\u00e1 Tambi\u00e9n<\/h4>\n<p><a href=\"https:\/\/www.paparazzi.com.ar\/teve\/se-pudrio-todo-feroz-pelea-en-los-martin-fierro-en-plena-alfombra-roja-entre-dos-figuras\/\"><\/p>\n<div class=\"mt-content\">\n<div class=\"mt-image-container\"><img decoding=\"async\" src=\"https:\/\/www.paparazzi.com.ar\/wp-content\/uploads\/2025\/09\/\u00a1Se-pudrio-todo-Feroz-pelea-en-los-Martin-Fierro-en-plena-alfombra-roja-entre-dos-figuras-359x226.jpg.webp\" alt=\"\u00a1Se pudri\u00f3 todo! Feroz pelea en los Mart\u00edn Fierro en plena alfombra roja entre dos figuras\" class=\"mt-image\" loading=\"lazy\" \/><\/div>\n<h5 class=\"mt-title\">\u00a1Se pudri\u00f3 todo! Feroz pelea en los Mart\u00edn Fierro en plena alfombra roja entre dos figuras<\/h5>\n<\/div>\n<p><\/a><\/div>\n<p>Fue entonces que se sum\u00f3<strong> Flor de la V<\/strong> y acot\u00f3: \u201c<em>Yo te vi sin pelo suelto y hasta yo te desconozco. \u00bfD\u00f3nde dormiste?\u201d. <\/em>Acorralada, la movilera explic\u00f3:<em> \u201cDorm\u00ed en mi departamento. Sola. el me dijo \u00b4vos me hiciste notas\u00b4. Me invitaron a la fiesta despu\u00e9s de cubrir la ceremonia\u201d.<\/em><\/p>\n<h2 class=\"wp-block-heading\">FEDE BAL SE LLEVO TODOS LOS PREMIOS<\/h2>\n<p><em>\u201cSe fue todo el equipo y me qued\u00e9 para bailar. Entre trago va, trago viene, nos pusimos a hablar. Es muy seductor. Me dijo que le gustaba C\u00f3rdoba. Que ve\u00eda el programa. No s\u00e9. Estaba muy cerca y nos dimos un par de besos. Est\u00e1 soltero, me dijo<\/em>\u201d, detall\u00f3 Juli sobre ese encuentro con Bal.<\/p>\n<p>Finalmente la joven morocha remat\u00f3: \u201cBailamos, hablamos, me dijo que era linda. Me chamuy\u00f3. No me dio mucho tiempo. Me dijo ponete los lentes\u201d. Por su parte, Bouvet agreg\u00f3: <em>\u201cFui testigo de todo. Ella bailaba, entra Fede, se saca los lentes y daba un paso hacia adelante y dos para atr\u00e1s tratando de marcarle que ah\u00ed estaba\u201d.<\/em> Bal, un sedutor para alquilar bal&#8230;cones.<\/p>\n<figure class=\"wp-block-image size-full\"><img loading=\"lazy\" decoding=\"async\" width=\"415\" height=\"345\" src=\"https:\/\/www.paparazzi.com.ar\/wp-content\/uploads\/2025\/09\/l-bso.jpeg.webp\" alt=\"\" class=\"wp-image-445715\" \/><\/figure>\n<div class=\"mt-box \">\n<h4 class=\"mt-heading\">Mir\u00e1 Tambi\u00e9n<\/h4>\n<p><a href=\"https:\/\/www.paparazzi.com.ar\/teve\/mauro-szeta-revelo-detalles-escalofriantes-de-la-detencion-de-morena-rial-robo-y\/\"><\/p>\n<div class=\"mt-content\">\n<div class=\"mt-image-container\"><img decoding=\"async\" src=\"https:\/\/www.paparazzi.com.ar\/wp-content\/uploads\/2025\/09\/Mauro-Szeta-revelo-detalles-escalofriantes-de-la-detencion-de-Morena-Rial-22Robo-y.22-359x226.jpg.webp\" alt=\"Mauro Szeta revel\u00f3 detalles escalofriantes de la detenci\u00f3n de Morena Rial: &quot;Robo y...&quot;\" class=\"mt-image\" loading=\"lazy\" \/><\/div>\n<h5 class=\"mt-title\">Mauro Szeta revel\u00f3 detalles escalofriantes de la detenci\u00f3n de Morena Rial: \u00abRobo y&#8230;\u00bb<\/h5>\n<\/div>\n<p><\/a><\/div>\n<div class=\"mt-box \">\n<h4 class=\"mt-heading\">Mir\u00e1 Tambi\u00e9n<\/h4>\n<p><a href=\"https:\/\/www.paparazzi.com.ar\/teve\/la-ex-angelita-que-dio-la-peor-version-de-angel-de-brito-como-persona-traidor-nunca-mas\/\"><\/p>\n<div class=\"mt-content\">\n<div class=\"mt-image-container\"><img decoding=\"async\" src=\"https:\/\/www.paparazzi.com.ar\/wp-content\/uploads\/2025\/09\/Angel-1-359x226.jpg.webp\" alt=\"La ex Angelita que dio la peor versi\u00f3n de Angel de Brito como persona: &quot;\u00a1Traidor, nunca m\u00e1s!&quot;\" class=\"mt-image\" loading=\"lazy\" \/><\/div>\n<h5 class=\"mt-title\">La ex Angelita que dio la peor versi\u00f3n de Angel de Brito como persona: \u00ab\u00a1Traidor, nunca m\u00e1s!\u00bb<\/h5>\n<\/div>\n<p><\/a><\/div>\n<p>The post <a href=\"https:\/\/www.paparazzi.com.ar\/romances\/fede-bal-fue-descubierto-a-los-besos-con-una-periodista-quien-es-y-como-reacciono-evelyn-boto\/\">Fede Bal fue descubierto a los besos con una periodista: qui\u00e9n es y c\u00f3mo reaccion\u00f3 Evelyn Boto<\/a> appeared first on <a href=\"https:\/\/www.paparazzi.com.ar\">Revista Paparazzi<\/a>.<\/p>\n","protected":false},"excerpt":{"rendered":"<p>Luego de recibir el premio Mart\u00edn Fierro por su labor al frente de Resto del<\/p>\n","protected":false},"author":0,"featured_media":6258,"comment_status":"","ping_status":"","sticky":false,"template":"","format":"standard","meta":{"footnotes":""},"categories":[11],"tags":[],"class_list":["post-6257","post","type-post","status-publish","format-standard","has-post-thumbnail","hentry","category-destacadas"],"yoast_head":"<!-- This site is optimized with the Yoast SEO plugin v28.3 - https:\/\/yoast.com\/product\/yoast-seo-wordpress\/ -->\n<title>Fede Bal fue descubierto a los besos con una periodista: qui\u00e9n es y c\u00f3mo reaccion\u00f3 Evelyn Boto - Fm Gente<\/title>\n<meta name=\"robots\" content=\"index, follow, max-snippet:-1, max-image-preview:large, max-video-preview:-1\" \/>\n<link rel=\"canonical\" href=\"https:\/\/fmgente.com.ar\/web\/fede-bal-fue-descubierto-a-los-besos-con-una-periodista-quien-es-y-como-reacciono-evelyn-boto\/\" \/>\n<meta property=\"og:locale\" content=\"es_ES\" \/>\n<meta property=\"og:type\" content=\"article\" \/>\n<meta property=\"og:title\" content=\"Fede Bal fue descubierto a los besos con una periodista: qui\u00e9n es y c\u00f3mo reaccion\u00f3 Evelyn Boto - Fm Gente\" \/>\n<meta property=\"og:description\" content=\"Luego de recibir el premio Mart\u00edn Fierro por su labor al frente de Resto del\" \/>\n<meta property=\"og:url\" content=\"https:\/\/fmgente.com.ar\/web\/fede-bal-fue-descubierto-a-los-besos-con-una-periodista-quien-es-y-como-reacciono-evelyn-boto\/\" \/>\n<meta property=\"og:site_name\" content=\"Fm Gente\" \/>\n<meta property=\"article:published_time\" content=\"2025-10-07T11:04:52+00:00\" \/>\n<meta property=\"og:image\" content=\"https:\/\/fmgente.com.ar\/web\/wp-content\/uploads\/2025\/10\/\u00a1Se-pudrio-todo-Feroz-pelea-en-los-Martin-Fierro-en-plena-alfombra-roja-entre-dos-figuras-359x226.jpg.webp\" \/>\n\t<meta property=\"og:image:width\" content=\"359\" \/>\n\t<meta property=\"og:image:height\" content=\"226\" \/>\n\t<meta property=\"og:image:type\" content=\"image\/webp\" \/>\n<meta name=\"twitter:card\" content=\"summary_large_image\" \/>\n<meta name=\"twitter:label1\" content=\"Tiempo de lectura\" \/>\n\t<meta name=\"twitter:data1\" content=\"2 minutos\" \/>\n<script type=\"application\/ld+json\" class=\"yoast-schema-graph\">{\"@context\":\"https:\\\/\\\/schema.org\",\"@graph\":[{\"@type\":\"Article\",\"@id\":\"https:\\\/\\\/fmgente.com.ar\\\/web\\\/fede-bal-fue-descubierto-a-los-besos-con-una-periodista-quien-es-y-como-reacciono-evelyn-boto\\\/#article\",\"isPartOf\":{\"@id\":\"https:\\\/\\\/fmgente.com.ar\\\/web\\\/fede-bal-fue-descubierto-a-los-besos-con-una-periodista-quien-es-y-como-reacciono-evelyn-boto\\\/\"},\"author\":{\"name\":\"\",\"@id\":\"\"},\"headline\":\"Fede Bal fue descubierto a los besos con una periodista: qui\u00e9n es y c\u00f3mo reaccion\u00f3 Evelyn Boto\",\"datePublished\":\"2025-10-07T11:04:52+00:00\",\"mainEntityOfPage\":{\"@id\":\"https:\\\/\\\/fmgente.com.ar\\\/web\\\/fede-bal-fue-descubierto-a-los-besos-con-una-periodista-quien-es-y-como-reacciono-evelyn-boto\\\/\"},\"wordCount\":450,\"publisher\":{\"@id\":\"https:\\\/\\\/fmgente.com.ar\\\/web\\\/#organization\"},\"image\":{\"@id\":\"https:\\\/\\\/fmgente.com.ar\\\/web\\\/fede-bal-fue-descubierto-a-los-besos-con-una-periodista-quien-es-y-como-reacciono-evelyn-boto\\\/#primaryimage\"},\"thumbnailUrl\":\"https:\\\/\\\/fmgente.com.ar\\\/web\\\/wp-content\\\/uploads\\\/2025\\\/10\\\/\u00a1Se-pudrio-todo-Feroz-pelea-en-los-Martin-Fierro-en-plena-alfombra-roja-entre-dos-figuras-359x226.jpg.webp\",\"articleSection\":[\"DESTACADAS\"],\"inLanguage\":\"es\"},{\"@type\":\"WebPage\",\"@id\":\"https:\\\/\\\/fmgente.com.ar\\\/web\\\/fede-bal-fue-descubierto-a-los-besos-con-una-periodista-quien-es-y-como-reacciono-evelyn-boto\\\/\",\"url\":\"https:\\\/\\\/fmgente.com.ar\\\/web\\\/fede-bal-fue-descubierto-a-los-besos-con-una-periodista-quien-es-y-como-reacciono-evelyn-boto\\\/\",\"name\":\"Fede Bal fue descubierto a los besos con una periodista: qui\u00e9n es y c\u00f3mo reaccion\u00f3 Evelyn Boto - Fm Gente\",\"isPartOf\":{\"@id\":\"https:\\\/\\\/fmgente.com.ar\\\/web\\\/#website\"},\"primaryImageOfPage\":{\"@id\":\"https:\\\/\\\/fmgente.com.ar\\\/web\\\/fede-bal-fue-descubierto-a-los-besos-con-una-periodista-quien-es-y-como-reacciono-evelyn-boto\\\/#primaryimage\"},\"image\":{\"@id\":\"https:\\\/\\\/fmgente.com.ar\\\/web\\\/fede-bal-fue-descubierto-a-los-besos-con-una-periodista-quien-es-y-como-reacciono-evelyn-boto\\\/#primaryimage\"},\"thumbnailUrl\":\"https:\\\/\\\/fmgente.com.ar\\\/web\\\/wp-content\\\/uploads\\\/2025\\\/10\\\/\u00a1Se-pudrio-todo-Feroz-pelea-en-los-Martin-Fierro-en-plena-alfombra-roja-entre-dos-figuras-359x226.jpg.webp\",\"datePublished\":\"2025-10-07T11:04:52+00:00\",\"inLanguage\":\"es\",\"potentialAction\":[{\"@type\":\"ReadAction\",\"target\":[\"https:\\\/\\\/fmgente.com.ar\\\/web\\\/fede-bal-fue-descubierto-a-los-besos-con-una-periodista-quien-es-y-como-reacciono-evelyn-boto\\\/\"]}]},{\"@type\":\"ImageObject\",\"inLanguage\":\"es\",\"@id\":\"https:\\\/\\\/fmgente.com.ar\\\/web\\\/fede-bal-fue-descubierto-a-los-besos-con-una-periodista-quien-es-y-como-reacciono-evelyn-boto\\\/#primaryimage\",\"url\":\"https:\\\/\\\/fmgente.com.ar\\\/web\\\/wp-content\\\/uploads\\\/2025\\\/10\\\/\u00a1Se-pudrio-todo-Feroz-pelea-en-los-Martin-Fierro-en-plena-alfombra-roja-entre-dos-figuras-359x226.jpg.webp\",\"contentUrl\":\"https:\\\/\\\/fmgente.com.ar\\\/web\\\/wp-content\\\/uploads\\\/2025\\\/10\\\/\u00a1Se-pudrio-todo-Feroz-pelea-en-los-Martin-Fierro-en-plena-alfombra-roja-entre-dos-figuras-359x226.jpg.webp\",\"width\":359,\"height\":226},{\"@type\":\"WebSite\",\"@id\":\"https:\\\/\\\/fmgente.com.ar\\\/web\\\/#website\",\"url\":\"https:\\\/\\\/fmgente.com.ar\\\/web\\\/\",\"name\":\"Fm Gente\",\"description\":\"- Jes\u00fas Mar\u00eda\",\"publisher\":{\"@id\":\"https:\\\/\\\/fmgente.com.ar\\\/web\\\/#organization\"},\"potentialAction\":[{\"@type\":\"SearchAction\",\"target\":{\"@type\":\"EntryPoint\",\"urlTemplate\":\"https:\\\/\\\/fmgente.com.ar\\\/web\\\/?s={search_term_string}\"},\"query-input\":{\"@type\":\"PropertyValueSpecification\",\"valueRequired\":true,\"valueName\":\"search_term_string\"}}],\"inLanguage\":\"es\"},{\"@type\":\"Organization\",\"@id\":\"https:\\\/\\\/fmgente.com.ar\\\/web\\\/#organization\",\"name\":\"Fm Gente\",\"url\":\"https:\\\/\\\/fmgente.com.ar\\\/web\\\/\",\"logo\":{\"@type\":\"ImageObject\",\"inLanguage\":\"es\",\"@id\":\"https:\\\/\\\/fmgente.com.ar\\\/web\\\/#\\\/schema\\\/logo\\\/image\\\/\",\"url\":\"https:\\\/\\\/fmgente.com.ar\\\/web\\\/wp-content\\\/uploads\\\/2023\\\/07\\\/cropped-cropped-logo-sombra2.png\",\"contentUrl\":\"https:\\\/\\\/fmgente.com.ar\\\/web\\\/wp-content\\\/uploads\\\/2023\\\/07\\\/cropped-cropped-logo-sombra2.png\",\"width\":1782,\"height\":1782,\"caption\":\"Fm Gente\"},\"image\":{\"@id\":\"https:\\\/\\\/fmgente.com.ar\\\/web\\\/#\\\/schema\\\/logo\\\/image\\\/\"}}]}<\/script>\n<!-- \/ Yoast SEO plugin. -->","yoast_head_json":{"title":"Fede Bal fue descubierto a los besos con una periodista: qui\u00e9n es y c\u00f3mo reaccion\u00f3 Evelyn Boto - Fm Gente","robots":{"index":"index","follow":"follow","max-snippet":"max-snippet:-1","max-image-preview":"max-image-preview:large","max-video-preview":"max-video-preview:-1"},"canonical":"https:\/\/fmgente.com.ar\/web\/fede-bal-fue-descubierto-a-los-besos-con-una-periodista-quien-es-y-como-reacciono-evelyn-boto\/","og_locale":"es_ES","og_type":"article","og_title":"Fede Bal fue descubierto a los besos con una periodista: qui\u00e9n es y c\u00f3mo reaccion\u00f3 Evelyn Boto - Fm Gente","og_description":"Luego de recibir el premio Mart\u00edn Fierro por su labor al frente de Resto del","og_url":"https:\/\/fmgente.com.ar\/web\/fede-bal-fue-descubierto-a-los-besos-con-una-periodista-quien-es-y-como-reacciono-evelyn-boto\/","og_site_name":"Fm Gente","article_published_time":"2025-10-07T11:04:52+00:00","og_image":[{"width":359,"height":226,"url":"https:\/\/fmgente.com.ar\/web\/wp-content\/uploads\/2025\/10\/\u00a1Se-pudrio-todo-Feroz-pelea-en-los-Martin-Fierro-en-plena-alfombra-roja-entre-dos-figuras-359x226.jpg.webp","type":"image\/webp"}],"twitter_card":"summary_large_image","twitter_misc":{"Tiempo de lectura":"2 minutos"},"schema":{"@context":"https:\/\/schema.org","@graph":[{"@type":"Article","@id":"https:\/\/fmgente.com.ar\/web\/fede-bal-fue-descubierto-a-los-besos-con-una-periodista-quien-es-y-como-reacciono-evelyn-boto\/#article","isPartOf":{"@id":"https:\/\/fmgente.com.ar\/web\/fede-bal-fue-descubierto-a-los-besos-con-una-periodista-quien-es-y-como-reacciono-evelyn-boto\/"},"author":{"name":"","@id":""},"headline":"Fede Bal fue descubierto a los besos con una periodista: qui\u00e9n es y c\u00f3mo reaccion\u00f3 Evelyn Boto","datePublished":"2025-10-07T11:04:52+00:00","mainEntityOfPage":{"@id":"https:\/\/fmgente.com.ar\/web\/fede-bal-fue-descubierto-a-los-besos-con-una-periodista-quien-es-y-como-reacciono-evelyn-boto\/"},"wordCount":450,"publisher":{"@id":"https:\/\/fmgente.com.ar\/web\/#organization"},"image":{"@id":"https:\/\/fmgente.com.ar\/web\/fede-bal-fue-descubierto-a-los-besos-con-una-periodista-quien-es-y-como-reacciono-evelyn-boto\/#primaryimage"},"thumbnailUrl":"https:\/\/fmgente.com.ar\/web\/wp-content\/uploads\/2025\/10\/\u00a1Se-pudrio-todo-Feroz-pelea-en-los-Martin-Fierro-en-plena-alfombra-roja-entre-dos-figuras-359x226.jpg.webp","articleSection":["DESTACADAS"],"inLanguage":"es"},{"@type":"WebPage","@id":"https:\/\/fmgente.com.ar\/web\/fede-bal-fue-descubierto-a-los-besos-con-una-periodista-quien-es-y-como-reacciono-evelyn-boto\/","url":"https:\/\/fmgente.com.ar\/web\/fede-bal-fue-descubierto-a-los-besos-con-una-periodista-quien-es-y-como-reacciono-evelyn-boto\/","name":"Fede Bal fue descubierto a los besos con una periodista: qui\u00e9n es y c\u00f3mo reaccion\u00f3 Evelyn Boto - Fm Gente","isPartOf":{"@id":"https:\/\/fmgente.com.ar\/web\/#website"},"primaryImageOfPage":{"@id":"https:\/\/fmgente.com.ar\/web\/fede-bal-fue-descubierto-a-los-besos-con-una-periodista-quien-es-y-como-reacciono-evelyn-boto\/#primaryimage"},"image":{"@id":"https:\/\/fmgente.com.ar\/web\/fede-bal-fue-descubierto-a-los-besos-con-una-periodista-quien-es-y-como-reacciono-evelyn-boto\/#primaryimage"},"thumbnailUrl":"https:\/\/fmgente.com.ar\/web\/wp-content\/uploads\/2025\/10\/\u00a1Se-pudrio-todo-Feroz-pelea-en-los-Martin-Fierro-en-plena-alfombra-roja-entre-dos-figuras-359x226.jpg.webp","datePublished":"2025-10-07T11:04:52+00:00","inLanguage":"es","potentialAction":[{"@type":"ReadAction","target":["https:\/\/fmgente.com.ar\/web\/fede-bal-fue-descubierto-a-los-besos-con-una-periodista-quien-es-y-como-reacciono-evelyn-boto\/"]}]},{"@type":"ImageObject","inLanguage":"es","@id":"https:\/\/fmgente.com.ar\/web\/fede-bal-fue-descubierto-a-los-besos-con-una-periodista-quien-es-y-como-reacciono-evelyn-boto\/#primaryimage","url":"https:\/\/fmgente.com.ar\/web\/wp-content\/uploads\/2025\/10\/\u00a1Se-pudrio-todo-Feroz-pelea-en-los-Martin-Fierro-en-plena-alfombra-roja-entre-dos-figuras-359x226.jpg.webp","contentUrl":"https:\/\/fmgente.com.ar\/web\/wp-content\/uploads\/2025\/10\/\u00a1Se-pudrio-todo-Feroz-pelea-en-los-Martin-Fierro-en-plena-alfombra-roja-entre-dos-figuras-359x226.jpg.webp","width":359,"height":226},{"@type":"WebSite","@id":"https:\/\/fmgente.com.ar\/web\/#website","url":"https:\/\/fmgente.com.ar\/web\/","name":"Fm Gente","description":"- Jes\u00fas Mar\u00eda","publisher":{"@id":"https:\/\/fmgente.com.ar\/web\/#organization"},"potentialAction":[{"@type":"SearchAction","target":{"@type":"EntryPoint","urlTemplate":"https:\/\/fmgente.com.ar\/web\/?s={search_term_string}"},"query-input":{"@type":"PropertyValueSpecification","valueRequired":true,"valueName":"search_term_string"}}],"inLanguage":"es"},{"@type":"Organization","@id":"https:\/\/fmgente.com.ar\/web\/#organization","name":"Fm Gente","url":"https:\/\/fmgente.com.ar\/web\/","logo":{"@type":"ImageObject","inLanguage":"es","@id":"https:\/\/fmgente.com.ar\/web\/#\/schema\/logo\/image\/","url":"https:\/\/fmgente.com.ar\/web\/wp-content\/uploads\/2023\/07\/cropped-cropped-logo-sombra2.png","contentUrl":"https:\/\/fmgente.com.ar\/web\/wp-content\/uploads\/2023\/07\/cropped-cropped-logo-sombra2.png","width":1782,"height":1782,"caption":"Fm Gente"},"image":{"@id":"https:\/\/fmgente.com.ar\/web\/#\/schema\/logo\/image\/"}}]}},"_links":{"self":[{"href":"https:\/\/fmgente.com.ar\/web\/wp-json\/wp\/v2\/posts\/6257","targetHints":{"allow":["GET"]}}],"collection":[{"href":"https:\/\/fmgente.com.ar\/web\/wp-json\/wp\/v2\/posts"}],"about":[{"href":"https:\/\/fmgente.com.ar\/web\/wp-json\/wp\/v2\/types\/post"}],"replies":[{"embeddable":true,"href":"https:\/\/fmgente.com.ar\/web\/wp-json\/wp\/v2\/comments?post=6257"}],"version-history":[{"count":0,"href":"https:\/\/fmgente.com.ar\/web\/wp-json\/wp\/v2\/posts\/6257\/revisions"}],"wp:featuredmedia":[{"embeddable":true,"href":"https:\/\/fmgente.com.ar\/web\/wp-json\/wp\/v2\/media\/6258"}],"wp:attachment":[{"href":"https:\/\/fmgente.com.ar\/web\/wp-json\/wp\/v2\/media?parent=6257"}],"wp:term":[{"taxonomy":"category","embeddable":true,"href":"https:\/\/fmgente.com.ar\/web\/wp-json\/wp\/v2\/categories?post=6257"},{"taxonomy":"post_tag","embeddable":true,"href":"https:\/\/fmgente.com.ar\/web\/wp-json\/wp\/v2\/tags?post=6257"}],"curies":[{"name":"wp","href":"https:\/\/api.w.org\/{rel}","templated":true}]}}