{"id":6255,"date":"2025-10-07T07:04:58","date_gmt":"2025-10-07T10:04:58","guid":{"rendered":"https:\/\/fmgente.com.ar\/juana-repetto-confeso-el-drama-que-sufre-con-su-cuerpo-mientras-avanza-su-tercer-embarazo-sufro\/"},"modified":"2025-10-07T07:04:58","modified_gmt":"2025-10-07T10:04:58","slug":"juana-repetto-confeso-el-drama-que-sufre-con-su-cuerpo-mientras-avanza-su-tercer-embarazo-sufro","status":"publish","type":"post","link":"https:\/\/fmgente.com.ar\/web\/juana-repetto-confeso-el-drama-que-sufre-con-su-cuerpo-mientras-avanza-su-tercer-embarazo-sufro\/","title":{"rendered":"Juana Repetto confes\u00f3 el drama que sufre con su cuerpo mientras avanza su tercer embarazo: \u201cSufro\u201d"},"content":{"rendered":"<p>En plena mudanza y con 15 semanas de embarazo a cuestas, <strong>Juana Repetto<\/strong> decidi\u00f3 mostrar el costado menos glamoroso de esta etapa. Entre cambios f\u00edsicos, ropa que no encaja y un humor que va y viene, <a href=\"https:\/\/www.paparazzi.com.ar\/tag\/juana-repetto\/\">Juana <\/a>abri\u00f3 su intimidad en redes y se sincer\u00f3 con sus seguidoras sobre un tema que la preocupa.<\/p>\n<p>Desde sus stories de Instagram, Juana arranc\u00f3 con un descargo que muchas futuras madres entendieron al instante: <em>\u201cChicas, la ropa\u2026 Me quise tapar despu\u00e9s de lo de las bikinis, pero no puedo. La ropa se me sube porque tengo las tetas enormes, entonces se me sube la remera\u201d.<\/em><\/p>\n<p>Pero no fue lo \u00fanico que la incomod\u00f3. <a href=\"https:\/\/www.paparazzi.com.ar\/romances\/el-video-de-los-hijos-de-juana-repetto-al-enterarse-que-tendran-otro-hermano\/\">Juana <\/a>tambi\u00e9n habl\u00f3 del dilema con los pantalones y la cadera, sin filtro y con un tono ir\u00f3nico: <em>\u201cYa no me va a el tiro alto, porque tengo tambi\u00e9n el culo as\u00ed. Entonces me tengo que bajar el pantal\u00f3n, y me queda toda la panza al aire. Podemos hacer una secci\u00f3n looks aptos, embarazo, \u00bfqu\u00e9 dicen? Este es el de hoy\u201d.<\/em><\/p>\n<div class=\"mt-box \">\n<h4 class=\"mt-heading\">Mir\u00e1 Tambi\u00e9n<\/h4>\n<p><a href=\"https:\/\/www.paparazzi.com.ar\/teve\/el-insolito-episodio-que-desconcerto-a-juana-repetto-en-plena-mudanza-no-se-que-pensar\/\"><\/p>\n<div class=\"mt-content\">\n<div class=\"mt-image-container\"><img decoding=\"async\" src=\"https:\/\/www.paparazzi.com.ar\/wp-content\/uploads\/2025\/08\/Juana-Repetto-2-359x226.jpg.webp\" alt=\"El grave problema que enfrenta Juana Repetto en medio de su embarazo a los 37 a\u00f1os\" class=\"mt-image\" loading=\"lazy\" \/><\/div>\n<h5 class=\"mt-title\">El grave problema que enfrenta Juana Repetto en medio de su embarazo a los 37 a\u00f1os<\/h5>\n<\/div>\n<p><\/a><\/div>\n<p>Lejos de dramatizar, la actriz trat\u00f3 de ponerle humor y comparti\u00f3 su look frente al espejo con sus casi dos millones de seguidores. <em>\u201cBuen d\u00eda, qu\u00e9 dif\u00edcil vestirse embarazada, \u00bfno es cierto?\u201d<\/em>, escribi\u00f3 antes de rematar con un comentario crudo:<em> \u201cSe me sale el culo por el costado, qu\u00e9 dif\u00edcil vestirse cuando est\u00e1s as\u00ed, que no sos chicha ni limonada\u201d.<\/em><\/p>\n<h2 class=\"wp-block-heading\">LA CATARSIS DE JUANA REPETTO EN SUS PRIMEROS MESES DE EMBARAZO<\/h2>\n<p>Ese desahogo de J<a href=\"https:\/\/www.paparazzi.com.ar\/romances\/el-video-de-juana-repetto-para-anunciar-el-genero-de-su-bebe-a-los-3-meses-de-embarazo\/\">uana Repetto <\/a>m\u00e1s all\u00e1 de la risa, escond\u00eda algo m\u00e1s profundo. Es que la actriz confes\u00f3 a su comunidad que el tema de la imagen y el cuerpo siempre represent\u00f3 una lucha para ella y que, aunque intenta relativizarlo, no siempre le resulta f\u00e1cil.<\/p>\n<p><em>\u201cMe qued\u00e9 pensando en esto del cambio f\u00edsico, yo estoy tratando de tom\u00e1rmelo con humor, pero en el fondo me cuesta a m\u00ed, no me hace feliz. Verme la panza es divino, pero te crece el culo, la papada. Me veo en el programa y es tipo: \u2018Me re noto el cambio f\u00edsico\u2019. Y no solo en la panza, entonces me cuesta mucho\u201d<\/em>, dijo.<\/p>\n<div class=\"mt-box \">\n<h4 class=\"mt-heading\">Mir\u00e1 Tambi\u00e9n<\/h4>\n<p><a href=\"https:\/\/www.paparazzi.com.ar\/romances\/juana-repetto-revelo-el-secreto-de-por-que-no-quiere-reconciliarse-con-su-ex-a-pesar-del-embarazo\/\"><\/p>\n<div class=\"mt-content\">\n<div class=\"mt-image-container\"><img decoding=\"async\" src=\"https:\/\/www.paparazzi.com.ar\/wp-content\/uploads\/2025\/08\/El-ex-de-Juana-Repetto-Sebastian-Graviotto-confirmo-si-el-hijo-que-espera-la-actriz-es-suyo-o-de-otro-hombre-359x226.jpg.webp\" alt=\"Juana Repetto revel\u00f3 el secreto de por qu\u00e9 no quiere reconciliarse con su ex a pesar del embarazo\" class=\"mt-image\" loading=\"lazy\" \/><\/div>\n<h5 class=\"mt-title\">Juana Repetto revel\u00f3 el secreto de por qu\u00e9 no quiere reconciliarse con su ex a pesar del embarazo<\/h5>\n<\/div>\n<p><\/a><\/div>\n<p><em>\u201cMe cuesta mucho. Cada vez que hablo de este tema, me juzgan un mont\u00f3n. Yo les quiero decir a todas las que me critican que yo sufro un poco de esto. Soy en alg\u00fan punto v\u00edctima. He sufrido toda mi pre-adolescencia, mi adolescencia y mi juventud por no tener un cuerpo hegem\u00f3nico\u201d<\/em>, se\u00f1al\u00f3.<\/p>\n<p>Finalmente, la hija de <strong>Nicol\u00e1s Repetto<\/strong> y <strong>Reina Reech <\/strong>apel\u00f3 a la empat\u00eda: <em>\u00abHoy lo sufro. No me critiquen porque lo sufro y lo comparto. Para muchas mujeres es muy dif\u00edcil vernos en estos cambios\u201d.<\/em><\/p>\n<div class=\"mt-box \">\n<h4 class=\"mt-heading\">Mir\u00e1 Tambi\u00e9n<\/h4>\n<p><a href=\"https:\/\/www.paparazzi.com.ar\/teve\/solo-emocion-daniela-celis-relato-su-encuentro-con-thiago-medina-y-revelo-como-sigue-su-salud\/\"><\/p>\n<div class=\"mt-content\">\n<div class=\"mt-image-container\"><img decoding=\"async\" src=\"https:\/\/www.paparazzi.com.ar\/wp-content\/uploads\/2025\/09\/daniela-celis-thiago-medina-4-359x226.jpg.webp\" alt=\"S\u00f3lo emoci\u00f3n: Daniela Celis relat\u00f3 su encuentro con Thiago Medina y revel\u00f3 c\u00f3mo sigue su salud\" class=\"mt-image\" loading=\"lazy\" \/><\/div>\n<h5 class=\"mt-title\">S\u00f3lo emoci\u00f3n: Daniela Celis relat\u00f3 su encuentro con Thiago Medina y revel\u00f3 c\u00f3mo sigue su salud<\/h5>\n<\/div>\n<p><\/a><\/div>\n<div class=\"mt-box \">\n<h4 class=\"mt-heading\">Mir\u00e1 Tambi\u00e9n<\/h4>\n<p><a href=\"https:\/\/www.paparazzi.com.ar\/romances\/benjamin-vicuna-desesperado-pelea-china-suarez-hijos\/\"><\/p>\n<div class=\"mt-content\">\n<div class=\"mt-image-container\"><img decoding=\"async\" src=\"https:\/\/www.paparazzi.com.ar\/wp-content\/uploads\/2025\/09\/benjamin-vicuna-china-suarez-amancio-magnolia-359x226.jpg.webp\" alt=\"Benjam\u00edn Vicu\u00f1a qued\u00f3 contra las cuerdas en su pelea con la China Su\u00e1rez por sus hijos: \u201cJam\u00e1s imagin\u00f3 que\u2026\u201d\" class=\"mt-image\" loading=\"lazy\" \/><\/div>\n<h5 class=\"mt-title\">Benjam\u00edn Vicu\u00f1a qued\u00f3 contra las cuerdas en su pelea con la China Su\u00e1rez por sus hijos: \u201cJam\u00e1s imagin\u00f3 que\u2026\u201d<\/h5>\n<\/div>\n<p><\/a><\/div>\n<p>The post <a href=\"https:\/\/www.paparazzi.com.ar\/teve\/juana-repetto-confeso-el-drama-que-sufre-con-su-cuerpo-mientras-avanza-su-tercer-embarazo-sufro\/\">Juana Repetto confes\u00f3 el drama que sufre con su cuerpo mientras avanza su tercer embarazo: \u201cSufro\u201d<\/a> appeared first on <a href=\"https:\/\/www.paparazzi.com.ar\">Revista Paparazzi<\/a>.<\/p>\n","protected":false},"excerpt":{"rendered":"<p>En plena mudanza y con 15 semanas de embarazo a cuestas, Juana Repetto decidi\u00f3 mostrar<\/p>\n","protected":false},"author":0,"featured_media":6256,"comment_status":"","ping_status":"","sticky":false,"template":"","format":"standard","meta":{"footnotes":""},"categories":[11],"tags":[],"class_list":["post-6255","post","type-post","status-publish","format-standard","has-post-thumbnail","hentry","category-destacadas"],"yoast_head":"<!-- This site is optimized with the Yoast SEO plugin v28.3 - https:\/\/yoast.com\/product\/yoast-seo-wordpress\/ -->\n<title>Juana Repetto confes\u00f3 el drama que sufre con su cuerpo mientras avanza su tercer embarazo: \u201cSufro\u201d - Fm Gente<\/title>\n<meta name=\"robots\" content=\"index, follow, max-snippet:-1, max-image-preview:large, max-video-preview:-1\" \/>\n<link rel=\"canonical\" href=\"https:\/\/fmgente.com.ar\/web\/juana-repetto-confeso-el-drama-que-sufre-con-su-cuerpo-mientras-avanza-su-tercer-embarazo-sufro\/\" \/>\n<meta property=\"og:locale\" content=\"es_ES\" \/>\n<meta property=\"og:type\" content=\"article\" \/>\n<meta property=\"og:title\" content=\"Juana Repetto confes\u00f3 el drama que sufre con su cuerpo mientras avanza su tercer embarazo: \u201cSufro\u201d - Fm Gente\" \/>\n<meta property=\"og:description\" content=\"En plena mudanza y con 15 semanas de embarazo a cuestas, Juana Repetto decidi\u00f3 mostrar\" \/>\n<meta property=\"og:url\" content=\"https:\/\/fmgente.com.ar\/web\/juana-repetto-confeso-el-drama-que-sufre-con-su-cuerpo-mientras-avanza-su-tercer-embarazo-sufro\/\" \/>\n<meta property=\"og:site_name\" content=\"Fm Gente\" \/>\n<meta property=\"article:published_time\" content=\"2025-10-07T10:04:58+00:00\" \/>\n<meta property=\"og:image\" content=\"https:\/\/fmgente.com.ar\/web\/wp-content\/uploads\/2025\/10\/Juana-Repetto-2-359x226.jpg.webp\" \/>\n\t<meta property=\"og:image:width\" content=\"359\" \/>\n\t<meta property=\"og:image:height\" content=\"226\" \/>\n\t<meta property=\"og:image:type\" content=\"image\/webp\" \/>\n<meta name=\"twitter:card\" content=\"summary_large_image\" \/>\n<meta name=\"twitter:label1\" content=\"Tiempo de lectura\" \/>\n\t<meta name=\"twitter:data1\" content=\"3 minutos\" \/>\n<script type=\"application\/ld+json\" class=\"yoast-schema-graph\">{\"@context\":\"https:\\\/\\\/schema.org\",\"@graph\":[{\"@type\":\"Article\",\"@id\":\"https:\\\/\\\/fmgente.com.ar\\\/web\\\/juana-repetto-confeso-el-drama-que-sufre-con-su-cuerpo-mientras-avanza-su-tercer-embarazo-sufro\\\/#article\",\"isPartOf\":{\"@id\":\"https:\\\/\\\/fmgente.com.ar\\\/web\\\/juana-repetto-confeso-el-drama-que-sufre-con-su-cuerpo-mientras-avanza-su-tercer-embarazo-sufro\\\/\"},\"author\":{\"name\":\"\",\"@id\":\"\"},\"headline\":\"Juana Repetto confes\u00f3 el drama que sufre con su cuerpo mientras avanza su tercer embarazo: \u201cSufro\u201d\",\"datePublished\":\"2025-10-07T10:04:58+00:00\",\"mainEntityOfPage\":{\"@id\":\"https:\\\/\\\/fmgente.com.ar\\\/web\\\/juana-repetto-confeso-el-drama-que-sufre-con-su-cuerpo-mientras-avanza-su-tercer-embarazo-sufro\\\/\"},\"wordCount\":593,\"publisher\":{\"@id\":\"https:\\\/\\\/fmgente.com.ar\\\/web\\\/#organization\"},\"image\":{\"@id\":\"https:\\\/\\\/fmgente.com.ar\\\/web\\\/juana-repetto-confeso-el-drama-que-sufre-con-su-cuerpo-mientras-avanza-su-tercer-embarazo-sufro\\\/#primaryimage\"},\"thumbnailUrl\":\"https:\\\/\\\/fmgente.com.ar\\\/web\\\/wp-content\\\/uploads\\\/2025\\\/10\\\/Juana-Repetto-2-359x226.jpg.webp\",\"articleSection\":[\"DESTACADAS\"],\"inLanguage\":\"es\"},{\"@type\":\"WebPage\",\"@id\":\"https:\\\/\\\/fmgente.com.ar\\\/web\\\/juana-repetto-confeso-el-drama-que-sufre-con-su-cuerpo-mientras-avanza-su-tercer-embarazo-sufro\\\/\",\"url\":\"https:\\\/\\\/fmgente.com.ar\\\/web\\\/juana-repetto-confeso-el-drama-que-sufre-con-su-cuerpo-mientras-avanza-su-tercer-embarazo-sufro\\\/\",\"name\":\"Juana Repetto confes\u00f3 el drama que sufre con su cuerpo mientras avanza su tercer embarazo: \u201cSufro\u201d - Fm Gente\",\"isPartOf\":{\"@id\":\"https:\\\/\\\/fmgente.com.ar\\\/web\\\/#website\"},\"primaryImageOfPage\":{\"@id\":\"https:\\\/\\\/fmgente.com.ar\\\/web\\\/juana-repetto-confeso-el-drama-que-sufre-con-su-cuerpo-mientras-avanza-su-tercer-embarazo-sufro\\\/#primaryimage\"},\"image\":{\"@id\":\"https:\\\/\\\/fmgente.com.ar\\\/web\\\/juana-repetto-confeso-el-drama-que-sufre-con-su-cuerpo-mientras-avanza-su-tercer-embarazo-sufro\\\/#primaryimage\"},\"thumbnailUrl\":\"https:\\\/\\\/fmgente.com.ar\\\/web\\\/wp-content\\\/uploads\\\/2025\\\/10\\\/Juana-Repetto-2-359x226.jpg.webp\",\"datePublished\":\"2025-10-07T10:04:58+00:00\",\"inLanguage\":\"es\",\"potentialAction\":[{\"@type\":\"ReadAction\",\"target\":[\"https:\\\/\\\/fmgente.com.ar\\\/web\\\/juana-repetto-confeso-el-drama-que-sufre-con-su-cuerpo-mientras-avanza-su-tercer-embarazo-sufro\\\/\"]}]},{\"@type\":\"ImageObject\",\"inLanguage\":\"es\",\"@id\":\"https:\\\/\\\/fmgente.com.ar\\\/web\\\/juana-repetto-confeso-el-drama-que-sufre-con-su-cuerpo-mientras-avanza-su-tercer-embarazo-sufro\\\/#primaryimage\",\"url\":\"https:\\\/\\\/fmgente.com.ar\\\/web\\\/wp-content\\\/uploads\\\/2025\\\/10\\\/Juana-Repetto-2-359x226.jpg.webp\",\"contentUrl\":\"https:\\\/\\\/fmgente.com.ar\\\/web\\\/wp-content\\\/uploads\\\/2025\\\/10\\\/Juana-Repetto-2-359x226.jpg.webp\",\"width\":359,\"height\":226},{\"@type\":\"WebSite\",\"@id\":\"https:\\\/\\\/fmgente.com.ar\\\/web\\\/#website\",\"url\":\"https:\\\/\\\/fmgente.com.ar\\\/web\\\/\",\"name\":\"Fm Gente\",\"description\":\"- Jes\u00fas Mar\u00eda\",\"publisher\":{\"@id\":\"https:\\\/\\\/fmgente.com.ar\\\/web\\\/#organization\"},\"potentialAction\":[{\"@type\":\"SearchAction\",\"target\":{\"@type\":\"EntryPoint\",\"urlTemplate\":\"https:\\\/\\\/fmgente.com.ar\\\/web\\\/?s={search_term_string}\"},\"query-input\":{\"@type\":\"PropertyValueSpecification\",\"valueRequired\":true,\"valueName\":\"search_term_string\"}}],\"inLanguage\":\"es\"},{\"@type\":\"Organization\",\"@id\":\"https:\\\/\\\/fmgente.com.ar\\\/web\\\/#organization\",\"name\":\"Fm Gente\",\"url\":\"https:\\\/\\\/fmgente.com.ar\\\/web\\\/\",\"logo\":{\"@type\":\"ImageObject\",\"inLanguage\":\"es\",\"@id\":\"https:\\\/\\\/fmgente.com.ar\\\/web\\\/#\\\/schema\\\/logo\\\/image\\\/\",\"url\":\"https:\\\/\\\/fmgente.com.ar\\\/web\\\/wp-content\\\/uploads\\\/2023\\\/07\\\/cropped-cropped-logo-sombra2.png\",\"contentUrl\":\"https:\\\/\\\/fmgente.com.ar\\\/web\\\/wp-content\\\/uploads\\\/2023\\\/07\\\/cropped-cropped-logo-sombra2.png\",\"width\":1782,\"height\":1782,\"caption\":\"Fm Gente\"},\"image\":{\"@id\":\"https:\\\/\\\/fmgente.com.ar\\\/web\\\/#\\\/schema\\\/logo\\\/image\\\/\"}}]}<\/script>\n<!-- \/ Yoast SEO plugin. -->","yoast_head_json":{"title":"Juana Repetto confes\u00f3 el drama que sufre con su cuerpo mientras avanza su tercer embarazo: \u201cSufro\u201d - Fm Gente","robots":{"index":"index","follow":"follow","max-snippet":"max-snippet:-1","max-image-preview":"max-image-preview:large","max-video-preview":"max-video-preview:-1"},"canonical":"https:\/\/fmgente.com.ar\/web\/juana-repetto-confeso-el-drama-que-sufre-con-su-cuerpo-mientras-avanza-su-tercer-embarazo-sufro\/","og_locale":"es_ES","og_type":"article","og_title":"Juana Repetto confes\u00f3 el drama que sufre con su cuerpo mientras avanza su tercer embarazo: \u201cSufro\u201d - Fm Gente","og_description":"En plena mudanza y con 15 semanas de embarazo a cuestas, Juana Repetto decidi\u00f3 mostrar","og_url":"https:\/\/fmgente.com.ar\/web\/juana-repetto-confeso-el-drama-que-sufre-con-su-cuerpo-mientras-avanza-su-tercer-embarazo-sufro\/","og_site_name":"Fm Gente","article_published_time":"2025-10-07T10:04:58+00:00","og_image":[{"width":359,"height":226,"url":"https:\/\/fmgente.com.ar\/web\/wp-content\/uploads\/2025\/10\/Juana-Repetto-2-359x226.jpg.webp","type":"image\/webp"}],"twitter_card":"summary_large_image","twitter_misc":{"Tiempo de lectura":"3 minutos"},"schema":{"@context":"https:\/\/schema.org","@graph":[{"@type":"Article","@id":"https:\/\/fmgente.com.ar\/web\/juana-repetto-confeso-el-drama-que-sufre-con-su-cuerpo-mientras-avanza-su-tercer-embarazo-sufro\/#article","isPartOf":{"@id":"https:\/\/fmgente.com.ar\/web\/juana-repetto-confeso-el-drama-que-sufre-con-su-cuerpo-mientras-avanza-su-tercer-embarazo-sufro\/"},"author":{"name":"","@id":""},"headline":"Juana Repetto confes\u00f3 el drama que sufre con su cuerpo mientras avanza su tercer embarazo: \u201cSufro\u201d","datePublished":"2025-10-07T10:04:58+00:00","mainEntityOfPage":{"@id":"https:\/\/fmgente.com.ar\/web\/juana-repetto-confeso-el-drama-que-sufre-con-su-cuerpo-mientras-avanza-su-tercer-embarazo-sufro\/"},"wordCount":593,"publisher":{"@id":"https:\/\/fmgente.com.ar\/web\/#organization"},"image":{"@id":"https:\/\/fmgente.com.ar\/web\/juana-repetto-confeso-el-drama-que-sufre-con-su-cuerpo-mientras-avanza-su-tercer-embarazo-sufro\/#primaryimage"},"thumbnailUrl":"https:\/\/fmgente.com.ar\/web\/wp-content\/uploads\/2025\/10\/Juana-Repetto-2-359x226.jpg.webp","articleSection":["DESTACADAS"],"inLanguage":"es"},{"@type":"WebPage","@id":"https:\/\/fmgente.com.ar\/web\/juana-repetto-confeso-el-drama-que-sufre-con-su-cuerpo-mientras-avanza-su-tercer-embarazo-sufro\/","url":"https:\/\/fmgente.com.ar\/web\/juana-repetto-confeso-el-drama-que-sufre-con-su-cuerpo-mientras-avanza-su-tercer-embarazo-sufro\/","name":"Juana Repetto confes\u00f3 el drama que sufre con su cuerpo mientras avanza su tercer embarazo: \u201cSufro\u201d - Fm Gente","isPartOf":{"@id":"https:\/\/fmgente.com.ar\/web\/#website"},"primaryImageOfPage":{"@id":"https:\/\/fmgente.com.ar\/web\/juana-repetto-confeso-el-drama-que-sufre-con-su-cuerpo-mientras-avanza-su-tercer-embarazo-sufro\/#primaryimage"},"image":{"@id":"https:\/\/fmgente.com.ar\/web\/juana-repetto-confeso-el-drama-que-sufre-con-su-cuerpo-mientras-avanza-su-tercer-embarazo-sufro\/#primaryimage"},"thumbnailUrl":"https:\/\/fmgente.com.ar\/web\/wp-content\/uploads\/2025\/10\/Juana-Repetto-2-359x226.jpg.webp","datePublished":"2025-10-07T10:04:58+00:00","inLanguage":"es","potentialAction":[{"@type":"ReadAction","target":["https:\/\/fmgente.com.ar\/web\/juana-repetto-confeso-el-drama-que-sufre-con-su-cuerpo-mientras-avanza-su-tercer-embarazo-sufro\/"]}]},{"@type":"ImageObject","inLanguage":"es","@id":"https:\/\/fmgente.com.ar\/web\/juana-repetto-confeso-el-drama-que-sufre-con-su-cuerpo-mientras-avanza-su-tercer-embarazo-sufro\/#primaryimage","url":"https:\/\/fmgente.com.ar\/web\/wp-content\/uploads\/2025\/10\/Juana-Repetto-2-359x226.jpg.webp","contentUrl":"https:\/\/fmgente.com.ar\/web\/wp-content\/uploads\/2025\/10\/Juana-Repetto-2-359x226.jpg.webp","width":359,"height":226},{"@type":"WebSite","@id":"https:\/\/fmgente.com.ar\/web\/#website","url":"https:\/\/fmgente.com.ar\/web\/","name":"Fm Gente","description":"- Jes\u00fas Mar\u00eda","publisher":{"@id":"https:\/\/fmgente.com.ar\/web\/#organization"},"potentialAction":[{"@type":"SearchAction","target":{"@type":"EntryPoint","urlTemplate":"https:\/\/fmgente.com.ar\/web\/?s={search_term_string}"},"query-input":{"@type":"PropertyValueSpecification","valueRequired":true,"valueName":"search_term_string"}}],"inLanguage":"es"},{"@type":"Organization","@id":"https:\/\/fmgente.com.ar\/web\/#organization","name":"Fm Gente","url":"https:\/\/fmgente.com.ar\/web\/","logo":{"@type":"ImageObject","inLanguage":"es","@id":"https:\/\/fmgente.com.ar\/web\/#\/schema\/logo\/image\/","url":"https:\/\/fmgente.com.ar\/web\/wp-content\/uploads\/2023\/07\/cropped-cropped-logo-sombra2.png","contentUrl":"https:\/\/fmgente.com.ar\/web\/wp-content\/uploads\/2023\/07\/cropped-cropped-logo-sombra2.png","width":1782,"height":1782,"caption":"Fm Gente"},"image":{"@id":"https:\/\/fmgente.com.ar\/web\/#\/schema\/logo\/image\/"}}]}},"_links":{"self":[{"href":"https:\/\/fmgente.com.ar\/web\/wp-json\/wp\/v2\/posts\/6255","targetHints":{"allow":["GET"]}}],"collection":[{"href":"https:\/\/fmgente.com.ar\/web\/wp-json\/wp\/v2\/posts"}],"about":[{"href":"https:\/\/fmgente.com.ar\/web\/wp-json\/wp\/v2\/types\/post"}],"replies":[{"embeddable":true,"href":"https:\/\/fmgente.com.ar\/web\/wp-json\/wp\/v2\/comments?post=6255"}],"version-history":[{"count":0,"href":"https:\/\/fmgente.com.ar\/web\/wp-json\/wp\/v2\/posts\/6255\/revisions"}],"wp:featuredmedia":[{"embeddable":true,"href":"https:\/\/fmgente.com.ar\/web\/wp-json\/wp\/v2\/media\/6256"}],"wp:attachment":[{"href":"https:\/\/fmgente.com.ar\/web\/wp-json\/wp\/v2\/media?parent=6255"}],"wp:term":[{"taxonomy":"category","embeddable":true,"href":"https:\/\/fmgente.com.ar\/web\/wp-json\/wp\/v2\/categories?post=6255"},{"taxonomy":"post_tag","embeddable":true,"href":"https:\/\/fmgente.com.ar\/web\/wp-json\/wp\/v2\/tags?post=6255"}],"curies":[{"name":"wp","href":"https:\/\/api.w.org\/{rel}","templated":true}]}}