{"id":6247,"date":"2025-10-07T01:05:24","date_gmt":"2025-10-07T04:05:24","guid":{"rendered":"https:\/\/fmgente.com.ar\/yuyito-gonzalez-confeso-si-esta-dispuesta-a-reconciliarse-con-javier-milei-tras-ser-invitada-al-acto-oficial\/"},"modified":"2025-10-07T01:05:24","modified_gmt":"2025-10-07T04:05:24","slug":"yuyito-gonzalez-confeso-si-esta-dispuesta-a-reconciliarse-con-javier-milei-tras-ser-invitada-al-acto-oficial","status":"publish","type":"post","link":"https:\/\/fmgente.com.ar\/web\/yuyito-gonzalez-confeso-si-esta-dispuesta-a-reconciliarse-con-javier-milei-tras-ser-invitada-al-acto-oficial\/","title":{"rendered":"Yuyito Gonz\u00e1lez confes\u00f3 si est\u00e1 dispuesta a reconciliarse con Javier Milei tras ser invitada al acto oficial"},"content":{"rendered":"<p>Con un tapado abrigado y su inconfundible sonrisa, <strong><a href=\"https:\/\/www.paparazzi.com.ar\/tag\/yuyito-gonzalez\/\">Yuyito Gonz\u00e1lez<\/a><\/strong> lleg\u00f3 al Movistar Arena para presenciar la presentaci\u00f3n del nuevo libro del presidente <strong>Javier Milei<\/strong>, quien tambi\u00e9n es su expareja. La conductora fue invitada especialmente al evento y, aunque asegur\u00f3 que su asistencia fue \u201ccomo comunicadora\u201d, no pudo evitar que la expectativa medi\u00e1tica girara en torno a un posible reencuentro amoroso.<\/p>\n<p>\u201c<em>Ven\u00edamos hablando un poquito y me cont\u00f3 que ten\u00eda la presentaci\u00f3n del libro. As\u00ed como fui al Luna Park, voy a esta tambi\u00e9n. Es un hecho hist\u00f3rico y para m\u00ed es un privilegio poder estar ah\u00ed presencialmente<\/em>\u201d, explic\u00f3 ante las c\u00e1maras de <strong>A la Tarde<\/strong>, donde adem\u00e1s confes\u00f3 que asistir\u00eda acompa\u00f1ada por su vestuarista <strong>Nati Rosales<\/strong>.<\/p>\n<p>Los <a href=\"https:\/\/www.paparazzi.com.ar\/romances\/fatima-florez-explico-por-que-trata-de-zorra-a-yuyito-gonzalez-esta-desesperada-por\/\">rumores<\/a> de reconciliaci\u00f3n no tardaron en aparecer. \u201c<em>No nos vimos nunca en estos seis meses que llevamos separados. No s\u00e9 si lo voy a ver o no. Voy al evento y nada m\u00e1s. Pero tenemos un lindo v\u00ednculo, hablamos y est\u00e1 todo bien, eso es lo m\u00e1s importante<\/em>\u201d, asegur\u00f3 la conductora, intentando bajar el tono de las versiones que ya circulaban en los pasillos del estadio.<\/p>\n<div class=\"mt-box \">\n<h4 class=\"mt-heading\">Mir\u00e1 Tambi\u00e9n<\/h4>\n<p><a href=\"https:\/\/www.paparazzi.com.ar\/videos\/la-defensa-de-beto-marcico-a-roman-riquelme-en-medio-de-la-feroz-crisis-de-boca\/\"><\/p>\n<div class=\"mt-content\">\n<div class=\"mt-image-container\"><img decoding=\"async\" src=\"https:\/\/www.paparazzi.com.ar\/wp-content\/uploads\/2025\/08\/Beto-Marcico-Roman-Riquelme.jpg.webp\" alt=\"La defensa de Beto Marcico a Rom\u00e1n Riquelme en medio de la feroz crisis de Boca\" class=\"mt-image\" loading=\"lazy\" \/><\/div>\n<h5 class=\"mt-title\">La defensa de Beto Marcico a Rom\u00e1n Riquelme en medio de la feroz crisis de Boca<\/h5>\n<\/div>\n<p><\/a><\/div>\n<p>En medio de las especulaciones sobre una posible cena o reencuentro \u00edntimo, <strong>Yuyito<\/strong> fue contundente: \u201c<em>No estoy hablando de una cuesti\u00f3n sentimental. Hace poco que retomamos el contacto, pero no en ese sentido. Hoy simplemente estoy feliz por acompa\u00f1ar un hecho relevante y profesionalmente me encanta estar presente<\/em>\u201d.<\/p>\n<h2 class=\"wp-block-heading\">YUYITO GONZ\u00c1LEZ HABL\u00d3 DE LOS RUMORES DE RECONCILIACI\u00d3N CON JAVIER MILEI<\/h2>\n<p>Los gestos, sin embargo, alimentaron las sospechas. Seg\u00fan el equipo del programa, el auto oficial del presidente la habr\u00eda pasado a buscar por su casa, un detalle que no pas\u00f3 inadvertido y que encendi\u00f3 a\u00fan m\u00e1s las versiones sobre una segunda oportunidad. \u201c<em>Claro que me gust\u00f3 la invitaci\u00f3n, es un evento importante. Es el presidente de la Naci\u00f3n, presenta su libro, y me siento privilegiada de poder asistir<\/em>\u201d, dijo con una sonrisa.<\/p>\n<p>Y cuando parec\u00eda que todo quedaba en una mera coincidencia, <strong><a href=\"https:\/\/www.paparazzi.com.ar\/teve\/cuantos-miles-de-dolares-cobrara-yuyito-gonzalez-para-dar-charla-evangelica-en-estados-unidos\/\">Gonz\u00e1lez<\/a><\/strong> solt\u00f3 una frase que dej\u00f3 la puerta entreabierta y encendi\u00f3 los titulares de la tarde: \u201c<em>El tiempo lo dir\u00e1. El amor es lindo y yo estoy para eso, para estar enamorada y bien. Dios sabr\u00e1 qui\u00e9n ser\u00e1 la persona<\/em>\u201d.<\/p>\n<div class=\"mt-box \">\n<h4 class=\"mt-heading\">Mir\u00e1 Tambi\u00e9n<\/h4>\n<p><a href=\"https:\/\/www.paparazzi.com.ar\/romances\/mauro-icardi-y-la-china-suarez-dejaron-turquia-las-fotos-que-confirman-su-nuevo-destino\/\"><\/p>\n<div class=\"mt-content\">\n<div class=\"mt-image-container\"><img decoding=\"async\" src=\"https:\/\/www.paparazzi.com.ar\/wp-content\/uploads\/2025\/10\/La-China-Suarez-y-Mauro-Icardi-359x226.jpg\" alt=\"Mauro Icardi y la China Su\u00e1rez dejaron Turqu\u00eda: las fotos que confirman su nuevo destino\" class=\"mt-image\" loading=\"lazy\" \/><\/div>\n<h5 class=\"mt-title\">Mauro Icardi y la China Su\u00e1rez dejaron Turqu\u00eda: las fotos que confirman su nuevo destino<\/h5>\n<\/div>\n<p><\/a><\/div>\n<div class=\"mt-box \">\n<h4 class=\"mt-heading\">Mir\u00e1 Tambi\u00e9n<\/h4>\n<p><a href=\"https:\/\/www.paparazzi.com.ar\/teve\/se-filtro-cuantos-millones-cobra-julieta-poggio-por-cada-posteo-en-sus-redes\/\"><\/p>\n<div class=\"mt-content\">\n<div class=\"mt-image-container\"><img decoding=\"async\" src=\"https:\/\/www.paparazzi.com.ar\/wp-content\/uploads\/2025\/08\/Julieta-Poggio.jpg.webp\" alt=\"Se filtr\u00f3 cu\u00e1ntos millones cobra Julieta Poggio por cada posteo en sus redes\" class=\"mt-image\" loading=\"lazy\" \/><\/div>\n<h5 class=\"mt-title\">Se filtr\u00f3 cu\u00e1ntos millones cobra Julieta Poggio por cada posteo en sus redes<\/h5>\n<\/div>\n<p><\/a><\/div>\n<p>The post <a href=\"https:\/\/www.paparazzi.com.ar\/romances\/yuyito-gonzalez-confeso-si-esta-dispuesta-a-reconciliarse-con-javier-milei-tras-ser-invitada-al-acto-oficial\/\">Yuyito Gonz\u00e1lez confes\u00f3 si est\u00e1 dispuesta a reconciliarse con Javier Milei tras ser invitada al acto oficial<\/a> appeared first on <a href=\"https:\/\/www.paparazzi.com.ar\">Revista Paparazzi<\/a>.<\/p>\n","protected":false},"excerpt":{"rendered":"<p>Con un tapado abrigado y su inconfundible sonrisa, Yuyito Gonz\u00e1lez lleg\u00f3 al Movistar Arena para<\/p>\n","protected":false},"author":0,"featured_media":6248,"comment_status":"","ping_status":"","sticky":false,"template":"","format":"standard","meta":{"footnotes":""},"categories":[11],"tags":[],"class_list":["post-6247","post","type-post","status-publish","format-standard","has-post-thumbnail","hentry","category-destacadas"],"yoast_head":"<!-- This site is optimized with the Yoast SEO plugin v28.3 - https:\/\/yoast.com\/product\/yoast-seo-wordpress\/ -->\n<title>Yuyito Gonz\u00e1lez confes\u00f3 si est\u00e1 dispuesta a reconciliarse con Javier Milei tras ser invitada al acto oficial - Fm Gente<\/title>\n<meta name=\"robots\" content=\"index, follow, max-snippet:-1, max-image-preview:large, max-video-preview:-1\" \/>\n<link rel=\"canonical\" href=\"https:\/\/fmgente.com.ar\/web\/yuyito-gonzalez-confeso-si-esta-dispuesta-a-reconciliarse-con-javier-milei-tras-ser-invitada-al-acto-oficial\/\" \/>\n<meta property=\"og:locale\" content=\"es_ES\" \/>\n<meta property=\"og:type\" content=\"article\" \/>\n<meta property=\"og:title\" content=\"Yuyito Gonz\u00e1lez confes\u00f3 si est\u00e1 dispuesta a reconciliarse con Javier Milei tras ser invitada al acto oficial - Fm Gente\" \/>\n<meta property=\"og:description\" content=\"Con un tapado abrigado y su inconfundible sonrisa, Yuyito Gonz\u00e1lez lleg\u00f3 al Movistar Arena para\" \/>\n<meta property=\"og:url\" content=\"https:\/\/fmgente.com.ar\/web\/yuyito-gonzalez-confeso-si-esta-dispuesta-a-reconciliarse-con-javier-milei-tras-ser-invitada-al-acto-oficial\/\" \/>\n<meta property=\"og:site_name\" content=\"Fm Gente\" \/>\n<meta property=\"article:published_time\" content=\"2025-10-07T04:05:24+00:00\" \/>\n<meta property=\"og:image\" content=\"https:\/\/fmgente.com.ar\/web\/wp-content\/uploads\/2025\/10\/Beto-Marcico-Roman-Riquelme.jpg.webp\" \/>\n\t<meta property=\"og:image:width\" content=\"1052\" \/>\n\t<meta property=\"og:image:height\" content=\"665\" \/>\n\t<meta property=\"og:image:type\" content=\"image\/webp\" \/>\n<meta name=\"twitter:card\" content=\"summary_large_image\" \/>\n<meta name=\"twitter:label1\" content=\"Tiempo de lectura\" \/>\n\t<meta name=\"twitter:data1\" content=\"2 minutos\" \/>\n<script type=\"application\/ld+json\" class=\"yoast-schema-graph\">{\"@context\":\"https:\\\/\\\/schema.org\",\"@graph\":[{\"@type\":\"Article\",\"@id\":\"https:\\\/\\\/fmgente.com.ar\\\/web\\\/yuyito-gonzalez-confeso-si-esta-dispuesta-a-reconciliarse-con-javier-milei-tras-ser-invitada-al-acto-oficial\\\/#article\",\"isPartOf\":{\"@id\":\"https:\\\/\\\/fmgente.com.ar\\\/web\\\/yuyito-gonzalez-confeso-si-esta-dispuesta-a-reconciliarse-con-javier-milei-tras-ser-invitada-al-acto-oficial\\\/\"},\"author\":{\"name\":\"\",\"@id\":\"\"},\"headline\":\"Yuyito Gonz\u00e1lez confes\u00f3 si est\u00e1 dispuesta a reconciliarse con Javier Milei tras ser invitada al acto oficial\",\"datePublished\":\"2025-10-07T04:05:24+00:00\",\"mainEntityOfPage\":{\"@id\":\"https:\\\/\\\/fmgente.com.ar\\\/web\\\/yuyito-gonzalez-confeso-si-esta-dispuesta-a-reconciliarse-con-javier-milei-tras-ser-invitada-al-acto-oficial\\\/\"},\"wordCount\":495,\"publisher\":{\"@id\":\"https:\\\/\\\/fmgente.com.ar\\\/web\\\/#organization\"},\"image\":{\"@id\":\"https:\\\/\\\/fmgente.com.ar\\\/web\\\/yuyito-gonzalez-confeso-si-esta-dispuesta-a-reconciliarse-con-javier-milei-tras-ser-invitada-al-acto-oficial\\\/#primaryimage\"},\"thumbnailUrl\":\"https:\\\/\\\/fmgente.com.ar\\\/web\\\/wp-content\\\/uploads\\\/2025\\\/10\\\/Beto-Marcico-Roman-Riquelme.jpg.webp\",\"articleSection\":[\"DESTACADAS\"],\"inLanguage\":\"es\"},{\"@type\":\"WebPage\",\"@id\":\"https:\\\/\\\/fmgente.com.ar\\\/web\\\/yuyito-gonzalez-confeso-si-esta-dispuesta-a-reconciliarse-con-javier-milei-tras-ser-invitada-al-acto-oficial\\\/\",\"url\":\"https:\\\/\\\/fmgente.com.ar\\\/web\\\/yuyito-gonzalez-confeso-si-esta-dispuesta-a-reconciliarse-con-javier-milei-tras-ser-invitada-al-acto-oficial\\\/\",\"name\":\"Yuyito Gonz\u00e1lez confes\u00f3 si est\u00e1 dispuesta a reconciliarse con Javier Milei tras ser invitada al acto oficial - Fm Gente\",\"isPartOf\":{\"@id\":\"https:\\\/\\\/fmgente.com.ar\\\/web\\\/#website\"},\"primaryImageOfPage\":{\"@id\":\"https:\\\/\\\/fmgente.com.ar\\\/web\\\/yuyito-gonzalez-confeso-si-esta-dispuesta-a-reconciliarse-con-javier-milei-tras-ser-invitada-al-acto-oficial\\\/#primaryimage\"},\"image\":{\"@id\":\"https:\\\/\\\/fmgente.com.ar\\\/web\\\/yuyito-gonzalez-confeso-si-esta-dispuesta-a-reconciliarse-con-javier-milei-tras-ser-invitada-al-acto-oficial\\\/#primaryimage\"},\"thumbnailUrl\":\"https:\\\/\\\/fmgente.com.ar\\\/web\\\/wp-content\\\/uploads\\\/2025\\\/10\\\/Beto-Marcico-Roman-Riquelme.jpg.webp\",\"datePublished\":\"2025-10-07T04:05:24+00:00\",\"inLanguage\":\"es\",\"potentialAction\":[{\"@type\":\"ReadAction\",\"target\":[\"https:\\\/\\\/fmgente.com.ar\\\/web\\\/yuyito-gonzalez-confeso-si-esta-dispuesta-a-reconciliarse-con-javier-milei-tras-ser-invitada-al-acto-oficial\\\/\"]}]},{\"@type\":\"ImageObject\",\"inLanguage\":\"es\",\"@id\":\"https:\\\/\\\/fmgente.com.ar\\\/web\\\/yuyito-gonzalez-confeso-si-esta-dispuesta-a-reconciliarse-con-javier-milei-tras-ser-invitada-al-acto-oficial\\\/#primaryimage\",\"url\":\"https:\\\/\\\/fmgente.com.ar\\\/web\\\/wp-content\\\/uploads\\\/2025\\\/10\\\/Beto-Marcico-Roman-Riquelme.jpg.webp\",\"contentUrl\":\"https:\\\/\\\/fmgente.com.ar\\\/web\\\/wp-content\\\/uploads\\\/2025\\\/10\\\/Beto-Marcico-Roman-Riquelme.jpg.webp\",\"width\":1052,\"height\":665},{\"@type\":\"WebSite\",\"@id\":\"https:\\\/\\\/fmgente.com.ar\\\/web\\\/#website\",\"url\":\"https:\\\/\\\/fmgente.com.ar\\\/web\\\/\",\"name\":\"Fm Gente\",\"description\":\"- Jes\u00fas Mar\u00eda\",\"publisher\":{\"@id\":\"https:\\\/\\\/fmgente.com.ar\\\/web\\\/#organization\"},\"potentialAction\":[{\"@type\":\"SearchAction\",\"target\":{\"@type\":\"EntryPoint\",\"urlTemplate\":\"https:\\\/\\\/fmgente.com.ar\\\/web\\\/?s={search_term_string}\"},\"query-input\":{\"@type\":\"PropertyValueSpecification\",\"valueRequired\":true,\"valueName\":\"search_term_string\"}}],\"inLanguage\":\"es\"},{\"@type\":\"Organization\",\"@id\":\"https:\\\/\\\/fmgente.com.ar\\\/web\\\/#organization\",\"name\":\"Fm Gente\",\"url\":\"https:\\\/\\\/fmgente.com.ar\\\/web\\\/\",\"logo\":{\"@type\":\"ImageObject\",\"inLanguage\":\"es\",\"@id\":\"https:\\\/\\\/fmgente.com.ar\\\/web\\\/#\\\/schema\\\/logo\\\/image\\\/\",\"url\":\"https:\\\/\\\/fmgente.com.ar\\\/web\\\/wp-content\\\/uploads\\\/2023\\\/07\\\/cropped-cropped-logo-sombra2.png\",\"contentUrl\":\"https:\\\/\\\/fmgente.com.ar\\\/web\\\/wp-content\\\/uploads\\\/2023\\\/07\\\/cropped-cropped-logo-sombra2.png\",\"width\":1782,\"height\":1782,\"caption\":\"Fm Gente\"},\"image\":{\"@id\":\"https:\\\/\\\/fmgente.com.ar\\\/web\\\/#\\\/schema\\\/logo\\\/image\\\/\"}}]}<\/script>\n<!-- \/ Yoast SEO plugin. -->","yoast_head_json":{"title":"Yuyito Gonz\u00e1lez confes\u00f3 si est\u00e1 dispuesta a reconciliarse con Javier Milei tras ser invitada al acto oficial - Fm Gente","robots":{"index":"index","follow":"follow","max-snippet":"max-snippet:-1","max-image-preview":"max-image-preview:large","max-video-preview":"max-video-preview:-1"},"canonical":"https:\/\/fmgente.com.ar\/web\/yuyito-gonzalez-confeso-si-esta-dispuesta-a-reconciliarse-con-javier-milei-tras-ser-invitada-al-acto-oficial\/","og_locale":"es_ES","og_type":"article","og_title":"Yuyito Gonz\u00e1lez confes\u00f3 si est\u00e1 dispuesta a reconciliarse con Javier Milei tras ser invitada al acto oficial - Fm Gente","og_description":"Con un tapado abrigado y su inconfundible sonrisa, Yuyito Gonz\u00e1lez lleg\u00f3 al Movistar Arena para","og_url":"https:\/\/fmgente.com.ar\/web\/yuyito-gonzalez-confeso-si-esta-dispuesta-a-reconciliarse-con-javier-milei-tras-ser-invitada-al-acto-oficial\/","og_site_name":"Fm Gente","article_published_time":"2025-10-07T04:05:24+00:00","og_image":[{"width":1052,"height":665,"url":"https:\/\/fmgente.com.ar\/web\/wp-content\/uploads\/2025\/10\/Beto-Marcico-Roman-Riquelme.jpg.webp","type":"image\/webp"}],"twitter_card":"summary_large_image","twitter_misc":{"Tiempo de lectura":"2 minutos"},"schema":{"@context":"https:\/\/schema.org","@graph":[{"@type":"Article","@id":"https:\/\/fmgente.com.ar\/web\/yuyito-gonzalez-confeso-si-esta-dispuesta-a-reconciliarse-con-javier-milei-tras-ser-invitada-al-acto-oficial\/#article","isPartOf":{"@id":"https:\/\/fmgente.com.ar\/web\/yuyito-gonzalez-confeso-si-esta-dispuesta-a-reconciliarse-con-javier-milei-tras-ser-invitada-al-acto-oficial\/"},"author":{"name":"","@id":""},"headline":"Yuyito Gonz\u00e1lez confes\u00f3 si est\u00e1 dispuesta a reconciliarse con Javier Milei tras ser invitada al acto oficial","datePublished":"2025-10-07T04:05:24+00:00","mainEntityOfPage":{"@id":"https:\/\/fmgente.com.ar\/web\/yuyito-gonzalez-confeso-si-esta-dispuesta-a-reconciliarse-con-javier-milei-tras-ser-invitada-al-acto-oficial\/"},"wordCount":495,"publisher":{"@id":"https:\/\/fmgente.com.ar\/web\/#organization"},"image":{"@id":"https:\/\/fmgente.com.ar\/web\/yuyito-gonzalez-confeso-si-esta-dispuesta-a-reconciliarse-con-javier-milei-tras-ser-invitada-al-acto-oficial\/#primaryimage"},"thumbnailUrl":"https:\/\/fmgente.com.ar\/web\/wp-content\/uploads\/2025\/10\/Beto-Marcico-Roman-Riquelme.jpg.webp","articleSection":["DESTACADAS"],"inLanguage":"es"},{"@type":"WebPage","@id":"https:\/\/fmgente.com.ar\/web\/yuyito-gonzalez-confeso-si-esta-dispuesta-a-reconciliarse-con-javier-milei-tras-ser-invitada-al-acto-oficial\/","url":"https:\/\/fmgente.com.ar\/web\/yuyito-gonzalez-confeso-si-esta-dispuesta-a-reconciliarse-con-javier-milei-tras-ser-invitada-al-acto-oficial\/","name":"Yuyito Gonz\u00e1lez confes\u00f3 si est\u00e1 dispuesta a reconciliarse con Javier Milei tras ser invitada al acto oficial - Fm Gente","isPartOf":{"@id":"https:\/\/fmgente.com.ar\/web\/#website"},"primaryImageOfPage":{"@id":"https:\/\/fmgente.com.ar\/web\/yuyito-gonzalez-confeso-si-esta-dispuesta-a-reconciliarse-con-javier-milei-tras-ser-invitada-al-acto-oficial\/#primaryimage"},"image":{"@id":"https:\/\/fmgente.com.ar\/web\/yuyito-gonzalez-confeso-si-esta-dispuesta-a-reconciliarse-con-javier-milei-tras-ser-invitada-al-acto-oficial\/#primaryimage"},"thumbnailUrl":"https:\/\/fmgente.com.ar\/web\/wp-content\/uploads\/2025\/10\/Beto-Marcico-Roman-Riquelme.jpg.webp","datePublished":"2025-10-07T04:05:24+00:00","inLanguage":"es","potentialAction":[{"@type":"ReadAction","target":["https:\/\/fmgente.com.ar\/web\/yuyito-gonzalez-confeso-si-esta-dispuesta-a-reconciliarse-con-javier-milei-tras-ser-invitada-al-acto-oficial\/"]}]},{"@type":"ImageObject","inLanguage":"es","@id":"https:\/\/fmgente.com.ar\/web\/yuyito-gonzalez-confeso-si-esta-dispuesta-a-reconciliarse-con-javier-milei-tras-ser-invitada-al-acto-oficial\/#primaryimage","url":"https:\/\/fmgente.com.ar\/web\/wp-content\/uploads\/2025\/10\/Beto-Marcico-Roman-Riquelme.jpg.webp","contentUrl":"https:\/\/fmgente.com.ar\/web\/wp-content\/uploads\/2025\/10\/Beto-Marcico-Roman-Riquelme.jpg.webp","width":1052,"height":665},{"@type":"WebSite","@id":"https:\/\/fmgente.com.ar\/web\/#website","url":"https:\/\/fmgente.com.ar\/web\/","name":"Fm Gente","description":"- Jes\u00fas Mar\u00eda","publisher":{"@id":"https:\/\/fmgente.com.ar\/web\/#organization"},"potentialAction":[{"@type":"SearchAction","target":{"@type":"EntryPoint","urlTemplate":"https:\/\/fmgente.com.ar\/web\/?s={search_term_string}"},"query-input":{"@type":"PropertyValueSpecification","valueRequired":true,"valueName":"search_term_string"}}],"inLanguage":"es"},{"@type":"Organization","@id":"https:\/\/fmgente.com.ar\/web\/#organization","name":"Fm Gente","url":"https:\/\/fmgente.com.ar\/web\/","logo":{"@type":"ImageObject","inLanguage":"es","@id":"https:\/\/fmgente.com.ar\/web\/#\/schema\/logo\/image\/","url":"https:\/\/fmgente.com.ar\/web\/wp-content\/uploads\/2023\/07\/cropped-cropped-logo-sombra2.png","contentUrl":"https:\/\/fmgente.com.ar\/web\/wp-content\/uploads\/2023\/07\/cropped-cropped-logo-sombra2.png","width":1782,"height":1782,"caption":"Fm Gente"},"image":{"@id":"https:\/\/fmgente.com.ar\/web\/#\/schema\/logo\/image\/"}}]}},"_links":{"self":[{"href":"https:\/\/fmgente.com.ar\/web\/wp-json\/wp\/v2\/posts\/6247","targetHints":{"allow":["GET"]}}],"collection":[{"href":"https:\/\/fmgente.com.ar\/web\/wp-json\/wp\/v2\/posts"}],"about":[{"href":"https:\/\/fmgente.com.ar\/web\/wp-json\/wp\/v2\/types\/post"}],"replies":[{"embeddable":true,"href":"https:\/\/fmgente.com.ar\/web\/wp-json\/wp\/v2\/comments?post=6247"}],"version-history":[{"count":0,"href":"https:\/\/fmgente.com.ar\/web\/wp-json\/wp\/v2\/posts\/6247\/revisions"}],"wp:featuredmedia":[{"embeddable":true,"href":"https:\/\/fmgente.com.ar\/web\/wp-json\/wp\/v2\/media\/6248"}],"wp:attachment":[{"href":"https:\/\/fmgente.com.ar\/web\/wp-json\/wp\/v2\/media?parent=6247"}],"wp:term":[{"taxonomy":"category","embeddable":true,"href":"https:\/\/fmgente.com.ar\/web\/wp-json\/wp\/v2\/categories?post=6247"},{"taxonomy":"post_tag","embeddable":true,"href":"https:\/\/fmgente.com.ar\/web\/wp-json\/wp\/v2\/tags?post=6247"}],"curies":[{"name":"wp","href":"https:\/\/api.w.org\/{rel}","templated":true}]}}