{"id":6245,"date":"2025-10-07T01:05:24","date_gmt":"2025-10-07T04:05:24","guid":{"rendered":"https:\/\/fmgente.com.ar\/el-tenso-momento-que-soledad-le-hizo-vivir-a-un-participante-de-la-voz-argentina\/"},"modified":"2025-10-07T01:05:24","modified_gmt":"2025-10-07T04:05:24","slug":"el-tenso-momento-que-soledad-le-hizo-vivir-a-un-participante-de-la-voz-argentina","status":"publish","type":"post","link":"https:\/\/fmgente.com.ar\/web\/el-tenso-momento-que-soledad-le-hizo-vivir-a-un-participante-de-la-voz-argentina\/","title":{"rendered":"El tenso momento que Soledad le hizo vivir a un participante de La Voz Argentina"},"content":{"rendered":"<p>El lunes 6 de octubre comenzaron los Cuartos de Final de La Voz Argentina 2025, y el show arranc\u00f3 con una gala llena de emoci\u00f3n y nervios. La primera en salir al escenario fue <strong>Giuliana Piccioni<\/strong>, integrante del <em>Team Lali<\/em>, quien se anim\u00f3 a interpretar <em>\u201cNunca voy a olvidarte\u201d<\/em>, de Cristian Castro. Su presentaci\u00f3n conmovi\u00f3 al p\u00fablico y a los coaches, pero fue <strong><a href=\"https:\/\/www.paparazzi.com.ar\/tag\/la-voz-argentina\/\">Soledad Pastorutti<\/a><\/strong> quien le dio la devoluci\u00f3n m\u00e1s filosa de la noche, cargada de exigencia y sinceridad.<\/p>\n<p>Apenas termin\u00f3 la canci\u00f3n, la folclorista tom\u00f3 el micr\u00f3fono y fue directa. <em>\u201cCreo que te toc\u00f3 una canci\u00f3n s\u00faper dif\u00edcil, pero digna de esta etapa del programa. Ya estamos en una instancia donde no se puede guardar nada; hay que dejar todo sobre el escenario. Me gust\u00f3 mucho lo que hiciste, aunque te not\u00e9 un poco nerviosa\u201d<\/em>, se\u00f1al\u00f3 con su tono caracter\u00edstico, mezcla de ternura y autoridad.<\/p>\n<p>El <a href=\"https:\/\/www.paparazzi.com.ar\/teve\/el-video-de-la-horrible-burla-de-la-sole-contra-nico-occhiato-en-la-voz\/\">p\u00fablico<\/a> acompa\u00f1\u00f3 con aplausos, pero la coach decidi\u00f3 profundizar su an\u00e1lisis. <em>\u201cEs l\u00f3gico sentirse nerviosa, todos lo estar\u00edamos. Pero quiero decirte algo con sinceridad: te han tocado canciones muy dif\u00edciles y las resolviste con una madurez enorme. Esta noche no fue la excepci\u00f3n, aunque esos nervios se notaron un poquito, y eso te rest\u00f3 algo de la conexi\u00f3n que siempre logr\u00e1s\u201d<\/em>, remarc\u00f3, mirando a su participante con complicidad.<\/p>\n<div class=\"mt-box \">\n<h4 class=\"mt-heading\">Mir\u00e1 Tambi\u00e9n<\/h4>\n<p><a href=\"https:\/\/www.paparazzi.com.ar\/videos\/exclusivo-daniela-celis-confirmo-el-ultimo-paso-para-que-thiago-medina-reciba-el-alta\/\"><\/p>\n<div class=\"mt-content\">\n<div class=\"mt-image-container\"><img decoding=\"async\" src=\"https:\/\/www.paparazzi.com.ar\/wp-content\/uploads\/2025\/10\/Thiago-Medina-Daniela-359x226.jpg\" alt=\"\u00a1Exclusivo! Daniela Celis confirm\u00f3 el \u00faltimo paso para que Thiago Medina reciba el alta\" class=\"mt-image\" loading=\"lazy\" \/><\/div>\n<h5 class=\"mt-title\">\u00a1Exclusivo! Daniela Celis confirm\u00f3 el \u00faltimo paso para que Thiago Medina reciba el alta<\/h5>\n<\/div>\n<p><\/a><\/div>\n<p>En el estudio, la tensi\u00f3n se palpaba. <strong>Pastorutti<\/strong> no quiso quedarse solo en la t\u00e9cnica, y fue por un consejo m\u00e1s emocional. <em>\u201cSos una alumna excelente, pero hay una rebeld\u00eda que todav\u00eda ten\u00e9s que dejar salir. Escuchar consejos est\u00e1 bien, pero tambi\u00e9n hay que animarse a romper un poco las reglas. En el escenario se gana con personalidad\u201d<\/em>, lanz\u00f3, generando murmullos entre los presentes.<\/p>\n<h2 class=\"wp-block-heading\">EL TENSO CRUCE EN LA VOZ ARGENTINA<\/h2>\n<p>La participante escuchaba atenta, sabiendo que cada palabra de su mentora era una gu\u00eda para seguir creciendo. Los gestos de sus compa\u00f1eros mostraban apoyo, pero tambi\u00e9n respeto ante la contundencia de la devoluci\u00f3n. El nivel de competencia es cada vez m\u00e1s alto y los coaches no planean regalar nada en la recta final.<\/p>\n<p>Cuando parec\u00eda que todo estaba dicho, la <strong><a href=\"https:\/\/www.paparazzi.com.ar\/teve\/un-participante-de-la-voz-argentina-mostro-como-hizo-trampa-la-reaccion-de-nico-occhiato-y-los-jurados\/\">Sole<\/a><\/strong> cerr\u00f3 con una frase que qued\u00f3 retumbando en el estudio y en la cabeza de Giuliana. <em>\u201cBusc\u00e1 esa rebeld\u00eda que ya te vi en otras presentaciones. Segu\u00ed creciendo, porque la buena noticia es que ten\u00e9s mucho m\u00e1s para dar\u201d<\/em>, sentenci\u00f3, dejando en claro que su exigencia es el reflejo de la confianza que tiene en su alumna.<\/p>\n<div class=\"mt-box \">\n<h4 class=\"mt-heading\">Mir\u00e1 Tambi\u00e9n<\/h4>\n<p><a href=\"https:\/\/www.paparazzi.com.ar\/teve\/eliana-guercio-confeso-el-secreto-que-no-quiere-que-sus-hijos-descubran\/\"><\/p>\n<div class=\"mt-content\">\n<div class=\"mt-image-container\"><img decoding=\"async\" src=\"https:\/\/www.paparazzi.com.ar\/wp-content\/uploads\/2025\/08\/Eliana-Guercio-atraviesa-su-peor-momento-de-salud-a-los-47-anos-22Es-un-sufrimiento-tremendo22.jpg.webp\" alt=\"Eliana Guercio confes\u00f3 el secreto que no quiere que sus hijos descubran\" class=\"mt-image\" loading=\"lazy\" \/><\/div>\n<h5 class=\"mt-title\">Eliana Guercio confes\u00f3 el secreto que no quiere que sus hijos descubran<\/h5>\n<\/div>\n<p><\/a><\/div>\n<div class=\"mt-box \">\n<h4 class=\"mt-heading\">Mir\u00e1 Tambi\u00e9n<\/h4>\n<p><a href=\"https:\/\/www.paparazzi.com.ar\/romances\/el-juramento-que-wanda-nara-le-hizo-a-maxi-lopez-por-su-vuelta-a-la-argentina-le-prometi-que\/\"><\/p>\n<div class=\"mt-content\">\n<div class=\"mt-image-container\"><img decoding=\"async\" src=\"https:\/\/www.paparazzi.com.ar\/wp-content\/uploads\/2025\/09\/Wanda-Nara-Maxi-Lopez.jpg.webp\" alt=\"El juramento que Wanda Nara le hizo a Maxi L\u00f3pez por su vuelta a la Argentina: \u201cLe promet\u00ed que\u2026\u201d\" class=\"mt-image\" loading=\"lazy\" \/><\/div>\n<h5 class=\"mt-title\">El juramento que Wanda Nara le hizo a Maxi L\u00f3pez por su vuelta a la Argentina: \u201cLe promet\u00ed que\u2026\u201d<\/h5>\n<\/div>\n<p><\/a><\/div>\n<p>The post <a href=\"https:\/\/www.paparazzi.com.ar\/teve\/el-tenso-momento-que-soledad-le-hizo-vivir-a-un-participante-de-la-voz-argentina\/\">El tenso momento que Soledad le hizo vivir a un participante de La Voz Argentina<\/a> appeared first on <a href=\"https:\/\/www.paparazzi.com.ar\">Revista Paparazzi<\/a>.<\/p>\n","protected":false},"excerpt":{"rendered":"<p>El lunes 6 de octubre comenzaron los Cuartos de Final de La Voz Argentina 2025,<\/p>\n","protected":false},"author":0,"featured_media":6246,"comment_status":"","ping_status":"","sticky":false,"template":"","format":"standard","meta":{"footnotes":""},"categories":[11],"tags":[],"class_list":["post-6245","post","type-post","status-publish","format-standard","has-post-thumbnail","hentry","category-destacadas"],"yoast_head":"<!-- This site is optimized with the Yoast SEO plugin v28.3 - https:\/\/yoast.com\/product\/yoast-seo-wordpress\/ -->\n<title>El tenso momento que Soledad le hizo vivir a un participante de La Voz Argentina - Fm Gente<\/title>\n<meta name=\"robots\" content=\"index, follow, max-snippet:-1, max-image-preview:large, max-video-preview:-1\" \/>\n<link rel=\"canonical\" href=\"https:\/\/fmgente.com.ar\/web\/el-tenso-momento-que-soledad-le-hizo-vivir-a-un-participante-de-la-voz-argentina\/\" \/>\n<meta property=\"og:locale\" content=\"es_ES\" \/>\n<meta property=\"og:type\" content=\"article\" \/>\n<meta property=\"og:title\" content=\"El tenso momento que Soledad le hizo vivir a un participante de La Voz Argentina - Fm Gente\" \/>\n<meta property=\"og:description\" content=\"El lunes 6 de octubre comenzaron los Cuartos de Final de La Voz Argentina 2025,\" \/>\n<meta property=\"og:url\" content=\"https:\/\/fmgente.com.ar\/web\/el-tenso-momento-que-soledad-le-hizo-vivir-a-un-participante-de-la-voz-argentina\/\" \/>\n<meta property=\"og:site_name\" content=\"Fm Gente\" \/>\n<meta property=\"article:published_time\" content=\"2025-10-07T04:05:24+00:00\" \/>\n<meta property=\"og:image\" content=\"https:\/\/fmgente.com.ar\/web\/wp-content\/uploads\/2025\/10\/Thiago-Medina-Daniela-359x226-1.jpg\" \/>\n\t<meta property=\"og:image:width\" content=\"359\" \/>\n\t<meta property=\"og:image:height\" content=\"226\" \/>\n\t<meta property=\"og:image:type\" content=\"image\/jpeg\" \/>\n<meta name=\"twitter:card\" content=\"summary_large_image\" \/>\n<meta name=\"twitter:label1\" content=\"Tiempo de lectura\" \/>\n\t<meta name=\"twitter:data1\" content=\"3 minutos\" \/>\n<script type=\"application\/ld+json\" class=\"yoast-schema-graph\">{\"@context\":\"https:\\\/\\\/schema.org\",\"@graph\":[{\"@type\":\"Article\",\"@id\":\"https:\\\/\\\/fmgente.com.ar\\\/web\\\/el-tenso-momento-que-soledad-le-hizo-vivir-a-un-participante-de-la-voz-argentina\\\/#article\",\"isPartOf\":{\"@id\":\"https:\\\/\\\/fmgente.com.ar\\\/web\\\/el-tenso-momento-que-soledad-le-hizo-vivir-a-un-participante-de-la-voz-argentina\\\/\"},\"author\":{\"name\":\"\",\"@id\":\"\"},\"headline\":\"El tenso momento que Soledad le hizo vivir a un participante de La Voz Argentina\",\"datePublished\":\"2025-10-07T04:05:24+00:00\",\"mainEntityOfPage\":{\"@id\":\"https:\\\/\\\/fmgente.com.ar\\\/web\\\/el-tenso-momento-que-soledad-le-hizo-vivir-a-un-participante-de-la-voz-argentina\\\/\"},\"wordCount\":531,\"publisher\":{\"@id\":\"https:\\\/\\\/fmgente.com.ar\\\/web\\\/#organization\"},\"image\":{\"@id\":\"https:\\\/\\\/fmgente.com.ar\\\/web\\\/el-tenso-momento-que-soledad-le-hizo-vivir-a-un-participante-de-la-voz-argentina\\\/#primaryimage\"},\"thumbnailUrl\":\"https:\\\/\\\/fmgente.com.ar\\\/web\\\/wp-content\\\/uploads\\\/2025\\\/10\\\/Thiago-Medina-Daniela-359x226-1.jpg\",\"articleSection\":[\"DESTACADAS\"],\"inLanguage\":\"es\"},{\"@type\":\"WebPage\",\"@id\":\"https:\\\/\\\/fmgente.com.ar\\\/web\\\/el-tenso-momento-que-soledad-le-hizo-vivir-a-un-participante-de-la-voz-argentina\\\/\",\"url\":\"https:\\\/\\\/fmgente.com.ar\\\/web\\\/el-tenso-momento-que-soledad-le-hizo-vivir-a-un-participante-de-la-voz-argentina\\\/\",\"name\":\"El tenso momento que Soledad le hizo vivir a un participante de La Voz Argentina - Fm Gente\",\"isPartOf\":{\"@id\":\"https:\\\/\\\/fmgente.com.ar\\\/web\\\/#website\"},\"primaryImageOfPage\":{\"@id\":\"https:\\\/\\\/fmgente.com.ar\\\/web\\\/el-tenso-momento-que-soledad-le-hizo-vivir-a-un-participante-de-la-voz-argentina\\\/#primaryimage\"},\"image\":{\"@id\":\"https:\\\/\\\/fmgente.com.ar\\\/web\\\/el-tenso-momento-que-soledad-le-hizo-vivir-a-un-participante-de-la-voz-argentina\\\/#primaryimage\"},\"thumbnailUrl\":\"https:\\\/\\\/fmgente.com.ar\\\/web\\\/wp-content\\\/uploads\\\/2025\\\/10\\\/Thiago-Medina-Daniela-359x226-1.jpg\",\"datePublished\":\"2025-10-07T04:05:24+00:00\",\"inLanguage\":\"es\",\"potentialAction\":[{\"@type\":\"ReadAction\",\"target\":[\"https:\\\/\\\/fmgente.com.ar\\\/web\\\/el-tenso-momento-que-soledad-le-hizo-vivir-a-un-participante-de-la-voz-argentina\\\/\"]}]},{\"@type\":\"ImageObject\",\"inLanguage\":\"es\",\"@id\":\"https:\\\/\\\/fmgente.com.ar\\\/web\\\/el-tenso-momento-que-soledad-le-hizo-vivir-a-un-participante-de-la-voz-argentina\\\/#primaryimage\",\"url\":\"https:\\\/\\\/fmgente.com.ar\\\/web\\\/wp-content\\\/uploads\\\/2025\\\/10\\\/Thiago-Medina-Daniela-359x226-1.jpg\",\"contentUrl\":\"https:\\\/\\\/fmgente.com.ar\\\/web\\\/wp-content\\\/uploads\\\/2025\\\/10\\\/Thiago-Medina-Daniela-359x226-1.jpg\",\"width\":359,\"height\":226},{\"@type\":\"WebSite\",\"@id\":\"https:\\\/\\\/fmgente.com.ar\\\/web\\\/#website\",\"url\":\"https:\\\/\\\/fmgente.com.ar\\\/web\\\/\",\"name\":\"Fm Gente\",\"description\":\"- Jes\u00fas Mar\u00eda\",\"publisher\":{\"@id\":\"https:\\\/\\\/fmgente.com.ar\\\/web\\\/#organization\"},\"potentialAction\":[{\"@type\":\"SearchAction\",\"target\":{\"@type\":\"EntryPoint\",\"urlTemplate\":\"https:\\\/\\\/fmgente.com.ar\\\/web\\\/?s={search_term_string}\"},\"query-input\":{\"@type\":\"PropertyValueSpecification\",\"valueRequired\":true,\"valueName\":\"search_term_string\"}}],\"inLanguage\":\"es\"},{\"@type\":\"Organization\",\"@id\":\"https:\\\/\\\/fmgente.com.ar\\\/web\\\/#organization\",\"name\":\"Fm Gente\",\"url\":\"https:\\\/\\\/fmgente.com.ar\\\/web\\\/\",\"logo\":{\"@type\":\"ImageObject\",\"inLanguage\":\"es\",\"@id\":\"https:\\\/\\\/fmgente.com.ar\\\/web\\\/#\\\/schema\\\/logo\\\/image\\\/\",\"url\":\"https:\\\/\\\/fmgente.com.ar\\\/web\\\/wp-content\\\/uploads\\\/2023\\\/07\\\/cropped-cropped-logo-sombra2.png\",\"contentUrl\":\"https:\\\/\\\/fmgente.com.ar\\\/web\\\/wp-content\\\/uploads\\\/2023\\\/07\\\/cropped-cropped-logo-sombra2.png\",\"width\":1782,\"height\":1782,\"caption\":\"Fm Gente\"},\"image\":{\"@id\":\"https:\\\/\\\/fmgente.com.ar\\\/web\\\/#\\\/schema\\\/logo\\\/image\\\/\"}}]}<\/script>\n<!-- \/ Yoast SEO plugin. -->","yoast_head_json":{"title":"El tenso momento que Soledad le hizo vivir a un participante de La Voz Argentina - Fm Gente","robots":{"index":"index","follow":"follow","max-snippet":"max-snippet:-1","max-image-preview":"max-image-preview:large","max-video-preview":"max-video-preview:-1"},"canonical":"https:\/\/fmgente.com.ar\/web\/el-tenso-momento-que-soledad-le-hizo-vivir-a-un-participante-de-la-voz-argentina\/","og_locale":"es_ES","og_type":"article","og_title":"El tenso momento que Soledad le hizo vivir a un participante de La Voz Argentina - Fm Gente","og_description":"El lunes 6 de octubre comenzaron los Cuartos de Final de La Voz Argentina 2025,","og_url":"https:\/\/fmgente.com.ar\/web\/el-tenso-momento-que-soledad-le-hizo-vivir-a-un-participante-de-la-voz-argentina\/","og_site_name":"Fm Gente","article_published_time":"2025-10-07T04:05:24+00:00","og_image":[{"width":359,"height":226,"url":"https:\/\/fmgente.com.ar\/web\/wp-content\/uploads\/2025\/10\/Thiago-Medina-Daniela-359x226-1.jpg","type":"image\/jpeg"}],"twitter_card":"summary_large_image","twitter_misc":{"Tiempo de lectura":"3 minutos"},"schema":{"@context":"https:\/\/schema.org","@graph":[{"@type":"Article","@id":"https:\/\/fmgente.com.ar\/web\/el-tenso-momento-que-soledad-le-hizo-vivir-a-un-participante-de-la-voz-argentina\/#article","isPartOf":{"@id":"https:\/\/fmgente.com.ar\/web\/el-tenso-momento-que-soledad-le-hizo-vivir-a-un-participante-de-la-voz-argentina\/"},"author":{"name":"","@id":""},"headline":"El tenso momento que Soledad le hizo vivir a un participante de La Voz Argentina","datePublished":"2025-10-07T04:05:24+00:00","mainEntityOfPage":{"@id":"https:\/\/fmgente.com.ar\/web\/el-tenso-momento-que-soledad-le-hizo-vivir-a-un-participante-de-la-voz-argentina\/"},"wordCount":531,"publisher":{"@id":"https:\/\/fmgente.com.ar\/web\/#organization"},"image":{"@id":"https:\/\/fmgente.com.ar\/web\/el-tenso-momento-que-soledad-le-hizo-vivir-a-un-participante-de-la-voz-argentina\/#primaryimage"},"thumbnailUrl":"https:\/\/fmgente.com.ar\/web\/wp-content\/uploads\/2025\/10\/Thiago-Medina-Daniela-359x226-1.jpg","articleSection":["DESTACADAS"],"inLanguage":"es"},{"@type":"WebPage","@id":"https:\/\/fmgente.com.ar\/web\/el-tenso-momento-que-soledad-le-hizo-vivir-a-un-participante-de-la-voz-argentina\/","url":"https:\/\/fmgente.com.ar\/web\/el-tenso-momento-que-soledad-le-hizo-vivir-a-un-participante-de-la-voz-argentina\/","name":"El tenso momento que Soledad le hizo vivir a un participante de La Voz Argentina - Fm Gente","isPartOf":{"@id":"https:\/\/fmgente.com.ar\/web\/#website"},"primaryImageOfPage":{"@id":"https:\/\/fmgente.com.ar\/web\/el-tenso-momento-que-soledad-le-hizo-vivir-a-un-participante-de-la-voz-argentina\/#primaryimage"},"image":{"@id":"https:\/\/fmgente.com.ar\/web\/el-tenso-momento-que-soledad-le-hizo-vivir-a-un-participante-de-la-voz-argentina\/#primaryimage"},"thumbnailUrl":"https:\/\/fmgente.com.ar\/web\/wp-content\/uploads\/2025\/10\/Thiago-Medina-Daniela-359x226-1.jpg","datePublished":"2025-10-07T04:05:24+00:00","inLanguage":"es","potentialAction":[{"@type":"ReadAction","target":["https:\/\/fmgente.com.ar\/web\/el-tenso-momento-que-soledad-le-hizo-vivir-a-un-participante-de-la-voz-argentina\/"]}]},{"@type":"ImageObject","inLanguage":"es","@id":"https:\/\/fmgente.com.ar\/web\/el-tenso-momento-que-soledad-le-hizo-vivir-a-un-participante-de-la-voz-argentina\/#primaryimage","url":"https:\/\/fmgente.com.ar\/web\/wp-content\/uploads\/2025\/10\/Thiago-Medina-Daniela-359x226-1.jpg","contentUrl":"https:\/\/fmgente.com.ar\/web\/wp-content\/uploads\/2025\/10\/Thiago-Medina-Daniela-359x226-1.jpg","width":359,"height":226},{"@type":"WebSite","@id":"https:\/\/fmgente.com.ar\/web\/#website","url":"https:\/\/fmgente.com.ar\/web\/","name":"Fm Gente","description":"- Jes\u00fas Mar\u00eda","publisher":{"@id":"https:\/\/fmgente.com.ar\/web\/#organization"},"potentialAction":[{"@type":"SearchAction","target":{"@type":"EntryPoint","urlTemplate":"https:\/\/fmgente.com.ar\/web\/?s={search_term_string}"},"query-input":{"@type":"PropertyValueSpecification","valueRequired":true,"valueName":"search_term_string"}}],"inLanguage":"es"},{"@type":"Organization","@id":"https:\/\/fmgente.com.ar\/web\/#organization","name":"Fm Gente","url":"https:\/\/fmgente.com.ar\/web\/","logo":{"@type":"ImageObject","inLanguage":"es","@id":"https:\/\/fmgente.com.ar\/web\/#\/schema\/logo\/image\/","url":"https:\/\/fmgente.com.ar\/web\/wp-content\/uploads\/2023\/07\/cropped-cropped-logo-sombra2.png","contentUrl":"https:\/\/fmgente.com.ar\/web\/wp-content\/uploads\/2023\/07\/cropped-cropped-logo-sombra2.png","width":1782,"height":1782,"caption":"Fm Gente"},"image":{"@id":"https:\/\/fmgente.com.ar\/web\/#\/schema\/logo\/image\/"}}]}},"_links":{"self":[{"href":"https:\/\/fmgente.com.ar\/web\/wp-json\/wp\/v2\/posts\/6245","targetHints":{"allow":["GET"]}}],"collection":[{"href":"https:\/\/fmgente.com.ar\/web\/wp-json\/wp\/v2\/posts"}],"about":[{"href":"https:\/\/fmgente.com.ar\/web\/wp-json\/wp\/v2\/types\/post"}],"replies":[{"embeddable":true,"href":"https:\/\/fmgente.com.ar\/web\/wp-json\/wp\/v2\/comments?post=6245"}],"version-history":[{"count":0,"href":"https:\/\/fmgente.com.ar\/web\/wp-json\/wp\/v2\/posts\/6245\/revisions"}],"wp:featuredmedia":[{"embeddable":true,"href":"https:\/\/fmgente.com.ar\/web\/wp-json\/wp\/v2\/media\/6246"}],"wp:attachment":[{"href":"https:\/\/fmgente.com.ar\/web\/wp-json\/wp\/v2\/media?parent=6245"}],"wp:term":[{"taxonomy":"category","embeddable":true,"href":"https:\/\/fmgente.com.ar\/web\/wp-json\/wp\/v2\/categories?post=6245"},{"taxonomy":"post_tag","embeddable":true,"href":"https:\/\/fmgente.com.ar\/web\/wp-json\/wp\/v2\/tags?post=6245"}],"curies":[{"name":"wp","href":"https:\/\/api.w.org\/{rel}","templated":true}]}}