{"id":6241,"date":"2025-10-07T00:05:12","date_gmt":"2025-10-07T03:05:12","guid":{"rendered":"https:\/\/fmgente.com.ar\/el-emotivo-mensaje-de-el-polaco-tras-recibir-una-de-las-noticias-mas-felices-de-su-vida\/"},"modified":"2025-10-07T00:05:12","modified_gmt":"2025-10-07T03:05:12","slug":"el-emotivo-mensaje-de-el-polaco-tras-recibir-una-de-las-noticias-mas-felices-de-su-vida","status":"publish","type":"post","link":"https:\/\/fmgente.com.ar\/web\/el-emotivo-mensaje-de-el-polaco-tras-recibir-una-de-las-noticias-mas-felices-de-su-vida\/","title":{"rendered":"El emotivo mensaje de El Polaco tras recibir una de las noticias m\u00e1s felices de su vida"},"content":{"rendered":"<p>La historia personal de <strong><a href=\"https:\/\/www.paparazzi.com.ar\/tag\/el-polaco\/\">El Polaco<\/a><\/strong> acaba de sumar un cap\u00edtulo tan emotivo como simb\u00f3lico. A cuatro meses de haber obtenido su ciudadan\u00eda, el referente de la movida tropical comparti\u00f3 con sus seguidores el momento en que recibi\u00f3 su pasaporte polaco, un documento que representa mucho m\u00e1s que un simple tr\u00e1mite: es el cierre de una etapa y el inicio de otra vinculada a sus ra\u00edces y su historia familiar.<\/p>\n<p>En el video publicado desde los jardines de la Embajada de Polonia en Buenos Aires, el cantante se mostr\u00f3 visiblemente conmovido. <em>\u201cLa verdad que me siento muy, pero muy feliz. Muy contento. Ver y saber de mis antepasados, conocer un poco m\u00e1s de mi vida, de d\u00f3nde sal\u00ed, de d\u00f3nde fue todo, es algo que cierra un mont\u00f3n de cosas en mi vida\u201d<\/em>, expres\u00f3, con una sonrisa que no logr\u00f3 disimular en toda la jornada.<\/p>\n<p>Durante la <a href=\"https:\/\/www.paparazzi.com.ar\/romances\/quien-es-la-famosa-que-confirmo-su-romance-con-el-polaco-y-enfurecio-a-barby-silenzi\/\">charla<\/a> con la entrevistadora \u2014que lo salud\u00f3 en un perfecto espa\u00f1ol con acento polaco\u2014, el m\u00fasico recibi\u00f3 una bienvenida tan c\u00e1lida como divertida: <em>\u201c\u00a1Felicitaciones por recibir tu pasaporte polaco! Tu apodo art\u00edstico ahora tiene respaldo oficial. \u00bfC\u00f3mo te sent\u00eds con esto?\u201d<\/em> fue la frase que desat\u00f3 la emoci\u00f3n. El artista, fiel a su estilo, respondi\u00f3 con sencillez y gratitud.<\/p>\n<div class=\"mt-box \">\n<h4 class=\"mt-heading\">Mir\u00e1 Tambi\u00e9n<\/h4>\n<p><a href=\"https:\/\/www.paparazzi.com.ar\/romances\/exclusivo-el-video-de-roberto-garcia-moritan-con-su-nueva-novia-en-plena-calle\/\"><\/p>\n<div class=\"mt-content\">\n<div class=\"mt-image-container\"><img decoding=\"async\" src=\"https:\/\/www.paparazzi.com.ar\/wp-content\/uploads\/2025\/08\/Garcia-Moritan.jpg.webp\" alt=\"\u00a1Exclusivo! El video de Roberto Garc\u00eda Morit\u00e1n con su nueva novia en plena calle\" class=\"mt-image\" loading=\"lazy\" \/><\/div>\n<h5 class=\"mt-title\">\u00a1Exclusivo! El video de Roberto Garc\u00eda Morit\u00e1n con su nueva novia en plena calle<\/h5>\n<\/div>\n<p><\/a><\/div>\n<p>El encuentro no solo sirvi\u00f3 para sellar oficialmente su v\u00ednculo con el pa\u00eds de sus ancestros, sino tambi\u00e9n para anticipar planes. <em>\u201cSi Dios quiere, el a\u00f1o que viene se vendr\u00e1 una gira por toda Europa. Y mi idea es terminar en Polonia. Ir all\u00e1, quedarme un tiempito para poder conocer, que no conozco\u201d<\/em>, revel\u00f3 el cantante, adelantando que su primer viaje con el nuevo documento tendr\u00e1 tanto de reencuentro como de aventura profesional.<\/p>\n<h2 class=\"wp-block-heading\">LA EMOCI\u00d3N DE EL POLACO<\/h2>\n<p>Hubo, adem\u00e1s, espacio para las <a href=\"https:\/\/www.paparazzi.com.ar\/teve\/el-polaco-revelo-la-verdad-detras-de-su-grave-internacion-de-urgencia-si-dios-quiere\/\">bromas<\/a>. <em>\u201c\u00bfTu familia todav\u00eda te dice El Polaco o ahora van a llamarte Se\u00f1or Polaco?\u201d<\/em>, le lanzaron entre risas. \u00c9l retruc\u00f3 con picard\u00eda: <em>\u201cEn casa me dicen Ezequiel igual, pero todos me dicen Polaco. As\u00ed que los dos nombres que tengo son al pedo\u201d<\/em>, coment\u00f3, desatando carcajadas en el equipo de la embajada.<\/p>\n<p>La jornada cerr\u00f3 con un gui\u00f1o especial: el m\u00fasico se anim\u00f3 a pronunciar unas palabras en el idioma de sus ra\u00edces. <em>\u201cNiech \u017cyje Polska\u201d<\/em>, exclam\u00f3 \u2014que significa \u201cviva Polonia\u201d\u2014, sellando con emoci\u00f3n un momento que, como \u00e9l mismo dijo, <em>\u201ccierra muchas cosas en mi vida\u201d<\/em>.<\/p>\n<div class=\"mt-box \">\n<h4 class=\"mt-heading\">Mir\u00e1 Tambi\u00e9n<\/h4>\n<p><a href=\"https:\/\/www.paparazzi.com.ar\/sin-categoria\/oriana-sabatini-blanqueo-su-crisis-de-pareja-con-paulo-dybala-en-medio-de-su-embarazo\/\"><\/p>\n<div class=\"mt-content\">\n<div class=\"mt-image-container\"><img decoding=\"async\" src=\"https:\/\/www.paparazzi.com.ar\/wp-content\/uploads\/2025\/10\/Oriana-Sabatini-Paulo-Dybala-1-1-359x226.jpg\" alt=\"Oriana Sabatini blanque\u00f3 su crisis de pareja con Paulo Dybala en medio de su embarazo\" class=\"mt-image\" loading=\"lazy\" \/><\/div>\n<h5 class=\"mt-title\">Oriana Sabatini blanque\u00f3 su crisis de pareja con Paulo Dybala en medio de su embarazo<\/h5>\n<\/div>\n<p><\/a><\/div>\n<div class=\"mt-box \">\n<h4 class=\"mt-heading\">Mir\u00e1 Tambi\u00e9n<\/h4>\n<p><a href=\"https:\/\/www.paparazzi.com.ar\/teve\/el-impactante-testimonio-de-la-mama-de-lara-sobre-el-robo-en-el-triple-femicidio\/\"><\/p>\n<div class=\"mt-content\">\n<div class=\"mt-image-container\"><img decoding=\"async\" src=\"https:\/\/www.paparazzi.com.ar\/wp-content\/uploads\/2025\/10\/Lara-Gutierrez-y-su-mama-359x226.jpg\" alt=\"El impactante testimonio de la mam\u00e1 de Lara sobre el robo en el triple femicidio\" class=\"mt-image\" loading=\"lazy\" \/><\/div>\n<h5 class=\"mt-title\">El impactante testimonio de la mam\u00e1 de Lara sobre el robo en el triple femicidio<\/h5>\n<\/div>\n<p><\/a><\/div>\n<p>The post <a href=\"https:\/\/www.paparazzi.com.ar\/teve\/el-emotivo-mensaje-de-el-polaco-tras-recibir-una-de-las-noticias-mas-felices-de-su-vida\/\">El emotivo mensaje de El Polaco tras recibir una de las noticias m\u00e1s felices de su vida<\/a> appeared first on <a href=\"https:\/\/www.paparazzi.com.ar\">Revista Paparazzi<\/a>.<\/p>\n","protected":false},"excerpt":{"rendered":"<p>La historia personal de El Polaco acaba de sumar un cap\u00edtulo tan emotivo como simb\u00f3lico.<\/p>\n","protected":false},"author":0,"featured_media":6242,"comment_status":"","ping_status":"","sticky":false,"template":"","format":"standard","meta":{"footnotes":""},"categories":[11],"tags":[],"class_list":["post-6241","post","type-post","status-publish","format-standard","has-post-thumbnail","hentry","category-destacadas"],"yoast_head":"<!-- This site is optimized with the Yoast SEO plugin v28.3 - https:\/\/yoast.com\/product\/yoast-seo-wordpress\/ -->\n<title>El emotivo mensaje de El Polaco tras recibir una de las noticias m\u00e1s felices de su vida - Fm Gente<\/title>\n<meta name=\"robots\" content=\"index, follow, max-snippet:-1, max-image-preview:large, max-video-preview:-1\" \/>\n<link rel=\"canonical\" href=\"https:\/\/fmgente.com.ar\/web\/el-emotivo-mensaje-de-el-polaco-tras-recibir-una-de-las-noticias-mas-felices-de-su-vida\/\" \/>\n<meta property=\"og:locale\" content=\"es_ES\" \/>\n<meta property=\"og:type\" content=\"article\" \/>\n<meta property=\"og:title\" content=\"El emotivo mensaje de El Polaco tras recibir una de las noticias m\u00e1s felices de su vida - Fm Gente\" \/>\n<meta property=\"og:description\" content=\"La historia personal de El Polaco acaba de sumar un cap\u00edtulo tan emotivo como simb\u00f3lico.\" \/>\n<meta property=\"og:url\" content=\"https:\/\/fmgente.com.ar\/web\/el-emotivo-mensaje-de-el-polaco-tras-recibir-una-de-las-noticias-mas-felices-de-su-vida\/\" \/>\n<meta property=\"og:site_name\" content=\"Fm Gente\" \/>\n<meta property=\"article:published_time\" content=\"2025-10-07T03:05:12+00:00\" \/>\n<meta property=\"og:image\" content=\"https:\/\/fmgente.com.ar\/web\/wp-content\/uploads\/2025\/10\/Garcia-Moritan.jpg.webp\" \/>\n\t<meta property=\"og:image:width\" content=\"1052\" \/>\n\t<meta property=\"og:image:height\" content=\"665\" \/>\n\t<meta property=\"og:image:type\" content=\"image\/webp\" \/>\n<meta name=\"twitter:card\" content=\"summary_large_image\" \/>\n<meta name=\"twitter:label1\" content=\"Tiempo de lectura\" \/>\n\t<meta name=\"twitter:data1\" content=\"2 minutos\" \/>\n<script type=\"application\/ld+json\" class=\"yoast-schema-graph\">{\"@context\":\"https:\\\/\\\/schema.org\",\"@graph\":[{\"@type\":\"Article\",\"@id\":\"https:\\\/\\\/fmgente.com.ar\\\/web\\\/el-emotivo-mensaje-de-el-polaco-tras-recibir-una-de-las-noticias-mas-felices-de-su-vida\\\/#article\",\"isPartOf\":{\"@id\":\"https:\\\/\\\/fmgente.com.ar\\\/web\\\/el-emotivo-mensaje-de-el-polaco-tras-recibir-una-de-las-noticias-mas-felices-de-su-vida\\\/\"},\"author\":{\"name\":\"\",\"@id\":\"\"},\"headline\":\"El emotivo mensaje de El Polaco tras recibir una de las noticias m\u00e1s felices de su vida\",\"datePublished\":\"2025-10-07T03:05:12+00:00\",\"mainEntityOfPage\":{\"@id\":\"https:\\\/\\\/fmgente.com.ar\\\/web\\\/el-emotivo-mensaje-de-el-polaco-tras-recibir-una-de-las-noticias-mas-felices-de-su-vida\\\/\"},\"wordCount\":515,\"publisher\":{\"@id\":\"https:\\\/\\\/fmgente.com.ar\\\/web\\\/#organization\"},\"image\":{\"@id\":\"https:\\\/\\\/fmgente.com.ar\\\/web\\\/el-emotivo-mensaje-de-el-polaco-tras-recibir-una-de-las-noticias-mas-felices-de-su-vida\\\/#primaryimage\"},\"thumbnailUrl\":\"https:\\\/\\\/fmgente.com.ar\\\/web\\\/wp-content\\\/uploads\\\/2025\\\/10\\\/Garcia-Moritan.jpg.webp\",\"articleSection\":[\"DESTACADAS\"],\"inLanguage\":\"es\"},{\"@type\":\"WebPage\",\"@id\":\"https:\\\/\\\/fmgente.com.ar\\\/web\\\/el-emotivo-mensaje-de-el-polaco-tras-recibir-una-de-las-noticias-mas-felices-de-su-vida\\\/\",\"url\":\"https:\\\/\\\/fmgente.com.ar\\\/web\\\/el-emotivo-mensaje-de-el-polaco-tras-recibir-una-de-las-noticias-mas-felices-de-su-vida\\\/\",\"name\":\"El emotivo mensaje de El Polaco tras recibir una de las noticias m\u00e1s felices de su vida - Fm Gente\",\"isPartOf\":{\"@id\":\"https:\\\/\\\/fmgente.com.ar\\\/web\\\/#website\"},\"primaryImageOfPage\":{\"@id\":\"https:\\\/\\\/fmgente.com.ar\\\/web\\\/el-emotivo-mensaje-de-el-polaco-tras-recibir-una-de-las-noticias-mas-felices-de-su-vida\\\/#primaryimage\"},\"image\":{\"@id\":\"https:\\\/\\\/fmgente.com.ar\\\/web\\\/el-emotivo-mensaje-de-el-polaco-tras-recibir-una-de-las-noticias-mas-felices-de-su-vida\\\/#primaryimage\"},\"thumbnailUrl\":\"https:\\\/\\\/fmgente.com.ar\\\/web\\\/wp-content\\\/uploads\\\/2025\\\/10\\\/Garcia-Moritan.jpg.webp\",\"datePublished\":\"2025-10-07T03:05:12+00:00\",\"inLanguage\":\"es\",\"potentialAction\":[{\"@type\":\"ReadAction\",\"target\":[\"https:\\\/\\\/fmgente.com.ar\\\/web\\\/el-emotivo-mensaje-de-el-polaco-tras-recibir-una-de-las-noticias-mas-felices-de-su-vida\\\/\"]}]},{\"@type\":\"ImageObject\",\"inLanguage\":\"es\",\"@id\":\"https:\\\/\\\/fmgente.com.ar\\\/web\\\/el-emotivo-mensaje-de-el-polaco-tras-recibir-una-de-las-noticias-mas-felices-de-su-vida\\\/#primaryimage\",\"url\":\"https:\\\/\\\/fmgente.com.ar\\\/web\\\/wp-content\\\/uploads\\\/2025\\\/10\\\/Garcia-Moritan.jpg.webp\",\"contentUrl\":\"https:\\\/\\\/fmgente.com.ar\\\/web\\\/wp-content\\\/uploads\\\/2025\\\/10\\\/Garcia-Moritan.jpg.webp\",\"width\":1052,\"height\":665},{\"@type\":\"WebSite\",\"@id\":\"https:\\\/\\\/fmgente.com.ar\\\/web\\\/#website\",\"url\":\"https:\\\/\\\/fmgente.com.ar\\\/web\\\/\",\"name\":\"Fm Gente\",\"description\":\"- Jes\u00fas Mar\u00eda\",\"publisher\":{\"@id\":\"https:\\\/\\\/fmgente.com.ar\\\/web\\\/#organization\"},\"potentialAction\":[{\"@type\":\"SearchAction\",\"target\":{\"@type\":\"EntryPoint\",\"urlTemplate\":\"https:\\\/\\\/fmgente.com.ar\\\/web\\\/?s={search_term_string}\"},\"query-input\":{\"@type\":\"PropertyValueSpecification\",\"valueRequired\":true,\"valueName\":\"search_term_string\"}}],\"inLanguage\":\"es\"},{\"@type\":\"Organization\",\"@id\":\"https:\\\/\\\/fmgente.com.ar\\\/web\\\/#organization\",\"name\":\"Fm Gente\",\"url\":\"https:\\\/\\\/fmgente.com.ar\\\/web\\\/\",\"logo\":{\"@type\":\"ImageObject\",\"inLanguage\":\"es\",\"@id\":\"https:\\\/\\\/fmgente.com.ar\\\/web\\\/#\\\/schema\\\/logo\\\/image\\\/\",\"url\":\"https:\\\/\\\/fmgente.com.ar\\\/web\\\/wp-content\\\/uploads\\\/2023\\\/07\\\/cropped-cropped-logo-sombra2.png\",\"contentUrl\":\"https:\\\/\\\/fmgente.com.ar\\\/web\\\/wp-content\\\/uploads\\\/2023\\\/07\\\/cropped-cropped-logo-sombra2.png\",\"width\":1782,\"height\":1782,\"caption\":\"Fm Gente\"},\"image\":{\"@id\":\"https:\\\/\\\/fmgente.com.ar\\\/web\\\/#\\\/schema\\\/logo\\\/image\\\/\"}}]}<\/script>\n<!-- \/ Yoast SEO plugin. -->","yoast_head_json":{"title":"El emotivo mensaje de El Polaco tras recibir una de las noticias m\u00e1s felices de su vida - Fm Gente","robots":{"index":"index","follow":"follow","max-snippet":"max-snippet:-1","max-image-preview":"max-image-preview:large","max-video-preview":"max-video-preview:-1"},"canonical":"https:\/\/fmgente.com.ar\/web\/el-emotivo-mensaje-de-el-polaco-tras-recibir-una-de-las-noticias-mas-felices-de-su-vida\/","og_locale":"es_ES","og_type":"article","og_title":"El emotivo mensaje de El Polaco tras recibir una de las noticias m\u00e1s felices de su vida - Fm Gente","og_description":"La historia personal de El Polaco acaba de sumar un cap\u00edtulo tan emotivo como simb\u00f3lico.","og_url":"https:\/\/fmgente.com.ar\/web\/el-emotivo-mensaje-de-el-polaco-tras-recibir-una-de-las-noticias-mas-felices-de-su-vida\/","og_site_name":"Fm Gente","article_published_time":"2025-10-07T03:05:12+00:00","og_image":[{"width":1052,"height":665,"url":"https:\/\/fmgente.com.ar\/web\/wp-content\/uploads\/2025\/10\/Garcia-Moritan.jpg.webp","type":"image\/webp"}],"twitter_card":"summary_large_image","twitter_misc":{"Tiempo de lectura":"2 minutos"},"schema":{"@context":"https:\/\/schema.org","@graph":[{"@type":"Article","@id":"https:\/\/fmgente.com.ar\/web\/el-emotivo-mensaje-de-el-polaco-tras-recibir-una-de-las-noticias-mas-felices-de-su-vida\/#article","isPartOf":{"@id":"https:\/\/fmgente.com.ar\/web\/el-emotivo-mensaje-de-el-polaco-tras-recibir-una-de-las-noticias-mas-felices-de-su-vida\/"},"author":{"name":"","@id":""},"headline":"El emotivo mensaje de El Polaco tras recibir una de las noticias m\u00e1s felices de su vida","datePublished":"2025-10-07T03:05:12+00:00","mainEntityOfPage":{"@id":"https:\/\/fmgente.com.ar\/web\/el-emotivo-mensaje-de-el-polaco-tras-recibir-una-de-las-noticias-mas-felices-de-su-vida\/"},"wordCount":515,"publisher":{"@id":"https:\/\/fmgente.com.ar\/web\/#organization"},"image":{"@id":"https:\/\/fmgente.com.ar\/web\/el-emotivo-mensaje-de-el-polaco-tras-recibir-una-de-las-noticias-mas-felices-de-su-vida\/#primaryimage"},"thumbnailUrl":"https:\/\/fmgente.com.ar\/web\/wp-content\/uploads\/2025\/10\/Garcia-Moritan.jpg.webp","articleSection":["DESTACADAS"],"inLanguage":"es"},{"@type":"WebPage","@id":"https:\/\/fmgente.com.ar\/web\/el-emotivo-mensaje-de-el-polaco-tras-recibir-una-de-las-noticias-mas-felices-de-su-vida\/","url":"https:\/\/fmgente.com.ar\/web\/el-emotivo-mensaje-de-el-polaco-tras-recibir-una-de-las-noticias-mas-felices-de-su-vida\/","name":"El emotivo mensaje de El Polaco tras recibir una de las noticias m\u00e1s felices de su vida - Fm Gente","isPartOf":{"@id":"https:\/\/fmgente.com.ar\/web\/#website"},"primaryImageOfPage":{"@id":"https:\/\/fmgente.com.ar\/web\/el-emotivo-mensaje-de-el-polaco-tras-recibir-una-de-las-noticias-mas-felices-de-su-vida\/#primaryimage"},"image":{"@id":"https:\/\/fmgente.com.ar\/web\/el-emotivo-mensaje-de-el-polaco-tras-recibir-una-de-las-noticias-mas-felices-de-su-vida\/#primaryimage"},"thumbnailUrl":"https:\/\/fmgente.com.ar\/web\/wp-content\/uploads\/2025\/10\/Garcia-Moritan.jpg.webp","datePublished":"2025-10-07T03:05:12+00:00","inLanguage":"es","potentialAction":[{"@type":"ReadAction","target":["https:\/\/fmgente.com.ar\/web\/el-emotivo-mensaje-de-el-polaco-tras-recibir-una-de-las-noticias-mas-felices-de-su-vida\/"]}]},{"@type":"ImageObject","inLanguage":"es","@id":"https:\/\/fmgente.com.ar\/web\/el-emotivo-mensaje-de-el-polaco-tras-recibir-una-de-las-noticias-mas-felices-de-su-vida\/#primaryimage","url":"https:\/\/fmgente.com.ar\/web\/wp-content\/uploads\/2025\/10\/Garcia-Moritan.jpg.webp","contentUrl":"https:\/\/fmgente.com.ar\/web\/wp-content\/uploads\/2025\/10\/Garcia-Moritan.jpg.webp","width":1052,"height":665},{"@type":"WebSite","@id":"https:\/\/fmgente.com.ar\/web\/#website","url":"https:\/\/fmgente.com.ar\/web\/","name":"Fm Gente","description":"- Jes\u00fas Mar\u00eda","publisher":{"@id":"https:\/\/fmgente.com.ar\/web\/#organization"},"potentialAction":[{"@type":"SearchAction","target":{"@type":"EntryPoint","urlTemplate":"https:\/\/fmgente.com.ar\/web\/?s={search_term_string}"},"query-input":{"@type":"PropertyValueSpecification","valueRequired":true,"valueName":"search_term_string"}}],"inLanguage":"es"},{"@type":"Organization","@id":"https:\/\/fmgente.com.ar\/web\/#organization","name":"Fm Gente","url":"https:\/\/fmgente.com.ar\/web\/","logo":{"@type":"ImageObject","inLanguage":"es","@id":"https:\/\/fmgente.com.ar\/web\/#\/schema\/logo\/image\/","url":"https:\/\/fmgente.com.ar\/web\/wp-content\/uploads\/2023\/07\/cropped-cropped-logo-sombra2.png","contentUrl":"https:\/\/fmgente.com.ar\/web\/wp-content\/uploads\/2023\/07\/cropped-cropped-logo-sombra2.png","width":1782,"height":1782,"caption":"Fm Gente"},"image":{"@id":"https:\/\/fmgente.com.ar\/web\/#\/schema\/logo\/image\/"}}]}},"_links":{"self":[{"href":"https:\/\/fmgente.com.ar\/web\/wp-json\/wp\/v2\/posts\/6241","targetHints":{"allow":["GET"]}}],"collection":[{"href":"https:\/\/fmgente.com.ar\/web\/wp-json\/wp\/v2\/posts"}],"about":[{"href":"https:\/\/fmgente.com.ar\/web\/wp-json\/wp\/v2\/types\/post"}],"replies":[{"embeddable":true,"href":"https:\/\/fmgente.com.ar\/web\/wp-json\/wp\/v2\/comments?post=6241"}],"version-history":[{"count":0,"href":"https:\/\/fmgente.com.ar\/web\/wp-json\/wp\/v2\/posts\/6241\/revisions"}],"wp:featuredmedia":[{"embeddable":true,"href":"https:\/\/fmgente.com.ar\/web\/wp-json\/wp\/v2\/media\/6242"}],"wp:attachment":[{"href":"https:\/\/fmgente.com.ar\/web\/wp-json\/wp\/v2\/media?parent=6241"}],"wp:term":[{"taxonomy":"category","embeddable":true,"href":"https:\/\/fmgente.com.ar\/web\/wp-json\/wp\/v2\/categories?post=6241"},{"taxonomy":"post_tag","embeddable":true,"href":"https:\/\/fmgente.com.ar\/web\/wp-json\/wp\/v2\/tags?post=6241"}],"curies":[{"name":"wp","href":"https:\/\/api.w.org\/{rel}","templated":true}]}}