{"id":6239,"date":"2025-10-07T00:05:11","date_gmt":"2025-10-07T03:05:11","guid":{"rendered":"https:\/\/fmgente.com.ar\/alex-caniggia-se-cambio-toda-la-cara-y-luce-irreconocible\/"},"modified":"2025-10-07T00:05:11","modified_gmt":"2025-10-07T03:05:11","slug":"alex-caniggia-se-cambio-toda-la-cara-y-luce-irreconocible","status":"publish","type":"post","link":"https:\/\/fmgente.com.ar\/web\/alex-caniggia-se-cambio-toda-la-cara-y-luce-irreconocible\/","title":{"rendered":"Alex Caniggia se cambi\u00f3 toda la cara y luce irreconocible"},"content":{"rendered":"<p><strong><a href=\"https:\/\/www.paparazzi.com.ar\/?s=Alex+Caniggia\">Alex Caniggia<\/a><\/strong> volvi\u00f3 a ser noticia al revelar un cambio radical en su apariencia. Durante a\u00f1os, el medi\u00e1tico decidi\u00f3 tatuarse diferentes partes de su cuerpo, incluyendo el rostro, pero recientemente decidi\u00f3 borrarlos todos y mostr\u00f3 el resultado en sus redes sociales.<\/p>\n<p>A trav\u00e9s de su cuenta de Instagram, Alex comparti\u00f3 dos publicaciones donde explic\u00f3 el procedimiento al que se someti\u00f3 para eliminar los tatuajes faciales. En los videos se puede ver c\u00f3mo el especialista completaba el tratamiento en la cara y tambi\u00e9n en algunos tatuajes adicionales del antebrazo y la mano, los cuales el influencer ya no desea conservar.<\/p>\n<p>El cantante y personalidad medi\u00e1tica pos\u00f3 luego del procedimiento, mostrando las vendas en su rostro y acompa\u00f1ado de un mensaje que reflej\u00f3 su entusiasmo: <em>\u201cFuera los tattos, los uno con los uno, con mi amigo el doc\u201d<\/em>. La publicaci\u00f3n recibi\u00f3 miles de comentarios, con seguidores sorprendidos por la transformaci\u00f3n.<\/p>\n<div class=\"mt-box \">\n<h4 class=\"mt-heading\">Mir\u00e1 Tambi\u00e9n<\/h4>\n<p><a href=\"https:\/\/www.paparazzi.com.ar\/teve\/en-los-martin-fierro-cami-homs-revelo-si-definio-el-nombre-del-bebe-que-espera-con-el-principito-sosa\/\"><\/p>\n<div class=\"mt-content\">\n<div class=\"mt-image-container\"><img decoding=\"async\" src=\"https:\/\/www.paparazzi.com.ar\/wp-content\/uploads\/2025\/09\/cami-homs.png.webp\" alt=\"\u00a1Exclusivo! Cami Homs confirm\u00f3 que ya tiene el nombre de la beb\u00e9 que espera con el Principito Sosa\" class=\"mt-image\" loading=\"lazy\" \/><\/div>\n<h5 class=\"mt-title\">\u00a1Exclusivo! Cami Homs confirm\u00f3 que ya tiene el nombre de la beb\u00e9 que espera con el Principito Sosa<\/h5>\n<\/div>\n<p><\/a><\/div>\n<p>El radical cambio de Alex Caniggia coincide con una etapa importante de su vida personal. Seg\u00fan explic\u00f3, la decisi\u00f3n de eliminar los tatuajes est\u00e1 vinculada a su felicidad tras reconciliarse con Melody Luz. Hace algunos meses, la pareja logr\u00f3 reconstruir su relaci\u00f3n.<\/p>\n<h2 class=\"wp-block-heading\">EL NUEVO LOOK DE ALEX CANIGGIA:<\/h2>\n<p>Por su parte, <strong><a href=\"https:\/\/www.paparazzi.com.ar\/?s=Melody+Luz\">Melody Luz<\/a><\/strong> tambi\u00e9n ha estado en el centro de la atenci\u00f3n medi\u00e1tica. La bailarina protagoniz\u00f3 un pol\u00e9mico momento al recibir cr\u00edticas por recibir ayuda econ\u00f3mica de Alex luego de cerrar su marca de ropa. La situaci\u00f3n gener\u00f3 debate entre seguidores y medios, aumentando la visibilidad del cambio de look del influencer.<\/p>\n<p>El nuevo rostro de Alex evidencia un estilo m\u00e1s limpio. La eliminaci\u00f3n de los tatuajes faciales marca un antes y un despu\u00e9s en su presencia p\u00fablica. Muchos destacan que este cambio refleja un enfoque m\u00e1s maduro y una nueva etapa en su vida, tanto personal como profesional.<\/p>\n<div class=\"mt-box \">\n<h4 class=\"mt-heading\">Mir\u00e1 Tambi\u00e9n<\/h4>\n<p><a href=\"https:\/\/www.paparazzi.com.ar\/teve\/claudio-caniggia-mostro-como-fue-su-dia-junto-a-alex-caniggia-y-su-nieta-venezia\/\"><\/p>\n<div class=\"mt-content\">\n<div class=\"mt-image-container\"><img decoding=\"async\" src=\"https:\/\/www.paparazzi.com.ar\/wp-content\/uploads\/2025\/09\/claudio-caniggia.png.webp\" alt=\"Claudio Caniggia mostr\u00f3 c\u00f3mo fue su d\u00eda junto a Alex Caniggia y su nieta Venezia\" class=\"mt-image\" loading=\"lazy\" \/><\/div>\n<h5 class=\"mt-title\">Claudio Caniggia mostr\u00f3 c\u00f3mo fue su d\u00eda junto a Alex Caniggia y su nieta Venezia<\/h5>\n<\/div>\n<p><\/a><\/div>\n<p>El hijo de Claudio Paul, conocido por su estilo extravagante y pol\u00e9mico, demuestra una vez m\u00e1s que no teme tomar decisiones dr\u00e1sticas sobre su imagen y su vida. Su nueva apariencia se suma a los episodios recientes de su vida medi\u00e1tica, consolidando su capacidad de sorprender y mantenerse en el centro de la escena.<\/p>\n<p>Con este cambio, Alex Caniggia demuestra que la reinvenci\u00f3n personal y el cuidado de la imagen son parte de su estrategia de vida y comunicaci\u00f3n, logrando mantener a sus seguidores atentos a cada novedad sobre su carrera y relaciones personales.<\/p>\n<h2 class=\"wp-block-heading\">LA NUEVA CARA DE ALEX CANIGGIA SIN SUS TATUAJES:<\/h2>\n<figure class=\"wp-block-image size-large\"><img decoding=\"async\" src=\"https:\/\/www.paparazzi.com.ar\/wp-content\/uploads\/2025\/10\/image-71-593x1024.png.webp\" loading=\"lazy\" alt=\"\" class=\"wp-image-446678\" \/><\/figure>\n<figure class=\"wp-block-image size-full\"><img decoding=\"async\" width=\"768\" height=\"996\" src=\"https:\/\/www.paparazzi.com.ar\/wp-content\/uploads\/2025\/10\/image-72.png.webp\" loading=\"lazy\" alt=\"\" class=\"wp-image-446679\" \/><\/figure>\n<div class=\"mt-box \">\n<h4 class=\"mt-heading\">Mir\u00e1 Tambi\u00e9n<\/h4>\n<p><a href=\"https:\/\/www.paparazzi.com.ar\/romances\/melody-luz-revelo-por-que-rechazo-un-regalo-de-lujo-de-alex-caniggia\/\"><\/p>\n<div class=\"mt-content\">\n<div class=\"mt-image-container\"><img decoding=\"async\" src=\"https:\/\/www.paparazzi.com.ar\/wp-content\/uploads\/2025\/04\/Desesperado-Alex-Caniggia-atraviesa-su-peor-momento-y-se-hunde-en-el-dolor-por-Melody-Luz.jpg.webp\" alt=\"Melody Luz revel\u00f3 por qu\u00e9 rechaz\u00f3 un regalo de lujo de Alex Caniggia\" class=\"mt-image\" loading=\"lazy\" \/><\/div>\n<h5 class=\"mt-title\">Melody Luz revel\u00f3 por qu\u00e9 rechaz\u00f3 un regalo de lujo de Alex Caniggia<\/h5>\n<\/div>\n<p><\/a><\/div>\n<div class=\"mt-box \">\n<h4 class=\"mt-heading\">Mir\u00e1 Tambi\u00e9n<\/h4>\n<p><a href=\"https:\/\/www.paparazzi.com.ar\/teve\/alex-caniggia-revelo-cuanto-gana-realmente-y-como-mantiene-su-estilo-de-vida-laburo-mucho-con\/\"><\/p>\n<div class=\"mt-content\">\n<div class=\"mt-image-container\"><img decoding=\"async\" src=\"https:\/\/www.paparazzi.com.ar\/wp-content\/uploads\/2025\/05\/alex-caniggia.jpg.webp\" alt=\"Alex Caniggia revel\u00f3 cu\u00e1nto dinero gana para sostener su alto nivel de vida: \u201cLaburo con\u2026\u201d\" class=\"mt-image\" loading=\"lazy\" \/><\/div>\n<h5 class=\"mt-title\">Alex Caniggia revel\u00f3 cu\u00e1nto dinero gana para sostener su alto nivel de vida: \u201cLaburo con\u2026\u201d<\/h5>\n<\/div>\n<p><\/a><\/div>\n<p>The post <a href=\"https:\/\/www.paparazzi.com.ar\/teve\/la-impactante-nueva-cara-de-alex-caniggia-tras-borrarse-los-tatuajes-su-nuevo-look\/\">Alex Caniggia se cambi\u00f3 toda la cara y luce irreconocible<\/a> appeared first on <a href=\"https:\/\/www.paparazzi.com.ar\">Revista Paparazzi<\/a>.<\/p>\n","protected":false},"excerpt":{"rendered":"<p>Alex Caniggia volvi\u00f3 a ser noticia al revelar un cambio radical en su apariencia. Durante<\/p>\n","protected":false},"author":0,"featured_media":6240,"comment_status":"","ping_status":"","sticky":false,"template":"","format":"standard","meta":{"footnotes":""},"categories":[11],"tags":[],"class_list":["post-6239","post","type-post","status-publish","format-standard","has-post-thumbnail","hentry","category-destacadas"],"yoast_head":"<!-- This site is optimized with the Yoast SEO plugin v28.3 - https:\/\/yoast.com\/product\/yoast-seo-wordpress\/ -->\n<title>Alex Caniggia se cambi\u00f3 toda la cara y luce irreconocible - Fm Gente<\/title>\n<meta name=\"robots\" content=\"index, follow, max-snippet:-1, max-image-preview:large, max-video-preview:-1\" \/>\n<link rel=\"canonical\" href=\"https:\/\/fmgente.com.ar\/web\/alex-caniggia-se-cambio-toda-la-cara-y-luce-irreconocible\/\" \/>\n<meta property=\"og:locale\" content=\"es_ES\" \/>\n<meta property=\"og:type\" content=\"article\" \/>\n<meta property=\"og:title\" content=\"Alex Caniggia se cambi\u00f3 toda la cara y luce irreconocible - Fm Gente\" \/>\n<meta property=\"og:description\" content=\"Alex Caniggia volvi\u00f3 a ser noticia al revelar un cambio radical en su apariencia. Durante\" \/>\n<meta property=\"og:url\" content=\"https:\/\/fmgente.com.ar\/web\/alex-caniggia-se-cambio-toda-la-cara-y-luce-irreconocible\/\" \/>\n<meta property=\"og:site_name\" content=\"Fm Gente\" \/>\n<meta property=\"article:published_time\" content=\"2025-10-07T03:05:11+00:00\" \/>\n<meta property=\"og:image\" content=\"https:\/\/fmgente.com.ar\/web\/wp-content\/uploads\/2025\/10\/cami-homs.png-1.webp\" \/>\n\t<meta property=\"og:image:width\" content=\"1052\" \/>\n\t<meta property=\"og:image:height\" content=\"665\" \/>\n\t<meta property=\"og:image:type\" content=\"image\/webp\" \/>\n<meta name=\"twitter:card\" content=\"summary_large_image\" \/>\n<meta name=\"twitter:label1\" content=\"Tiempo de lectura\" \/>\n\t<meta name=\"twitter:data1\" content=\"3 minutos\" \/>\n<script type=\"application\/ld+json\" class=\"yoast-schema-graph\">{\"@context\":\"https:\\\/\\\/schema.org\",\"@graph\":[{\"@type\":\"Article\",\"@id\":\"https:\\\/\\\/fmgente.com.ar\\\/web\\\/alex-caniggia-se-cambio-toda-la-cara-y-luce-irreconocible\\\/#article\",\"isPartOf\":{\"@id\":\"https:\\\/\\\/fmgente.com.ar\\\/web\\\/alex-caniggia-se-cambio-toda-la-cara-y-luce-irreconocible\\\/\"},\"author\":{\"name\":\"\",\"@id\":\"\"},\"headline\":\"Alex Caniggia se cambi\u00f3 toda la cara y luce irreconocible\",\"datePublished\":\"2025-10-07T03:05:11+00:00\",\"mainEntityOfPage\":{\"@id\":\"https:\\\/\\\/fmgente.com.ar\\\/web\\\/alex-caniggia-se-cambio-toda-la-cara-y-luce-irreconocible\\\/\"},\"wordCount\":533,\"publisher\":{\"@id\":\"https:\\\/\\\/fmgente.com.ar\\\/web\\\/#organization\"},\"image\":{\"@id\":\"https:\\\/\\\/fmgente.com.ar\\\/web\\\/alex-caniggia-se-cambio-toda-la-cara-y-luce-irreconocible\\\/#primaryimage\"},\"thumbnailUrl\":\"https:\\\/\\\/fmgente.com.ar\\\/web\\\/wp-content\\\/uploads\\\/2025\\\/10\\\/cami-homs.png-1.webp\",\"articleSection\":[\"DESTACADAS\"],\"inLanguage\":\"es\"},{\"@type\":\"WebPage\",\"@id\":\"https:\\\/\\\/fmgente.com.ar\\\/web\\\/alex-caniggia-se-cambio-toda-la-cara-y-luce-irreconocible\\\/\",\"url\":\"https:\\\/\\\/fmgente.com.ar\\\/web\\\/alex-caniggia-se-cambio-toda-la-cara-y-luce-irreconocible\\\/\",\"name\":\"Alex Caniggia se cambi\u00f3 toda la cara y luce irreconocible - Fm Gente\",\"isPartOf\":{\"@id\":\"https:\\\/\\\/fmgente.com.ar\\\/web\\\/#website\"},\"primaryImageOfPage\":{\"@id\":\"https:\\\/\\\/fmgente.com.ar\\\/web\\\/alex-caniggia-se-cambio-toda-la-cara-y-luce-irreconocible\\\/#primaryimage\"},\"image\":{\"@id\":\"https:\\\/\\\/fmgente.com.ar\\\/web\\\/alex-caniggia-se-cambio-toda-la-cara-y-luce-irreconocible\\\/#primaryimage\"},\"thumbnailUrl\":\"https:\\\/\\\/fmgente.com.ar\\\/web\\\/wp-content\\\/uploads\\\/2025\\\/10\\\/cami-homs.png-1.webp\",\"datePublished\":\"2025-10-07T03:05:11+00:00\",\"inLanguage\":\"es\",\"potentialAction\":[{\"@type\":\"ReadAction\",\"target\":[\"https:\\\/\\\/fmgente.com.ar\\\/web\\\/alex-caniggia-se-cambio-toda-la-cara-y-luce-irreconocible\\\/\"]}]},{\"@type\":\"ImageObject\",\"inLanguage\":\"es\",\"@id\":\"https:\\\/\\\/fmgente.com.ar\\\/web\\\/alex-caniggia-se-cambio-toda-la-cara-y-luce-irreconocible\\\/#primaryimage\",\"url\":\"https:\\\/\\\/fmgente.com.ar\\\/web\\\/wp-content\\\/uploads\\\/2025\\\/10\\\/cami-homs.png-1.webp\",\"contentUrl\":\"https:\\\/\\\/fmgente.com.ar\\\/web\\\/wp-content\\\/uploads\\\/2025\\\/10\\\/cami-homs.png-1.webp\",\"width\":1052,\"height\":665},{\"@type\":\"WebSite\",\"@id\":\"https:\\\/\\\/fmgente.com.ar\\\/web\\\/#website\",\"url\":\"https:\\\/\\\/fmgente.com.ar\\\/web\\\/\",\"name\":\"Fm Gente\",\"description\":\"- Jes\u00fas Mar\u00eda\",\"publisher\":{\"@id\":\"https:\\\/\\\/fmgente.com.ar\\\/web\\\/#organization\"},\"potentialAction\":[{\"@type\":\"SearchAction\",\"target\":{\"@type\":\"EntryPoint\",\"urlTemplate\":\"https:\\\/\\\/fmgente.com.ar\\\/web\\\/?s={search_term_string}\"},\"query-input\":{\"@type\":\"PropertyValueSpecification\",\"valueRequired\":true,\"valueName\":\"search_term_string\"}}],\"inLanguage\":\"es\"},{\"@type\":\"Organization\",\"@id\":\"https:\\\/\\\/fmgente.com.ar\\\/web\\\/#organization\",\"name\":\"Fm Gente\",\"url\":\"https:\\\/\\\/fmgente.com.ar\\\/web\\\/\",\"logo\":{\"@type\":\"ImageObject\",\"inLanguage\":\"es\",\"@id\":\"https:\\\/\\\/fmgente.com.ar\\\/web\\\/#\\\/schema\\\/logo\\\/image\\\/\",\"url\":\"https:\\\/\\\/fmgente.com.ar\\\/web\\\/wp-content\\\/uploads\\\/2023\\\/07\\\/cropped-cropped-logo-sombra2.png\",\"contentUrl\":\"https:\\\/\\\/fmgente.com.ar\\\/web\\\/wp-content\\\/uploads\\\/2023\\\/07\\\/cropped-cropped-logo-sombra2.png\",\"width\":1782,\"height\":1782,\"caption\":\"Fm Gente\"},\"image\":{\"@id\":\"https:\\\/\\\/fmgente.com.ar\\\/web\\\/#\\\/schema\\\/logo\\\/image\\\/\"}}]}<\/script>\n<!-- \/ Yoast SEO plugin. -->","yoast_head_json":{"title":"Alex Caniggia se cambi\u00f3 toda la cara y luce irreconocible - Fm Gente","robots":{"index":"index","follow":"follow","max-snippet":"max-snippet:-1","max-image-preview":"max-image-preview:large","max-video-preview":"max-video-preview:-1"},"canonical":"https:\/\/fmgente.com.ar\/web\/alex-caniggia-se-cambio-toda-la-cara-y-luce-irreconocible\/","og_locale":"es_ES","og_type":"article","og_title":"Alex Caniggia se cambi\u00f3 toda la cara y luce irreconocible - Fm Gente","og_description":"Alex Caniggia volvi\u00f3 a ser noticia al revelar un cambio radical en su apariencia. Durante","og_url":"https:\/\/fmgente.com.ar\/web\/alex-caniggia-se-cambio-toda-la-cara-y-luce-irreconocible\/","og_site_name":"Fm Gente","article_published_time":"2025-10-07T03:05:11+00:00","og_image":[{"width":1052,"height":665,"url":"https:\/\/fmgente.com.ar\/web\/wp-content\/uploads\/2025\/10\/cami-homs.png-1.webp","type":"image\/webp"}],"twitter_card":"summary_large_image","twitter_misc":{"Tiempo de lectura":"3 minutos"},"schema":{"@context":"https:\/\/schema.org","@graph":[{"@type":"Article","@id":"https:\/\/fmgente.com.ar\/web\/alex-caniggia-se-cambio-toda-la-cara-y-luce-irreconocible\/#article","isPartOf":{"@id":"https:\/\/fmgente.com.ar\/web\/alex-caniggia-se-cambio-toda-la-cara-y-luce-irreconocible\/"},"author":{"name":"","@id":""},"headline":"Alex Caniggia se cambi\u00f3 toda la cara y luce irreconocible","datePublished":"2025-10-07T03:05:11+00:00","mainEntityOfPage":{"@id":"https:\/\/fmgente.com.ar\/web\/alex-caniggia-se-cambio-toda-la-cara-y-luce-irreconocible\/"},"wordCount":533,"publisher":{"@id":"https:\/\/fmgente.com.ar\/web\/#organization"},"image":{"@id":"https:\/\/fmgente.com.ar\/web\/alex-caniggia-se-cambio-toda-la-cara-y-luce-irreconocible\/#primaryimage"},"thumbnailUrl":"https:\/\/fmgente.com.ar\/web\/wp-content\/uploads\/2025\/10\/cami-homs.png-1.webp","articleSection":["DESTACADAS"],"inLanguage":"es"},{"@type":"WebPage","@id":"https:\/\/fmgente.com.ar\/web\/alex-caniggia-se-cambio-toda-la-cara-y-luce-irreconocible\/","url":"https:\/\/fmgente.com.ar\/web\/alex-caniggia-se-cambio-toda-la-cara-y-luce-irreconocible\/","name":"Alex Caniggia se cambi\u00f3 toda la cara y luce irreconocible - Fm Gente","isPartOf":{"@id":"https:\/\/fmgente.com.ar\/web\/#website"},"primaryImageOfPage":{"@id":"https:\/\/fmgente.com.ar\/web\/alex-caniggia-se-cambio-toda-la-cara-y-luce-irreconocible\/#primaryimage"},"image":{"@id":"https:\/\/fmgente.com.ar\/web\/alex-caniggia-se-cambio-toda-la-cara-y-luce-irreconocible\/#primaryimage"},"thumbnailUrl":"https:\/\/fmgente.com.ar\/web\/wp-content\/uploads\/2025\/10\/cami-homs.png-1.webp","datePublished":"2025-10-07T03:05:11+00:00","inLanguage":"es","potentialAction":[{"@type":"ReadAction","target":["https:\/\/fmgente.com.ar\/web\/alex-caniggia-se-cambio-toda-la-cara-y-luce-irreconocible\/"]}]},{"@type":"ImageObject","inLanguage":"es","@id":"https:\/\/fmgente.com.ar\/web\/alex-caniggia-se-cambio-toda-la-cara-y-luce-irreconocible\/#primaryimage","url":"https:\/\/fmgente.com.ar\/web\/wp-content\/uploads\/2025\/10\/cami-homs.png-1.webp","contentUrl":"https:\/\/fmgente.com.ar\/web\/wp-content\/uploads\/2025\/10\/cami-homs.png-1.webp","width":1052,"height":665},{"@type":"WebSite","@id":"https:\/\/fmgente.com.ar\/web\/#website","url":"https:\/\/fmgente.com.ar\/web\/","name":"Fm Gente","description":"- Jes\u00fas Mar\u00eda","publisher":{"@id":"https:\/\/fmgente.com.ar\/web\/#organization"},"potentialAction":[{"@type":"SearchAction","target":{"@type":"EntryPoint","urlTemplate":"https:\/\/fmgente.com.ar\/web\/?s={search_term_string}"},"query-input":{"@type":"PropertyValueSpecification","valueRequired":true,"valueName":"search_term_string"}}],"inLanguage":"es"},{"@type":"Organization","@id":"https:\/\/fmgente.com.ar\/web\/#organization","name":"Fm Gente","url":"https:\/\/fmgente.com.ar\/web\/","logo":{"@type":"ImageObject","inLanguage":"es","@id":"https:\/\/fmgente.com.ar\/web\/#\/schema\/logo\/image\/","url":"https:\/\/fmgente.com.ar\/web\/wp-content\/uploads\/2023\/07\/cropped-cropped-logo-sombra2.png","contentUrl":"https:\/\/fmgente.com.ar\/web\/wp-content\/uploads\/2023\/07\/cropped-cropped-logo-sombra2.png","width":1782,"height":1782,"caption":"Fm Gente"},"image":{"@id":"https:\/\/fmgente.com.ar\/web\/#\/schema\/logo\/image\/"}}]}},"_links":{"self":[{"href":"https:\/\/fmgente.com.ar\/web\/wp-json\/wp\/v2\/posts\/6239","targetHints":{"allow":["GET"]}}],"collection":[{"href":"https:\/\/fmgente.com.ar\/web\/wp-json\/wp\/v2\/posts"}],"about":[{"href":"https:\/\/fmgente.com.ar\/web\/wp-json\/wp\/v2\/types\/post"}],"replies":[{"embeddable":true,"href":"https:\/\/fmgente.com.ar\/web\/wp-json\/wp\/v2\/comments?post=6239"}],"version-history":[{"count":0,"href":"https:\/\/fmgente.com.ar\/web\/wp-json\/wp\/v2\/posts\/6239\/revisions"}],"wp:featuredmedia":[{"embeddable":true,"href":"https:\/\/fmgente.com.ar\/web\/wp-json\/wp\/v2\/media\/6240"}],"wp:attachment":[{"href":"https:\/\/fmgente.com.ar\/web\/wp-json\/wp\/v2\/media?parent=6239"}],"wp:term":[{"taxonomy":"category","embeddable":true,"href":"https:\/\/fmgente.com.ar\/web\/wp-json\/wp\/v2\/categories?post=6239"},{"taxonomy":"post_tag","embeddable":true,"href":"https:\/\/fmgente.com.ar\/web\/wp-json\/wp\/v2\/tags?post=6239"}],"curies":[{"name":"wp","href":"https:\/\/api.w.org\/{rel}","templated":true}]}}