{"id":6233,"date":"2025-10-06T23:05:10","date_gmt":"2025-10-07T02:05:10","guid":{"rendered":"https:\/\/fmgente.com.ar\/morena-rial-sale-de-la-carcel-que-condiciones-debe-cumplir-para-tener-prision-domiciliaria\/"},"modified":"2025-10-06T23:05:10","modified_gmt":"2025-10-07T02:05:10","slug":"morena-rial-sale-de-la-carcel-que-condiciones-debe-cumplir-para-tener-prision-domiciliaria","status":"publish","type":"post","link":"https:\/\/fmgente.com.ar\/web\/morena-rial-sale-de-la-carcel-que-condiciones-debe-cumplir-para-tener-prision-domiciliaria\/","title":{"rendered":"Morena Rial sale de la c\u00e1rcel: qu\u00e9 condiciones debe cumplir para tener prisi\u00f3n domiciliaria"},"content":{"rendered":"<p><strong>Morena Rial<\/strong> volvi\u00f3 a experimentar una detenci\u00f3n policial, que se configur\u00f3 en la misma causa por la que investigan su participaci\u00f3n en diversos robos a casas, en la zona de Villa Adelina. Ese expediente en el que declar\u00f3 y que posee material probatorio de su incursi\u00f3n en esos hechos.<\/p>\n<p>La noticia se viraliz\u00f3 hace d\u00edas y caus\u00f3 impacto, porque nadie avizoraba un desenlace de este calibre, dado que la medi\u00e1tica hab\u00eda conseguido la libertad, tras un trabajo de su equipo de abogados, principalmente con la intervenci\u00f3n en su momento de Fernando Burlando.<\/p>\n<p>Desde que la hija de <strong>Jorge Rial <\/strong>se encuentra privada de su libertad y encerrada tras las rejas se especul\u00f3 con un sinf\u00edn de escenarios posibles. Uno de esos refer\u00eda a conseguir el beneficio de una <a href=\"https:\/\/www.paparazzi.com.ar\/teve\/el-grave-problema-de-morena-rial-desde-la-carcel-que-complica-su-prision-domiciliaria\/\">domiciliaria<\/a>, para que contin\u00fae bajo investigaci\u00f3n en una casa.<\/p>\n<div class=\"mt-box \">\n<h4 class=\"mt-heading\">Mir\u00e1 Tambi\u00e9n<\/h4>\n<p><a href=\"https:\/\/www.paparazzi.com.ar\/deportes\/alerta-maxima-en-boca-por-la-salud-de-miguel-angel-russo-a-los-69-anos-esta-grave-y-muy\/\"><\/p>\n<div class=\"mt-content\">\n<div class=\"mt-image-container\"><img decoding=\"async\" src=\"https:\/\/www.paparazzi.com.ar\/wp-content\/uploads\/2025\/09\/Miguel-Angel-Russo-1-1.jpg.webp\" alt=\"Alerta m\u00e1xima en Boca por la salud de Miguel \u00c1ngel Russo a los 69 a\u00f1os: \u201cEst\u00e1 grave y muy\u2026\u201d\" class=\"mt-image\" loading=\"lazy\" \/><\/div>\n<h5 class=\"mt-title\">Alerta m\u00e1xima en Boca por la salud de Miguel \u00c1ngel Russo a los 69 a\u00f1os: \u201cEst\u00e1 grave y muy\u2026\u201d<\/h5>\n<\/div>\n<p><\/a><\/div>\n<p><strong>Claro que para cristalizar ese deseo, la influencer debe cumplimentar una serie de requisitos, que su abogado Alejandro Cipolla explic\u00f3, en di\u00e1logo con Mujeres Argentinas<\/strong>.\u00a0 \u201c<em>Una cosa es que le hayan revocado una excarcelaci\u00f3n extraordinaria y otra cosa es un beneficio excarcelatorio. En este caso no hay una libertad, lo que hay es que se suplanta un penal por una casa<\/em>\u201d, expres\u00f3.\u00a0<\/p>\n<h2 class=\"wp-block-heading\">MORENA RIAL A PASO DE VOLVER A UNA PRISI\u00d3N DOMICILIARIA<\/h2>\n<p>En pos de clarificar todo lo que tendr\u00e1 que ejecutar <a href=\"https:\/\/www.paparazzi.com.ar\/teve\/el-escandaloso-plan-de-morena-rial-para-poder-salir-de-la-carcel-su-hijo-como-escudo\/\">Rial<\/a>, el letrado a\u00f1adi\u00f3: \u201c<em>No es que puede salir a hacer las compras, no se puede mover del departamento con una tobillera<\/em>\u201d. Y tambi\u00e9n se refiri\u00f3 a la idea de llevar a cabo una terapia psicol\u00f3gica: <em>\u201cLo de hacer terapia lo har\u00eda por ella, no creo que se lo obligue la Justicia<\/em>\u201d.<\/p>\n<p>A la hora de ahondar en todo el entramado, Cipolla exterioriz\u00f3: \u00ab<em>No solo es el factor de su hijo menor de un a\u00f1o, tambi\u00e9n hay un mont\u00f3n de factores por ejemplo que las penas en expectativas tampoco superan los m\u00e1ximos que establecen el c\u00f3digo para las excarcelaciones. Ella actualmente no tiene siquiera prisi\u00f3n preventiva, es decir su situaci\u00f3n procesal no est\u00e1 resuelta\u00bb<\/em>.<\/p>\n<div class=\"mt-box \">\n<h4 class=\"mt-heading\">Mir\u00e1 Tambi\u00e9n<\/h4>\n<p><a href=\"https:\/\/www.paparazzi.com.ar\/teve\/el-grave-problema-de-morena-rial-desde-la-carcel-que-complica-su-prision-domiciliaria\/\"><\/p>\n<div class=\"mt-content\">\n<div class=\"mt-image-container\"><img decoding=\"async\" src=\"https:\/\/www.paparazzi.com.ar\/wp-content\/uploads\/2025\/10\/Morena-Rial-prision-359x226.jpg\" alt=\"El grave problema de Morena Rial desde la c\u00e1rcel que complica su prisi\u00f3n domiciliaria\" class=\"mt-image\" loading=\"lazy\" \/><\/div>\n<h5 class=\"mt-title\">El grave problema de Morena Rial desde la c\u00e1rcel que complica su prisi\u00f3n domiciliaria<\/h5>\n<\/div>\n<p><\/a><\/div>\n<div class=\"mt-box \">\n<h4 class=\"mt-heading\">Mir\u00e1 Tambi\u00e9n<\/h4>\n<p><a href=\"https:\/\/www.paparazzi.com.ar\/teve\/el-escandaloso-plan-de-morena-rial-para-poder-salir-de-la-carcel-su-hijo-como-escudo\/\"><\/p>\n<div class=\"mt-content\">\n<div class=\"mt-image-container\"><img decoding=\"async\" src=\"https:\/\/www.paparazzi.com.ar\/wp-content\/uploads\/2025\/07\/Morena-Rial-quedo-envuelta-en-medio-de-una-infidelidad-con-un-famoso-y-termino-a-los-insultos.jpg.webp\" alt=\"El escandaloso plan de Morena Rial para poder salir de la c\u00e1rcel: \u201cSu hijo como escudo\u2026\u201d\" class=\"mt-image\" loading=\"lazy\" \/><\/div>\n<h5 class=\"mt-title\">El escandaloso plan de Morena Rial para poder salir de la c\u00e1rcel: \u201cSu hijo como escudo\u2026\u201d<\/h5>\n<\/div>\n<p><\/a><\/div>\n<p>The post <a href=\"https:\/\/www.paparazzi.com.ar\/teve\/morena-rial-sale-de-la-carcel-que-condiciones-debe-cumplir-para-tener-prision-domiciliaria\/\">Morena Rial sale de la c\u00e1rcel: qu\u00e9 condiciones debe cumplir para tener prisi\u00f3n domiciliaria<\/a> appeared first on <a href=\"https:\/\/www.paparazzi.com.ar\">Revista Paparazzi<\/a>.<\/p>\n","protected":false},"excerpt":{"rendered":"<p>Morena Rial volvi\u00f3 a experimentar una detenci\u00f3n policial, que se configur\u00f3 en la misma causa<\/p>\n","protected":false},"author":0,"featured_media":6234,"comment_status":"","ping_status":"","sticky":false,"template":"","format":"standard","meta":{"footnotes":""},"categories":[11],"tags":[],"class_list":["post-6233","post","type-post","status-publish","format-standard","has-post-thumbnail","hentry","category-destacadas"],"yoast_head":"<!-- This site is optimized with the Yoast SEO plugin v28.3 - https:\/\/yoast.com\/product\/yoast-seo-wordpress\/ -->\n<title>Morena Rial sale de la c\u00e1rcel: qu\u00e9 condiciones debe cumplir para tener prisi\u00f3n domiciliaria - Fm Gente<\/title>\n<meta name=\"robots\" content=\"index, follow, max-snippet:-1, max-image-preview:large, max-video-preview:-1\" \/>\n<link rel=\"canonical\" href=\"https:\/\/fmgente.com.ar\/web\/morena-rial-sale-de-la-carcel-que-condiciones-debe-cumplir-para-tener-prision-domiciliaria\/\" \/>\n<meta property=\"og:locale\" content=\"es_ES\" \/>\n<meta property=\"og:type\" content=\"article\" \/>\n<meta property=\"og:title\" content=\"Morena Rial sale de la c\u00e1rcel: qu\u00e9 condiciones debe cumplir para tener prisi\u00f3n domiciliaria - Fm Gente\" \/>\n<meta property=\"og:description\" content=\"Morena Rial volvi\u00f3 a experimentar una detenci\u00f3n policial, que se configur\u00f3 en la misma causa\" \/>\n<meta property=\"og:url\" content=\"https:\/\/fmgente.com.ar\/web\/morena-rial-sale-de-la-carcel-que-condiciones-debe-cumplir-para-tener-prision-domiciliaria\/\" \/>\n<meta property=\"og:site_name\" content=\"Fm Gente\" \/>\n<meta property=\"article:published_time\" content=\"2025-10-07T02:05:10+00:00\" \/>\n<meta property=\"og:image\" content=\"https:\/\/fmgente.com.ar\/web\/wp-content\/uploads\/2025\/10\/Miguel-Angel-Russo-1-1.jpg.webp\" \/>\n\t<meta property=\"og:image:width\" content=\"752\" \/>\n\t<meta property=\"og:image:height\" content=\"455\" \/>\n\t<meta property=\"og:image:type\" content=\"image\/webp\" \/>\n<meta name=\"twitter:card\" content=\"summary_large_image\" \/>\n<meta name=\"twitter:label1\" content=\"Tiempo de lectura\" \/>\n\t<meta name=\"twitter:data1\" content=\"2 minutos\" \/>\n<script type=\"application\/ld+json\" class=\"yoast-schema-graph\">{\"@context\":\"https:\\\/\\\/schema.org\",\"@graph\":[{\"@type\":\"Article\",\"@id\":\"https:\\\/\\\/fmgente.com.ar\\\/web\\\/morena-rial-sale-de-la-carcel-que-condiciones-debe-cumplir-para-tener-prision-domiciliaria\\\/#article\",\"isPartOf\":{\"@id\":\"https:\\\/\\\/fmgente.com.ar\\\/web\\\/morena-rial-sale-de-la-carcel-que-condiciones-debe-cumplir-para-tener-prision-domiciliaria\\\/\"},\"author\":{\"name\":\"\",\"@id\":\"\"},\"headline\":\"Morena Rial sale de la c\u00e1rcel: qu\u00e9 condiciones debe cumplir para tener prisi\u00f3n domiciliaria\",\"datePublished\":\"2025-10-07T02:05:10+00:00\",\"mainEntityOfPage\":{\"@id\":\"https:\\\/\\\/fmgente.com.ar\\\/web\\\/morena-rial-sale-de-la-carcel-que-condiciones-debe-cumplir-para-tener-prision-domiciliaria\\\/\"},\"wordCount\":459,\"publisher\":{\"@id\":\"https:\\\/\\\/fmgente.com.ar\\\/web\\\/#organization\"},\"image\":{\"@id\":\"https:\\\/\\\/fmgente.com.ar\\\/web\\\/morena-rial-sale-de-la-carcel-que-condiciones-debe-cumplir-para-tener-prision-domiciliaria\\\/#primaryimage\"},\"thumbnailUrl\":\"https:\\\/\\\/fmgente.com.ar\\\/web\\\/wp-content\\\/uploads\\\/2025\\\/10\\\/Miguel-Angel-Russo-1-1.jpg.webp\",\"articleSection\":[\"DESTACADAS\"],\"inLanguage\":\"es\"},{\"@type\":\"WebPage\",\"@id\":\"https:\\\/\\\/fmgente.com.ar\\\/web\\\/morena-rial-sale-de-la-carcel-que-condiciones-debe-cumplir-para-tener-prision-domiciliaria\\\/\",\"url\":\"https:\\\/\\\/fmgente.com.ar\\\/web\\\/morena-rial-sale-de-la-carcel-que-condiciones-debe-cumplir-para-tener-prision-domiciliaria\\\/\",\"name\":\"Morena Rial sale de la c\u00e1rcel: qu\u00e9 condiciones debe cumplir para tener prisi\u00f3n domiciliaria - Fm Gente\",\"isPartOf\":{\"@id\":\"https:\\\/\\\/fmgente.com.ar\\\/web\\\/#website\"},\"primaryImageOfPage\":{\"@id\":\"https:\\\/\\\/fmgente.com.ar\\\/web\\\/morena-rial-sale-de-la-carcel-que-condiciones-debe-cumplir-para-tener-prision-domiciliaria\\\/#primaryimage\"},\"image\":{\"@id\":\"https:\\\/\\\/fmgente.com.ar\\\/web\\\/morena-rial-sale-de-la-carcel-que-condiciones-debe-cumplir-para-tener-prision-domiciliaria\\\/#primaryimage\"},\"thumbnailUrl\":\"https:\\\/\\\/fmgente.com.ar\\\/web\\\/wp-content\\\/uploads\\\/2025\\\/10\\\/Miguel-Angel-Russo-1-1.jpg.webp\",\"datePublished\":\"2025-10-07T02:05:10+00:00\",\"inLanguage\":\"es\",\"potentialAction\":[{\"@type\":\"ReadAction\",\"target\":[\"https:\\\/\\\/fmgente.com.ar\\\/web\\\/morena-rial-sale-de-la-carcel-que-condiciones-debe-cumplir-para-tener-prision-domiciliaria\\\/\"]}]},{\"@type\":\"ImageObject\",\"inLanguage\":\"es\",\"@id\":\"https:\\\/\\\/fmgente.com.ar\\\/web\\\/morena-rial-sale-de-la-carcel-que-condiciones-debe-cumplir-para-tener-prision-domiciliaria\\\/#primaryimage\",\"url\":\"https:\\\/\\\/fmgente.com.ar\\\/web\\\/wp-content\\\/uploads\\\/2025\\\/10\\\/Miguel-Angel-Russo-1-1.jpg.webp\",\"contentUrl\":\"https:\\\/\\\/fmgente.com.ar\\\/web\\\/wp-content\\\/uploads\\\/2025\\\/10\\\/Miguel-Angel-Russo-1-1.jpg.webp\",\"width\":752,\"height\":455},{\"@type\":\"WebSite\",\"@id\":\"https:\\\/\\\/fmgente.com.ar\\\/web\\\/#website\",\"url\":\"https:\\\/\\\/fmgente.com.ar\\\/web\\\/\",\"name\":\"Fm Gente\",\"description\":\"- Jes\u00fas Mar\u00eda\",\"publisher\":{\"@id\":\"https:\\\/\\\/fmgente.com.ar\\\/web\\\/#organization\"},\"potentialAction\":[{\"@type\":\"SearchAction\",\"target\":{\"@type\":\"EntryPoint\",\"urlTemplate\":\"https:\\\/\\\/fmgente.com.ar\\\/web\\\/?s={search_term_string}\"},\"query-input\":{\"@type\":\"PropertyValueSpecification\",\"valueRequired\":true,\"valueName\":\"search_term_string\"}}],\"inLanguage\":\"es\"},{\"@type\":\"Organization\",\"@id\":\"https:\\\/\\\/fmgente.com.ar\\\/web\\\/#organization\",\"name\":\"Fm Gente\",\"url\":\"https:\\\/\\\/fmgente.com.ar\\\/web\\\/\",\"logo\":{\"@type\":\"ImageObject\",\"inLanguage\":\"es\",\"@id\":\"https:\\\/\\\/fmgente.com.ar\\\/web\\\/#\\\/schema\\\/logo\\\/image\\\/\",\"url\":\"https:\\\/\\\/fmgente.com.ar\\\/web\\\/wp-content\\\/uploads\\\/2023\\\/07\\\/cropped-cropped-logo-sombra2.png\",\"contentUrl\":\"https:\\\/\\\/fmgente.com.ar\\\/web\\\/wp-content\\\/uploads\\\/2023\\\/07\\\/cropped-cropped-logo-sombra2.png\",\"width\":1782,\"height\":1782,\"caption\":\"Fm Gente\"},\"image\":{\"@id\":\"https:\\\/\\\/fmgente.com.ar\\\/web\\\/#\\\/schema\\\/logo\\\/image\\\/\"}}]}<\/script>\n<!-- \/ Yoast SEO plugin. -->","yoast_head_json":{"title":"Morena Rial sale de la c\u00e1rcel: qu\u00e9 condiciones debe cumplir para tener prisi\u00f3n domiciliaria - Fm Gente","robots":{"index":"index","follow":"follow","max-snippet":"max-snippet:-1","max-image-preview":"max-image-preview:large","max-video-preview":"max-video-preview:-1"},"canonical":"https:\/\/fmgente.com.ar\/web\/morena-rial-sale-de-la-carcel-que-condiciones-debe-cumplir-para-tener-prision-domiciliaria\/","og_locale":"es_ES","og_type":"article","og_title":"Morena Rial sale de la c\u00e1rcel: qu\u00e9 condiciones debe cumplir para tener prisi\u00f3n domiciliaria - Fm Gente","og_description":"Morena Rial volvi\u00f3 a experimentar una detenci\u00f3n policial, que se configur\u00f3 en la misma causa","og_url":"https:\/\/fmgente.com.ar\/web\/morena-rial-sale-de-la-carcel-que-condiciones-debe-cumplir-para-tener-prision-domiciliaria\/","og_site_name":"Fm Gente","article_published_time":"2025-10-07T02:05:10+00:00","og_image":[{"width":752,"height":455,"url":"https:\/\/fmgente.com.ar\/web\/wp-content\/uploads\/2025\/10\/Miguel-Angel-Russo-1-1.jpg.webp","type":"image\/webp"}],"twitter_card":"summary_large_image","twitter_misc":{"Tiempo de lectura":"2 minutos"},"schema":{"@context":"https:\/\/schema.org","@graph":[{"@type":"Article","@id":"https:\/\/fmgente.com.ar\/web\/morena-rial-sale-de-la-carcel-que-condiciones-debe-cumplir-para-tener-prision-domiciliaria\/#article","isPartOf":{"@id":"https:\/\/fmgente.com.ar\/web\/morena-rial-sale-de-la-carcel-que-condiciones-debe-cumplir-para-tener-prision-domiciliaria\/"},"author":{"name":"","@id":""},"headline":"Morena Rial sale de la c\u00e1rcel: qu\u00e9 condiciones debe cumplir para tener prisi\u00f3n domiciliaria","datePublished":"2025-10-07T02:05:10+00:00","mainEntityOfPage":{"@id":"https:\/\/fmgente.com.ar\/web\/morena-rial-sale-de-la-carcel-que-condiciones-debe-cumplir-para-tener-prision-domiciliaria\/"},"wordCount":459,"publisher":{"@id":"https:\/\/fmgente.com.ar\/web\/#organization"},"image":{"@id":"https:\/\/fmgente.com.ar\/web\/morena-rial-sale-de-la-carcel-que-condiciones-debe-cumplir-para-tener-prision-domiciliaria\/#primaryimage"},"thumbnailUrl":"https:\/\/fmgente.com.ar\/web\/wp-content\/uploads\/2025\/10\/Miguel-Angel-Russo-1-1.jpg.webp","articleSection":["DESTACADAS"],"inLanguage":"es"},{"@type":"WebPage","@id":"https:\/\/fmgente.com.ar\/web\/morena-rial-sale-de-la-carcel-que-condiciones-debe-cumplir-para-tener-prision-domiciliaria\/","url":"https:\/\/fmgente.com.ar\/web\/morena-rial-sale-de-la-carcel-que-condiciones-debe-cumplir-para-tener-prision-domiciliaria\/","name":"Morena Rial sale de la c\u00e1rcel: qu\u00e9 condiciones debe cumplir para tener prisi\u00f3n domiciliaria - Fm Gente","isPartOf":{"@id":"https:\/\/fmgente.com.ar\/web\/#website"},"primaryImageOfPage":{"@id":"https:\/\/fmgente.com.ar\/web\/morena-rial-sale-de-la-carcel-que-condiciones-debe-cumplir-para-tener-prision-domiciliaria\/#primaryimage"},"image":{"@id":"https:\/\/fmgente.com.ar\/web\/morena-rial-sale-de-la-carcel-que-condiciones-debe-cumplir-para-tener-prision-domiciliaria\/#primaryimage"},"thumbnailUrl":"https:\/\/fmgente.com.ar\/web\/wp-content\/uploads\/2025\/10\/Miguel-Angel-Russo-1-1.jpg.webp","datePublished":"2025-10-07T02:05:10+00:00","inLanguage":"es","potentialAction":[{"@type":"ReadAction","target":["https:\/\/fmgente.com.ar\/web\/morena-rial-sale-de-la-carcel-que-condiciones-debe-cumplir-para-tener-prision-domiciliaria\/"]}]},{"@type":"ImageObject","inLanguage":"es","@id":"https:\/\/fmgente.com.ar\/web\/morena-rial-sale-de-la-carcel-que-condiciones-debe-cumplir-para-tener-prision-domiciliaria\/#primaryimage","url":"https:\/\/fmgente.com.ar\/web\/wp-content\/uploads\/2025\/10\/Miguel-Angel-Russo-1-1.jpg.webp","contentUrl":"https:\/\/fmgente.com.ar\/web\/wp-content\/uploads\/2025\/10\/Miguel-Angel-Russo-1-1.jpg.webp","width":752,"height":455},{"@type":"WebSite","@id":"https:\/\/fmgente.com.ar\/web\/#website","url":"https:\/\/fmgente.com.ar\/web\/","name":"Fm Gente","description":"- Jes\u00fas Mar\u00eda","publisher":{"@id":"https:\/\/fmgente.com.ar\/web\/#organization"},"potentialAction":[{"@type":"SearchAction","target":{"@type":"EntryPoint","urlTemplate":"https:\/\/fmgente.com.ar\/web\/?s={search_term_string}"},"query-input":{"@type":"PropertyValueSpecification","valueRequired":true,"valueName":"search_term_string"}}],"inLanguage":"es"},{"@type":"Organization","@id":"https:\/\/fmgente.com.ar\/web\/#organization","name":"Fm Gente","url":"https:\/\/fmgente.com.ar\/web\/","logo":{"@type":"ImageObject","inLanguage":"es","@id":"https:\/\/fmgente.com.ar\/web\/#\/schema\/logo\/image\/","url":"https:\/\/fmgente.com.ar\/web\/wp-content\/uploads\/2023\/07\/cropped-cropped-logo-sombra2.png","contentUrl":"https:\/\/fmgente.com.ar\/web\/wp-content\/uploads\/2023\/07\/cropped-cropped-logo-sombra2.png","width":1782,"height":1782,"caption":"Fm Gente"},"image":{"@id":"https:\/\/fmgente.com.ar\/web\/#\/schema\/logo\/image\/"}}]}},"_links":{"self":[{"href":"https:\/\/fmgente.com.ar\/web\/wp-json\/wp\/v2\/posts\/6233","targetHints":{"allow":["GET"]}}],"collection":[{"href":"https:\/\/fmgente.com.ar\/web\/wp-json\/wp\/v2\/posts"}],"about":[{"href":"https:\/\/fmgente.com.ar\/web\/wp-json\/wp\/v2\/types\/post"}],"replies":[{"embeddable":true,"href":"https:\/\/fmgente.com.ar\/web\/wp-json\/wp\/v2\/comments?post=6233"}],"version-history":[{"count":0,"href":"https:\/\/fmgente.com.ar\/web\/wp-json\/wp\/v2\/posts\/6233\/revisions"}],"wp:featuredmedia":[{"embeddable":true,"href":"https:\/\/fmgente.com.ar\/web\/wp-json\/wp\/v2\/media\/6234"}],"wp:attachment":[{"href":"https:\/\/fmgente.com.ar\/web\/wp-json\/wp\/v2\/media?parent=6233"}],"wp:term":[{"taxonomy":"category","embeddable":true,"href":"https:\/\/fmgente.com.ar\/web\/wp-json\/wp\/v2\/categories?post=6233"},{"taxonomy":"post_tag","embeddable":true,"href":"https:\/\/fmgente.com.ar\/web\/wp-json\/wp\/v2\/tags?post=6233"}],"curies":[{"name":"wp","href":"https:\/\/api.w.org\/{rel}","templated":true}]}}