{"id":6231,"date":"2025-10-06T23:05:09","date_gmt":"2025-10-07T02:05:09","guid":{"rendered":"https:\/\/fmgente.com.ar\/eliana-guercio-tomo-una-decision-irreversible-para-dedicarle-su-amor-a-chiquito-romero\/"},"modified":"2025-10-06T23:05:09","modified_gmt":"2025-10-07T02:05:09","slug":"eliana-guercio-tomo-una-decision-irreversible-para-dedicarle-su-amor-a-chiquito-romero","status":"publish","type":"post","link":"https:\/\/fmgente.com.ar\/web\/eliana-guercio-tomo-una-decision-irreversible-para-dedicarle-su-amor-a-chiquito-romero\/","title":{"rendered":"Eliana Guercio tom\u00f3 una decisi\u00f3n irreversible para dedicarle su amor a Chiquito Romero"},"content":{"rendered":"<p><strong><a href=\"https:\/\/www.paparazzi.com.ar\/?s=Eliana+Guercio\">Eliana Guercio<\/a><\/strong> sorprendi\u00f3 a sus seguidores con un emotivo gesto de amor hacia<strong> <a href=\"https:\/\/www.paparazzi.com.ar\/?s=Chiquito+Romero\">Chiquito Romero<\/a><\/strong>. La panelista de Telefe comparti\u00f3 en sus redes sociales un nuevo tatuaje que decidi\u00f3 realizarse en honor al arquero y padre de sus cuatro hijos. <\/p>\n<p>La obra representa la uni\u00f3n y la fortaleza que los acompa\u00f1\u00f3 durante casi veinte a\u00f1os de relaci\u00f3n. El dise\u00f1o, creado por el tatuador Ezequiel Good, combina un le\u00f3n y una leona rodeados de flores, acompa\u00f1ados por una sola palabra: <em>\u201cNosotros\u201d<\/em>. <\/p>\n<p>Junto a la imagen, Guercio escribi\u00f3 en italiano<em> \u201cGrazie d\u2019esistere\u201d<\/em>, que significa <em>\u201cGracias por existir\u201d<\/em>, evocando los a\u00f1os que la familia pas\u00f3 en Europa, especialmente en Italia, durante la carrera de Romero en la Serie A. La publicaci\u00f3n gener\u00f3 una ola de comentarios positivos, y el propio Chiquito Romero comparti\u00f3 la historia en su cuenta de Instagram, respondiendo con un mensaje simple pero cargado de ternura: <em>\u201cTe amo, reina\u201d<\/em>. <\/p>\n<div class=\"mt-box \">\n<h4 class=\"mt-heading\">Mir\u00e1 Tambi\u00e9n<\/h4>\n<p><a href=\"https:\/\/www.paparazzi.com.ar\/teve\/en-los-martin-fierro-cami-homs-revelo-si-definio-el-nombre-del-bebe-que-espera-con-el-principito-sosa\/\"><\/p>\n<div class=\"mt-content\">\n<div class=\"mt-image-container\"><img decoding=\"async\" src=\"https:\/\/www.paparazzi.com.ar\/wp-content\/uploads\/2025\/09\/cami-homs.png.webp\" alt=\"\u00a1Exclusivo! Cami Homs confirm\u00f3 que ya tiene el nombre de la beb\u00e9 que espera con el Principito Sosa\" class=\"mt-image\" loading=\"lazy\" \/><\/div>\n<h5 class=\"mt-title\">\u00a1Exclusivo! Cami Homs confirm\u00f3 que ya tiene el nombre de la beb\u00e9 que espera con el Principito Sosa<\/h5>\n<\/div>\n<p><\/a><\/div>\n<p>El tatuaje de Guercio dialoga directamente con el que Romero se realiz\u00f3 a fines de 2024: una gran pieza en la espalda que muestra a un le\u00f3n, una leona y cuatro cachorros, en alusi\u00f3n a la pareja y sus hijos: Jazm\u00edn, Chloe, Meghan y Luca. Con esta nueva obra, Guercio plasm\u00f3 su propia versi\u00f3n de la historia familiar, m\u00e1s sutil pero igual de significativa.<\/p>\n<h2 class=\"wp-block-heading\">LA HISTORIA DE AMOR DE ELIANA GUERCIO Y CHIQUITO ROMERO:<\/h2>\n<p>La relaci\u00f3n de Eliana Guercio y Sergio Romero comenz\u00f3 en 2008, cuando se conocieron y r\u00e1pidamente decidieron casarse solo dos meses despu\u00e9s. La ceremonia tuvo lugar el 16 de octubre en el Registro Civil de Lan\u00fas Oeste. Por aquel entonces, Guercio era una figura reconocida en la televisi\u00f3n argentina y diez a\u00f1os mayor que Romero, pero prioriz\u00f3 su vida familiar por sobre su carrera profesional.<\/p>\n<p>Tras casarse, la pareja se mud\u00f3 a Europa, donde Romero destac\u00f3 en clubes como AZ Alkmaar, Sampdoria y Manchester United, adem\u00e1s de consagrarse en la Selecci\u00f3n Argentina. Durante ese tiempo, Guercio se alej\u00f3 de los medios para acompa\u00f1arlo y formar su familia, teniendo cuatro hijos.<\/p>\n<div class=\"mt-box \">\n<h4 class=\"mt-heading\">Mir\u00e1 Tambi\u00e9n<\/h4>\n<p><a href=\"https:\/\/www.paparazzi.com.ar\/romances\/eliana-guercio-fue-clara-al-contar-si-perdonaria-una-trampa-de-chiquito-romero-como-la-de-accardi-a-nico-vazquez\/\"><\/p>\n<div class=\"mt-content\">\n<div class=\"mt-image-container\"><img decoding=\"async\" src=\"https:\/\/www.paparazzi.com.ar\/wp-content\/uploads\/2025\/08\/guercio-romero-359x226.jpeg\" alt=\"Eliana Guercio fue clara al contar si perdonar\u00eda una trampa de Chiquito Romero como la de Accardi a Nico V\u00e1zquez\" class=\"mt-image\" loading=\"lazy\" \/><\/div>\n<h5 class=\"mt-title\">Eliana Guercio fue clara al contar si perdonar\u00eda una trampa de Chiquito Romero como la de Accardi a Nico V\u00e1zquez<\/h5>\n<\/div>\n<p><\/a><\/div>\n<p>En 2022, la pareja regres\u00f3 a la Argentina cuando Romero se incorpor\u00f3 al plantel de Boca Juniors. Desde entonces, Guercio retom\u00f3 su carrera medi\u00e1tica, consolid\u00e1ndose como una de las panelistas m\u00e1s destacadas de Gran Hermano.<\/p>\n<p>El tatuaje de <em>\u201cNosotros\u201d<\/em> no solo simboliza la historia de amor de la pareja, sino tambi\u00e9n el valor de la familia, la complicidad y la fortaleza que los une despu\u00e9s de casi dos d\u00e9cadas de vida compartida. Sin dudas, un gesto rom\u00e1ntico que dej\u00f3 a los seguidores conmovidos y admirando la expresi\u00f3n de amor eterno entre ambos.<\/p>\n<figure class=\"wp-block-image size-full\"><img decoding=\"async\" width=\"662\" height=\"1024\" src=\"https:\/\/www.paparazzi.com.ar\/wp-content\/uploads\/2025\/10\/image-68.png.webp\" loading=\"lazy\" alt=\"\" class=\"wp-image-446665\" \/><\/figure>\n<figure class=\"wp-block-image size-full\"><img decoding=\"async\" width=\"656\" height=\"1024\" src=\"https:\/\/www.paparazzi.com.ar\/wp-content\/uploads\/2025\/10\/image-69.png.webp\" loading=\"lazy\" alt=\"\" class=\"wp-image-446666\" \/><\/figure>\n<figure class=\"wp-block-image size-full\"><img decoding=\"async\" width=\"588\" height=\"1024\" src=\"https:\/\/www.paparazzi.com.ar\/wp-content\/uploads\/2025\/10\/image-70.png.webp\" loading=\"lazy\" alt=\"\" class=\"wp-image-446667\" \/><\/figure>\n<div class=\"mt-box \">\n<h4 class=\"mt-heading\">Mir\u00e1 Tambi\u00e9n<\/h4>\n<p><a href=\"https:\/\/www.paparazzi.com.ar\/teve\/eliana-guercio-hundio-a-ximena-capristo-y-revelo-como-usaba-a-silvina-luna-miserable\/\"><\/p>\n<div class=\"mt-content\">\n<div class=\"mt-image-container\"><img decoding=\"async\" src=\"https:\/\/www.paparazzi.com.ar\/wp-content\/uploads\/2025\/09\/ximena-capristo-eliana-guercio-silvina-luna.png.webp\" alt=\"Eliana Guercio hundi\u00f3 a Ximena Capristo y revel\u00f3 c\u00f3mo usaba a Silvina Luna: &quot;Miserable&quot;\" class=\"mt-image\" loading=\"lazy\" \/><\/div>\n<h5 class=\"mt-title\">Eliana Guercio hundi\u00f3 a Ximena Capristo y revel\u00f3 c\u00f3mo usaba a Silvina Luna: \u00abMiserable\u00bb<\/h5>\n<\/div>\n<p><\/a><\/div>\n<div class=\"mt-box \">\n<h4 class=\"mt-heading\">Mir\u00e1 Tambi\u00e9n<\/h4>\n<p><a href=\"https:\/\/www.paparazzi.com.ar\/teve\/ximena-capristo-amenazo-a-eliana-guercio-con-un-secreto-polemico-de-la-seleccion-argentina\/\"><\/p>\n<div class=\"mt-content\">\n<div class=\"mt-image-container\"><img decoding=\"async\" src=\"https:\/\/www.paparazzi.com.ar\/wp-content\/uploads\/2025\/09\/Ximena-Capristo.jpg.webp\" alt=\"Ximena Capristo amenaz\u00f3 a Eliana Guercio con un secreto pol\u00e9mico de la Selecci\u00f3n Argentina\" class=\"mt-image\" loading=\"lazy\" \/><\/div>\n<h5 class=\"mt-title\">Ximena Capristo amenaz\u00f3 a Eliana Guercio con un secreto pol\u00e9mico de la Selecci\u00f3n Argentina<\/h5>\n<\/div>\n<p><\/a><\/div>\n<p>The post <a href=\"https:\/\/www.paparazzi.com.ar\/romances\/el-impactante-tatuaje-de-eliana-guercio-en-honor-a-chiquito-romero-nosotros\/\">Eliana Guercio tom\u00f3 una decisi\u00f3n irreversible para dedicarle su amor a Chiquito Romero<\/a> appeared first on <a href=\"https:\/\/www.paparazzi.com.ar\">Revista Paparazzi<\/a>.<\/p>\n","protected":false},"excerpt":{"rendered":"<p>Eliana Guercio sorprendi\u00f3 a sus seguidores con un emotivo gesto de amor hacia Chiquito Romero.<\/p>\n","protected":false},"author":0,"featured_media":6232,"comment_status":"","ping_status":"","sticky":false,"template":"","format":"standard","meta":{"footnotes":""},"categories":[11],"tags":[],"class_list":["post-6231","post","type-post","status-publish","format-standard","has-post-thumbnail","hentry","category-destacadas"],"yoast_head":"<!-- This site is optimized with the Yoast SEO plugin v28.3 - https:\/\/yoast.com\/product\/yoast-seo-wordpress\/ -->\n<title>Eliana Guercio tom\u00f3 una decisi\u00f3n irreversible para dedicarle su amor a Chiquito Romero - Fm Gente<\/title>\n<meta name=\"robots\" content=\"index, follow, max-snippet:-1, max-image-preview:large, max-video-preview:-1\" \/>\n<link rel=\"canonical\" href=\"https:\/\/fmgente.com.ar\/web\/eliana-guercio-tomo-una-decision-irreversible-para-dedicarle-su-amor-a-chiquito-romero\/\" \/>\n<meta property=\"og:locale\" content=\"es_ES\" \/>\n<meta property=\"og:type\" content=\"article\" \/>\n<meta property=\"og:title\" content=\"Eliana Guercio tom\u00f3 una decisi\u00f3n irreversible para dedicarle su amor a Chiquito Romero - Fm Gente\" \/>\n<meta property=\"og:description\" content=\"Eliana Guercio sorprendi\u00f3 a sus seguidores con un emotivo gesto de amor hacia Chiquito Romero.\" \/>\n<meta property=\"og:url\" content=\"https:\/\/fmgente.com.ar\/web\/eliana-guercio-tomo-una-decision-irreversible-para-dedicarle-su-amor-a-chiquito-romero\/\" \/>\n<meta property=\"og:site_name\" content=\"Fm Gente\" \/>\n<meta property=\"article:published_time\" content=\"2025-10-07T02:05:09+00:00\" \/>\n<meta property=\"og:image\" content=\"https:\/\/fmgente.com.ar\/web\/wp-content\/uploads\/2025\/10\/cami-homs.png.webp\" \/>\n\t<meta property=\"og:image:width\" content=\"1052\" \/>\n\t<meta property=\"og:image:height\" content=\"665\" \/>\n\t<meta property=\"og:image:type\" content=\"image\/webp\" \/>\n<meta name=\"twitter:card\" content=\"summary_large_image\" \/>\n<meta name=\"twitter:label1\" content=\"Tiempo de lectura\" \/>\n\t<meta name=\"twitter:data1\" content=\"3 minutos\" \/>\n<script type=\"application\/ld+json\" class=\"yoast-schema-graph\">{\"@context\":\"https:\\\/\\\/schema.org\",\"@graph\":[{\"@type\":\"Article\",\"@id\":\"https:\\\/\\\/fmgente.com.ar\\\/web\\\/eliana-guercio-tomo-una-decision-irreversible-para-dedicarle-su-amor-a-chiquito-romero\\\/#article\",\"isPartOf\":{\"@id\":\"https:\\\/\\\/fmgente.com.ar\\\/web\\\/eliana-guercio-tomo-una-decision-irreversible-para-dedicarle-su-amor-a-chiquito-romero\\\/\"},\"author\":{\"name\":\"\",\"@id\":\"\"},\"headline\":\"Eliana Guercio tom\u00f3 una decisi\u00f3n irreversible para dedicarle su amor a Chiquito Romero\",\"datePublished\":\"2025-10-07T02:05:09+00:00\",\"mainEntityOfPage\":{\"@id\":\"https:\\\/\\\/fmgente.com.ar\\\/web\\\/eliana-guercio-tomo-una-decision-irreversible-para-dedicarle-su-amor-a-chiquito-romero\\\/\"},\"wordCount\":570,\"publisher\":{\"@id\":\"https:\\\/\\\/fmgente.com.ar\\\/web\\\/#organization\"},\"image\":{\"@id\":\"https:\\\/\\\/fmgente.com.ar\\\/web\\\/eliana-guercio-tomo-una-decision-irreversible-para-dedicarle-su-amor-a-chiquito-romero\\\/#primaryimage\"},\"thumbnailUrl\":\"https:\\\/\\\/fmgente.com.ar\\\/web\\\/wp-content\\\/uploads\\\/2025\\\/10\\\/cami-homs.png.webp\",\"articleSection\":[\"DESTACADAS\"],\"inLanguage\":\"es\"},{\"@type\":\"WebPage\",\"@id\":\"https:\\\/\\\/fmgente.com.ar\\\/web\\\/eliana-guercio-tomo-una-decision-irreversible-para-dedicarle-su-amor-a-chiquito-romero\\\/\",\"url\":\"https:\\\/\\\/fmgente.com.ar\\\/web\\\/eliana-guercio-tomo-una-decision-irreversible-para-dedicarle-su-amor-a-chiquito-romero\\\/\",\"name\":\"Eliana Guercio tom\u00f3 una decisi\u00f3n irreversible para dedicarle su amor a Chiquito Romero - Fm Gente\",\"isPartOf\":{\"@id\":\"https:\\\/\\\/fmgente.com.ar\\\/web\\\/#website\"},\"primaryImageOfPage\":{\"@id\":\"https:\\\/\\\/fmgente.com.ar\\\/web\\\/eliana-guercio-tomo-una-decision-irreversible-para-dedicarle-su-amor-a-chiquito-romero\\\/#primaryimage\"},\"image\":{\"@id\":\"https:\\\/\\\/fmgente.com.ar\\\/web\\\/eliana-guercio-tomo-una-decision-irreversible-para-dedicarle-su-amor-a-chiquito-romero\\\/#primaryimage\"},\"thumbnailUrl\":\"https:\\\/\\\/fmgente.com.ar\\\/web\\\/wp-content\\\/uploads\\\/2025\\\/10\\\/cami-homs.png.webp\",\"datePublished\":\"2025-10-07T02:05:09+00:00\",\"inLanguage\":\"es\",\"potentialAction\":[{\"@type\":\"ReadAction\",\"target\":[\"https:\\\/\\\/fmgente.com.ar\\\/web\\\/eliana-guercio-tomo-una-decision-irreversible-para-dedicarle-su-amor-a-chiquito-romero\\\/\"]}]},{\"@type\":\"ImageObject\",\"inLanguage\":\"es\",\"@id\":\"https:\\\/\\\/fmgente.com.ar\\\/web\\\/eliana-guercio-tomo-una-decision-irreversible-para-dedicarle-su-amor-a-chiquito-romero\\\/#primaryimage\",\"url\":\"https:\\\/\\\/fmgente.com.ar\\\/web\\\/wp-content\\\/uploads\\\/2025\\\/10\\\/cami-homs.png.webp\",\"contentUrl\":\"https:\\\/\\\/fmgente.com.ar\\\/web\\\/wp-content\\\/uploads\\\/2025\\\/10\\\/cami-homs.png.webp\",\"width\":1052,\"height\":665},{\"@type\":\"WebSite\",\"@id\":\"https:\\\/\\\/fmgente.com.ar\\\/web\\\/#website\",\"url\":\"https:\\\/\\\/fmgente.com.ar\\\/web\\\/\",\"name\":\"Fm Gente\",\"description\":\"- Jes\u00fas Mar\u00eda\",\"publisher\":{\"@id\":\"https:\\\/\\\/fmgente.com.ar\\\/web\\\/#organization\"},\"potentialAction\":[{\"@type\":\"SearchAction\",\"target\":{\"@type\":\"EntryPoint\",\"urlTemplate\":\"https:\\\/\\\/fmgente.com.ar\\\/web\\\/?s={search_term_string}\"},\"query-input\":{\"@type\":\"PropertyValueSpecification\",\"valueRequired\":true,\"valueName\":\"search_term_string\"}}],\"inLanguage\":\"es\"},{\"@type\":\"Organization\",\"@id\":\"https:\\\/\\\/fmgente.com.ar\\\/web\\\/#organization\",\"name\":\"Fm Gente\",\"url\":\"https:\\\/\\\/fmgente.com.ar\\\/web\\\/\",\"logo\":{\"@type\":\"ImageObject\",\"inLanguage\":\"es\",\"@id\":\"https:\\\/\\\/fmgente.com.ar\\\/web\\\/#\\\/schema\\\/logo\\\/image\\\/\",\"url\":\"https:\\\/\\\/fmgente.com.ar\\\/web\\\/wp-content\\\/uploads\\\/2023\\\/07\\\/cropped-cropped-logo-sombra2.png\",\"contentUrl\":\"https:\\\/\\\/fmgente.com.ar\\\/web\\\/wp-content\\\/uploads\\\/2023\\\/07\\\/cropped-cropped-logo-sombra2.png\",\"width\":1782,\"height\":1782,\"caption\":\"Fm Gente\"},\"image\":{\"@id\":\"https:\\\/\\\/fmgente.com.ar\\\/web\\\/#\\\/schema\\\/logo\\\/image\\\/\"}}]}<\/script>\n<!-- \/ Yoast SEO plugin. -->","yoast_head_json":{"title":"Eliana Guercio tom\u00f3 una decisi\u00f3n irreversible para dedicarle su amor a Chiquito Romero - Fm Gente","robots":{"index":"index","follow":"follow","max-snippet":"max-snippet:-1","max-image-preview":"max-image-preview:large","max-video-preview":"max-video-preview:-1"},"canonical":"https:\/\/fmgente.com.ar\/web\/eliana-guercio-tomo-una-decision-irreversible-para-dedicarle-su-amor-a-chiquito-romero\/","og_locale":"es_ES","og_type":"article","og_title":"Eliana Guercio tom\u00f3 una decisi\u00f3n irreversible para dedicarle su amor a Chiquito Romero - Fm Gente","og_description":"Eliana Guercio sorprendi\u00f3 a sus seguidores con un emotivo gesto de amor hacia Chiquito Romero.","og_url":"https:\/\/fmgente.com.ar\/web\/eliana-guercio-tomo-una-decision-irreversible-para-dedicarle-su-amor-a-chiquito-romero\/","og_site_name":"Fm Gente","article_published_time":"2025-10-07T02:05:09+00:00","og_image":[{"width":1052,"height":665,"url":"https:\/\/fmgente.com.ar\/web\/wp-content\/uploads\/2025\/10\/cami-homs.png.webp","type":"image\/webp"}],"twitter_card":"summary_large_image","twitter_misc":{"Tiempo de lectura":"3 minutos"},"schema":{"@context":"https:\/\/schema.org","@graph":[{"@type":"Article","@id":"https:\/\/fmgente.com.ar\/web\/eliana-guercio-tomo-una-decision-irreversible-para-dedicarle-su-amor-a-chiquito-romero\/#article","isPartOf":{"@id":"https:\/\/fmgente.com.ar\/web\/eliana-guercio-tomo-una-decision-irreversible-para-dedicarle-su-amor-a-chiquito-romero\/"},"author":{"name":"","@id":""},"headline":"Eliana Guercio tom\u00f3 una decisi\u00f3n irreversible para dedicarle su amor a Chiquito Romero","datePublished":"2025-10-07T02:05:09+00:00","mainEntityOfPage":{"@id":"https:\/\/fmgente.com.ar\/web\/eliana-guercio-tomo-una-decision-irreversible-para-dedicarle-su-amor-a-chiquito-romero\/"},"wordCount":570,"publisher":{"@id":"https:\/\/fmgente.com.ar\/web\/#organization"},"image":{"@id":"https:\/\/fmgente.com.ar\/web\/eliana-guercio-tomo-una-decision-irreversible-para-dedicarle-su-amor-a-chiquito-romero\/#primaryimage"},"thumbnailUrl":"https:\/\/fmgente.com.ar\/web\/wp-content\/uploads\/2025\/10\/cami-homs.png.webp","articleSection":["DESTACADAS"],"inLanguage":"es"},{"@type":"WebPage","@id":"https:\/\/fmgente.com.ar\/web\/eliana-guercio-tomo-una-decision-irreversible-para-dedicarle-su-amor-a-chiquito-romero\/","url":"https:\/\/fmgente.com.ar\/web\/eliana-guercio-tomo-una-decision-irreversible-para-dedicarle-su-amor-a-chiquito-romero\/","name":"Eliana Guercio tom\u00f3 una decisi\u00f3n irreversible para dedicarle su amor a Chiquito Romero - Fm Gente","isPartOf":{"@id":"https:\/\/fmgente.com.ar\/web\/#website"},"primaryImageOfPage":{"@id":"https:\/\/fmgente.com.ar\/web\/eliana-guercio-tomo-una-decision-irreversible-para-dedicarle-su-amor-a-chiquito-romero\/#primaryimage"},"image":{"@id":"https:\/\/fmgente.com.ar\/web\/eliana-guercio-tomo-una-decision-irreversible-para-dedicarle-su-amor-a-chiquito-romero\/#primaryimage"},"thumbnailUrl":"https:\/\/fmgente.com.ar\/web\/wp-content\/uploads\/2025\/10\/cami-homs.png.webp","datePublished":"2025-10-07T02:05:09+00:00","inLanguage":"es","potentialAction":[{"@type":"ReadAction","target":["https:\/\/fmgente.com.ar\/web\/eliana-guercio-tomo-una-decision-irreversible-para-dedicarle-su-amor-a-chiquito-romero\/"]}]},{"@type":"ImageObject","inLanguage":"es","@id":"https:\/\/fmgente.com.ar\/web\/eliana-guercio-tomo-una-decision-irreversible-para-dedicarle-su-amor-a-chiquito-romero\/#primaryimage","url":"https:\/\/fmgente.com.ar\/web\/wp-content\/uploads\/2025\/10\/cami-homs.png.webp","contentUrl":"https:\/\/fmgente.com.ar\/web\/wp-content\/uploads\/2025\/10\/cami-homs.png.webp","width":1052,"height":665},{"@type":"WebSite","@id":"https:\/\/fmgente.com.ar\/web\/#website","url":"https:\/\/fmgente.com.ar\/web\/","name":"Fm Gente","description":"- Jes\u00fas Mar\u00eda","publisher":{"@id":"https:\/\/fmgente.com.ar\/web\/#organization"},"potentialAction":[{"@type":"SearchAction","target":{"@type":"EntryPoint","urlTemplate":"https:\/\/fmgente.com.ar\/web\/?s={search_term_string}"},"query-input":{"@type":"PropertyValueSpecification","valueRequired":true,"valueName":"search_term_string"}}],"inLanguage":"es"},{"@type":"Organization","@id":"https:\/\/fmgente.com.ar\/web\/#organization","name":"Fm Gente","url":"https:\/\/fmgente.com.ar\/web\/","logo":{"@type":"ImageObject","inLanguage":"es","@id":"https:\/\/fmgente.com.ar\/web\/#\/schema\/logo\/image\/","url":"https:\/\/fmgente.com.ar\/web\/wp-content\/uploads\/2023\/07\/cropped-cropped-logo-sombra2.png","contentUrl":"https:\/\/fmgente.com.ar\/web\/wp-content\/uploads\/2023\/07\/cropped-cropped-logo-sombra2.png","width":1782,"height":1782,"caption":"Fm Gente"},"image":{"@id":"https:\/\/fmgente.com.ar\/web\/#\/schema\/logo\/image\/"}}]}},"_links":{"self":[{"href":"https:\/\/fmgente.com.ar\/web\/wp-json\/wp\/v2\/posts\/6231","targetHints":{"allow":["GET"]}}],"collection":[{"href":"https:\/\/fmgente.com.ar\/web\/wp-json\/wp\/v2\/posts"}],"about":[{"href":"https:\/\/fmgente.com.ar\/web\/wp-json\/wp\/v2\/types\/post"}],"replies":[{"embeddable":true,"href":"https:\/\/fmgente.com.ar\/web\/wp-json\/wp\/v2\/comments?post=6231"}],"version-history":[{"count":0,"href":"https:\/\/fmgente.com.ar\/web\/wp-json\/wp\/v2\/posts\/6231\/revisions"}],"wp:featuredmedia":[{"embeddable":true,"href":"https:\/\/fmgente.com.ar\/web\/wp-json\/wp\/v2\/media\/6232"}],"wp:attachment":[{"href":"https:\/\/fmgente.com.ar\/web\/wp-json\/wp\/v2\/media?parent=6231"}],"wp:term":[{"taxonomy":"category","embeddable":true,"href":"https:\/\/fmgente.com.ar\/web\/wp-json\/wp\/v2\/categories?post=6231"},{"taxonomy":"post_tag","embeddable":true,"href":"https:\/\/fmgente.com.ar\/web\/wp-json\/wp\/v2\/tags?post=6231"}],"curies":[{"name":"wp","href":"https:\/\/api.w.org\/{rel}","templated":true}]}}