{"id":6229,"date":"2025-10-06T23:05:07","date_gmt":"2025-10-07T02:05:07","guid":{"rendered":"https:\/\/fmgente.com.ar\/confirmaron-la-noticia-mas-fuerte-de-thiago-medina-a-24-dias-de-su-accidente-se-acabo\/"},"modified":"2025-10-06T23:05:07","modified_gmt":"2025-10-07T02:05:07","slug":"confirmaron-la-noticia-mas-fuerte-de-thiago-medina-a-24-dias-de-su-accidente-se-acabo","status":"publish","type":"post","link":"https:\/\/fmgente.com.ar\/web\/confirmaron-la-noticia-mas-fuerte-de-thiago-medina-a-24-dias-de-su-accidente-se-acabo\/","title":{"rendered":"Confirmaron la noticia m\u00e1s fuerte de Thiago Medina a 24 d\u00edas de su accidente: \u201cSe acab\u00f3\u201d"},"content":{"rendered":"<p>Despu\u00e9s de varios d\u00edas de incertidumbre, la familia de <strong>Thiago Medina<\/strong> volvi\u00f3 a sonre\u00edr. El ex <strong>Gran Hermano<\/strong> contin\u00faa evolucionando favorablemente tras el grave accidente que lo tuvo al borde de la vida, y fue su hermana, <strong>Camila \u2018<\/strong><strong><em>Camilota\u2019<\/em><\/strong><strong> Deniz<\/strong>, quien decidi\u00f3 romper el silencio para contar c\u00f3mo atraviesan este nuevo momento lleno de esperanza.<\/p>\n<p>Emocionada y aliviada por las buenas noticias que empezaron a darse alrededor de la salud de <strong><a href=\"https:\/\/www.paparazzi.com.ar\/teve\/daniela-celis-revelo-las-graves-secuelas-en-su-salud-que-dejo-el-accidente-de-thiago-medina\/\">Thiago<\/a><\/strong>, quien sali\u00f3 de terapia intensiva y pas\u00f3 a una sala intermedia, <strong>Camila<\/strong> habl\u00f3 en <strong><em>Intrusos<\/em><\/strong> y transmiti\u00f3 el sentimiento que domina a toda la familia.<\/p>\n<p><em>\u201cMi sonrisa creo que lo dice todo, estoy obviamente feliz. Yo creo que se acab\u00f3 la pesadilla. Ahora es un d\u00eda a d\u00eda, pero estamos contentos, felices\u201d<\/em>, cont\u00f3 la hermana de <strong><a href=\"https:\/\/www.paparazzi.com.ar\/romances\/milagro-thiago-medina-ya-camina-come-solo-y-discute-con-daniela-celis-el-quiere\/\">Thiago<\/a><\/strong> desbordada de alegr\u00eda y con los ojos brillosos, dejando en evidencia el cambio de energ\u00eda que se vive en su entorno.<\/p>\n<div class=\"mt-box \">\n<h4 class=\"mt-heading\">Mir\u00e1 Tambi\u00e9n<\/h4>\n<p><a href=\"https:\/\/www.paparazzi.com.ar\/videos\/exclusivo-marcelo-polino-hablo-como-nunca-de-su-vida-intima-y-conto-cuando-fue-la-ultima-vez-que-tuvo-sexo-con-una-mujer\/\"><\/p>\n<div class=\"mt-content\">\n<div class=\"mt-image-container\"><img decoding=\"async\" src=\"https:\/\/www.paparazzi.com.ar\/wp-content\/uploads\/2025\/09\/IMG_5980.jpg.webp\" alt=\"\u00a1Exclusivo! Marcelo Polino habl\u00f3 como nunca de su vida \u00edntima y cont\u00f3 cu\u00e1ndo fue la \u00faltima vez que tuvo sexo con una mujer\u00a0\" class=\"mt-image\" loading=\"lazy\" \/><\/div>\n<h5 class=\"mt-title\">\u00a1Exclusivo! Marcelo Polino habl\u00f3 como nunca de su vida \u00edntima y cont\u00f3 cu\u00e1ndo fue la \u00faltima vez que tuvo sexo con una mujer\u00a0<\/h5>\n<\/div>\n<p><\/a><\/div>\n<p>Durante m\u00e1s de tres semanas, la familia de <strong><a href=\"https:\/\/www.paparazzi.com.ar\/teve\/daniela-celis-revelo-como-fue-el-primer-encuentro-de-thiago-medina-con-sus-hijas-tras-salvar-su-vida-de-milagro\/\">Thiago<\/a><\/strong> vivi\u00f3 una verdadera monta\u00f1a rusa emocional. La internaci\u00f3n prolongada, los partes m\u00e9dicos y la incertidumbre hab\u00edan desgastado a todos. Pero, finalmente, lleg\u00f3 la noticia que esperaban: el joven de 22 a\u00f1os sali\u00f3 de terapia intensiva y empez\u00f3 a respirar sin asistencia.<\/p>\n<h2 class=\"wp-block-heading\">CAMILOTA CONT\u00d3 C\u00d3MO EVOLUCIONA LA SALUD DE THIAGO MEDINA A 3 SEMANAS DEL ACCIDENTE<\/h2>\n<p><em>\u201cSali\u00f3 de terapia y ya est\u00e1 respirando por sus propios medios, que eso es un mont\u00f3n. El peligro de vida ha pasado\u201d<\/em>, cont\u00f3 <strong><em>Camilota<\/em><\/strong>, emocionada y agradecida por el avance de su hermano. Tambi\u00e9n record\u00f3 c\u00f3mo fueron los primeros d\u00edas tras el accidente, marcados por el miedo y la angustia. <em>\u201cEn su momento sent\u00eda que no era yo. Y cuando empec\u00e9 a ver evoluciones, respir\u00e9. Fue como que la respiraci\u00f3n esa dijo todo\u201d<\/em>.<\/p>\n<p>El relato de la hermana mayor de <strong>Thiago<\/strong> conmovi\u00f3 a todos en el estudio, sobre todo cuando cerr\u00f3 su testimonio con palabras cargadas de fe y gratitud: <em>\u201cNo hay palabras para explicar lo que sentimos. Se mor\u00eda y lo salvaron en el hospital. Ahora solo queda agradecer y seguir acompa\u00f1\u00e1ndolo paso a paso\u201d<\/em>.<\/p>\n<div class=\"mt-box \">\n<h4 class=\"mt-heading\">Mir\u00e1 Tambi\u00e9n<\/h4>\n<p><a href=\"https:\/\/www.paparazzi.com.ar\/teve\/daniela-celis-revelo-las-graves-secuelas-en-su-salud-que-dejo-el-accidente-de-thiago-medina\/\"><\/p>\n<div class=\"mt-content\">\n<div class=\"mt-image-container\"><img decoding=\"async\" src=\"https:\/\/www.paparazzi.com.ar\/wp-content\/uploads\/2025\/10\/Daniela-Celis-Thiago-Medina-1-359x226.jpg\" alt=\"Daniela Celis revel\u00f3 las graves secuelas en su salud que provoc\u00f3 el accidente de Thiago Medina\" class=\"mt-image\" loading=\"lazy\" \/><\/div>\n<h5 class=\"mt-title\">Daniela Celis revel\u00f3 las graves secuelas en su salud que provoc\u00f3 el accidente de Thiago Medina<\/h5>\n<\/div>\n<p><\/a><\/div>\n<p>Hoy, la familia de <strong>Thiago<\/strong> respira m\u00e1s tranquila. Cada peque\u00f1o avance es motivo de celebraci\u00f3n, y el mensaje de su hermana refleja la fuerza con la que enfrentaron los momentos m\u00e1s duros. Lo que comenz\u00f3 como una pesadilla, poco a poco empieza a transformarse en una historia de superaci\u00f3n, marcada por el amor y el apoyo incondicional de los suyos.<\/p>\n<div class=\"mt-box \">\n<h4 class=\"mt-heading\">Mir\u00e1 Tambi\u00e9n<\/h4>\n<p><a href=\"https:\/\/www.paparazzi.com.ar\/romances\/milagro-thiago-medina-ya-camina-come-solo-y-discute-con-daniela-celis-el-quiere\/\"><\/p>\n<div class=\"mt-content\">\n<div class=\"mt-image-container\"><img decoding=\"async\" src=\"https:\/\/www.paparazzi.com.ar\/wp-content\/uploads\/2025\/10\/Daniela-Celis-Thiago-1-359x226.jpg\" alt=\"\u00a1Milagro! Thiago Medina ya camina, come solo y discute con Daniela Celis: &quot;El quiere\u2026&quot;\" class=\"mt-image\" loading=\"lazy\" \/><\/div>\n<h5 class=\"mt-title\">\u00a1Milagro! Thiago Medina ya camina, come solo y discute con Daniela Celis: \u00abEl quiere\u2026\u00bb<\/h5>\n<\/div>\n<p><\/a><\/div>\n<div class=\"mt-box \">\n<h4 class=\"mt-heading\">Mir\u00e1 Tambi\u00e9n<\/h4>\n<p><a href=\"https:\/\/www.paparazzi.com.ar\/teve\/daniela-celis-revelo-como-fue-el-primer-encuentro-de-thiago-medina-con-sus-hijas-tras-salvar-su-vida-de-milagro\/\"><\/p>\n<div class=\"mt-content\">\n<div class=\"mt-image-container\"><img decoding=\"async\" src=\"https:\/\/www.paparazzi.com.ar\/wp-content\/uploads\/2025\/10\/daniela-celis-thiago-medina-359x226.jpg\" alt=\"Daniela Celis revel\u00f3 c\u00f3mo fue el primer encuentro de Thiago Medina con sus hijas tras salvar su vida de milagro\" class=\"mt-image\" loading=\"lazy\" \/><\/div>\n<h5 class=\"mt-title\">Daniela Celis revel\u00f3 c\u00f3mo fue el primer encuentro de Thiago Medina con sus hijas tras salvar su vida de milagro<\/h5>\n<\/div>\n<p><\/a><\/div>\n<p>The post <a href=\"https:\/\/www.paparazzi.com.ar\/teve\/confirmaron-la-noticia-mas-fuerte-de-thiago-medina-a-24-dias-de-su-accidente-se-acabo\/\">Confirmaron la noticia m\u00e1s fuerte de Thiago Medina a 24 d\u00edas de su accidente: \u201cSe acab\u00f3\u201d<\/a> appeared first on <a href=\"https:\/\/www.paparazzi.com.ar\">Revista Paparazzi<\/a>.<\/p>\n","protected":false},"excerpt":{"rendered":"<p>Despu\u00e9s de varios d\u00edas de incertidumbre, la familia de Thiago Medina volvi\u00f3 a sonre\u00edr. El<\/p>\n","protected":false},"author":0,"featured_media":6230,"comment_status":"","ping_status":"","sticky":false,"template":"","format":"standard","meta":{"footnotes":""},"categories":[11],"tags":[],"class_list":["post-6229","post","type-post","status-publish","format-standard","has-post-thumbnail","hentry","category-destacadas"],"yoast_head":"<!-- This site is optimized with the Yoast SEO plugin v28.3 - https:\/\/yoast.com\/product\/yoast-seo-wordpress\/ -->\n<title>Confirmaron la noticia m\u00e1s fuerte de Thiago Medina a 24 d\u00edas de su accidente: \u201cSe acab\u00f3\u201d - Fm Gente<\/title>\n<meta name=\"robots\" content=\"index, follow, max-snippet:-1, max-image-preview:large, max-video-preview:-1\" \/>\n<link rel=\"canonical\" href=\"https:\/\/fmgente.com.ar\/web\/confirmaron-la-noticia-mas-fuerte-de-thiago-medina-a-24-dias-de-su-accidente-se-acabo\/\" \/>\n<meta property=\"og:locale\" content=\"es_ES\" \/>\n<meta property=\"og:type\" content=\"article\" \/>\n<meta property=\"og:title\" content=\"Confirmaron la noticia m\u00e1s fuerte de Thiago Medina a 24 d\u00edas de su accidente: \u201cSe acab\u00f3\u201d - Fm Gente\" \/>\n<meta property=\"og:description\" content=\"Despu\u00e9s de varios d\u00edas de incertidumbre, la familia de Thiago Medina volvi\u00f3 a sonre\u00edr. El\" \/>\n<meta property=\"og:url\" content=\"https:\/\/fmgente.com.ar\/web\/confirmaron-la-noticia-mas-fuerte-de-thiago-medina-a-24-dias-de-su-accidente-se-acabo\/\" \/>\n<meta property=\"og:site_name\" content=\"Fm Gente\" \/>\n<meta property=\"article:published_time\" content=\"2025-10-07T02:05:07+00:00\" \/>\n<meta property=\"og:image\" content=\"https:\/\/fmgente.com.ar\/web\/wp-content\/uploads\/2025\/10\/IMG_5980.jpg-9.webp\" \/>\n\t<meta property=\"og:image:width\" content=\"1900\" \/>\n\t<meta property=\"og:image:height\" content=\"1425\" \/>\n\t<meta property=\"og:image:type\" content=\"image\/webp\" \/>\n<meta name=\"twitter:card\" content=\"summary_large_image\" \/>\n<meta name=\"twitter:label1\" content=\"Tiempo de lectura\" \/>\n\t<meta name=\"twitter:data1\" content=\"3 minutos\" \/>\n<script type=\"application\/ld+json\" class=\"yoast-schema-graph\">{\"@context\":\"https:\\\/\\\/schema.org\",\"@graph\":[{\"@type\":\"Article\",\"@id\":\"https:\\\/\\\/fmgente.com.ar\\\/web\\\/confirmaron-la-noticia-mas-fuerte-de-thiago-medina-a-24-dias-de-su-accidente-se-acabo\\\/#article\",\"isPartOf\":{\"@id\":\"https:\\\/\\\/fmgente.com.ar\\\/web\\\/confirmaron-la-noticia-mas-fuerte-de-thiago-medina-a-24-dias-de-su-accidente-se-acabo\\\/\"},\"author\":{\"name\":\"\",\"@id\":\"\"},\"headline\":\"Confirmaron la noticia m\u00e1s fuerte de Thiago Medina a 24 d\u00edas de su accidente: \u201cSe acab\u00f3\u201d\",\"datePublished\":\"2025-10-07T02:05:07+00:00\",\"mainEntityOfPage\":{\"@id\":\"https:\\\/\\\/fmgente.com.ar\\\/web\\\/confirmaron-la-noticia-mas-fuerte-de-thiago-medina-a-24-dias-de-su-accidente-se-acabo\\\/\"},\"wordCount\":555,\"publisher\":{\"@id\":\"https:\\\/\\\/fmgente.com.ar\\\/web\\\/#organization\"},\"image\":{\"@id\":\"https:\\\/\\\/fmgente.com.ar\\\/web\\\/confirmaron-la-noticia-mas-fuerte-de-thiago-medina-a-24-dias-de-su-accidente-se-acabo\\\/#primaryimage\"},\"thumbnailUrl\":\"https:\\\/\\\/fmgente.com.ar\\\/web\\\/wp-content\\\/uploads\\\/2025\\\/10\\\/IMG_5980.jpg-9.webp\",\"articleSection\":[\"DESTACADAS\"],\"inLanguage\":\"es\"},{\"@type\":\"WebPage\",\"@id\":\"https:\\\/\\\/fmgente.com.ar\\\/web\\\/confirmaron-la-noticia-mas-fuerte-de-thiago-medina-a-24-dias-de-su-accidente-se-acabo\\\/\",\"url\":\"https:\\\/\\\/fmgente.com.ar\\\/web\\\/confirmaron-la-noticia-mas-fuerte-de-thiago-medina-a-24-dias-de-su-accidente-se-acabo\\\/\",\"name\":\"Confirmaron la noticia m\u00e1s fuerte de Thiago Medina a 24 d\u00edas de su accidente: \u201cSe acab\u00f3\u201d - Fm Gente\",\"isPartOf\":{\"@id\":\"https:\\\/\\\/fmgente.com.ar\\\/web\\\/#website\"},\"primaryImageOfPage\":{\"@id\":\"https:\\\/\\\/fmgente.com.ar\\\/web\\\/confirmaron-la-noticia-mas-fuerte-de-thiago-medina-a-24-dias-de-su-accidente-se-acabo\\\/#primaryimage\"},\"image\":{\"@id\":\"https:\\\/\\\/fmgente.com.ar\\\/web\\\/confirmaron-la-noticia-mas-fuerte-de-thiago-medina-a-24-dias-de-su-accidente-se-acabo\\\/#primaryimage\"},\"thumbnailUrl\":\"https:\\\/\\\/fmgente.com.ar\\\/web\\\/wp-content\\\/uploads\\\/2025\\\/10\\\/IMG_5980.jpg-9.webp\",\"datePublished\":\"2025-10-07T02:05:07+00:00\",\"inLanguage\":\"es\",\"potentialAction\":[{\"@type\":\"ReadAction\",\"target\":[\"https:\\\/\\\/fmgente.com.ar\\\/web\\\/confirmaron-la-noticia-mas-fuerte-de-thiago-medina-a-24-dias-de-su-accidente-se-acabo\\\/\"]}]},{\"@type\":\"ImageObject\",\"inLanguage\":\"es\",\"@id\":\"https:\\\/\\\/fmgente.com.ar\\\/web\\\/confirmaron-la-noticia-mas-fuerte-de-thiago-medina-a-24-dias-de-su-accidente-se-acabo\\\/#primaryimage\",\"url\":\"https:\\\/\\\/fmgente.com.ar\\\/web\\\/wp-content\\\/uploads\\\/2025\\\/10\\\/IMG_5980.jpg-9.webp\",\"contentUrl\":\"https:\\\/\\\/fmgente.com.ar\\\/web\\\/wp-content\\\/uploads\\\/2025\\\/10\\\/IMG_5980.jpg-9.webp\",\"width\":1900,\"height\":1425},{\"@type\":\"WebSite\",\"@id\":\"https:\\\/\\\/fmgente.com.ar\\\/web\\\/#website\",\"url\":\"https:\\\/\\\/fmgente.com.ar\\\/web\\\/\",\"name\":\"Fm Gente\",\"description\":\"- Jes\u00fas Mar\u00eda\",\"publisher\":{\"@id\":\"https:\\\/\\\/fmgente.com.ar\\\/web\\\/#organization\"},\"potentialAction\":[{\"@type\":\"SearchAction\",\"target\":{\"@type\":\"EntryPoint\",\"urlTemplate\":\"https:\\\/\\\/fmgente.com.ar\\\/web\\\/?s={search_term_string}\"},\"query-input\":{\"@type\":\"PropertyValueSpecification\",\"valueRequired\":true,\"valueName\":\"search_term_string\"}}],\"inLanguage\":\"es\"},{\"@type\":\"Organization\",\"@id\":\"https:\\\/\\\/fmgente.com.ar\\\/web\\\/#organization\",\"name\":\"Fm Gente\",\"url\":\"https:\\\/\\\/fmgente.com.ar\\\/web\\\/\",\"logo\":{\"@type\":\"ImageObject\",\"inLanguage\":\"es\",\"@id\":\"https:\\\/\\\/fmgente.com.ar\\\/web\\\/#\\\/schema\\\/logo\\\/image\\\/\",\"url\":\"https:\\\/\\\/fmgente.com.ar\\\/web\\\/wp-content\\\/uploads\\\/2023\\\/07\\\/cropped-cropped-logo-sombra2.png\",\"contentUrl\":\"https:\\\/\\\/fmgente.com.ar\\\/web\\\/wp-content\\\/uploads\\\/2023\\\/07\\\/cropped-cropped-logo-sombra2.png\",\"width\":1782,\"height\":1782,\"caption\":\"Fm Gente\"},\"image\":{\"@id\":\"https:\\\/\\\/fmgente.com.ar\\\/web\\\/#\\\/schema\\\/logo\\\/image\\\/\"}}]}<\/script>\n<!-- \/ Yoast SEO plugin. -->","yoast_head_json":{"title":"Confirmaron la noticia m\u00e1s fuerte de Thiago Medina a 24 d\u00edas de su accidente: \u201cSe acab\u00f3\u201d - Fm Gente","robots":{"index":"index","follow":"follow","max-snippet":"max-snippet:-1","max-image-preview":"max-image-preview:large","max-video-preview":"max-video-preview:-1"},"canonical":"https:\/\/fmgente.com.ar\/web\/confirmaron-la-noticia-mas-fuerte-de-thiago-medina-a-24-dias-de-su-accidente-se-acabo\/","og_locale":"es_ES","og_type":"article","og_title":"Confirmaron la noticia m\u00e1s fuerte de Thiago Medina a 24 d\u00edas de su accidente: \u201cSe acab\u00f3\u201d - Fm Gente","og_description":"Despu\u00e9s de varios d\u00edas de incertidumbre, la familia de Thiago Medina volvi\u00f3 a sonre\u00edr. El","og_url":"https:\/\/fmgente.com.ar\/web\/confirmaron-la-noticia-mas-fuerte-de-thiago-medina-a-24-dias-de-su-accidente-se-acabo\/","og_site_name":"Fm Gente","article_published_time":"2025-10-07T02:05:07+00:00","og_image":[{"width":1900,"height":1425,"url":"https:\/\/fmgente.com.ar\/web\/wp-content\/uploads\/2025\/10\/IMG_5980.jpg-9.webp","type":"image\/webp"}],"twitter_card":"summary_large_image","twitter_misc":{"Tiempo de lectura":"3 minutos"},"schema":{"@context":"https:\/\/schema.org","@graph":[{"@type":"Article","@id":"https:\/\/fmgente.com.ar\/web\/confirmaron-la-noticia-mas-fuerte-de-thiago-medina-a-24-dias-de-su-accidente-se-acabo\/#article","isPartOf":{"@id":"https:\/\/fmgente.com.ar\/web\/confirmaron-la-noticia-mas-fuerte-de-thiago-medina-a-24-dias-de-su-accidente-se-acabo\/"},"author":{"name":"","@id":""},"headline":"Confirmaron la noticia m\u00e1s fuerte de Thiago Medina a 24 d\u00edas de su accidente: \u201cSe acab\u00f3\u201d","datePublished":"2025-10-07T02:05:07+00:00","mainEntityOfPage":{"@id":"https:\/\/fmgente.com.ar\/web\/confirmaron-la-noticia-mas-fuerte-de-thiago-medina-a-24-dias-de-su-accidente-se-acabo\/"},"wordCount":555,"publisher":{"@id":"https:\/\/fmgente.com.ar\/web\/#organization"},"image":{"@id":"https:\/\/fmgente.com.ar\/web\/confirmaron-la-noticia-mas-fuerte-de-thiago-medina-a-24-dias-de-su-accidente-se-acabo\/#primaryimage"},"thumbnailUrl":"https:\/\/fmgente.com.ar\/web\/wp-content\/uploads\/2025\/10\/IMG_5980.jpg-9.webp","articleSection":["DESTACADAS"],"inLanguage":"es"},{"@type":"WebPage","@id":"https:\/\/fmgente.com.ar\/web\/confirmaron-la-noticia-mas-fuerte-de-thiago-medina-a-24-dias-de-su-accidente-se-acabo\/","url":"https:\/\/fmgente.com.ar\/web\/confirmaron-la-noticia-mas-fuerte-de-thiago-medina-a-24-dias-de-su-accidente-se-acabo\/","name":"Confirmaron la noticia m\u00e1s fuerte de Thiago Medina a 24 d\u00edas de su accidente: \u201cSe acab\u00f3\u201d - Fm Gente","isPartOf":{"@id":"https:\/\/fmgente.com.ar\/web\/#website"},"primaryImageOfPage":{"@id":"https:\/\/fmgente.com.ar\/web\/confirmaron-la-noticia-mas-fuerte-de-thiago-medina-a-24-dias-de-su-accidente-se-acabo\/#primaryimage"},"image":{"@id":"https:\/\/fmgente.com.ar\/web\/confirmaron-la-noticia-mas-fuerte-de-thiago-medina-a-24-dias-de-su-accidente-se-acabo\/#primaryimage"},"thumbnailUrl":"https:\/\/fmgente.com.ar\/web\/wp-content\/uploads\/2025\/10\/IMG_5980.jpg-9.webp","datePublished":"2025-10-07T02:05:07+00:00","inLanguage":"es","potentialAction":[{"@type":"ReadAction","target":["https:\/\/fmgente.com.ar\/web\/confirmaron-la-noticia-mas-fuerte-de-thiago-medina-a-24-dias-de-su-accidente-se-acabo\/"]}]},{"@type":"ImageObject","inLanguage":"es","@id":"https:\/\/fmgente.com.ar\/web\/confirmaron-la-noticia-mas-fuerte-de-thiago-medina-a-24-dias-de-su-accidente-se-acabo\/#primaryimage","url":"https:\/\/fmgente.com.ar\/web\/wp-content\/uploads\/2025\/10\/IMG_5980.jpg-9.webp","contentUrl":"https:\/\/fmgente.com.ar\/web\/wp-content\/uploads\/2025\/10\/IMG_5980.jpg-9.webp","width":1900,"height":1425},{"@type":"WebSite","@id":"https:\/\/fmgente.com.ar\/web\/#website","url":"https:\/\/fmgente.com.ar\/web\/","name":"Fm Gente","description":"- Jes\u00fas Mar\u00eda","publisher":{"@id":"https:\/\/fmgente.com.ar\/web\/#organization"},"potentialAction":[{"@type":"SearchAction","target":{"@type":"EntryPoint","urlTemplate":"https:\/\/fmgente.com.ar\/web\/?s={search_term_string}"},"query-input":{"@type":"PropertyValueSpecification","valueRequired":true,"valueName":"search_term_string"}}],"inLanguage":"es"},{"@type":"Organization","@id":"https:\/\/fmgente.com.ar\/web\/#organization","name":"Fm Gente","url":"https:\/\/fmgente.com.ar\/web\/","logo":{"@type":"ImageObject","inLanguage":"es","@id":"https:\/\/fmgente.com.ar\/web\/#\/schema\/logo\/image\/","url":"https:\/\/fmgente.com.ar\/web\/wp-content\/uploads\/2023\/07\/cropped-cropped-logo-sombra2.png","contentUrl":"https:\/\/fmgente.com.ar\/web\/wp-content\/uploads\/2023\/07\/cropped-cropped-logo-sombra2.png","width":1782,"height":1782,"caption":"Fm Gente"},"image":{"@id":"https:\/\/fmgente.com.ar\/web\/#\/schema\/logo\/image\/"}}]}},"_links":{"self":[{"href":"https:\/\/fmgente.com.ar\/web\/wp-json\/wp\/v2\/posts\/6229","targetHints":{"allow":["GET"]}}],"collection":[{"href":"https:\/\/fmgente.com.ar\/web\/wp-json\/wp\/v2\/posts"}],"about":[{"href":"https:\/\/fmgente.com.ar\/web\/wp-json\/wp\/v2\/types\/post"}],"replies":[{"embeddable":true,"href":"https:\/\/fmgente.com.ar\/web\/wp-json\/wp\/v2\/comments?post=6229"}],"version-history":[{"count":0,"href":"https:\/\/fmgente.com.ar\/web\/wp-json\/wp\/v2\/posts\/6229\/revisions"}],"wp:featuredmedia":[{"embeddable":true,"href":"https:\/\/fmgente.com.ar\/web\/wp-json\/wp\/v2\/media\/6230"}],"wp:attachment":[{"href":"https:\/\/fmgente.com.ar\/web\/wp-json\/wp\/v2\/media?parent=6229"}],"wp:term":[{"taxonomy":"category","embeddable":true,"href":"https:\/\/fmgente.com.ar\/web\/wp-json\/wp\/v2\/categories?post=6229"},{"taxonomy":"post_tag","embeddable":true,"href":"https:\/\/fmgente.com.ar\/web\/wp-json\/wp\/v2\/tags?post=6229"}],"curies":[{"name":"wp","href":"https:\/\/api.w.org\/{rel}","templated":true}]}}