{"id":6227,"date":"2025-10-06T22:05:52","date_gmt":"2025-10-07T01:05:52","guid":{"rendered":"https:\/\/fmgente.com.ar\/daniela-celis-revelo-las-graves-secuelas-en-su-salud-que-provoco-el-accidente-de-thiago-medina\/"},"modified":"2025-10-06T22:05:52","modified_gmt":"2025-10-07T01:05:52","slug":"daniela-celis-revelo-las-graves-secuelas-en-su-salud-que-provoco-el-accidente-de-thiago-medina","status":"publish","type":"post","link":"https:\/\/fmgente.com.ar\/web\/daniela-celis-revelo-las-graves-secuelas-en-su-salud-que-provoco-el-accidente-de-thiago-medina\/","title":{"rendered":"Daniela Celis revel\u00f3 las graves secuelas en su salud que provoc\u00f3 el accidente de Thiago Medina"},"content":{"rendered":"<p>El dram\u00e1tico accidente de<strong> Thiago Medina<\/strong> conmocion\u00f3 y mantuvo en vilo a todos, propios y ajenos al mundo del espect\u00e1culo. Mientras el ex <strong>Gran Hermano<\/strong> sigue internado en el hospital mostrando signos positivos en su recuperaci\u00f3n, su expareja, <strong>Daniela Celis<\/strong>, decidi\u00f3 romper el silencio y contar por primera vez c\u00f3mo fueron esos d\u00edas marcados por la angustia, la incertidumbre y el amor por sus hijas.<\/p>\n<p>En una entrevista que brind\u00f3 con <strong><em>Corta por Lozano<\/em><\/strong> con el coraz\u00f3n en la mano, <strong>Daniela<\/strong> habl\u00f3 sobre el proceso que vivi\u00f3 desde el accidente de <strong><a href=\"https:\/\/www.paparazzi.com.ar\/romances\/milagro-thiago-medina-ya-camina-come-solo-y-discute-con-daniela-celis-el-quiere\/\">Thiago<\/a><\/strong> hasta su reciente paso de terapia intensiva a una sala intermedia. Fueron m\u00e1s de tres semanas desde que todo esto sucedi\u00f3, por lo que hay mucho que se desconoce.<\/p>\n<p>M\u00e1s all\u00e1 del alivio que generan las buenas noticias alrededor de su ex, <strong><a href=\"https:\/\/www.paparazzi.com.ar\/teve\/daniela-celis-revelo-como-fue-el-primer-encuentro-de-thiago-medina-con-sus-hijas-tras-salvar-su-vida-de-milagro\/\">Daniela<\/a><\/strong> record\u00f3 lo que fueron esas interminables jornadas en las que intent\u00f3 ser sost\u00e9n emocional para su familia. <em>\u201cFue muy duro, porque salir del hospital, ten\u00eda que volver a casa y a sentarme a jugar. Mi rutina era jugar, cantar, bailar, hacer dibujitos, que todo est\u00e9 bien y hacerlas dormir\u201d<\/em>, dijo emocionada.<\/p>\n<div class=\"mt-box \">\n<h4 class=\"mt-heading\">Mir\u00e1 Tambi\u00e9n<\/h4>\n<p><a href=\"https:\/\/www.paparazzi.com.ar\/videos\/exclusivo-marcelo-polino-hablo-como-nunca-de-su-vida-intima-y-conto-cuando-fue-la-ultima-vez-que-tuvo-sexo-con-una-mujer\/\"><\/p>\n<div class=\"mt-content\">\n<div class=\"mt-image-container\"><img decoding=\"async\" src=\"https:\/\/www.paparazzi.com.ar\/wp-content\/uploads\/2025\/09\/IMG_5980.jpg.webp\" alt=\"\u00a1Exclusivo! Marcelo Polino habl\u00f3 como nunca de su vida \u00edntima y cont\u00f3 cu\u00e1ndo fue la \u00faltima vez que tuvo sexo con una mujer\u00a0\" class=\"mt-image\" loading=\"lazy\" \/><\/div>\n<h5 class=\"mt-title\">\u00a1Exclusivo! Marcelo Polino habl\u00f3 como nunca de su vida \u00edntima y cont\u00f3 cu\u00e1ndo fue la \u00faltima vez que tuvo sexo con una mujer\u00a0<\/h5>\n<\/div>\n<p><\/a><\/div>\n<p>Sin embargo, detr\u00e1s de ese esfuerzo cotidiano por mantener la calma para sus hijas, hab\u00eda un torbellino interno que <strong><a href=\"https:\/\/www.paparazzi.com.ar\/teve\/camila-deniz-conto-que-dijeron-los-medicos-cuando-thiago-medina-se-desperto-del-coma-es-un-milagro\/\">Daniela<\/a><\/strong> intent\u00f3 contener como pudo. <em>\u201cYo ten\u00eda mucha culpa de que las nenas sintieran la ausencia de \u00e9l y la m\u00eda, teniendo algo externo a lo que era mi rutina, entonces decid\u00ed parar toda mi vida para poder estar con ellas 100%\u201d<\/em>, reconoci\u00f3.<\/p>\n<h2 class=\"wp-block-heading\">LOS CAMBIOS F\u00cdSICOS QUE SUFRI\u00d3 DANIELA CELIS TRAS LA INTERNACI\u00d3N DE THIAGO MEDINA<\/h2>\n<p>Pero uno de los puntos m\u00e1s dr\u00e1sticos y hasta traum\u00e1ticos que se dieron fue cuando <strong>Celis<\/strong> confes\u00f3 que su cuerpo termin\u00f3 manifestando la tensi\u00f3n emocional de esas semanas. <em>\u201cA m\u00ed se me cerr\u00f3 el apetito durante las primeras dos semanas, no sent\u00eda hambre y ni siquiera me hac\u00eda ruido la panza\u201d<\/em>, cont\u00f3.<\/p>\n<p><em>\u201cLo habl\u00e9 porque me preocup\u00e9. De hecho, baj\u00e9 m\u00e1s de 8 kilos en 23 d\u00edas. Y entiendo que era todo como un proceso de no sacarme esta coraza de las nenas. Quiz\u00e1s el \u00fanico momento de llorar era en la ducha\u201d<\/em>, agreg\u00f3 <strong>Daniela<\/strong>. Definitivamente, todo este traj\u00edn, adem\u00e1s de la preocupaci\u00f3n por <strong>Thiago<\/strong> y obviamente el estar al pendiente de sus hijas gemelas, tuvieron un efecto rebote.<\/p>\n<div class=\"mt-box \">\n<h4 class=\"mt-heading\">Mir\u00e1 Tambi\u00e9n<\/h4>\n<p><a href=\"https:\/\/www.paparazzi.com.ar\/romances\/milagro-thiago-medina-ya-camina-come-solo-y-discute-con-daniela-celis-el-quiere\/\"><\/p>\n<div class=\"mt-content\">\n<div class=\"mt-image-container\"><img decoding=\"async\" src=\"https:\/\/www.paparazzi.com.ar\/wp-content\/uploads\/2025\/10\/Daniela-Celis-Thiago-1-359x226.jpg\" alt=\"\u00a1Milagro! Thiago Medina ya camina, come solo y discute con Daniela Celis: &quot;El quiere\u2026&quot;\" class=\"mt-image\" loading=\"lazy\" \/><\/div>\n<h5 class=\"mt-title\">\u00a1Milagro! Thiago Medina ya camina, come solo y discute con Daniela Celis: \u00abEl quiere\u2026\u00bb<\/h5>\n<\/div>\n<p><\/a><\/div>\n<p>Las palabras de <strong>Daniela<\/strong> reflejan no solo el amor que a\u00fan la une al padre de sus hijas, sino tambi\u00e9n la crudeza de lo que le toc\u00f3 atravesar: 23 d\u00edas de internaci\u00f3n, miedo y esperanza. Hoy, con <strong>Thiago<\/strong> mostrando signos de mejor\u00eda, la influencer busca recuperar el equilibrio familiar mientras acompa\u00f1a, a su manera, el proceso de recuperaci\u00f3n del joven.<\/p>\n<div class=\"mt-box \">\n<h4 class=\"mt-heading\">Mir\u00e1 Tambi\u00e9n<\/h4>\n<p><a href=\"https:\/\/www.paparazzi.com.ar\/teve\/daniela-celis-revelo-como-fue-el-primer-encuentro-de-thiago-medina-con-sus-hijas-tras-salvar-su-vida-de-milagro\/\"><\/p>\n<div class=\"mt-content\">\n<div class=\"mt-image-container\"><img decoding=\"async\" src=\"https:\/\/www.paparazzi.com.ar\/wp-content\/uploads\/2025\/10\/daniela-celis-thiago-medina-359x226.jpg\" alt=\"Daniela Celis revel\u00f3 c\u00f3mo fue el primer encuentro de Thiago Medina con sus hijas tras salvar su vida de milagro\" class=\"mt-image\" loading=\"lazy\" \/><\/div>\n<h5 class=\"mt-title\">Daniela Celis revel\u00f3 c\u00f3mo fue el primer encuentro de Thiago Medina con sus hijas tras salvar su vida de milagro<\/h5>\n<\/div>\n<p><\/a><\/div>\n<div class=\"mt-box \">\n<h4 class=\"mt-heading\">Mir\u00e1 Tambi\u00e9n<\/h4>\n<p><a href=\"https:\/\/www.paparazzi.com.ar\/teve\/camila-deniz-conto-que-dijeron-los-medicos-cuando-thiago-medina-se-desperto-del-coma-es-un-milagro\/\"><\/p>\n<div class=\"mt-content\">\n<div class=\"mt-image-container\"><img decoding=\"async\" src=\"https:\/\/www.paparazzi.com.ar\/wp-content\/uploads\/2025\/09\/Camilota-Thiago-Medina-1.jpg.webp\" alt=\"Camila Deniz cont\u00f3 que dijeron los m\u00e9dicos cuando Thiago Medina se despert\u00f3 del coma: &quot;Es un milagro&quot;\" class=\"mt-image\" loading=\"lazy\" \/><\/div>\n<h5 class=\"mt-title\">Camila Deniz cont\u00f3 que dijeron los m\u00e9dicos cuando Thiago Medina se despert\u00f3 del coma: \u00abEs un milagro\u00bb<\/h5>\n<\/div>\n<p><\/a><\/div>\n<p>The post <a href=\"https:\/\/www.paparazzi.com.ar\/teve\/daniela-celis-revelo-las-graves-secuelas-en-su-salud-que-dejo-el-accidente-de-thiago-medina\/\">Daniela Celis revel\u00f3 las graves secuelas en su salud que provoc\u00f3 el accidente de Thiago Medina<\/a> appeared first on <a href=\"https:\/\/www.paparazzi.com.ar\">Revista Paparazzi<\/a>.<\/p>\n","protected":false},"excerpt":{"rendered":"<p>El dram\u00e1tico accidente de Thiago Medina conmocion\u00f3 y mantuvo en vilo a todos, propios y<\/p>\n","protected":false},"author":0,"featured_media":6228,"comment_status":"","ping_status":"","sticky":false,"template":"","format":"standard","meta":{"footnotes":""},"categories":[11],"tags":[],"class_list":["post-6227","post","type-post","status-publish","format-standard","has-post-thumbnail","hentry","category-destacadas"],"yoast_head":"<!-- This site is optimized with the Yoast SEO plugin v28.3 - https:\/\/yoast.com\/product\/yoast-seo-wordpress\/ -->\n<title>Daniela Celis revel\u00f3 las graves secuelas en su salud que provoc\u00f3 el accidente de Thiago Medina - Fm Gente<\/title>\n<meta name=\"robots\" content=\"index, follow, max-snippet:-1, max-image-preview:large, max-video-preview:-1\" \/>\n<link rel=\"canonical\" href=\"https:\/\/fmgente.com.ar\/web\/daniela-celis-revelo-las-graves-secuelas-en-su-salud-que-provoco-el-accidente-de-thiago-medina\/\" \/>\n<meta property=\"og:locale\" content=\"es_ES\" \/>\n<meta property=\"og:type\" content=\"article\" \/>\n<meta property=\"og:title\" content=\"Daniela Celis revel\u00f3 las graves secuelas en su salud que provoc\u00f3 el accidente de Thiago Medina - Fm Gente\" \/>\n<meta property=\"og:description\" content=\"El dram\u00e1tico accidente de Thiago Medina conmocion\u00f3 y mantuvo en vilo a todos, propios y\" \/>\n<meta property=\"og:url\" content=\"https:\/\/fmgente.com.ar\/web\/daniela-celis-revelo-las-graves-secuelas-en-su-salud-que-provoco-el-accidente-de-thiago-medina\/\" \/>\n<meta property=\"og:site_name\" content=\"Fm Gente\" \/>\n<meta property=\"article:published_time\" content=\"2025-10-07T01:05:52+00:00\" \/>\n<meta property=\"og:image\" content=\"https:\/\/fmgente.com.ar\/web\/wp-content\/uploads\/2025\/10\/IMG_5980.jpg-8.webp\" \/>\n\t<meta property=\"og:image:width\" content=\"1900\" \/>\n\t<meta property=\"og:image:height\" content=\"1425\" \/>\n\t<meta property=\"og:image:type\" content=\"image\/webp\" \/>\n<meta name=\"twitter:card\" content=\"summary_large_image\" \/>\n<meta name=\"twitter:label1\" content=\"Tiempo de lectura\" \/>\n\t<meta name=\"twitter:data1\" content=\"3 minutos\" \/>\n<script type=\"application\/ld+json\" class=\"yoast-schema-graph\">{\"@context\":\"https:\\\/\\\/schema.org\",\"@graph\":[{\"@type\":\"Article\",\"@id\":\"https:\\\/\\\/fmgente.com.ar\\\/web\\\/daniela-celis-revelo-las-graves-secuelas-en-su-salud-que-provoco-el-accidente-de-thiago-medina\\\/#article\",\"isPartOf\":{\"@id\":\"https:\\\/\\\/fmgente.com.ar\\\/web\\\/daniela-celis-revelo-las-graves-secuelas-en-su-salud-que-provoco-el-accidente-de-thiago-medina\\\/\"},\"author\":{\"name\":\"\",\"@id\":\"\"},\"headline\":\"Daniela Celis revel\u00f3 las graves secuelas en su salud que provoc\u00f3 el accidente de Thiago Medina\",\"datePublished\":\"2025-10-07T01:05:52+00:00\",\"mainEntityOfPage\":{\"@id\":\"https:\\\/\\\/fmgente.com.ar\\\/web\\\/daniela-celis-revelo-las-graves-secuelas-en-su-salud-que-provoco-el-accidente-de-thiago-medina\\\/\"},\"wordCount\":599,\"publisher\":{\"@id\":\"https:\\\/\\\/fmgente.com.ar\\\/web\\\/#organization\"},\"image\":{\"@id\":\"https:\\\/\\\/fmgente.com.ar\\\/web\\\/daniela-celis-revelo-las-graves-secuelas-en-su-salud-que-provoco-el-accidente-de-thiago-medina\\\/#primaryimage\"},\"thumbnailUrl\":\"https:\\\/\\\/fmgente.com.ar\\\/web\\\/wp-content\\\/uploads\\\/2025\\\/10\\\/IMG_5980.jpg-8.webp\",\"articleSection\":[\"DESTACADAS\"],\"inLanguage\":\"es\"},{\"@type\":\"WebPage\",\"@id\":\"https:\\\/\\\/fmgente.com.ar\\\/web\\\/daniela-celis-revelo-las-graves-secuelas-en-su-salud-que-provoco-el-accidente-de-thiago-medina\\\/\",\"url\":\"https:\\\/\\\/fmgente.com.ar\\\/web\\\/daniela-celis-revelo-las-graves-secuelas-en-su-salud-que-provoco-el-accidente-de-thiago-medina\\\/\",\"name\":\"Daniela Celis revel\u00f3 las graves secuelas en su salud que provoc\u00f3 el accidente de Thiago Medina - Fm Gente\",\"isPartOf\":{\"@id\":\"https:\\\/\\\/fmgente.com.ar\\\/web\\\/#website\"},\"primaryImageOfPage\":{\"@id\":\"https:\\\/\\\/fmgente.com.ar\\\/web\\\/daniela-celis-revelo-las-graves-secuelas-en-su-salud-que-provoco-el-accidente-de-thiago-medina\\\/#primaryimage\"},\"image\":{\"@id\":\"https:\\\/\\\/fmgente.com.ar\\\/web\\\/daniela-celis-revelo-las-graves-secuelas-en-su-salud-que-provoco-el-accidente-de-thiago-medina\\\/#primaryimage\"},\"thumbnailUrl\":\"https:\\\/\\\/fmgente.com.ar\\\/web\\\/wp-content\\\/uploads\\\/2025\\\/10\\\/IMG_5980.jpg-8.webp\",\"datePublished\":\"2025-10-07T01:05:52+00:00\",\"inLanguage\":\"es\",\"potentialAction\":[{\"@type\":\"ReadAction\",\"target\":[\"https:\\\/\\\/fmgente.com.ar\\\/web\\\/daniela-celis-revelo-las-graves-secuelas-en-su-salud-que-provoco-el-accidente-de-thiago-medina\\\/\"]}]},{\"@type\":\"ImageObject\",\"inLanguage\":\"es\",\"@id\":\"https:\\\/\\\/fmgente.com.ar\\\/web\\\/daniela-celis-revelo-las-graves-secuelas-en-su-salud-que-provoco-el-accidente-de-thiago-medina\\\/#primaryimage\",\"url\":\"https:\\\/\\\/fmgente.com.ar\\\/web\\\/wp-content\\\/uploads\\\/2025\\\/10\\\/IMG_5980.jpg-8.webp\",\"contentUrl\":\"https:\\\/\\\/fmgente.com.ar\\\/web\\\/wp-content\\\/uploads\\\/2025\\\/10\\\/IMG_5980.jpg-8.webp\",\"width\":1900,\"height\":1425},{\"@type\":\"WebSite\",\"@id\":\"https:\\\/\\\/fmgente.com.ar\\\/web\\\/#website\",\"url\":\"https:\\\/\\\/fmgente.com.ar\\\/web\\\/\",\"name\":\"Fm Gente\",\"description\":\"- Jes\u00fas Mar\u00eda\",\"publisher\":{\"@id\":\"https:\\\/\\\/fmgente.com.ar\\\/web\\\/#organization\"},\"potentialAction\":[{\"@type\":\"SearchAction\",\"target\":{\"@type\":\"EntryPoint\",\"urlTemplate\":\"https:\\\/\\\/fmgente.com.ar\\\/web\\\/?s={search_term_string}\"},\"query-input\":{\"@type\":\"PropertyValueSpecification\",\"valueRequired\":true,\"valueName\":\"search_term_string\"}}],\"inLanguage\":\"es\"},{\"@type\":\"Organization\",\"@id\":\"https:\\\/\\\/fmgente.com.ar\\\/web\\\/#organization\",\"name\":\"Fm Gente\",\"url\":\"https:\\\/\\\/fmgente.com.ar\\\/web\\\/\",\"logo\":{\"@type\":\"ImageObject\",\"inLanguage\":\"es\",\"@id\":\"https:\\\/\\\/fmgente.com.ar\\\/web\\\/#\\\/schema\\\/logo\\\/image\\\/\",\"url\":\"https:\\\/\\\/fmgente.com.ar\\\/web\\\/wp-content\\\/uploads\\\/2023\\\/07\\\/cropped-cropped-logo-sombra2.png\",\"contentUrl\":\"https:\\\/\\\/fmgente.com.ar\\\/web\\\/wp-content\\\/uploads\\\/2023\\\/07\\\/cropped-cropped-logo-sombra2.png\",\"width\":1782,\"height\":1782,\"caption\":\"Fm Gente\"},\"image\":{\"@id\":\"https:\\\/\\\/fmgente.com.ar\\\/web\\\/#\\\/schema\\\/logo\\\/image\\\/\"}}]}<\/script>\n<!-- \/ Yoast SEO plugin. -->","yoast_head_json":{"title":"Daniela Celis revel\u00f3 las graves secuelas en su salud que provoc\u00f3 el accidente de Thiago Medina - Fm Gente","robots":{"index":"index","follow":"follow","max-snippet":"max-snippet:-1","max-image-preview":"max-image-preview:large","max-video-preview":"max-video-preview:-1"},"canonical":"https:\/\/fmgente.com.ar\/web\/daniela-celis-revelo-las-graves-secuelas-en-su-salud-que-provoco-el-accidente-de-thiago-medina\/","og_locale":"es_ES","og_type":"article","og_title":"Daniela Celis revel\u00f3 las graves secuelas en su salud que provoc\u00f3 el accidente de Thiago Medina - Fm Gente","og_description":"El dram\u00e1tico accidente de Thiago Medina conmocion\u00f3 y mantuvo en vilo a todos, propios y","og_url":"https:\/\/fmgente.com.ar\/web\/daniela-celis-revelo-las-graves-secuelas-en-su-salud-que-provoco-el-accidente-de-thiago-medina\/","og_site_name":"Fm Gente","article_published_time":"2025-10-07T01:05:52+00:00","og_image":[{"width":1900,"height":1425,"url":"https:\/\/fmgente.com.ar\/web\/wp-content\/uploads\/2025\/10\/IMG_5980.jpg-8.webp","type":"image\/webp"}],"twitter_card":"summary_large_image","twitter_misc":{"Tiempo de lectura":"3 minutos"},"schema":{"@context":"https:\/\/schema.org","@graph":[{"@type":"Article","@id":"https:\/\/fmgente.com.ar\/web\/daniela-celis-revelo-las-graves-secuelas-en-su-salud-que-provoco-el-accidente-de-thiago-medina\/#article","isPartOf":{"@id":"https:\/\/fmgente.com.ar\/web\/daniela-celis-revelo-las-graves-secuelas-en-su-salud-que-provoco-el-accidente-de-thiago-medina\/"},"author":{"name":"","@id":""},"headline":"Daniela Celis revel\u00f3 las graves secuelas en su salud que provoc\u00f3 el accidente de Thiago Medina","datePublished":"2025-10-07T01:05:52+00:00","mainEntityOfPage":{"@id":"https:\/\/fmgente.com.ar\/web\/daniela-celis-revelo-las-graves-secuelas-en-su-salud-que-provoco-el-accidente-de-thiago-medina\/"},"wordCount":599,"publisher":{"@id":"https:\/\/fmgente.com.ar\/web\/#organization"},"image":{"@id":"https:\/\/fmgente.com.ar\/web\/daniela-celis-revelo-las-graves-secuelas-en-su-salud-que-provoco-el-accidente-de-thiago-medina\/#primaryimage"},"thumbnailUrl":"https:\/\/fmgente.com.ar\/web\/wp-content\/uploads\/2025\/10\/IMG_5980.jpg-8.webp","articleSection":["DESTACADAS"],"inLanguage":"es"},{"@type":"WebPage","@id":"https:\/\/fmgente.com.ar\/web\/daniela-celis-revelo-las-graves-secuelas-en-su-salud-que-provoco-el-accidente-de-thiago-medina\/","url":"https:\/\/fmgente.com.ar\/web\/daniela-celis-revelo-las-graves-secuelas-en-su-salud-que-provoco-el-accidente-de-thiago-medina\/","name":"Daniela Celis revel\u00f3 las graves secuelas en su salud que provoc\u00f3 el accidente de Thiago Medina - Fm Gente","isPartOf":{"@id":"https:\/\/fmgente.com.ar\/web\/#website"},"primaryImageOfPage":{"@id":"https:\/\/fmgente.com.ar\/web\/daniela-celis-revelo-las-graves-secuelas-en-su-salud-que-provoco-el-accidente-de-thiago-medina\/#primaryimage"},"image":{"@id":"https:\/\/fmgente.com.ar\/web\/daniela-celis-revelo-las-graves-secuelas-en-su-salud-que-provoco-el-accidente-de-thiago-medina\/#primaryimage"},"thumbnailUrl":"https:\/\/fmgente.com.ar\/web\/wp-content\/uploads\/2025\/10\/IMG_5980.jpg-8.webp","datePublished":"2025-10-07T01:05:52+00:00","inLanguage":"es","potentialAction":[{"@type":"ReadAction","target":["https:\/\/fmgente.com.ar\/web\/daniela-celis-revelo-las-graves-secuelas-en-su-salud-que-provoco-el-accidente-de-thiago-medina\/"]}]},{"@type":"ImageObject","inLanguage":"es","@id":"https:\/\/fmgente.com.ar\/web\/daniela-celis-revelo-las-graves-secuelas-en-su-salud-que-provoco-el-accidente-de-thiago-medina\/#primaryimage","url":"https:\/\/fmgente.com.ar\/web\/wp-content\/uploads\/2025\/10\/IMG_5980.jpg-8.webp","contentUrl":"https:\/\/fmgente.com.ar\/web\/wp-content\/uploads\/2025\/10\/IMG_5980.jpg-8.webp","width":1900,"height":1425},{"@type":"WebSite","@id":"https:\/\/fmgente.com.ar\/web\/#website","url":"https:\/\/fmgente.com.ar\/web\/","name":"Fm Gente","description":"- Jes\u00fas Mar\u00eda","publisher":{"@id":"https:\/\/fmgente.com.ar\/web\/#organization"},"potentialAction":[{"@type":"SearchAction","target":{"@type":"EntryPoint","urlTemplate":"https:\/\/fmgente.com.ar\/web\/?s={search_term_string}"},"query-input":{"@type":"PropertyValueSpecification","valueRequired":true,"valueName":"search_term_string"}}],"inLanguage":"es"},{"@type":"Organization","@id":"https:\/\/fmgente.com.ar\/web\/#organization","name":"Fm Gente","url":"https:\/\/fmgente.com.ar\/web\/","logo":{"@type":"ImageObject","inLanguage":"es","@id":"https:\/\/fmgente.com.ar\/web\/#\/schema\/logo\/image\/","url":"https:\/\/fmgente.com.ar\/web\/wp-content\/uploads\/2023\/07\/cropped-cropped-logo-sombra2.png","contentUrl":"https:\/\/fmgente.com.ar\/web\/wp-content\/uploads\/2023\/07\/cropped-cropped-logo-sombra2.png","width":1782,"height":1782,"caption":"Fm Gente"},"image":{"@id":"https:\/\/fmgente.com.ar\/web\/#\/schema\/logo\/image\/"}}]}},"_links":{"self":[{"href":"https:\/\/fmgente.com.ar\/web\/wp-json\/wp\/v2\/posts\/6227","targetHints":{"allow":["GET"]}}],"collection":[{"href":"https:\/\/fmgente.com.ar\/web\/wp-json\/wp\/v2\/posts"}],"about":[{"href":"https:\/\/fmgente.com.ar\/web\/wp-json\/wp\/v2\/types\/post"}],"replies":[{"embeddable":true,"href":"https:\/\/fmgente.com.ar\/web\/wp-json\/wp\/v2\/comments?post=6227"}],"version-history":[{"count":0,"href":"https:\/\/fmgente.com.ar\/web\/wp-json\/wp\/v2\/posts\/6227\/revisions"}],"wp:featuredmedia":[{"embeddable":true,"href":"https:\/\/fmgente.com.ar\/web\/wp-json\/wp\/v2\/media\/6228"}],"wp:attachment":[{"href":"https:\/\/fmgente.com.ar\/web\/wp-json\/wp\/v2\/media?parent=6227"}],"wp:term":[{"taxonomy":"category","embeddable":true,"href":"https:\/\/fmgente.com.ar\/web\/wp-json\/wp\/v2\/categories?post=6227"},{"taxonomy":"post_tag","embeddable":true,"href":"https:\/\/fmgente.com.ar\/web\/wp-json\/wp\/v2\/tags?post=6227"}],"curies":[{"name":"wp","href":"https:\/\/api.w.org\/{rel}","templated":true}]}}