{"id":6223,"date":"2025-10-06T22:05:50","date_gmt":"2025-10-07T01:05:50","guid":{"rendered":"https:\/\/fmgente.com.ar\/el-impactante-testimonio-de-la-mama-de-lara-sobre-el-robo-en-el-triple-femicidio\/"},"modified":"2025-10-06T22:05:50","modified_gmt":"2025-10-07T01:05:50","slug":"el-impactante-testimonio-de-la-mama-de-lara-sobre-el-robo-en-el-triple-femicidio","status":"publish","type":"post","link":"https:\/\/fmgente.com.ar\/web\/el-impactante-testimonio-de-la-mama-de-lara-sobre-el-robo-en-el-triple-femicidio\/","title":{"rendered":"El impactante testimonio de la mam\u00e1 de Lara sobre el robo en el triple femicidio"},"content":{"rendered":"<p>El <strong><a href=\"https:\/\/www.paparazzi.com.ar\/?s=triple+femicidio+de+Florencio+Varela\">triple femicidio de Florencio Varela<\/a><\/strong> volvi\u00f3 a poner en el centro del debate p\u00fablico las hip\u00f3tesis m\u00e1s violentas. Esta vez, fue la voz m\u00e1s dolorida la que irrumpi\u00f3 en la escena: Estela, madre de <strong><a href=\"https:\/\/www.paparazzi.com.ar\/?s=Lara+Guti%C3%A9rrez\">Lara Guti\u00e9rrez<\/a><\/strong>, la menor de 15 a\u00f1os, asesinada junto a <strong>Brenda del Castillo<\/strong> y <strong>Morena Verdi<\/strong>.<\/p>\n<p>La mujer sali\u00f3 a repudiar firmemente la versi\u00f3n que asocia el homicidio con un robo de 400 kilos de coca\u00edna. Con un testimonio cargado de emoci\u00f3n y enojo, Estela respondi\u00f3 al relato que cobr\u00f3 fuerza tras las declaraciones del abogado defensor de dos detenidos.<\/p>\n<p><em>\u201cSi hubiesen robado droga o algo \u00bfc\u00f3mo se van a subir (a la camioneta blanca que las llevar\u00eda a una fiesta sexual a cambio de dinero) por 300 d\u00f3lares con toda la cantidad de plata que supuestamente dicen que falta? No entiendo. Porque si tendr\u00edan eso, tendr\u00edan que tener plata las chicas. No es necesario que se vayan de fiesta por 300 d\u00f3lares. No hay ni una l\u00f3gica\u201d<\/em>, dijo la mujer en di\u00e1logo con <em>El Nacional de Matanza<\/em>.<\/p>\n<div class=\"mt-box \">\n<h4 class=\"mt-heading\">Mir\u00e1 Tambi\u00e9n<\/h4>\n<p><a href=\"https:\/\/www.paparazzi.com.ar\/videos\/exclusivo-marcelo-polino-hablo-como-nunca-de-su-vida-intima-y-conto-cuando-fue-la-ultima-vez-que-tuvo-sexo-con-una-mujer\/\"><\/p>\n<div class=\"mt-content\">\n<div class=\"mt-image-container\"><img decoding=\"async\" src=\"https:\/\/www.paparazzi.com.ar\/wp-content\/uploads\/2025\/09\/IMG_5980.jpg.webp\" alt=\"\u00a1Exclusivo! Marcelo Polino habl\u00f3 como nunca de su vida \u00edntima y cont\u00f3 cu\u00e1ndo fue la \u00faltima vez que tuvo sexo con una mujer\u00a0\" class=\"mt-image\" loading=\"lazy\" \/><\/div>\n<h5 class=\"mt-title\">\u00a1Exclusivo! Marcelo Polino habl\u00f3 como nunca de su vida \u00edntima y cont\u00f3 cu\u00e1ndo fue la \u00faltima vez que tuvo sexo con una mujer\u00a0<\/h5>\n<\/div>\n<p><\/a><\/div>\n<p>La madre no estuvo sola: otra de sus hijas corrigi\u00f3 una versi\u00f3n que circul\u00f3 desde el inicio del caso y afirm\u00f3 con firmeza: <em>\u201cDe fiesta no, fueron a trabajar las tres\u201d<\/em>, buscando despejar la idea de que se trat\u00f3 de una salida por diversi\u00f3n. <\/p>\n<p>El argumento familiar intenta reenfocar el episodio hacia la estafa y el enga\u00f1o: chicas que fueron convocadas bajo la promesa de un trabajo que jam\u00e1s existi\u00f3. Estela, visiblemente afectada, insisti\u00f3 en desmontar las fantas\u00edas que rodean al caso y aclar\u00f3 su realidad cotidiana.<\/p>\n<div class=\"mt-box \">\n<h4 class=\"mt-heading\">Mir\u00e1 Tambi\u00e9n<\/h4>\n<p><a href=\"https:\/\/www.paparazzi.com.ar\/teve\/inesperado-giro-en-el-triple-femicidio-de-florencio-varela-lara-y-pequeno-j-habrian-sido-novios\/\"><\/p>\n<div class=\"mt-content\">\n<div class=\"mt-image-container\"><img decoding=\"async\" src=\"https:\/\/www.paparazzi.com.ar\/wp-content\/uploads\/2025\/10\/LARA-PEQUENO-J-NUEVA-2-359x226.jpg\" alt=\"Inesperado giro en el triple femicidio de Florencio Varela: &quot;Lara y Peque\u00f1o J habr\u00edan sido novios&quot;\" class=\"mt-image\" loading=\"lazy\" \/><\/div>\n<h5 class=\"mt-title\">Inesperado giro en el triple femicidio de Florencio Varela: \u00abLara y Peque\u00f1o J habr\u00edan sido novios\u00bb<\/h5>\n<\/div>\n<p><\/a><\/div>\n<p><em>\u201cS\u00ed, se fueron a trabajar las tres supuestamente por 300 d\u00f3lares y ac\u00e1 no s\u00e9, no entiendo yo tampoco de esto, de este tema, pero eso de que compraron autos, motos es mentira&#8230; Yo ando con la sube para todos lados y con lo que me ayuda la gente trato de estirarlo lo que m\u00e1s puedo. Por suerte est\u00e1 mi familia y la gente que me apoya en este sentido\u201d <\/em>expres\u00f3.<\/p>\n<p>La hip\u00f3tesis del robo millonario cobr\u00f3 impulso luego de que el abogado <strong>Guillermo Endi<\/strong> asegurara que el m\u00f3vil del crimen habr\u00eda sido la venganza narco por la sustracci\u00f3n de 400 kilos de coca\u00edna. El relato, difundido por periodistas como Paulo Kablan, describ\u00eda una trama en la que la joven habr\u00eda sido el nexo entre bandas y facilitado la ubicaci\u00f3n del cargamento. <\/p>\n<div class=\"mt-box \">\n<h4 class=\"mt-heading\">Mir\u00e1 Tambi\u00e9n<\/h4>\n<p><a href=\"https:\/\/www.paparazzi.com.ar\/teve\/detuvieron-en-peru-a-pequeno-j-el-narco-que-ordeno-el-triple-femicidio-de-florencio-varela-el-video\/\"><\/p>\n<div class=\"mt-content\">\n<div class=\"mt-image-container\"><img decoding=\"async\" src=\"https:\/\/www.paparazzi.com.ar\/wp-content\/uploads\/2025\/09\/pequeno-j-triple-femicidio-florencio-varela.png.webp\" alt=\"Detuvieron en Per\u00fa a Peque\u00f1o J, el narco que orden\u00f3 el triple femicidio de Florencio Varela: el video\" class=\"mt-image\" loading=\"lazy\" \/><\/div>\n<h5 class=\"mt-title\">Detuvieron en Per\u00fa a Peque\u00f1o J, el narco que orden\u00f3 el triple femicidio de Florencio Varela: el video<\/h5>\n<\/div>\n<p><\/a><\/div>\n<p>Esos pasajes \u2014en los que se habla de \u201cmarcar el lugar\u201d y de ofrecer pastillas para dormir\u2014 son los que la familia rechaza con vehemencia. El contraste entre las versiones oficiales y el dolor familiar pone en evidencia una grieta: por un lado, la investigaci\u00f3n que busca pistas y m\u00f3viles; por otro, la demanda de las madres por verdad y respeto.<\/p>\n<p>Para Estela, adem\u00e1s del reclamo por justicia, hay una petici\u00f3n clara: que no se utilice la figura de su hija para armar teor\u00edas que, adem\u00e1s de incomprensibles, deshumanizan a las v\u00edctimas. Mientras sigue la espera de novedades judiciales y la posible extradici\u00f3n del se\u00f1alado autor intelectual, <a href=\"https:\/\/www.paparazzi.com.ar\/teve\/detuvieron-en-peru-a-pequeno-j-el-narco-que-ordeno-el-triple-femicidio-de-florencio-varela-el-video\/\"><strong>Peque\u00f1o J<\/strong>, detenido en Per\u00fa<\/a>, las palabras de Estela agregan una capa \u00edntima y contundente al caso: una madre que no acepta versiones que relativicen el horror.<\/p>\n<\/p>\n<div class=\"mt-box \">\n<h4 class=\"mt-heading\">Mir\u00e1 Tambi\u00e9n<\/h4>\n<p><a href=\"https:\/\/www.paparazzi.com.ar\/teve\/que-detalles-dio-pequeno-j-del-triple-femicidio-de-florencio-varela-tras-ser-detenido-en-peru-un-espanto\/\"><\/p>\n<div class=\"mt-content\">\n<div class=\"mt-image-container\"><img decoding=\"async\" src=\"https:\/\/www.paparazzi.com.ar\/wp-content\/uploads\/2025\/10\/Diseno-sin-titulo-359x226.jpg\" alt=\"Qu\u00e9 detalles dio &quot;Peque\u00f1o J&quot; del triple femicidio de Florencio Varela tras ser detenido en Per\u00fa: &quot;Un espanto&quot;\" class=\"mt-image\" loading=\"lazy\" \/><\/div>\n<h5 class=\"mt-title\">Qu\u00e9 detalles dio \u00abPeque\u00f1o J\u00bb del triple femicidio de Florencio Varela tras ser detenido en Per\u00fa: \u00abUn espanto\u00bb<\/h5>\n<\/div>\n<p><\/a><\/div>\n<div class=\"mt-box \">\n<h4 class=\"mt-heading\">Mir\u00e1 Tambi\u00e9n<\/h4>\n<p><a href=\"https:\/\/www.paparazzi.com.ar\/teve\/horror-detras-del-triple-femicidio-asi-fueron-los-ultimos-momentos-de-brenda-lara-y-morena\/\"><\/p>\n<div class=\"mt-content\">\n<div class=\"mt-image-container\"><img decoding=\"async\" src=\"https:\/\/www.paparazzi.com.ar\/wp-content\/uploads\/2025\/09\/triple-femicidio.jpg.webp\" alt=\"Horror detr\u00e1s del triple femicidio: as\u00ed fueron los \u00faltimos momentos de Brenda, Lara y Morena\" class=\"mt-image\" loading=\"lazy\" \/><\/div>\n<h5 class=\"mt-title\">Horror detr\u00e1s del triple femicidio: as\u00ed fueron los \u00faltimos momentos de Brenda, Lara y Morena<\/h5>\n<\/div>\n<p><\/a><\/div>\n<p>The post <a href=\"https:\/\/www.paparazzi.com.ar\/teve\/el-impactante-testimonio-de-la-mama-de-lara-sobre-el-robo-en-el-triple-femicidio\/\">El impactante testimonio de la mam\u00e1 de Lara sobre el robo en el triple femicidio<\/a> appeared first on <a href=\"https:\/\/www.paparazzi.com.ar\">Revista Paparazzi<\/a>.<\/p>\n","protected":false},"excerpt":{"rendered":"<p>El triple femicidio de Florencio Varela volvi\u00f3 a poner en el centro del debate p\u00fablico<\/p>\n","protected":false},"author":0,"featured_media":6224,"comment_status":"","ping_status":"","sticky":false,"template":"","format":"standard","meta":{"footnotes":""},"categories":[11],"tags":[],"class_list":["post-6223","post","type-post","status-publish","format-standard","has-post-thumbnail","hentry","category-destacadas"],"yoast_head":"<!-- This site is optimized with the Yoast SEO plugin v28.3 - https:\/\/yoast.com\/product\/yoast-seo-wordpress\/ -->\n<title>El impactante testimonio de la mam\u00e1 de Lara sobre el robo en el triple femicidio - Fm Gente<\/title>\n<meta name=\"robots\" content=\"index, follow, max-snippet:-1, max-image-preview:large, max-video-preview:-1\" \/>\n<link rel=\"canonical\" href=\"https:\/\/fmgente.com.ar\/web\/el-impactante-testimonio-de-la-mama-de-lara-sobre-el-robo-en-el-triple-femicidio\/\" \/>\n<meta property=\"og:locale\" content=\"es_ES\" \/>\n<meta property=\"og:type\" content=\"article\" \/>\n<meta property=\"og:title\" content=\"El impactante testimonio de la mam\u00e1 de Lara sobre el robo en el triple femicidio - Fm Gente\" \/>\n<meta property=\"og:description\" content=\"El triple femicidio de Florencio Varela volvi\u00f3 a poner en el centro del debate p\u00fablico\" \/>\n<meta property=\"og:url\" content=\"https:\/\/fmgente.com.ar\/web\/el-impactante-testimonio-de-la-mama-de-lara-sobre-el-robo-en-el-triple-femicidio\/\" \/>\n<meta property=\"og:site_name\" content=\"Fm Gente\" \/>\n<meta property=\"article:published_time\" content=\"2025-10-07T01:05:50+00:00\" \/>\n<meta property=\"og:image\" content=\"https:\/\/fmgente.com.ar\/web\/wp-content\/uploads\/2025\/10\/IMG_5980.jpg-7.webp\" \/>\n\t<meta property=\"og:image:width\" content=\"1900\" \/>\n\t<meta property=\"og:image:height\" content=\"1425\" \/>\n\t<meta property=\"og:image:type\" content=\"image\/webp\" \/>\n<meta name=\"twitter:card\" content=\"summary_large_image\" \/>\n<meta name=\"twitter:label1\" content=\"Tiempo de lectura\" \/>\n\t<meta name=\"twitter:data1\" content=\"3 minutos\" \/>\n<script type=\"application\/ld+json\" class=\"yoast-schema-graph\">{\"@context\":\"https:\\\/\\\/schema.org\",\"@graph\":[{\"@type\":\"Article\",\"@id\":\"https:\\\/\\\/fmgente.com.ar\\\/web\\\/el-impactante-testimonio-de-la-mama-de-lara-sobre-el-robo-en-el-triple-femicidio\\\/#article\",\"isPartOf\":{\"@id\":\"https:\\\/\\\/fmgente.com.ar\\\/web\\\/el-impactante-testimonio-de-la-mama-de-lara-sobre-el-robo-en-el-triple-femicidio\\\/\"},\"author\":{\"name\":\"\",\"@id\":\"\"},\"headline\":\"El impactante testimonio de la mam\u00e1 de Lara sobre el robo en el triple femicidio\",\"datePublished\":\"2025-10-07T01:05:50+00:00\",\"mainEntityOfPage\":{\"@id\":\"https:\\\/\\\/fmgente.com.ar\\\/web\\\/el-impactante-testimonio-de-la-mama-de-lara-sobre-el-robo-en-el-triple-femicidio\\\/\"},\"wordCount\":710,\"publisher\":{\"@id\":\"https:\\\/\\\/fmgente.com.ar\\\/web\\\/#organization\"},\"image\":{\"@id\":\"https:\\\/\\\/fmgente.com.ar\\\/web\\\/el-impactante-testimonio-de-la-mama-de-lara-sobre-el-robo-en-el-triple-femicidio\\\/#primaryimage\"},\"thumbnailUrl\":\"https:\\\/\\\/fmgente.com.ar\\\/web\\\/wp-content\\\/uploads\\\/2025\\\/10\\\/IMG_5980.jpg-7.webp\",\"articleSection\":[\"DESTACADAS\"],\"inLanguage\":\"es\"},{\"@type\":\"WebPage\",\"@id\":\"https:\\\/\\\/fmgente.com.ar\\\/web\\\/el-impactante-testimonio-de-la-mama-de-lara-sobre-el-robo-en-el-triple-femicidio\\\/\",\"url\":\"https:\\\/\\\/fmgente.com.ar\\\/web\\\/el-impactante-testimonio-de-la-mama-de-lara-sobre-el-robo-en-el-triple-femicidio\\\/\",\"name\":\"El impactante testimonio de la mam\u00e1 de Lara sobre el robo en el triple femicidio - Fm Gente\",\"isPartOf\":{\"@id\":\"https:\\\/\\\/fmgente.com.ar\\\/web\\\/#website\"},\"primaryImageOfPage\":{\"@id\":\"https:\\\/\\\/fmgente.com.ar\\\/web\\\/el-impactante-testimonio-de-la-mama-de-lara-sobre-el-robo-en-el-triple-femicidio\\\/#primaryimage\"},\"image\":{\"@id\":\"https:\\\/\\\/fmgente.com.ar\\\/web\\\/el-impactante-testimonio-de-la-mama-de-lara-sobre-el-robo-en-el-triple-femicidio\\\/#primaryimage\"},\"thumbnailUrl\":\"https:\\\/\\\/fmgente.com.ar\\\/web\\\/wp-content\\\/uploads\\\/2025\\\/10\\\/IMG_5980.jpg-7.webp\",\"datePublished\":\"2025-10-07T01:05:50+00:00\",\"inLanguage\":\"es\",\"potentialAction\":[{\"@type\":\"ReadAction\",\"target\":[\"https:\\\/\\\/fmgente.com.ar\\\/web\\\/el-impactante-testimonio-de-la-mama-de-lara-sobre-el-robo-en-el-triple-femicidio\\\/\"]}]},{\"@type\":\"ImageObject\",\"inLanguage\":\"es\",\"@id\":\"https:\\\/\\\/fmgente.com.ar\\\/web\\\/el-impactante-testimonio-de-la-mama-de-lara-sobre-el-robo-en-el-triple-femicidio\\\/#primaryimage\",\"url\":\"https:\\\/\\\/fmgente.com.ar\\\/web\\\/wp-content\\\/uploads\\\/2025\\\/10\\\/IMG_5980.jpg-7.webp\",\"contentUrl\":\"https:\\\/\\\/fmgente.com.ar\\\/web\\\/wp-content\\\/uploads\\\/2025\\\/10\\\/IMG_5980.jpg-7.webp\",\"width\":1900,\"height\":1425},{\"@type\":\"WebSite\",\"@id\":\"https:\\\/\\\/fmgente.com.ar\\\/web\\\/#website\",\"url\":\"https:\\\/\\\/fmgente.com.ar\\\/web\\\/\",\"name\":\"Fm Gente\",\"description\":\"- Jes\u00fas Mar\u00eda\",\"publisher\":{\"@id\":\"https:\\\/\\\/fmgente.com.ar\\\/web\\\/#organization\"},\"potentialAction\":[{\"@type\":\"SearchAction\",\"target\":{\"@type\":\"EntryPoint\",\"urlTemplate\":\"https:\\\/\\\/fmgente.com.ar\\\/web\\\/?s={search_term_string}\"},\"query-input\":{\"@type\":\"PropertyValueSpecification\",\"valueRequired\":true,\"valueName\":\"search_term_string\"}}],\"inLanguage\":\"es\"},{\"@type\":\"Organization\",\"@id\":\"https:\\\/\\\/fmgente.com.ar\\\/web\\\/#organization\",\"name\":\"Fm Gente\",\"url\":\"https:\\\/\\\/fmgente.com.ar\\\/web\\\/\",\"logo\":{\"@type\":\"ImageObject\",\"inLanguage\":\"es\",\"@id\":\"https:\\\/\\\/fmgente.com.ar\\\/web\\\/#\\\/schema\\\/logo\\\/image\\\/\",\"url\":\"https:\\\/\\\/fmgente.com.ar\\\/web\\\/wp-content\\\/uploads\\\/2023\\\/07\\\/cropped-cropped-logo-sombra2.png\",\"contentUrl\":\"https:\\\/\\\/fmgente.com.ar\\\/web\\\/wp-content\\\/uploads\\\/2023\\\/07\\\/cropped-cropped-logo-sombra2.png\",\"width\":1782,\"height\":1782,\"caption\":\"Fm Gente\"},\"image\":{\"@id\":\"https:\\\/\\\/fmgente.com.ar\\\/web\\\/#\\\/schema\\\/logo\\\/image\\\/\"}}]}<\/script>\n<!-- \/ Yoast SEO plugin. -->","yoast_head_json":{"title":"El impactante testimonio de la mam\u00e1 de Lara sobre el robo en el triple femicidio - Fm Gente","robots":{"index":"index","follow":"follow","max-snippet":"max-snippet:-1","max-image-preview":"max-image-preview:large","max-video-preview":"max-video-preview:-1"},"canonical":"https:\/\/fmgente.com.ar\/web\/el-impactante-testimonio-de-la-mama-de-lara-sobre-el-robo-en-el-triple-femicidio\/","og_locale":"es_ES","og_type":"article","og_title":"El impactante testimonio de la mam\u00e1 de Lara sobre el robo en el triple femicidio - Fm Gente","og_description":"El triple femicidio de Florencio Varela volvi\u00f3 a poner en el centro del debate p\u00fablico","og_url":"https:\/\/fmgente.com.ar\/web\/el-impactante-testimonio-de-la-mama-de-lara-sobre-el-robo-en-el-triple-femicidio\/","og_site_name":"Fm Gente","article_published_time":"2025-10-07T01:05:50+00:00","og_image":[{"width":1900,"height":1425,"url":"https:\/\/fmgente.com.ar\/web\/wp-content\/uploads\/2025\/10\/IMG_5980.jpg-7.webp","type":"image\/webp"}],"twitter_card":"summary_large_image","twitter_misc":{"Tiempo de lectura":"3 minutos"},"schema":{"@context":"https:\/\/schema.org","@graph":[{"@type":"Article","@id":"https:\/\/fmgente.com.ar\/web\/el-impactante-testimonio-de-la-mama-de-lara-sobre-el-robo-en-el-triple-femicidio\/#article","isPartOf":{"@id":"https:\/\/fmgente.com.ar\/web\/el-impactante-testimonio-de-la-mama-de-lara-sobre-el-robo-en-el-triple-femicidio\/"},"author":{"name":"","@id":""},"headline":"El impactante testimonio de la mam\u00e1 de Lara sobre el robo en el triple femicidio","datePublished":"2025-10-07T01:05:50+00:00","mainEntityOfPage":{"@id":"https:\/\/fmgente.com.ar\/web\/el-impactante-testimonio-de-la-mama-de-lara-sobre-el-robo-en-el-triple-femicidio\/"},"wordCount":710,"publisher":{"@id":"https:\/\/fmgente.com.ar\/web\/#organization"},"image":{"@id":"https:\/\/fmgente.com.ar\/web\/el-impactante-testimonio-de-la-mama-de-lara-sobre-el-robo-en-el-triple-femicidio\/#primaryimage"},"thumbnailUrl":"https:\/\/fmgente.com.ar\/web\/wp-content\/uploads\/2025\/10\/IMG_5980.jpg-7.webp","articleSection":["DESTACADAS"],"inLanguage":"es"},{"@type":"WebPage","@id":"https:\/\/fmgente.com.ar\/web\/el-impactante-testimonio-de-la-mama-de-lara-sobre-el-robo-en-el-triple-femicidio\/","url":"https:\/\/fmgente.com.ar\/web\/el-impactante-testimonio-de-la-mama-de-lara-sobre-el-robo-en-el-triple-femicidio\/","name":"El impactante testimonio de la mam\u00e1 de Lara sobre el robo en el triple femicidio - Fm Gente","isPartOf":{"@id":"https:\/\/fmgente.com.ar\/web\/#website"},"primaryImageOfPage":{"@id":"https:\/\/fmgente.com.ar\/web\/el-impactante-testimonio-de-la-mama-de-lara-sobre-el-robo-en-el-triple-femicidio\/#primaryimage"},"image":{"@id":"https:\/\/fmgente.com.ar\/web\/el-impactante-testimonio-de-la-mama-de-lara-sobre-el-robo-en-el-triple-femicidio\/#primaryimage"},"thumbnailUrl":"https:\/\/fmgente.com.ar\/web\/wp-content\/uploads\/2025\/10\/IMG_5980.jpg-7.webp","datePublished":"2025-10-07T01:05:50+00:00","inLanguage":"es","potentialAction":[{"@type":"ReadAction","target":["https:\/\/fmgente.com.ar\/web\/el-impactante-testimonio-de-la-mama-de-lara-sobre-el-robo-en-el-triple-femicidio\/"]}]},{"@type":"ImageObject","inLanguage":"es","@id":"https:\/\/fmgente.com.ar\/web\/el-impactante-testimonio-de-la-mama-de-lara-sobre-el-robo-en-el-triple-femicidio\/#primaryimage","url":"https:\/\/fmgente.com.ar\/web\/wp-content\/uploads\/2025\/10\/IMG_5980.jpg-7.webp","contentUrl":"https:\/\/fmgente.com.ar\/web\/wp-content\/uploads\/2025\/10\/IMG_5980.jpg-7.webp","width":1900,"height":1425},{"@type":"WebSite","@id":"https:\/\/fmgente.com.ar\/web\/#website","url":"https:\/\/fmgente.com.ar\/web\/","name":"Fm Gente","description":"- Jes\u00fas Mar\u00eda","publisher":{"@id":"https:\/\/fmgente.com.ar\/web\/#organization"},"potentialAction":[{"@type":"SearchAction","target":{"@type":"EntryPoint","urlTemplate":"https:\/\/fmgente.com.ar\/web\/?s={search_term_string}"},"query-input":{"@type":"PropertyValueSpecification","valueRequired":true,"valueName":"search_term_string"}}],"inLanguage":"es"},{"@type":"Organization","@id":"https:\/\/fmgente.com.ar\/web\/#organization","name":"Fm Gente","url":"https:\/\/fmgente.com.ar\/web\/","logo":{"@type":"ImageObject","inLanguage":"es","@id":"https:\/\/fmgente.com.ar\/web\/#\/schema\/logo\/image\/","url":"https:\/\/fmgente.com.ar\/web\/wp-content\/uploads\/2023\/07\/cropped-cropped-logo-sombra2.png","contentUrl":"https:\/\/fmgente.com.ar\/web\/wp-content\/uploads\/2023\/07\/cropped-cropped-logo-sombra2.png","width":1782,"height":1782,"caption":"Fm Gente"},"image":{"@id":"https:\/\/fmgente.com.ar\/web\/#\/schema\/logo\/image\/"}}]}},"_links":{"self":[{"href":"https:\/\/fmgente.com.ar\/web\/wp-json\/wp\/v2\/posts\/6223","targetHints":{"allow":["GET"]}}],"collection":[{"href":"https:\/\/fmgente.com.ar\/web\/wp-json\/wp\/v2\/posts"}],"about":[{"href":"https:\/\/fmgente.com.ar\/web\/wp-json\/wp\/v2\/types\/post"}],"replies":[{"embeddable":true,"href":"https:\/\/fmgente.com.ar\/web\/wp-json\/wp\/v2\/comments?post=6223"}],"version-history":[{"count":0,"href":"https:\/\/fmgente.com.ar\/web\/wp-json\/wp\/v2\/posts\/6223\/revisions"}],"wp:featuredmedia":[{"embeddable":true,"href":"https:\/\/fmgente.com.ar\/web\/wp-json\/wp\/v2\/media\/6224"}],"wp:attachment":[{"href":"https:\/\/fmgente.com.ar\/web\/wp-json\/wp\/v2\/media?parent=6223"}],"wp:term":[{"taxonomy":"category","embeddable":true,"href":"https:\/\/fmgente.com.ar\/web\/wp-json\/wp\/v2\/categories?post=6223"},{"taxonomy":"post_tag","embeddable":true,"href":"https:\/\/fmgente.com.ar\/web\/wp-json\/wp\/v2\/tags?post=6223"}],"curies":[{"name":"wp","href":"https:\/\/api.w.org\/{rel}","templated":true}]}}