{"id":6221,"date":"2025-10-06T22:05:48","date_gmt":"2025-10-07T01:05:48","guid":{"rendered":"https:\/\/fmgente.com.ar\/oriana-sabatini-blanqueo-su-crisis-de-pareja-con-paulo-dybala-en-medio-de-su-embarazo\/"},"modified":"2025-10-06T22:05:48","modified_gmt":"2025-10-07T01:05:48","slug":"oriana-sabatini-blanqueo-su-crisis-de-pareja-con-paulo-dybala-en-medio-de-su-embarazo","status":"publish","type":"post","link":"https:\/\/fmgente.com.ar\/web\/oriana-sabatini-blanqueo-su-crisis-de-pareja-con-paulo-dybala-en-medio-de-su-embarazo\/","title":{"rendered":"Oriana Sabatini blanque\u00f3 su crisis de pareja con Paulo Dybala en medio de su embarazo"},"content":{"rendered":"<p>D\u00edas atr\u00e1s, <strong>Oriana Sabatini <\/strong>y <strong>Paulo Dybala <\/strong>confirmaron una de las noticias m\u00e1s esperadas: est\u00e1n esperando su primer hijo. La cantante comparti\u00f3 el anuncio en redes sociales, con un video que enterneci\u00f3 al p\u00fablico y desat\u00f3 una ola de mensajes llenos de amor. Pero ahora, lejos de las luces y la euforia, la cantante eligi\u00f3 mostrarse tal como es: vulnerable, sincera y real.<\/p>\n<p>En una entrevista con <strong><em>LAM<\/em><\/strong> y abriendo su coraz\u00f3n como pocas veces, <strong><a href=\"https:\/\/www.paparazzi.com.ar\/romances\/el-fuerte-conflicto-de-oriana-sabatini-y-paulo-dybala-por-su-hija-a-poco-de-convertirse-en-padres\/\">Oriana<\/a><\/strong> habl\u00f3 con <strong>\u00c1ngel de Brito<\/strong> y habl\u00f3 de todo: de su embarazo, de los cambios que est\u00e1 viviendo, pero tambi\u00e9n de los momentos m\u00e1s oscuros que atraves\u00f3 en estos a\u00f1os junto al futbolista. Pepe Ochoa le consult\u00f3 si en estos ocho a\u00f1os de relaci\u00f3n hab\u00eda existido alguna crisis profunda, a lo que ella se sincer\u00f3.<\/p>\n<p><em>\u201cNo, por ah\u00ed s\u00ed hemos&#8230; Digo hemos pero por ah\u00ed fue un momento m\u00e1s m\u00edo. Yo tuve depresi\u00f3n bastante heavy en todos estos a\u00f1os\u201d<\/em>, confes\u00f3 <strong><a href=\"https:\/\/www.paparazzi.com.ar\/teve\/la-primera-foto-de-oriana-sabatini-mostrando-su-pancita-de-4-meses\/\">Oriana<\/a><\/strong>. As\u00ed confes\u00f3 que, aunque su historia de amor con <strong>Dybala<\/strong> se sostiene sobre un v\u00ednculo s\u00f3lido, no siempre fue f\u00e1cil. En este punto, hizo foco en los problemas de salud mental que atraves\u00f3 en su momento.<\/p>\n<div class=\"mt-box \">\n<h4 class=\"mt-heading\">Mir\u00e1 Tambi\u00e9n<\/h4>\n<p><a href=\"https:\/\/www.paparazzi.com.ar\/videos\/exclusivo-marcelo-polino-hablo-como-nunca-de-su-vida-intima-y-conto-cuando-fue-la-ultima-vez-que-tuvo-sexo-con-una-mujer\/\"><\/p>\n<div class=\"mt-content\">\n<div class=\"mt-image-container\"><img decoding=\"async\" src=\"https:\/\/www.paparazzi.com.ar\/wp-content\/uploads\/2025\/09\/IMG_5980.jpg.webp\" alt=\"\u00a1Exclusivo! Marcelo Polino habl\u00f3 como nunca de su vida \u00edntima y cont\u00f3 cu\u00e1ndo fue la \u00faltima vez que tuvo sexo con una mujer\u00a0\" class=\"mt-image\" loading=\"lazy\" \/><\/div>\n<h5 class=\"mt-title\">\u00a1Exclusivo! Marcelo Polino habl\u00f3 como nunca de su vida \u00edntima y cont\u00f3 cu\u00e1ndo fue la \u00faltima vez que tuvo sexo con una mujer\u00a0<\/h5>\n<\/div>\n<p><\/a><\/div>\n<p><em>\u201cTuve momentos no muy buenos, que bueno, inevitablemente eso afecta en la pareja y a la persona con la que conviv\u00eds, pero nunca de decir \u2018me separo\u2019. \u00bfEntend\u00e9s?\u201d<\/em>, explic\u00f3 <strong><a href=\"https:\/\/www.paparazzi.com.ar\/romances\/polemico-a-oriana-sabatini-se-le-escapo-el-nombre-que-eligio-para-su-hija-con-paulo-dybala\/\">Sabatini<\/a><\/strong>. Lo cierto es que, m\u00e1s all\u00e1 de que pasaron sus tormentas y que en su momento hubo alg\u00fan que otro cortocircuito, nunca pensaron en separarse y siempre lograron recomponer la relaci\u00f3n.<\/p>\n<h2 class=\"wp-block-heading\">ORIANA SABATINI HABL\u00d3 DE LA DEPRESI\u00d3N Y LA CRISIS QUE TUVO CON PAULO DYBALA<\/h2>\n<p>La cantante no esquiv\u00f3 ning\u00fan tema. En la charla con <strong>De Brito<\/strong>, tambi\u00e9n habl\u00f3 sobre los cambios f\u00edsicos y emocionales que atraviesa en esta nueva etapa, marcada por la maternidad. El conductor le pregunt\u00f3 c\u00f3mo vive el v\u00ednculo con su cuerpo y si le preocupa el aumento de peso, algo que siempre fue un tema sensible para ella.<\/p>\n<p><em>\u201cA ver, obviamente yo he dicho muy claramente que toda la vida tuve un mala relaci\u00f3n, mal v\u00ednculo con la comida y reci\u00e9n ahora hab\u00eda empezado, como viste un tratamiento como m\u00e1s profesional, justo tambi\u00e9n porque estaba buscando y quer\u00eda hacer las cosas bien y estar como s\u00faper ordenada\u201d<\/em>., explic\u00f3 <strong>Oriana<\/strong>.<\/p>\n<div class=\"mt-box \">\n<h4 class=\"mt-heading\">Mir\u00e1 Tambi\u00e9n<\/h4>\n<p><a href=\"https:\/\/www.paparazzi.com.ar\/romances\/el-fuerte-conflicto-de-oriana-sabatini-y-paulo-dybala-por-su-hija-a-poco-de-convertirse-en-padres\/\"><\/p>\n<div class=\"mt-content\">\n<div class=\"mt-image-container\"><img decoding=\"async\" src=\"https:\/\/www.paparazzi.com.ar\/wp-content\/uploads\/2025\/10\/Oriana-Sabatini-Paulo-Dybala-1-359x226.jpg\" alt=\"El fuerte conflicto de Oriana Sabatini y Paulo Dybala por su hija a poco de convertirse en padres\" class=\"mt-image\" loading=\"lazy\" \/><\/div>\n<h5 class=\"mt-title\">El fuerte conflicto de Oriana Sabatini y Paulo Dybala por su hija a poco de convertirse en padres<\/h5>\n<\/div>\n<p><\/a><\/div>\n<p>Lejos de ocultar sus luchas, <strong>la hija de Catherine Fulop<\/strong> decidi\u00f3 dar detalles de su intimidad y contar lo que vivi\u00f3 con <strong>Dybala<\/strong>. Hoy, en pleno embarazo y rodeada del amor de su pareja, atraviesa una etapa de introspecci\u00f3n y transformaci\u00f3n, y la pareja se encuentra viviendo uno de los momentos m\u00e1s felices y rom\u00e1nticos de su historia, dejando atr\u00e1s aquellas tormentas.<\/p>\n<div class=\"mt-box \">\n<h4 class=\"mt-heading\">Mir\u00e1 Tambi\u00e9n<\/h4>\n<p><a href=\"https:\/\/www.paparazzi.com.ar\/teve\/la-primera-foto-de-oriana-sabatini-mostrando-su-pancita-de-4-meses\/\"><\/p>\n<div class=\"mt-content\">\n<div class=\"mt-image-container\"><img decoding=\"async\" src=\"https:\/\/www.paparazzi.com.ar\/wp-content\/uploads\/2025\/10\/oriana-sabtini-359x226.png\" alt=\"La primera foto de Oriana Sabatini mostrando su pancita de 4 meses\" class=\"mt-image\" loading=\"lazy\" \/><\/div>\n<h5 class=\"mt-title\">La primera foto de Oriana Sabatini mostrando su pancita de 4 meses<\/h5>\n<\/div>\n<p><\/a><\/div>\n<div class=\"mt-box \">\n<h4 class=\"mt-heading\">Mir\u00e1 Tambi\u00e9n<\/h4>\n<p><a href=\"https:\/\/www.paparazzi.com.ar\/romances\/polemico-a-oriana-sabatini-se-le-escapo-el-nombre-que-eligio-para-su-hija-con-paulo-dybala\/\"><\/p>\n<div class=\"mt-content\">\n<div class=\"mt-image-container\"><img decoding=\"async\" src=\"https:\/\/www.paparazzi.com.ar\/wp-content\/uploads\/2025\/10\/\u00a1Polemico-A-Oriana-Sabatini-se-le-escapo-el-nombre-que-eligio-para-su-hija-con-Paulo-Dybala-359x226.jpg\" alt=\"\u00a1Pol\u00e9mico! A Oriana Sabatini se le escap\u00f3 el nombre que eligi\u00f3 para su hija con Paulo Dybala\" class=\"mt-image\" loading=\"lazy\" \/><\/div>\n<h5 class=\"mt-title\">\u00a1Pol\u00e9mico! A Oriana Sabatini se le escap\u00f3 el nombre que eligi\u00f3 para su hija con Paulo Dybala<\/h5>\n<\/div>\n<p><\/a><\/div>\n<\/p>\n<p>The post <a href=\"https:\/\/www.paparazzi.com.ar\/sin-categoria\/oriana-sabatini-blanqueo-su-crisis-de-pareja-con-paulo-dybala-en-medio-de-su-embarazo\/\">Oriana Sabatini blanque\u00f3 su crisis de pareja con Paulo Dybala en medio de su embarazo<\/a> appeared first on <a href=\"https:\/\/www.paparazzi.com.ar\">Revista Paparazzi<\/a>.<\/p>\n","protected":false},"excerpt":{"rendered":"<p>D\u00edas atr\u00e1s, Oriana Sabatini y Paulo Dybala confirmaron una de las noticias m\u00e1s esperadas: est\u00e1n<\/p>\n","protected":false},"author":0,"featured_media":6222,"comment_status":"","ping_status":"","sticky":false,"template":"","format":"standard","meta":{"footnotes":""},"categories":[11],"tags":[],"class_list":["post-6221","post","type-post","status-publish","format-standard","has-post-thumbnail","hentry","category-destacadas"],"yoast_head":"<!-- This site is optimized with the Yoast SEO plugin v28.3 - https:\/\/yoast.com\/product\/yoast-seo-wordpress\/ -->\n<title>Oriana Sabatini blanque\u00f3 su crisis de pareja con Paulo Dybala en medio de su embarazo - Fm Gente<\/title>\n<meta name=\"robots\" content=\"index, follow, max-snippet:-1, max-image-preview:large, max-video-preview:-1\" \/>\n<link rel=\"canonical\" href=\"https:\/\/fmgente.com.ar\/web\/oriana-sabatini-blanqueo-su-crisis-de-pareja-con-paulo-dybala-en-medio-de-su-embarazo\/\" \/>\n<meta property=\"og:locale\" content=\"es_ES\" \/>\n<meta property=\"og:type\" content=\"article\" \/>\n<meta property=\"og:title\" content=\"Oriana Sabatini blanque\u00f3 su crisis de pareja con Paulo Dybala en medio de su embarazo - Fm Gente\" \/>\n<meta property=\"og:description\" content=\"D\u00edas atr\u00e1s, Oriana Sabatini y Paulo Dybala confirmaron una de las noticias m\u00e1s esperadas: est\u00e1n\" \/>\n<meta property=\"og:url\" content=\"https:\/\/fmgente.com.ar\/web\/oriana-sabatini-blanqueo-su-crisis-de-pareja-con-paulo-dybala-en-medio-de-su-embarazo\/\" \/>\n<meta property=\"og:site_name\" content=\"Fm Gente\" \/>\n<meta property=\"article:published_time\" content=\"2025-10-07T01:05:48+00:00\" \/>\n<meta property=\"og:image\" content=\"https:\/\/fmgente.com.ar\/web\/wp-content\/uploads\/2025\/10\/IMG_5980.jpg-6.webp\" \/>\n\t<meta property=\"og:image:width\" content=\"1900\" \/>\n\t<meta property=\"og:image:height\" content=\"1425\" \/>\n\t<meta property=\"og:image:type\" content=\"image\/webp\" \/>\n<meta name=\"twitter:card\" content=\"summary_large_image\" \/>\n<meta name=\"twitter:label1\" content=\"Tiempo de lectura\" \/>\n\t<meta name=\"twitter:data1\" content=\"3 minutos\" \/>\n<script type=\"application\/ld+json\" class=\"yoast-schema-graph\">{\"@context\":\"https:\\\/\\\/schema.org\",\"@graph\":[{\"@type\":\"Article\",\"@id\":\"https:\\\/\\\/fmgente.com.ar\\\/web\\\/oriana-sabatini-blanqueo-su-crisis-de-pareja-con-paulo-dybala-en-medio-de-su-embarazo\\\/#article\",\"isPartOf\":{\"@id\":\"https:\\\/\\\/fmgente.com.ar\\\/web\\\/oriana-sabatini-blanqueo-su-crisis-de-pareja-con-paulo-dybala-en-medio-de-su-embarazo\\\/\"},\"author\":{\"name\":\"\",\"@id\":\"\"},\"headline\":\"Oriana Sabatini blanque\u00f3 su crisis de pareja con Paulo Dybala en medio de su embarazo\",\"datePublished\":\"2025-10-07T01:05:48+00:00\",\"mainEntityOfPage\":{\"@id\":\"https:\\\/\\\/fmgente.com.ar\\\/web\\\/oriana-sabatini-blanqueo-su-crisis-de-pareja-con-paulo-dybala-en-medio-de-su-embarazo\\\/\"},\"wordCount\":602,\"publisher\":{\"@id\":\"https:\\\/\\\/fmgente.com.ar\\\/web\\\/#organization\"},\"image\":{\"@id\":\"https:\\\/\\\/fmgente.com.ar\\\/web\\\/oriana-sabatini-blanqueo-su-crisis-de-pareja-con-paulo-dybala-en-medio-de-su-embarazo\\\/#primaryimage\"},\"thumbnailUrl\":\"https:\\\/\\\/fmgente.com.ar\\\/web\\\/wp-content\\\/uploads\\\/2025\\\/10\\\/IMG_5980.jpg-6.webp\",\"articleSection\":[\"DESTACADAS\"],\"inLanguage\":\"es\"},{\"@type\":\"WebPage\",\"@id\":\"https:\\\/\\\/fmgente.com.ar\\\/web\\\/oriana-sabatini-blanqueo-su-crisis-de-pareja-con-paulo-dybala-en-medio-de-su-embarazo\\\/\",\"url\":\"https:\\\/\\\/fmgente.com.ar\\\/web\\\/oriana-sabatini-blanqueo-su-crisis-de-pareja-con-paulo-dybala-en-medio-de-su-embarazo\\\/\",\"name\":\"Oriana Sabatini blanque\u00f3 su crisis de pareja con Paulo Dybala en medio de su embarazo - Fm Gente\",\"isPartOf\":{\"@id\":\"https:\\\/\\\/fmgente.com.ar\\\/web\\\/#website\"},\"primaryImageOfPage\":{\"@id\":\"https:\\\/\\\/fmgente.com.ar\\\/web\\\/oriana-sabatini-blanqueo-su-crisis-de-pareja-con-paulo-dybala-en-medio-de-su-embarazo\\\/#primaryimage\"},\"image\":{\"@id\":\"https:\\\/\\\/fmgente.com.ar\\\/web\\\/oriana-sabatini-blanqueo-su-crisis-de-pareja-con-paulo-dybala-en-medio-de-su-embarazo\\\/#primaryimage\"},\"thumbnailUrl\":\"https:\\\/\\\/fmgente.com.ar\\\/web\\\/wp-content\\\/uploads\\\/2025\\\/10\\\/IMG_5980.jpg-6.webp\",\"datePublished\":\"2025-10-07T01:05:48+00:00\",\"inLanguage\":\"es\",\"potentialAction\":[{\"@type\":\"ReadAction\",\"target\":[\"https:\\\/\\\/fmgente.com.ar\\\/web\\\/oriana-sabatini-blanqueo-su-crisis-de-pareja-con-paulo-dybala-en-medio-de-su-embarazo\\\/\"]}]},{\"@type\":\"ImageObject\",\"inLanguage\":\"es\",\"@id\":\"https:\\\/\\\/fmgente.com.ar\\\/web\\\/oriana-sabatini-blanqueo-su-crisis-de-pareja-con-paulo-dybala-en-medio-de-su-embarazo\\\/#primaryimage\",\"url\":\"https:\\\/\\\/fmgente.com.ar\\\/web\\\/wp-content\\\/uploads\\\/2025\\\/10\\\/IMG_5980.jpg-6.webp\",\"contentUrl\":\"https:\\\/\\\/fmgente.com.ar\\\/web\\\/wp-content\\\/uploads\\\/2025\\\/10\\\/IMG_5980.jpg-6.webp\",\"width\":1900,\"height\":1425},{\"@type\":\"WebSite\",\"@id\":\"https:\\\/\\\/fmgente.com.ar\\\/web\\\/#website\",\"url\":\"https:\\\/\\\/fmgente.com.ar\\\/web\\\/\",\"name\":\"Fm Gente\",\"description\":\"- Jes\u00fas Mar\u00eda\",\"publisher\":{\"@id\":\"https:\\\/\\\/fmgente.com.ar\\\/web\\\/#organization\"},\"potentialAction\":[{\"@type\":\"SearchAction\",\"target\":{\"@type\":\"EntryPoint\",\"urlTemplate\":\"https:\\\/\\\/fmgente.com.ar\\\/web\\\/?s={search_term_string}\"},\"query-input\":{\"@type\":\"PropertyValueSpecification\",\"valueRequired\":true,\"valueName\":\"search_term_string\"}}],\"inLanguage\":\"es\"},{\"@type\":\"Organization\",\"@id\":\"https:\\\/\\\/fmgente.com.ar\\\/web\\\/#organization\",\"name\":\"Fm Gente\",\"url\":\"https:\\\/\\\/fmgente.com.ar\\\/web\\\/\",\"logo\":{\"@type\":\"ImageObject\",\"inLanguage\":\"es\",\"@id\":\"https:\\\/\\\/fmgente.com.ar\\\/web\\\/#\\\/schema\\\/logo\\\/image\\\/\",\"url\":\"https:\\\/\\\/fmgente.com.ar\\\/web\\\/wp-content\\\/uploads\\\/2023\\\/07\\\/cropped-cropped-logo-sombra2.png\",\"contentUrl\":\"https:\\\/\\\/fmgente.com.ar\\\/web\\\/wp-content\\\/uploads\\\/2023\\\/07\\\/cropped-cropped-logo-sombra2.png\",\"width\":1782,\"height\":1782,\"caption\":\"Fm Gente\"},\"image\":{\"@id\":\"https:\\\/\\\/fmgente.com.ar\\\/web\\\/#\\\/schema\\\/logo\\\/image\\\/\"}}]}<\/script>\n<!-- \/ Yoast SEO plugin. -->","yoast_head_json":{"title":"Oriana Sabatini blanque\u00f3 su crisis de pareja con Paulo Dybala en medio de su embarazo - Fm Gente","robots":{"index":"index","follow":"follow","max-snippet":"max-snippet:-1","max-image-preview":"max-image-preview:large","max-video-preview":"max-video-preview:-1"},"canonical":"https:\/\/fmgente.com.ar\/web\/oriana-sabatini-blanqueo-su-crisis-de-pareja-con-paulo-dybala-en-medio-de-su-embarazo\/","og_locale":"es_ES","og_type":"article","og_title":"Oriana Sabatini blanque\u00f3 su crisis de pareja con Paulo Dybala en medio de su embarazo - Fm Gente","og_description":"D\u00edas atr\u00e1s, Oriana Sabatini y Paulo Dybala confirmaron una de las noticias m\u00e1s esperadas: est\u00e1n","og_url":"https:\/\/fmgente.com.ar\/web\/oriana-sabatini-blanqueo-su-crisis-de-pareja-con-paulo-dybala-en-medio-de-su-embarazo\/","og_site_name":"Fm Gente","article_published_time":"2025-10-07T01:05:48+00:00","og_image":[{"width":1900,"height":1425,"url":"https:\/\/fmgente.com.ar\/web\/wp-content\/uploads\/2025\/10\/IMG_5980.jpg-6.webp","type":"image\/webp"}],"twitter_card":"summary_large_image","twitter_misc":{"Tiempo de lectura":"3 minutos"},"schema":{"@context":"https:\/\/schema.org","@graph":[{"@type":"Article","@id":"https:\/\/fmgente.com.ar\/web\/oriana-sabatini-blanqueo-su-crisis-de-pareja-con-paulo-dybala-en-medio-de-su-embarazo\/#article","isPartOf":{"@id":"https:\/\/fmgente.com.ar\/web\/oriana-sabatini-blanqueo-su-crisis-de-pareja-con-paulo-dybala-en-medio-de-su-embarazo\/"},"author":{"name":"","@id":""},"headline":"Oriana Sabatini blanque\u00f3 su crisis de pareja con Paulo Dybala en medio de su embarazo","datePublished":"2025-10-07T01:05:48+00:00","mainEntityOfPage":{"@id":"https:\/\/fmgente.com.ar\/web\/oriana-sabatini-blanqueo-su-crisis-de-pareja-con-paulo-dybala-en-medio-de-su-embarazo\/"},"wordCount":602,"publisher":{"@id":"https:\/\/fmgente.com.ar\/web\/#organization"},"image":{"@id":"https:\/\/fmgente.com.ar\/web\/oriana-sabatini-blanqueo-su-crisis-de-pareja-con-paulo-dybala-en-medio-de-su-embarazo\/#primaryimage"},"thumbnailUrl":"https:\/\/fmgente.com.ar\/web\/wp-content\/uploads\/2025\/10\/IMG_5980.jpg-6.webp","articleSection":["DESTACADAS"],"inLanguage":"es"},{"@type":"WebPage","@id":"https:\/\/fmgente.com.ar\/web\/oriana-sabatini-blanqueo-su-crisis-de-pareja-con-paulo-dybala-en-medio-de-su-embarazo\/","url":"https:\/\/fmgente.com.ar\/web\/oriana-sabatini-blanqueo-su-crisis-de-pareja-con-paulo-dybala-en-medio-de-su-embarazo\/","name":"Oriana Sabatini blanque\u00f3 su crisis de pareja con Paulo Dybala en medio de su embarazo - Fm Gente","isPartOf":{"@id":"https:\/\/fmgente.com.ar\/web\/#website"},"primaryImageOfPage":{"@id":"https:\/\/fmgente.com.ar\/web\/oriana-sabatini-blanqueo-su-crisis-de-pareja-con-paulo-dybala-en-medio-de-su-embarazo\/#primaryimage"},"image":{"@id":"https:\/\/fmgente.com.ar\/web\/oriana-sabatini-blanqueo-su-crisis-de-pareja-con-paulo-dybala-en-medio-de-su-embarazo\/#primaryimage"},"thumbnailUrl":"https:\/\/fmgente.com.ar\/web\/wp-content\/uploads\/2025\/10\/IMG_5980.jpg-6.webp","datePublished":"2025-10-07T01:05:48+00:00","inLanguage":"es","potentialAction":[{"@type":"ReadAction","target":["https:\/\/fmgente.com.ar\/web\/oriana-sabatini-blanqueo-su-crisis-de-pareja-con-paulo-dybala-en-medio-de-su-embarazo\/"]}]},{"@type":"ImageObject","inLanguage":"es","@id":"https:\/\/fmgente.com.ar\/web\/oriana-sabatini-blanqueo-su-crisis-de-pareja-con-paulo-dybala-en-medio-de-su-embarazo\/#primaryimage","url":"https:\/\/fmgente.com.ar\/web\/wp-content\/uploads\/2025\/10\/IMG_5980.jpg-6.webp","contentUrl":"https:\/\/fmgente.com.ar\/web\/wp-content\/uploads\/2025\/10\/IMG_5980.jpg-6.webp","width":1900,"height":1425},{"@type":"WebSite","@id":"https:\/\/fmgente.com.ar\/web\/#website","url":"https:\/\/fmgente.com.ar\/web\/","name":"Fm Gente","description":"- Jes\u00fas Mar\u00eda","publisher":{"@id":"https:\/\/fmgente.com.ar\/web\/#organization"},"potentialAction":[{"@type":"SearchAction","target":{"@type":"EntryPoint","urlTemplate":"https:\/\/fmgente.com.ar\/web\/?s={search_term_string}"},"query-input":{"@type":"PropertyValueSpecification","valueRequired":true,"valueName":"search_term_string"}}],"inLanguage":"es"},{"@type":"Organization","@id":"https:\/\/fmgente.com.ar\/web\/#organization","name":"Fm Gente","url":"https:\/\/fmgente.com.ar\/web\/","logo":{"@type":"ImageObject","inLanguage":"es","@id":"https:\/\/fmgente.com.ar\/web\/#\/schema\/logo\/image\/","url":"https:\/\/fmgente.com.ar\/web\/wp-content\/uploads\/2023\/07\/cropped-cropped-logo-sombra2.png","contentUrl":"https:\/\/fmgente.com.ar\/web\/wp-content\/uploads\/2023\/07\/cropped-cropped-logo-sombra2.png","width":1782,"height":1782,"caption":"Fm Gente"},"image":{"@id":"https:\/\/fmgente.com.ar\/web\/#\/schema\/logo\/image\/"}}]}},"_links":{"self":[{"href":"https:\/\/fmgente.com.ar\/web\/wp-json\/wp\/v2\/posts\/6221","targetHints":{"allow":["GET"]}}],"collection":[{"href":"https:\/\/fmgente.com.ar\/web\/wp-json\/wp\/v2\/posts"}],"about":[{"href":"https:\/\/fmgente.com.ar\/web\/wp-json\/wp\/v2\/types\/post"}],"replies":[{"embeddable":true,"href":"https:\/\/fmgente.com.ar\/web\/wp-json\/wp\/v2\/comments?post=6221"}],"version-history":[{"count":0,"href":"https:\/\/fmgente.com.ar\/web\/wp-json\/wp\/v2\/posts\/6221\/revisions"}],"wp:featuredmedia":[{"embeddable":true,"href":"https:\/\/fmgente.com.ar\/web\/wp-json\/wp\/v2\/media\/6222"}],"wp:attachment":[{"href":"https:\/\/fmgente.com.ar\/web\/wp-json\/wp\/v2\/media?parent=6221"}],"wp:term":[{"taxonomy":"category","embeddable":true,"href":"https:\/\/fmgente.com.ar\/web\/wp-json\/wp\/v2\/categories?post=6221"},{"taxonomy":"post_tag","embeddable":true,"href":"https:\/\/fmgente.com.ar\/web\/wp-json\/wp\/v2\/tags?post=6221"}],"curies":[{"name":"wp","href":"https:\/\/api.w.org\/{rel}","templated":true}]}}