{"id":6219,"date":"2025-10-06T21:05:13","date_gmt":"2025-10-07T00:05:13","guid":{"rendered":"https:\/\/fmgente.com.ar\/la-china-suarez-puso-en-venta-su-departamento-el-millonario-precio-que-exige-a-cambio\/"},"modified":"2025-10-06T21:05:13","modified_gmt":"2025-10-07T00:05:13","slug":"la-china-suarez-puso-en-venta-su-departamento-el-millonario-precio-que-exige-a-cambio","status":"publish","type":"post","link":"https:\/\/fmgente.com.ar\/web\/la-china-suarez-puso-en-venta-su-departamento-el-millonario-precio-que-exige-a-cambio\/","title":{"rendered":"La China Su\u00e1rez puso en venta su departamento: el millonario precio que exige a cambio"},"content":{"rendered":"<p>La <strong><a href=\"https:\/\/www.paparazzi.com.ar\/?s=China+Su%C3%A1rez\">China Su\u00e1rez<\/a><\/strong> volvi\u00f3 a ser noticia, pero esta vez por un movimiento inmobiliario: seg\u00fan revel\u00f3 <strong><a href=\"https:\/\/www.paparazzi.com.ar\/?s=Marcela+Tauro\">Marcela Tauro<\/a> <\/strong>en <em><a href=\"https:\/\/www.paparazzi.com.ar\/?s=Infama\">Infama<\/a><\/em>, la actriz puso a la venta su departamento ubicado en el codiciado barrio porte\u00f1o de Palermo. El dato, soltado en pleno programa, encendi\u00f3 las especulaciones sobre un posible replanteo personal y econ\u00f3mico.<\/p>\n<p><em>\u201c\u00bfSaben qui\u00e9n est\u00e1 vendiendo su piso, su departamento? Ya puso el cartel y todo\u201d<\/em>, lanz\u00f3 Tauro en el aire, y la informaci\u00f3n fue completada por Laura Ubfal: <em>\u201cEst\u00e1 atr\u00e1s de la Embajada de Estados Unidos\u201d<\/em>, precis\u00f3 la panelista, ubicando la propiedad en una de las zonas m\u00e1s exclusivas de la ciudad. <\/p>\n<p>El valor que se filtr\u00f3 en el ciclo no pas\u00f3 desapercibido: se estima en 1.300.000 USD, cifra acorde a un inmueble moderno, amplio y en ubicaci\u00f3n privilegiada. \u00bfMotivos? En el programa se vincul\u00f3 la decisi\u00f3n con la actual vida de la actriz: Su\u00e1rez est\u00e1 instalada en Turqu\u00eda por los compromisos futbol\u00edsticos de su pareja, Mauro Icardi.<\/p>\n<div class=\"mt-box \">\n<h4 class=\"mt-heading\">Mir\u00e1 Tambi\u00e9n<\/h4>\n<p><a href=\"https:\/\/www.paparazzi.com.ar\/videos\/exclusivo-marcelo-polino-hablo-como-nunca-de-su-vida-intima-y-conto-cuando-fue-la-ultima-vez-que-tuvo-sexo-con-una-mujer\/\"><\/p>\n<div class=\"mt-content\">\n<div class=\"mt-image-container\"><img decoding=\"async\" src=\"https:\/\/www.paparazzi.com.ar\/wp-content\/uploads\/2025\/09\/IMG_5980.jpg.webp\" alt=\"\u00a1Exclusivo! Marcelo Polino habl\u00f3 como nunca de su vida \u00edntima y cont\u00f3 cu\u00e1ndo fue la \u00faltima vez que tuvo sexo con una mujer\u00a0\" class=\"mt-image\" loading=\"lazy\" \/><\/div>\n<h5 class=\"mt-title\">\u00a1Exclusivo! Marcelo Polino habl\u00f3 como nunca de su vida \u00edntima y cont\u00f3 cu\u00e1ndo fue la \u00faltima vez que tuvo sexo con una mujer\u00a0<\/h5>\n<\/div>\n<p><\/a><\/div>\n<p>La pareja se mud\u00f3 hace unas semanas a una mansi\u00f3n cerca del B\u00f3sforo, y la venta del departamento porte\u00f1o podr\u00eda responder a una reorganizaci\u00f3n de bienes ante la nueva base en Estambul. El dato inmobiliario tambi\u00e9n reaviv\u00f3 viejas noticias y rumores.<\/p>\n<p>En el mismo bloque de <em>Infama<\/em> se habl\u00f3 de esc\u00e1ndalos y versiones sobre supuestas aproximaciones de Icardi a otras influencers, aunque esas versiones llegaron por v\u00edas separadas y no forman parte de la confirmaci\u00f3n de la venta. En el ciclo recordaron, adem\u00e1s, que la llegada de la pareja a Turqu\u00eda es reciente y que la decisi\u00f3n de vender en Buenos Aires podr\u00eda ser tanto pr\u00e1ctica como estrat\u00e9gica.<\/p>\n<div class=\"mt-box \">\n<h4 class=\"mt-heading\">Mir\u00e1 Tambi\u00e9n<\/h4>\n<p><a href=\"https:\/\/www.paparazzi.com.ar\/teve\/wanda-nara-se-burlo-del-tamano-de-mauro-icardi-con-el-jurado-de-masterchef-el-provocador-video\/\"><\/p>\n<div class=\"mt-content\">\n<div class=\"mt-image-container\"><img decoding=\"async\" src=\"https:\/\/www.paparazzi.com.ar\/wp-content\/uploads\/2025\/10\/wanda-nara-mauro-icardi-359x226.jpg\" alt=\"Wanda Nara se burl\u00f3 del &quot;tama\u00f1o&quot; de Mauro Icardi con el jurado de MasterChef: el provocador video\" class=\"mt-image\" loading=\"lazy\" \/><\/div>\n<h5 class=\"mt-title\">Wanda Nara se burl\u00f3 del \u00abtama\u00f1o\u00bb de Mauro Icardi con el jurado de MasterChef: el provocador video<\/h5>\n<\/div>\n<p><\/a><\/div>\n<p>El movimiento, adem\u00e1s, tiene eco en el mercado: un departamento en Palermo \u201catr\u00e1s de la Embajada\u201d re\u00fane demanda entre ejecutivos, diplom\u00e1ticos y figuras del espect\u00e1culo. Si la cifra de 1.300.000 USD se mantiene, hablamos de una operaci\u00f3n que puede moverse r\u00e1pido si los compradores valoran la ubicaci\u00f3n y el estado del inmueble. <\/p>\n<p>Para Su\u00e1rez, que combina su carrera con proyectos internacionales y la vida de pareja en Europa, desprenderse de un piso en la ciudad podr\u00eda ser una forma de simplificar log\u00edstica y concentrar recursos. Mientras tanto, la cl\u00e1sica curiosidad por saber si el dinero ir\u00e1 a una nueva propiedad en Argentina, a inversiones en Turqu\u00eda o a proyectos profesionales. <\/p>\n<h2 class=\"wp-block-heading\">La foto del departamento en venta de la China Su\u00e1rez:<\/h2>\n<figure class=\"wp-block-image size-large\"><img decoding=\"async\" src=\"https:\/\/www.paparazzi.com.ar\/wp-content\/uploads\/2025\/10\/image-64-1024x567.png.webp\" loading=\"lazy\" alt=\"\" class=\"wp-image-446631\" \/><\/figure>\n<figure class=\"wp-block-image size-large\"><img decoding=\"async\" src=\"https:\/\/www.paparazzi.com.ar\/wp-content\/uploads\/2025\/10\/image-65-1024x538.png.webp\" loading=\"lazy\" alt=\"\" class=\"wp-image-446632\" \/><\/figure>\n<figure class=\"wp-block-image size-large\"><img decoding=\"async\" src=\"https:\/\/www.paparazzi.com.ar\/wp-content\/uploads\/2025\/10\/image-66-1024x533.png.webp\" loading=\"lazy\" alt=\"\" class=\"wp-image-446637\" \/><\/figure>\n<figure class=\"wp-block-image size-large\"><img decoding=\"async\" src=\"https:\/\/www.paparazzi.com.ar\/wp-content\/uploads\/2025\/10\/image-67-1024x539.png.webp\" loading=\"lazy\" alt=\"\" class=\"wp-image-446638\" \/><\/figure>\n<div class=\"mt-box \">\n<h4 class=\"mt-heading\">Mir\u00e1 Tambi\u00e9n<\/h4>\n<p><a href=\"https:\/\/www.paparazzi.com.ar\/romances\/el-ultimatum-de-zoe-bogach-por-su-romance-con-mauro-icardi-que-destrozo-a-la-china-suarez-tapa-su-infidelidad-y\/\"><\/p>\n<div class=\"mt-content\">\n<div class=\"mt-image-container\"><img decoding=\"async\" src=\"https:\/\/www.paparazzi.com.ar\/wp-content\/uploads\/2025\/10\/Zoe-Bogach-Mauro-Icardi-China-Suarez-359x226.jpg\" alt=\"El ultim\u00e1tum de Zoe Bogach por su romance con Mauro Icardi que destroz\u00f3 a la China Su\u00e1rez: \u201cTapa su infidelidad y\u2026\u201d\" class=\"mt-image\" loading=\"lazy\" \/><\/div>\n<h5 class=\"mt-title\">El ultim\u00e1tum de Zoe Bogach por su romance con Mauro Icardi que destroz\u00f3 a la China Su\u00e1rez: \u201cTapa su infidelidad y\u2026\u201d<\/h5>\n<\/div>\n<p><\/a><\/div>\n<div class=\"mt-box \">\n<h4 class=\"mt-heading\">Mir\u00e1 Tambi\u00e9n<\/h4>\n<p><a href=\"https:\/\/www.paparazzi.com.ar\/deportes\/se-acabo-el-amor-el-viaje-relampago-de-mauro-icardi-que-desato-un-escandalo-en-turquia\/\"><\/p>\n<div class=\"mt-content\">\n<div class=\"mt-image-container\"><img decoding=\"async\" src=\"https:\/\/www.paparazzi.com.ar\/wp-content\/uploads\/2025\/10\/Mauro-Icardi-China-Suarez-1-359x226.jpg\" alt=\"\u00bfSe acab\u00f3 el amor? El viaje rel\u00e1mpago de Mauro Icardi que desat\u00f3 un esc\u00e1ndalo en Turqu\u00eda\" class=\"mt-image\" loading=\"lazy\" \/><\/div>\n<h5 class=\"mt-title\">\u00bfSe acab\u00f3 el amor? El viaje rel\u00e1mpago de Mauro Icardi que desat\u00f3 un esc\u00e1ndalo en Turqu\u00eda<\/h5>\n<\/div>\n<p><\/a><\/div>\n<p>The post <a href=\"https:\/\/www.paparazzi.com.ar\/teve\/la-china-suarez-puso-en-venta-su-departamento-el-millonario-precio-que-exige-a-cambio\/\">La China Su\u00e1rez puso en venta su departamento: el millonario precio que exige a cambio<\/a> appeared first on <a href=\"https:\/\/www.paparazzi.com.ar\">Revista Paparazzi<\/a>.<\/p>\n","protected":false},"excerpt":{"rendered":"<p>La China Su\u00e1rez volvi\u00f3 a ser noticia, pero esta vez por un movimiento inmobiliario: seg\u00fan<\/p>\n","protected":false},"author":0,"featured_media":6220,"comment_status":"","ping_status":"","sticky":false,"template":"","format":"standard","meta":{"footnotes":""},"categories":[11],"tags":[],"class_list":["post-6219","post","type-post","status-publish","format-standard","has-post-thumbnail","hentry","category-destacadas"],"yoast_head":"<!-- This site is optimized with the Yoast SEO plugin v28.3 - https:\/\/yoast.com\/product\/yoast-seo-wordpress\/ -->\n<title>La China Su\u00e1rez puso en venta su departamento: el millonario precio que exige a cambio - Fm Gente<\/title>\n<meta name=\"robots\" content=\"index, follow, max-snippet:-1, max-image-preview:large, max-video-preview:-1\" \/>\n<link rel=\"canonical\" href=\"https:\/\/fmgente.com.ar\/web\/la-china-suarez-puso-en-venta-su-departamento-el-millonario-precio-que-exige-a-cambio\/\" \/>\n<meta property=\"og:locale\" content=\"es_ES\" \/>\n<meta property=\"og:type\" content=\"article\" \/>\n<meta property=\"og:title\" content=\"La China Su\u00e1rez puso en venta su departamento: el millonario precio que exige a cambio - Fm Gente\" \/>\n<meta property=\"og:description\" content=\"La China Su\u00e1rez volvi\u00f3 a ser noticia, pero esta vez por un movimiento inmobiliario: seg\u00fan\" \/>\n<meta property=\"og:url\" content=\"https:\/\/fmgente.com.ar\/web\/la-china-suarez-puso-en-venta-su-departamento-el-millonario-precio-que-exige-a-cambio\/\" \/>\n<meta property=\"og:site_name\" content=\"Fm Gente\" \/>\n<meta property=\"article:published_time\" content=\"2025-10-07T00:05:13+00:00\" \/>\n<meta property=\"og:image\" content=\"https:\/\/fmgente.com.ar\/web\/wp-content\/uploads\/2025\/10\/IMG_5980.jpg-5.webp\" \/>\n\t<meta property=\"og:image:width\" content=\"1900\" \/>\n\t<meta property=\"og:image:height\" content=\"1425\" \/>\n\t<meta property=\"og:image:type\" content=\"image\/webp\" \/>\n<meta name=\"twitter:card\" content=\"summary_large_image\" \/>\n<meta name=\"twitter:label1\" content=\"Tiempo de lectura\" \/>\n\t<meta name=\"twitter:data1\" content=\"3 minutos\" \/>\n<script type=\"application\/ld+json\" class=\"yoast-schema-graph\">{\"@context\":\"https:\\\/\\\/schema.org\",\"@graph\":[{\"@type\":\"Article\",\"@id\":\"https:\\\/\\\/fmgente.com.ar\\\/web\\\/la-china-suarez-puso-en-venta-su-departamento-el-millonario-precio-que-exige-a-cambio\\\/#article\",\"isPartOf\":{\"@id\":\"https:\\\/\\\/fmgente.com.ar\\\/web\\\/la-china-suarez-puso-en-venta-su-departamento-el-millonario-precio-que-exige-a-cambio\\\/\"},\"author\":{\"name\":\"\",\"@id\":\"\"},\"headline\":\"La China Su\u00e1rez puso en venta su departamento: el millonario precio que exige a cambio\",\"datePublished\":\"2025-10-07T00:05:13+00:00\",\"mainEntityOfPage\":{\"@id\":\"https:\\\/\\\/fmgente.com.ar\\\/web\\\/la-china-suarez-puso-en-venta-su-departamento-el-millonario-precio-que-exige-a-cambio\\\/\"},\"wordCount\":562,\"publisher\":{\"@id\":\"https:\\\/\\\/fmgente.com.ar\\\/web\\\/#organization\"},\"image\":{\"@id\":\"https:\\\/\\\/fmgente.com.ar\\\/web\\\/la-china-suarez-puso-en-venta-su-departamento-el-millonario-precio-que-exige-a-cambio\\\/#primaryimage\"},\"thumbnailUrl\":\"https:\\\/\\\/fmgente.com.ar\\\/web\\\/wp-content\\\/uploads\\\/2025\\\/10\\\/IMG_5980.jpg-5.webp\",\"articleSection\":[\"DESTACADAS\"],\"inLanguage\":\"es\"},{\"@type\":\"WebPage\",\"@id\":\"https:\\\/\\\/fmgente.com.ar\\\/web\\\/la-china-suarez-puso-en-venta-su-departamento-el-millonario-precio-que-exige-a-cambio\\\/\",\"url\":\"https:\\\/\\\/fmgente.com.ar\\\/web\\\/la-china-suarez-puso-en-venta-su-departamento-el-millonario-precio-que-exige-a-cambio\\\/\",\"name\":\"La China Su\u00e1rez puso en venta su departamento: el millonario precio que exige a cambio - Fm Gente\",\"isPartOf\":{\"@id\":\"https:\\\/\\\/fmgente.com.ar\\\/web\\\/#website\"},\"primaryImageOfPage\":{\"@id\":\"https:\\\/\\\/fmgente.com.ar\\\/web\\\/la-china-suarez-puso-en-venta-su-departamento-el-millonario-precio-que-exige-a-cambio\\\/#primaryimage\"},\"image\":{\"@id\":\"https:\\\/\\\/fmgente.com.ar\\\/web\\\/la-china-suarez-puso-en-venta-su-departamento-el-millonario-precio-que-exige-a-cambio\\\/#primaryimage\"},\"thumbnailUrl\":\"https:\\\/\\\/fmgente.com.ar\\\/web\\\/wp-content\\\/uploads\\\/2025\\\/10\\\/IMG_5980.jpg-5.webp\",\"datePublished\":\"2025-10-07T00:05:13+00:00\",\"inLanguage\":\"es\",\"potentialAction\":[{\"@type\":\"ReadAction\",\"target\":[\"https:\\\/\\\/fmgente.com.ar\\\/web\\\/la-china-suarez-puso-en-venta-su-departamento-el-millonario-precio-que-exige-a-cambio\\\/\"]}]},{\"@type\":\"ImageObject\",\"inLanguage\":\"es\",\"@id\":\"https:\\\/\\\/fmgente.com.ar\\\/web\\\/la-china-suarez-puso-en-venta-su-departamento-el-millonario-precio-que-exige-a-cambio\\\/#primaryimage\",\"url\":\"https:\\\/\\\/fmgente.com.ar\\\/web\\\/wp-content\\\/uploads\\\/2025\\\/10\\\/IMG_5980.jpg-5.webp\",\"contentUrl\":\"https:\\\/\\\/fmgente.com.ar\\\/web\\\/wp-content\\\/uploads\\\/2025\\\/10\\\/IMG_5980.jpg-5.webp\",\"width\":1900,\"height\":1425},{\"@type\":\"WebSite\",\"@id\":\"https:\\\/\\\/fmgente.com.ar\\\/web\\\/#website\",\"url\":\"https:\\\/\\\/fmgente.com.ar\\\/web\\\/\",\"name\":\"Fm Gente\",\"description\":\"- Jes\u00fas Mar\u00eda\",\"publisher\":{\"@id\":\"https:\\\/\\\/fmgente.com.ar\\\/web\\\/#organization\"},\"potentialAction\":[{\"@type\":\"SearchAction\",\"target\":{\"@type\":\"EntryPoint\",\"urlTemplate\":\"https:\\\/\\\/fmgente.com.ar\\\/web\\\/?s={search_term_string}\"},\"query-input\":{\"@type\":\"PropertyValueSpecification\",\"valueRequired\":true,\"valueName\":\"search_term_string\"}}],\"inLanguage\":\"es\"},{\"@type\":\"Organization\",\"@id\":\"https:\\\/\\\/fmgente.com.ar\\\/web\\\/#organization\",\"name\":\"Fm Gente\",\"url\":\"https:\\\/\\\/fmgente.com.ar\\\/web\\\/\",\"logo\":{\"@type\":\"ImageObject\",\"inLanguage\":\"es\",\"@id\":\"https:\\\/\\\/fmgente.com.ar\\\/web\\\/#\\\/schema\\\/logo\\\/image\\\/\",\"url\":\"https:\\\/\\\/fmgente.com.ar\\\/web\\\/wp-content\\\/uploads\\\/2023\\\/07\\\/cropped-cropped-logo-sombra2.png\",\"contentUrl\":\"https:\\\/\\\/fmgente.com.ar\\\/web\\\/wp-content\\\/uploads\\\/2023\\\/07\\\/cropped-cropped-logo-sombra2.png\",\"width\":1782,\"height\":1782,\"caption\":\"Fm Gente\"},\"image\":{\"@id\":\"https:\\\/\\\/fmgente.com.ar\\\/web\\\/#\\\/schema\\\/logo\\\/image\\\/\"}}]}<\/script>\n<!-- \/ Yoast SEO plugin. -->","yoast_head_json":{"title":"La China Su\u00e1rez puso en venta su departamento: el millonario precio que exige a cambio - Fm Gente","robots":{"index":"index","follow":"follow","max-snippet":"max-snippet:-1","max-image-preview":"max-image-preview:large","max-video-preview":"max-video-preview:-1"},"canonical":"https:\/\/fmgente.com.ar\/web\/la-china-suarez-puso-en-venta-su-departamento-el-millonario-precio-que-exige-a-cambio\/","og_locale":"es_ES","og_type":"article","og_title":"La China Su\u00e1rez puso en venta su departamento: el millonario precio que exige a cambio - Fm Gente","og_description":"La China Su\u00e1rez volvi\u00f3 a ser noticia, pero esta vez por un movimiento inmobiliario: seg\u00fan","og_url":"https:\/\/fmgente.com.ar\/web\/la-china-suarez-puso-en-venta-su-departamento-el-millonario-precio-que-exige-a-cambio\/","og_site_name":"Fm Gente","article_published_time":"2025-10-07T00:05:13+00:00","og_image":[{"width":1900,"height":1425,"url":"https:\/\/fmgente.com.ar\/web\/wp-content\/uploads\/2025\/10\/IMG_5980.jpg-5.webp","type":"image\/webp"}],"twitter_card":"summary_large_image","twitter_misc":{"Tiempo de lectura":"3 minutos"},"schema":{"@context":"https:\/\/schema.org","@graph":[{"@type":"Article","@id":"https:\/\/fmgente.com.ar\/web\/la-china-suarez-puso-en-venta-su-departamento-el-millonario-precio-que-exige-a-cambio\/#article","isPartOf":{"@id":"https:\/\/fmgente.com.ar\/web\/la-china-suarez-puso-en-venta-su-departamento-el-millonario-precio-que-exige-a-cambio\/"},"author":{"name":"","@id":""},"headline":"La China Su\u00e1rez puso en venta su departamento: el millonario precio que exige a cambio","datePublished":"2025-10-07T00:05:13+00:00","mainEntityOfPage":{"@id":"https:\/\/fmgente.com.ar\/web\/la-china-suarez-puso-en-venta-su-departamento-el-millonario-precio-que-exige-a-cambio\/"},"wordCount":562,"publisher":{"@id":"https:\/\/fmgente.com.ar\/web\/#organization"},"image":{"@id":"https:\/\/fmgente.com.ar\/web\/la-china-suarez-puso-en-venta-su-departamento-el-millonario-precio-que-exige-a-cambio\/#primaryimage"},"thumbnailUrl":"https:\/\/fmgente.com.ar\/web\/wp-content\/uploads\/2025\/10\/IMG_5980.jpg-5.webp","articleSection":["DESTACADAS"],"inLanguage":"es"},{"@type":"WebPage","@id":"https:\/\/fmgente.com.ar\/web\/la-china-suarez-puso-en-venta-su-departamento-el-millonario-precio-que-exige-a-cambio\/","url":"https:\/\/fmgente.com.ar\/web\/la-china-suarez-puso-en-venta-su-departamento-el-millonario-precio-que-exige-a-cambio\/","name":"La China Su\u00e1rez puso en venta su departamento: el millonario precio que exige a cambio - Fm Gente","isPartOf":{"@id":"https:\/\/fmgente.com.ar\/web\/#website"},"primaryImageOfPage":{"@id":"https:\/\/fmgente.com.ar\/web\/la-china-suarez-puso-en-venta-su-departamento-el-millonario-precio-que-exige-a-cambio\/#primaryimage"},"image":{"@id":"https:\/\/fmgente.com.ar\/web\/la-china-suarez-puso-en-venta-su-departamento-el-millonario-precio-que-exige-a-cambio\/#primaryimage"},"thumbnailUrl":"https:\/\/fmgente.com.ar\/web\/wp-content\/uploads\/2025\/10\/IMG_5980.jpg-5.webp","datePublished":"2025-10-07T00:05:13+00:00","inLanguage":"es","potentialAction":[{"@type":"ReadAction","target":["https:\/\/fmgente.com.ar\/web\/la-china-suarez-puso-en-venta-su-departamento-el-millonario-precio-que-exige-a-cambio\/"]}]},{"@type":"ImageObject","inLanguage":"es","@id":"https:\/\/fmgente.com.ar\/web\/la-china-suarez-puso-en-venta-su-departamento-el-millonario-precio-que-exige-a-cambio\/#primaryimage","url":"https:\/\/fmgente.com.ar\/web\/wp-content\/uploads\/2025\/10\/IMG_5980.jpg-5.webp","contentUrl":"https:\/\/fmgente.com.ar\/web\/wp-content\/uploads\/2025\/10\/IMG_5980.jpg-5.webp","width":1900,"height":1425},{"@type":"WebSite","@id":"https:\/\/fmgente.com.ar\/web\/#website","url":"https:\/\/fmgente.com.ar\/web\/","name":"Fm Gente","description":"- Jes\u00fas Mar\u00eda","publisher":{"@id":"https:\/\/fmgente.com.ar\/web\/#organization"},"potentialAction":[{"@type":"SearchAction","target":{"@type":"EntryPoint","urlTemplate":"https:\/\/fmgente.com.ar\/web\/?s={search_term_string}"},"query-input":{"@type":"PropertyValueSpecification","valueRequired":true,"valueName":"search_term_string"}}],"inLanguage":"es"},{"@type":"Organization","@id":"https:\/\/fmgente.com.ar\/web\/#organization","name":"Fm Gente","url":"https:\/\/fmgente.com.ar\/web\/","logo":{"@type":"ImageObject","inLanguage":"es","@id":"https:\/\/fmgente.com.ar\/web\/#\/schema\/logo\/image\/","url":"https:\/\/fmgente.com.ar\/web\/wp-content\/uploads\/2023\/07\/cropped-cropped-logo-sombra2.png","contentUrl":"https:\/\/fmgente.com.ar\/web\/wp-content\/uploads\/2023\/07\/cropped-cropped-logo-sombra2.png","width":1782,"height":1782,"caption":"Fm Gente"},"image":{"@id":"https:\/\/fmgente.com.ar\/web\/#\/schema\/logo\/image\/"}}]}},"_links":{"self":[{"href":"https:\/\/fmgente.com.ar\/web\/wp-json\/wp\/v2\/posts\/6219","targetHints":{"allow":["GET"]}}],"collection":[{"href":"https:\/\/fmgente.com.ar\/web\/wp-json\/wp\/v2\/posts"}],"about":[{"href":"https:\/\/fmgente.com.ar\/web\/wp-json\/wp\/v2\/types\/post"}],"replies":[{"embeddable":true,"href":"https:\/\/fmgente.com.ar\/web\/wp-json\/wp\/v2\/comments?post=6219"}],"version-history":[{"count":0,"href":"https:\/\/fmgente.com.ar\/web\/wp-json\/wp\/v2\/posts\/6219\/revisions"}],"wp:featuredmedia":[{"embeddable":true,"href":"https:\/\/fmgente.com.ar\/web\/wp-json\/wp\/v2\/media\/6220"}],"wp:attachment":[{"href":"https:\/\/fmgente.com.ar\/web\/wp-json\/wp\/v2\/media?parent=6219"}],"wp:term":[{"taxonomy":"category","embeddable":true,"href":"https:\/\/fmgente.com.ar\/web\/wp-json\/wp\/v2\/categories?post=6219"},{"taxonomy":"post_tag","embeddable":true,"href":"https:\/\/fmgente.com.ar\/web\/wp-json\/wp\/v2\/tags?post=6219"}],"curies":[{"name":"wp","href":"https:\/\/api.w.org\/{rel}","templated":true}]}}