{"id":6217,"date":"2025-10-06T21:05:10","date_gmt":"2025-10-07T00:05:10","guid":{"rendered":"https:\/\/fmgente.com.ar\/celeste-cid-y-las-fotos-de-sus-vacaciones-en-croacia-junto-a-su-novio-el-motivo-del-viaje\/"},"modified":"2025-10-06T21:05:10","modified_gmt":"2025-10-07T00:05:10","slug":"celeste-cid-y-las-fotos-de-sus-vacaciones-en-croacia-junto-a-su-novio-el-motivo-del-viaje","status":"publish","type":"post","link":"https:\/\/fmgente.com.ar\/web\/celeste-cid-y-las-fotos-de-sus-vacaciones-en-croacia-junto-a-su-novio-el-motivo-del-viaje\/","title":{"rendered":"Celeste Cid y las fotos de sus vacaciones en Croacia junto a su novio: el motivo del viaje"},"content":{"rendered":"<p>El romance entre <strong><a href=\"https:\/\/www.paparazzi.com.ar\/tag\/celeste-cid\/\">Celeste Cid<\/a><\/strong> y <strong>Santiago Korovsky<\/strong> atraviesa un momento de pura felicidad. La actriz y el comediante decidieron tomarse unos d\u00edas de descanso y eligieron un destino que va mucho m\u00e1s all\u00e1 del turismo. Desde las calles de Croacia, ambos se mostraron enamorados, c\u00f3mplices y con un motivo muy especial para estar all\u00ed: el pa\u00eds guarda parte de la historia familiar de ella.<\/p>\n<p>En su cuenta de Instagram, la protagonista de <em>Planners<\/em> comparti\u00f3 una serie de postales que hicieron suspirar a sus seguidores. En una de ellas, revel\u00f3 el trasfondo emocional del viaje: <em>\u201cCamino hacia la ciudad de mi abuela, bisabuelxs y tatarabuelxs\u201d<\/em>, escribi\u00f3 con nostalgia, acompa\u00f1ando sus palabras con im\u00e1genes de paisajes so\u00f1ados y risas compartidas junto a su pareja. M\u00e1s relajada, a\u00f1adi\u00f3 una cuota de humor que no pas\u00f3 desapercibida: <em>\u201c\u00bfC\u00f3mo no vi Game of Thrones?\u201d<\/em>, en alusi\u00f3n a las famosas locaciones de la serie grabadas en el pa\u00eds europeo.<\/p>\n<p>La publicaci\u00f3n r\u00e1pidamente se volvi\u00f3 viral. En cuesti\u00f3n de horas, miles de usuarios llenaron de corazones la rom\u00e1ntica galer\u00eda. Entre los comentarios m\u00e1s destacados, <strong><a href=\"https:\/\/www.paparazzi.com.ar\/romances\/cual-fue-la-romantica-promesa-que-santiago-korovsky-le-hizo-a-celeste-cid\/\">Ver\u00f3nica Lozano<\/a><\/strong> le dedic\u00f3 un c\u00e1lido mensaje: <em>\u201cDisfruten\u201d<\/em>, mientras que <strong>Andr\u00e9 Horvilleur<\/strong>, el hijo mayor de la actriz, sum\u00f3 un emoji de coraz\u00f3n, demostrando el apoyo incondicional a su madre en esta nueva etapa amorosa.<\/p>\n<div class=\"mt-box \">\n<h4 class=\"mt-heading\">Mir\u00e1 Tambi\u00e9n<\/h4>\n<p><a href=\"https:\/\/www.paparazzi.com.ar\/teve\/exclusivo-wanda-nara-volvio-al-pais-tras-el-problema-de-salud-de-su-hija-menor\/\"><\/p>\n<div class=\"mt-content\">\n<div class=\"mt-image-container\"><img decoding=\"async\" src=\"https:\/\/www.paparazzi.com.ar\/wp-content\/uploads\/2025\/09\/Wanda-Nara-mexico.jpg.webp\" alt=\"\u00a1Exclusivo! Wanda Nara volvi\u00f3 al pa\u00eds tras el problema de salud de su hija menor\" class=\"mt-image\" loading=\"lazy\" \/><\/div>\n<h5 class=\"mt-title\">\u00a1Exclusivo! Wanda Nara volvi\u00f3 al pa\u00eds tras el problema de salud de su hija menor<\/h5>\n<\/div>\n<p><\/a><\/div>\n<p>Por su parte, <strong>Santiago Korovsky<\/strong> no se qued\u00f3 atr\u00e1s y le respondi\u00f3 con ternura, dejando en claro que el v\u00ednculo est\u00e1 m\u00e1s fuerte que nunca. <em>\u201cLa croatita\u201d<\/em>, escribi\u00f3 junto a un coraz\u00f3n rojo, una frase breve pero suficiente para encender a\u00fan m\u00e1s la efusividad de los fan\u00e1ticos que siguen la historia.<\/p>\n<h2 class=\"wp-block-heading\">LAS VACACIONES DE CELESTE CID Y SU NOVIO<\/h2>\n<p>La pareja, que blanque\u00f3 su relaci\u00f3n hace menos de un a\u00f1o, se muestra cada vez m\u00e1s consolidada. En cada aparici\u00f3n p\u00fablica o posteo, su complicidad salta a la vista y despierta el inter\u00e9s de todos. No es casual que muchos los se\u00f1alen como una de las duplas m\u00e1s encantadoras del espect\u00e1culo local.<\/p>\n<p>Como cierre del rom\u00e1ntico viaje, <strong><a href=\"https:\/\/www.paparazzi.com.ar\/teve\/celeste-cid-42-anos-cara-cirugias\/\">Celeste Cid<\/a><\/strong> dej\u00f3 una frase que lo resume todo: <em>\u201cCamino hacia mis ra\u00edces, acompa\u00f1ada y feliz\u201d<\/em>. Y a juzgar por las im\u00e1genes, el amor \u2013y la historia\u2013 le sientan de maravilla.<\/p>\n<figure class=\"wp-block-image size-full\"><img decoding=\"async\" width=\"768\" height=\"1024\" src=\"https:\/\/www.paparazzi.com.ar\/wp-content\/uploads\/2025\/10\/1000142788.jpg.webp\" loading=\"lazy\" alt=\"\" class=\"wp-image-446647\" \/><\/figure>\n<figure class=\"wp-block-image size-full\"><img decoding=\"async\" width=\"768\" height=\"1024\" src=\"https:\/\/www.paparazzi.com.ar\/wp-content\/uploads\/2025\/10\/1000142789.jpg.webp\" loading=\"lazy\" alt=\"\" class=\"wp-image-446648\" \/><\/figure>\n<figure class=\"wp-block-image size-full\"><img decoding=\"async\" width=\"768\" height=\"1019\" src=\"https:\/\/www.paparazzi.com.ar\/wp-content\/uploads\/2025\/10\/1000142790.jpg.webp\" loading=\"lazy\" alt=\"\" class=\"wp-image-446649\" \/><\/figure>\n<figure class=\"wp-block-image size-full\"><img decoding=\"async\" width=\"768\" height=\"1024\" src=\"https:\/\/www.paparazzi.com.ar\/wp-content\/uploads\/2025\/10\/1000142791.jpg.webp\" loading=\"lazy\" alt=\"\" class=\"wp-image-446650\" \/><\/figure>\n<div class=\"mt-box \">\n<h4 class=\"mt-heading\">Mir\u00e1 Tambi\u00e9n<\/h4>\n<p><a href=\"https:\/\/www.paparazzi.com.ar\/teve\/se-filtro-cuantos-millones-cobra-julieta-poggio-por-cada-posteo-en-sus-redes\/\"><\/p>\n<div class=\"mt-content\">\n<div class=\"mt-image-container\"><img decoding=\"async\" src=\"https:\/\/www.paparazzi.com.ar\/wp-content\/uploads\/2025\/08\/Julieta-Poggio.jpg.webp\" alt=\"Se filtr\u00f3 cu\u00e1ntos millones cobra Julieta Poggio por cada posteo en sus redes\" class=\"mt-image\" loading=\"lazy\" \/><\/div>\n<h5 class=\"mt-title\">Se filtr\u00f3 cu\u00e1ntos millones cobra Julieta Poggio por cada posteo en sus redes<\/h5>\n<\/div>\n<p><\/a><\/div>\n<div class=\"mt-box \">\n<h4 class=\"mt-heading\">Mir\u00e1 Tambi\u00e9n<\/h4>\n<p><a href=\"https:\/\/www.paparazzi.com.ar\/teve\/el-grave-problema-de-morena-rial-desde-la-carcel-que-complica-su-prision-domiciliaria\/\"><\/p>\n<div class=\"mt-content\">\n<div class=\"mt-image-container\"><img decoding=\"async\" src=\"https:\/\/www.paparazzi.com.ar\/wp-content\/uploads\/2025\/10\/Morena-Rial-prision-359x226.jpg\" alt=\"El grave problema de Morena Rial desde la c\u00e1rcel que complica su prisi\u00f3n domiciliaria\" class=\"mt-image\" loading=\"lazy\" \/><\/div>\n<h5 class=\"mt-title\">El grave problema de Morena Rial desde la c\u00e1rcel que complica su prisi\u00f3n domiciliaria<\/h5>\n<\/div>\n<p><\/a><\/div>\n<p>The post <a href=\"https:\/\/www.paparazzi.com.ar\/romances\/celeste-cid-y-las-fotos-de-sus-vacaciones-en-croacia-junto-a-su-novio-el-motivo-del-viaje\/\">Celeste Cid y las fotos de sus vacaciones en Croacia junto a su novio: el motivo del viaje<\/a> appeared first on <a href=\"https:\/\/www.paparazzi.com.ar\">Revista Paparazzi<\/a>.<\/p>\n","protected":false},"excerpt":{"rendered":"<p>El romance entre Celeste Cid y Santiago Korovsky atraviesa un momento de pura felicidad. La<\/p>\n","protected":false},"author":0,"featured_media":6218,"comment_status":"","ping_status":"","sticky":false,"template":"","format":"standard","meta":{"footnotes":""},"categories":[11],"tags":[],"class_list":["post-6217","post","type-post","status-publish","format-standard","has-post-thumbnail","hentry","category-destacadas"],"yoast_head":"<!-- This site is optimized with the Yoast SEO plugin v28.3 - https:\/\/yoast.com\/product\/yoast-seo-wordpress\/ -->\n<title>Celeste Cid y las fotos de sus vacaciones en Croacia junto a su novio: el motivo del viaje - Fm Gente<\/title>\n<meta name=\"robots\" content=\"index, follow, max-snippet:-1, max-image-preview:large, max-video-preview:-1\" \/>\n<link rel=\"canonical\" href=\"https:\/\/fmgente.com.ar\/web\/celeste-cid-y-las-fotos-de-sus-vacaciones-en-croacia-junto-a-su-novio-el-motivo-del-viaje\/\" \/>\n<meta property=\"og:locale\" content=\"es_ES\" \/>\n<meta property=\"og:type\" content=\"article\" \/>\n<meta property=\"og:title\" content=\"Celeste Cid y las fotos de sus vacaciones en Croacia junto a su novio: el motivo del viaje - Fm Gente\" \/>\n<meta property=\"og:description\" content=\"El romance entre Celeste Cid y Santiago Korovsky atraviesa un momento de pura felicidad. La\" \/>\n<meta property=\"og:url\" content=\"https:\/\/fmgente.com.ar\/web\/celeste-cid-y-las-fotos-de-sus-vacaciones-en-croacia-junto-a-su-novio-el-motivo-del-viaje\/\" \/>\n<meta property=\"og:site_name\" content=\"Fm Gente\" \/>\n<meta property=\"article:published_time\" content=\"2025-10-07T00:05:10+00:00\" \/>\n<meta property=\"og:image\" content=\"https:\/\/fmgente.com.ar\/web\/wp-content\/uploads\/2025\/10\/Wanda-Nara-mexico.jpg.webp\" \/>\n\t<meta property=\"og:image:width\" content=\"1052\" \/>\n\t<meta property=\"og:image:height\" content=\"665\" \/>\n\t<meta property=\"og:image:type\" content=\"image\/webp\" \/>\n<meta name=\"twitter:card\" content=\"summary_large_image\" \/>\n<meta name=\"twitter:label1\" content=\"Tiempo de lectura\" \/>\n\t<meta name=\"twitter:data1\" content=\"2 minutos\" \/>\n<script type=\"application\/ld+json\" class=\"yoast-schema-graph\">{\"@context\":\"https:\\\/\\\/schema.org\",\"@graph\":[{\"@type\":\"Article\",\"@id\":\"https:\\\/\\\/fmgente.com.ar\\\/web\\\/celeste-cid-y-las-fotos-de-sus-vacaciones-en-croacia-junto-a-su-novio-el-motivo-del-viaje\\\/#article\",\"isPartOf\":{\"@id\":\"https:\\\/\\\/fmgente.com.ar\\\/web\\\/celeste-cid-y-las-fotos-de-sus-vacaciones-en-croacia-junto-a-su-novio-el-motivo-del-viaje\\\/\"},\"author\":{\"name\":\"\",\"@id\":\"\"},\"headline\":\"Celeste Cid y las fotos de sus vacaciones en Croacia junto a su novio: el motivo del viaje\",\"datePublished\":\"2025-10-07T00:05:10+00:00\",\"mainEntityOfPage\":{\"@id\":\"https:\\\/\\\/fmgente.com.ar\\\/web\\\/celeste-cid-y-las-fotos-de-sus-vacaciones-en-croacia-junto-a-su-novio-el-motivo-del-viaje\\\/\"},\"wordCount\":499,\"publisher\":{\"@id\":\"https:\\\/\\\/fmgente.com.ar\\\/web\\\/#organization\"},\"image\":{\"@id\":\"https:\\\/\\\/fmgente.com.ar\\\/web\\\/celeste-cid-y-las-fotos-de-sus-vacaciones-en-croacia-junto-a-su-novio-el-motivo-del-viaje\\\/#primaryimage\"},\"thumbnailUrl\":\"https:\\\/\\\/fmgente.com.ar\\\/web\\\/wp-content\\\/uploads\\\/2025\\\/10\\\/Wanda-Nara-mexico.jpg.webp\",\"articleSection\":[\"DESTACADAS\"],\"inLanguage\":\"es\"},{\"@type\":\"WebPage\",\"@id\":\"https:\\\/\\\/fmgente.com.ar\\\/web\\\/celeste-cid-y-las-fotos-de-sus-vacaciones-en-croacia-junto-a-su-novio-el-motivo-del-viaje\\\/\",\"url\":\"https:\\\/\\\/fmgente.com.ar\\\/web\\\/celeste-cid-y-las-fotos-de-sus-vacaciones-en-croacia-junto-a-su-novio-el-motivo-del-viaje\\\/\",\"name\":\"Celeste Cid y las fotos de sus vacaciones en Croacia junto a su novio: el motivo del viaje - Fm Gente\",\"isPartOf\":{\"@id\":\"https:\\\/\\\/fmgente.com.ar\\\/web\\\/#website\"},\"primaryImageOfPage\":{\"@id\":\"https:\\\/\\\/fmgente.com.ar\\\/web\\\/celeste-cid-y-las-fotos-de-sus-vacaciones-en-croacia-junto-a-su-novio-el-motivo-del-viaje\\\/#primaryimage\"},\"image\":{\"@id\":\"https:\\\/\\\/fmgente.com.ar\\\/web\\\/celeste-cid-y-las-fotos-de-sus-vacaciones-en-croacia-junto-a-su-novio-el-motivo-del-viaje\\\/#primaryimage\"},\"thumbnailUrl\":\"https:\\\/\\\/fmgente.com.ar\\\/web\\\/wp-content\\\/uploads\\\/2025\\\/10\\\/Wanda-Nara-mexico.jpg.webp\",\"datePublished\":\"2025-10-07T00:05:10+00:00\",\"inLanguage\":\"es\",\"potentialAction\":[{\"@type\":\"ReadAction\",\"target\":[\"https:\\\/\\\/fmgente.com.ar\\\/web\\\/celeste-cid-y-las-fotos-de-sus-vacaciones-en-croacia-junto-a-su-novio-el-motivo-del-viaje\\\/\"]}]},{\"@type\":\"ImageObject\",\"inLanguage\":\"es\",\"@id\":\"https:\\\/\\\/fmgente.com.ar\\\/web\\\/celeste-cid-y-las-fotos-de-sus-vacaciones-en-croacia-junto-a-su-novio-el-motivo-del-viaje\\\/#primaryimage\",\"url\":\"https:\\\/\\\/fmgente.com.ar\\\/web\\\/wp-content\\\/uploads\\\/2025\\\/10\\\/Wanda-Nara-mexico.jpg.webp\",\"contentUrl\":\"https:\\\/\\\/fmgente.com.ar\\\/web\\\/wp-content\\\/uploads\\\/2025\\\/10\\\/Wanda-Nara-mexico.jpg.webp\",\"width\":1052,\"height\":665},{\"@type\":\"WebSite\",\"@id\":\"https:\\\/\\\/fmgente.com.ar\\\/web\\\/#website\",\"url\":\"https:\\\/\\\/fmgente.com.ar\\\/web\\\/\",\"name\":\"Fm Gente\",\"description\":\"- Jes\u00fas Mar\u00eda\",\"publisher\":{\"@id\":\"https:\\\/\\\/fmgente.com.ar\\\/web\\\/#organization\"},\"potentialAction\":[{\"@type\":\"SearchAction\",\"target\":{\"@type\":\"EntryPoint\",\"urlTemplate\":\"https:\\\/\\\/fmgente.com.ar\\\/web\\\/?s={search_term_string}\"},\"query-input\":{\"@type\":\"PropertyValueSpecification\",\"valueRequired\":true,\"valueName\":\"search_term_string\"}}],\"inLanguage\":\"es\"},{\"@type\":\"Organization\",\"@id\":\"https:\\\/\\\/fmgente.com.ar\\\/web\\\/#organization\",\"name\":\"Fm Gente\",\"url\":\"https:\\\/\\\/fmgente.com.ar\\\/web\\\/\",\"logo\":{\"@type\":\"ImageObject\",\"inLanguage\":\"es\",\"@id\":\"https:\\\/\\\/fmgente.com.ar\\\/web\\\/#\\\/schema\\\/logo\\\/image\\\/\",\"url\":\"https:\\\/\\\/fmgente.com.ar\\\/web\\\/wp-content\\\/uploads\\\/2023\\\/07\\\/cropped-cropped-logo-sombra2.png\",\"contentUrl\":\"https:\\\/\\\/fmgente.com.ar\\\/web\\\/wp-content\\\/uploads\\\/2023\\\/07\\\/cropped-cropped-logo-sombra2.png\",\"width\":1782,\"height\":1782,\"caption\":\"Fm Gente\"},\"image\":{\"@id\":\"https:\\\/\\\/fmgente.com.ar\\\/web\\\/#\\\/schema\\\/logo\\\/image\\\/\"}}]}<\/script>\n<!-- \/ Yoast SEO plugin. -->","yoast_head_json":{"title":"Celeste Cid y las fotos de sus vacaciones en Croacia junto a su novio: el motivo del viaje - Fm Gente","robots":{"index":"index","follow":"follow","max-snippet":"max-snippet:-1","max-image-preview":"max-image-preview:large","max-video-preview":"max-video-preview:-1"},"canonical":"https:\/\/fmgente.com.ar\/web\/celeste-cid-y-las-fotos-de-sus-vacaciones-en-croacia-junto-a-su-novio-el-motivo-del-viaje\/","og_locale":"es_ES","og_type":"article","og_title":"Celeste Cid y las fotos de sus vacaciones en Croacia junto a su novio: el motivo del viaje - Fm Gente","og_description":"El romance entre Celeste Cid y Santiago Korovsky atraviesa un momento de pura felicidad. La","og_url":"https:\/\/fmgente.com.ar\/web\/celeste-cid-y-las-fotos-de-sus-vacaciones-en-croacia-junto-a-su-novio-el-motivo-del-viaje\/","og_site_name":"Fm Gente","article_published_time":"2025-10-07T00:05:10+00:00","og_image":[{"width":1052,"height":665,"url":"https:\/\/fmgente.com.ar\/web\/wp-content\/uploads\/2025\/10\/Wanda-Nara-mexico.jpg.webp","type":"image\/webp"}],"twitter_card":"summary_large_image","twitter_misc":{"Tiempo de lectura":"2 minutos"},"schema":{"@context":"https:\/\/schema.org","@graph":[{"@type":"Article","@id":"https:\/\/fmgente.com.ar\/web\/celeste-cid-y-las-fotos-de-sus-vacaciones-en-croacia-junto-a-su-novio-el-motivo-del-viaje\/#article","isPartOf":{"@id":"https:\/\/fmgente.com.ar\/web\/celeste-cid-y-las-fotos-de-sus-vacaciones-en-croacia-junto-a-su-novio-el-motivo-del-viaje\/"},"author":{"name":"","@id":""},"headline":"Celeste Cid y las fotos de sus vacaciones en Croacia junto a su novio: el motivo del viaje","datePublished":"2025-10-07T00:05:10+00:00","mainEntityOfPage":{"@id":"https:\/\/fmgente.com.ar\/web\/celeste-cid-y-las-fotos-de-sus-vacaciones-en-croacia-junto-a-su-novio-el-motivo-del-viaje\/"},"wordCount":499,"publisher":{"@id":"https:\/\/fmgente.com.ar\/web\/#organization"},"image":{"@id":"https:\/\/fmgente.com.ar\/web\/celeste-cid-y-las-fotos-de-sus-vacaciones-en-croacia-junto-a-su-novio-el-motivo-del-viaje\/#primaryimage"},"thumbnailUrl":"https:\/\/fmgente.com.ar\/web\/wp-content\/uploads\/2025\/10\/Wanda-Nara-mexico.jpg.webp","articleSection":["DESTACADAS"],"inLanguage":"es"},{"@type":"WebPage","@id":"https:\/\/fmgente.com.ar\/web\/celeste-cid-y-las-fotos-de-sus-vacaciones-en-croacia-junto-a-su-novio-el-motivo-del-viaje\/","url":"https:\/\/fmgente.com.ar\/web\/celeste-cid-y-las-fotos-de-sus-vacaciones-en-croacia-junto-a-su-novio-el-motivo-del-viaje\/","name":"Celeste Cid y las fotos de sus vacaciones en Croacia junto a su novio: el motivo del viaje - Fm Gente","isPartOf":{"@id":"https:\/\/fmgente.com.ar\/web\/#website"},"primaryImageOfPage":{"@id":"https:\/\/fmgente.com.ar\/web\/celeste-cid-y-las-fotos-de-sus-vacaciones-en-croacia-junto-a-su-novio-el-motivo-del-viaje\/#primaryimage"},"image":{"@id":"https:\/\/fmgente.com.ar\/web\/celeste-cid-y-las-fotos-de-sus-vacaciones-en-croacia-junto-a-su-novio-el-motivo-del-viaje\/#primaryimage"},"thumbnailUrl":"https:\/\/fmgente.com.ar\/web\/wp-content\/uploads\/2025\/10\/Wanda-Nara-mexico.jpg.webp","datePublished":"2025-10-07T00:05:10+00:00","inLanguage":"es","potentialAction":[{"@type":"ReadAction","target":["https:\/\/fmgente.com.ar\/web\/celeste-cid-y-las-fotos-de-sus-vacaciones-en-croacia-junto-a-su-novio-el-motivo-del-viaje\/"]}]},{"@type":"ImageObject","inLanguage":"es","@id":"https:\/\/fmgente.com.ar\/web\/celeste-cid-y-las-fotos-de-sus-vacaciones-en-croacia-junto-a-su-novio-el-motivo-del-viaje\/#primaryimage","url":"https:\/\/fmgente.com.ar\/web\/wp-content\/uploads\/2025\/10\/Wanda-Nara-mexico.jpg.webp","contentUrl":"https:\/\/fmgente.com.ar\/web\/wp-content\/uploads\/2025\/10\/Wanda-Nara-mexico.jpg.webp","width":1052,"height":665},{"@type":"WebSite","@id":"https:\/\/fmgente.com.ar\/web\/#website","url":"https:\/\/fmgente.com.ar\/web\/","name":"Fm Gente","description":"- Jes\u00fas Mar\u00eda","publisher":{"@id":"https:\/\/fmgente.com.ar\/web\/#organization"},"potentialAction":[{"@type":"SearchAction","target":{"@type":"EntryPoint","urlTemplate":"https:\/\/fmgente.com.ar\/web\/?s={search_term_string}"},"query-input":{"@type":"PropertyValueSpecification","valueRequired":true,"valueName":"search_term_string"}}],"inLanguage":"es"},{"@type":"Organization","@id":"https:\/\/fmgente.com.ar\/web\/#organization","name":"Fm Gente","url":"https:\/\/fmgente.com.ar\/web\/","logo":{"@type":"ImageObject","inLanguage":"es","@id":"https:\/\/fmgente.com.ar\/web\/#\/schema\/logo\/image\/","url":"https:\/\/fmgente.com.ar\/web\/wp-content\/uploads\/2023\/07\/cropped-cropped-logo-sombra2.png","contentUrl":"https:\/\/fmgente.com.ar\/web\/wp-content\/uploads\/2023\/07\/cropped-cropped-logo-sombra2.png","width":1782,"height":1782,"caption":"Fm Gente"},"image":{"@id":"https:\/\/fmgente.com.ar\/web\/#\/schema\/logo\/image\/"}}]}},"_links":{"self":[{"href":"https:\/\/fmgente.com.ar\/web\/wp-json\/wp\/v2\/posts\/6217","targetHints":{"allow":["GET"]}}],"collection":[{"href":"https:\/\/fmgente.com.ar\/web\/wp-json\/wp\/v2\/posts"}],"about":[{"href":"https:\/\/fmgente.com.ar\/web\/wp-json\/wp\/v2\/types\/post"}],"replies":[{"embeddable":true,"href":"https:\/\/fmgente.com.ar\/web\/wp-json\/wp\/v2\/comments?post=6217"}],"version-history":[{"count":0,"href":"https:\/\/fmgente.com.ar\/web\/wp-json\/wp\/v2\/posts\/6217\/revisions"}],"wp:featuredmedia":[{"embeddable":true,"href":"https:\/\/fmgente.com.ar\/web\/wp-json\/wp\/v2\/media\/6218"}],"wp:attachment":[{"href":"https:\/\/fmgente.com.ar\/web\/wp-json\/wp\/v2\/media?parent=6217"}],"wp:term":[{"taxonomy":"category","embeddable":true,"href":"https:\/\/fmgente.com.ar\/web\/wp-json\/wp\/v2\/categories?post=6217"},{"taxonomy":"post_tag","embeddable":true,"href":"https:\/\/fmgente.com.ar\/web\/wp-json\/wp\/v2\/tags?post=6217"}],"curies":[{"name":"wp","href":"https:\/\/api.w.org\/{rel}","templated":true}]}}