{"id":6213,"date":"2025-10-06T21:05:06","date_gmt":"2025-10-07T00:05:06","guid":{"rendered":"https:\/\/fmgente.com.ar\/filtraron-el-perfil-de-fede-bal-en-una-app-de-citas-y-se-armo-un-escandalo\/"},"modified":"2025-10-06T21:05:06","modified_gmt":"2025-10-07T00:05:06","slug":"filtraron-el-perfil-de-fede-bal-en-una-app-de-citas-y-se-armo-un-escandalo","status":"publish","type":"post","link":"https:\/\/fmgente.com.ar\/web\/filtraron-el-perfil-de-fede-bal-en-una-app-de-citas-y-se-armo-un-escandalo\/","title":{"rendered":"Filtraron el perfil de Fede Bal en una app de citas y se arm\u00f3 un esc\u00e1ndalo"},"content":{"rendered":"<p>Un nuevo cap\u00edtulo en la vida sentimental de <strong><a href=\"https:\/\/www.paparazzi.com.ar\/?s=Fede+Bal\">Fede Bal<\/a><\/strong> se escribi\u00f3 a trav\u00e9s de una captura de pantalla: una productora de <em><a href=\"https:\/\/www.paparazzi.com.ar\/?s=Infama\">Infama<\/a><\/em>, en el stream de Jotax, cont\u00f3 que una amiga le envi\u00f3 la sorpresa \u2014un perfil de Fede en la app Bumble\u2014 e inmediatamente la transmisi\u00f3n se llen\u00f3 de preguntas y curiosidad.<\/p>\n<p>La productora relat\u00f3 el momento con lujo de detalle: <em>\u201cUna amiga estaba mirando y me dice boluda, mira lo que me acaba de aparecer, Fede Bal en Bumble. Esto est\u00e1 en ingl\u00e9s, entonces yo dije que raro que est\u00e9 en ingl\u00e9s, yo le dije a mi amiga graba pantalla y mostrame todo, graba todo\u201d<\/em>, dijo al aire, mientras repasaban la imagen. <\/p>\n<p>Seg\u00fan explicaron en el stream, la cuenta ya hab\u00eda sido se\u00f1alada meses atr\u00e1s por otro cronista: <em>\u201cLaCriti hab\u00eda mostrado hace unos meses que esta cuenta exist\u00eda\u201d.<\/em> En di\u00e1logo con los panelistas, surgi\u00f3 la explicaci\u00f3n t\u00e9cnica sobre el funcionamiento de Bumble.<\/p>\n<div class=\"mt-box \">\n<h4 class=\"mt-heading\">Mir\u00e1 Tambi\u00e9n<\/h4>\n<p><a href=\"https:\/\/www.paparazzi.com.ar\/looks\/exclusivo-los-looks-de-los-famosos-en-los-martin-fierro-de-television-2025\/\"><\/p>\n<div class=\"mt-content\">\n<div class=\"mt-image-container\"><img decoding=\"async\" src=\"https:\/\/www.paparazzi.com.ar\/wp-content\/uploads\/2025\/09\/Martin-Fierro.jpg.webp\" alt=\"\u00a1Exclusivo! Los looks de los famosos en los Mart\u00edn Fierro de Televisi\u00f3n 2025\" class=\"mt-image\" loading=\"lazy\" \/><\/div>\n<h5 class=\"mt-title\">\u00a1Exclusivo! Los looks de los famosos en los Mart\u00edn Fierro de Televisi\u00f3n 2025<\/h5>\n<\/div>\n<p><\/a><\/div>\n<p><em>\u00abEsta app lo que tiene es lo siguiente: vos hac\u00e9s match con el like y la mujer es la que rompe el hielo, el hombre no te puede hablar hasta que la mujer no hable y solo ten\u00e9s 24 hs para eso. Si en esas 24 hs la mujer no habla, el match se deshace\u201d<\/em>, dijo otro periodista. <\/p>\n<p>Lo que m\u00e1s llam\u00f3 la atenci\u00f3n fue la presunta descripci\u00f3n que, seg\u00fan mostraron en pantalla, aparece en el perfil de Fede: <em>\u201cVerificado por foto y en la descripci\u00f3n Fede pone: soy un hombre simple, me gusta la comida, me gustan los videojuegos, la m\u00fasica, las pel\u00edculas de terror, soy fan de las pelis de terror\u00bb<\/em>.<\/p>\n<div class=\"mt-box \">\n<h4 class=\"mt-heading\">Mir\u00e1 Tambi\u00e9n<\/h4>\n<p><a href=\"https:\/\/www.paparazzi.com.ar\/teve\/quien-es-la-misteriosa-periodista-que-estuvo-a-los-besos-con-fede-bal-en-los-martin-fierro-es-la-notera-de\/\"><\/p>\n<div class=\"mt-content\">\n<div class=\"mt-image-container\"><img decoding=\"async\" src=\"https:\/\/www.paparazzi.com.ar\/wp-content\/uploads\/2025\/09\/image-332.png.webp\" alt=\"Qui\u00e9n es la misteriosa periodista que estuvo a los besos con Fede Bal en los Martin Fierro: &quot;Es la notera de\u2026&quot;\" class=\"mt-image\" loading=\"lazy\" \/><\/div>\n<h5 class=\"mt-title\">Qui\u00e9n es la misteriosa periodista que estuvo a los besos con Fede Bal en los Martin Fierro: \u00abEs la notera de\u2026\u00bb<\/h5>\n<\/div>\n<p><\/a><\/div>\n<p>Y sigue en su perfil hablando de \u00e9l mismo: <em>\u00abEn este momento estoy viajando al rededor del mundo con uno de los programas de TV m\u00e1s grandes de viajes de argentina, soy actor de teatro, de cine y pel\u00edculas y me quiero divertir\u201d.<\/em> Esa bio en ingl\u00e9s explicar\u00eda, seg\u00fan el propio actor, su uso cuando viaja.<\/p>\n<p><em>\u201cFede habl\u00f3 y cont\u00f3 que lo tiene y que lo tiene en ingl\u00e9s porque lo usa m\u00e1s para otros pa\u00edses como \u00e9l hace resto del mundo, lo usa cuando viaja\u201d<\/em>, dijo la productora sobre la app de Bal. La revelaci\u00f3n desat\u00f3 un aluvi\u00f3n de reacciones en redes: desde memes y teor\u00edas sobre <a href=\"https:\/\/www.paparazzi.com.ar\/romances\/fede-bal-tiene-una-nueva-novia-quien-es-la-hija-de-un-famoso-periodista\/\">la vida amorosa de Federico<\/a> hasta debates sobre la conveniencia de figuras p\u00fablicas usando apps de citas. <\/p>\n<div class=\"mt-box \">\n<h4 class=\"mt-heading\">Mir\u00e1 Tambi\u00e9n<\/h4>\n<p><a href=\"https:\/\/www.paparazzi.com.ar\/teve\/fede-bal-explico-por-que-odia-a-muerte-al-streamer-numero-uno-del-pais-coscu-me-boludea-y-me-bajo-de-eventos\/\"><\/p>\n<div class=\"mt-content\">\n<div class=\"mt-image-container\"><img decoding=\"async\" src=\"https:\/\/www.paparazzi.com.ar\/wp-content\/uploads\/2025\/09\/bal-coscu-359x226.jpeg\" alt=\"Fede Bal explic\u00f3 por qu\u00e9 odia a muerte al streamer n\u00famero uno del pa\u00eds, Coscu: \u201cMe boludea y me baj\u00f3 de eventos\u201d\" class=\"mt-image\" loading=\"lazy\" \/><\/div>\n<h5 class=\"mt-title\">Fede Bal explic\u00f3 por qu\u00e9 odia a muerte al streamer n\u00famero uno del pa\u00eds, Coscu: \u201cMe boludea y me baj\u00f3 de eventos\u201d<\/h5>\n<\/div>\n<p><\/a><\/div>\n<div class=\"mt-box \">\n<h4 class=\"mt-heading\">Mir\u00e1 Tambi\u00e9n<\/h4>\n<p><a href=\"https:\/\/www.paparazzi.com.ar\/romances\/fede-bal-tiene-una-nueva-novia-quien-es-la-hija-de-un-famoso-periodista\/\"><\/p>\n<div class=\"mt-content\">\n<div class=\"mt-image-container\"><img decoding=\"async\" src=\"https:\/\/www.paparazzi.com.ar\/wp-content\/uploads\/2025\/10\/Fede-Bal-359x226.jpg\" alt=\"Fede Bal tiene una nueva novia: qui\u00e9n es la hija de un famoso periodista\" class=\"mt-image\" loading=\"lazy\" \/><\/div>\n<h5 class=\"mt-title\">Fede Bal tiene una nueva novia: qui\u00e9n es la hija de un famoso periodista<\/h5>\n<\/div>\n<p><\/a><\/div>\n<p>The post <a href=\"https:\/\/www.paparazzi.com.ar\/teve\/revelan-el-perfil-de-fede-bal-en-una-app-de-citas-la-polemica-descripcion-de-el-mismo\/\">Filtraron el perfil de Fede Bal en una app de citas y se arm\u00f3 un esc\u00e1ndalo<\/a> appeared first on <a href=\"https:\/\/www.paparazzi.com.ar\">Revista Paparazzi<\/a>.<\/p>\n","protected":false},"excerpt":{"rendered":"<p>Un nuevo cap\u00edtulo en la vida sentimental de Fede Bal se escribi\u00f3 a trav\u00e9s de<\/p>\n","protected":false},"author":0,"featured_media":6214,"comment_status":"","ping_status":"","sticky":false,"template":"","format":"standard","meta":{"footnotes":""},"categories":[11],"tags":[],"class_list":["post-6213","post","type-post","status-publish","format-standard","has-post-thumbnail","hentry","category-destacadas"],"yoast_head":"<!-- This site is optimized with the Yoast SEO plugin v28.3 - https:\/\/yoast.com\/product\/yoast-seo-wordpress\/ -->\n<title>Filtraron el perfil de Fede Bal en una app de citas y se arm\u00f3 un esc\u00e1ndalo - Fm Gente<\/title>\n<meta name=\"robots\" content=\"index, follow, max-snippet:-1, max-image-preview:large, max-video-preview:-1\" \/>\n<link rel=\"canonical\" href=\"https:\/\/fmgente.com.ar\/web\/filtraron-el-perfil-de-fede-bal-en-una-app-de-citas-y-se-armo-un-escandalo\/\" \/>\n<meta property=\"og:locale\" content=\"es_ES\" \/>\n<meta property=\"og:type\" content=\"article\" \/>\n<meta property=\"og:title\" content=\"Filtraron el perfil de Fede Bal en una app de citas y se arm\u00f3 un esc\u00e1ndalo - Fm Gente\" \/>\n<meta property=\"og:description\" content=\"Un nuevo cap\u00edtulo en la vida sentimental de Fede Bal se escribi\u00f3 a trav\u00e9s de\" \/>\n<meta property=\"og:url\" content=\"https:\/\/fmgente.com.ar\/web\/filtraron-el-perfil-de-fede-bal-en-una-app-de-citas-y-se-armo-un-escandalo\/\" \/>\n<meta property=\"og:site_name\" content=\"Fm Gente\" \/>\n<meta property=\"article:published_time\" content=\"2025-10-07T00:05:06+00:00\" \/>\n<meta property=\"og:image\" content=\"https:\/\/fmgente.com.ar\/web\/wp-content\/uploads\/2025\/10\/Martin-Fierro.jpg-2.webp\" \/>\n\t<meta property=\"og:image:width\" content=\"1052\" \/>\n\t<meta property=\"og:image:height\" content=\"665\" \/>\n\t<meta property=\"og:image:type\" content=\"image\/webp\" \/>\n<meta name=\"twitter:card\" content=\"summary_large_image\" \/>\n<meta name=\"twitter:label1\" content=\"Tiempo de lectura\" \/>\n\t<meta name=\"twitter:data1\" content=\"3 minutos\" \/>\n<script type=\"application\/ld+json\" class=\"yoast-schema-graph\">{\"@context\":\"https:\\\/\\\/schema.org\",\"@graph\":[{\"@type\":\"Article\",\"@id\":\"https:\\\/\\\/fmgente.com.ar\\\/web\\\/filtraron-el-perfil-de-fede-bal-en-una-app-de-citas-y-se-armo-un-escandalo\\\/#article\",\"isPartOf\":{\"@id\":\"https:\\\/\\\/fmgente.com.ar\\\/web\\\/filtraron-el-perfil-de-fede-bal-en-una-app-de-citas-y-se-armo-un-escandalo\\\/\"},\"author\":{\"name\":\"\",\"@id\":\"\"},\"headline\":\"Filtraron el perfil de Fede Bal en una app de citas y se arm\u00f3 un esc\u00e1ndalo\",\"datePublished\":\"2025-10-07T00:05:06+00:00\",\"mainEntityOfPage\":{\"@id\":\"https:\\\/\\\/fmgente.com.ar\\\/web\\\/filtraron-el-perfil-de-fede-bal-en-una-app-de-citas-y-se-armo-un-escandalo\\\/\"},\"wordCount\":554,\"publisher\":{\"@id\":\"https:\\\/\\\/fmgente.com.ar\\\/web\\\/#organization\"},\"image\":{\"@id\":\"https:\\\/\\\/fmgente.com.ar\\\/web\\\/filtraron-el-perfil-de-fede-bal-en-una-app-de-citas-y-se-armo-un-escandalo\\\/#primaryimage\"},\"thumbnailUrl\":\"https:\\\/\\\/fmgente.com.ar\\\/web\\\/wp-content\\\/uploads\\\/2025\\\/10\\\/Martin-Fierro.jpg-2.webp\",\"articleSection\":[\"DESTACADAS\"],\"inLanguage\":\"es\"},{\"@type\":\"WebPage\",\"@id\":\"https:\\\/\\\/fmgente.com.ar\\\/web\\\/filtraron-el-perfil-de-fede-bal-en-una-app-de-citas-y-se-armo-un-escandalo\\\/\",\"url\":\"https:\\\/\\\/fmgente.com.ar\\\/web\\\/filtraron-el-perfil-de-fede-bal-en-una-app-de-citas-y-se-armo-un-escandalo\\\/\",\"name\":\"Filtraron el perfil de Fede Bal en una app de citas y se arm\u00f3 un esc\u00e1ndalo - Fm Gente\",\"isPartOf\":{\"@id\":\"https:\\\/\\\/fmgente.com.ar\\\/web\\\/#website\"},\"primaryImageOfPage\":{\"@id\":\"https:\\\/\\\/fmgente.com.ar\\\/web\\\/filtraron-el-perfil-de-fede-bal-en-una-app-de-citas-y-se-armo-un-escandalo\\\/#primaryimage\"},\"image\":{\"@id\":\"https:\\\/\\\/fmgente.com.ar\\\/web\\\/filtraron-el-perfil-de-fede-bal-en-una-app-de-citas-y-se-armo-un-escandalo\\\/#primaryimage\"},\"thumbnailUrl\":\"https:\\\/\\\/fmgente.com.ar\\\/web\\\/wp-content\\\/uploads\\\/2025\\\/10\\\/Martin-Fierro.jpg-2.webp\",\"datePublished\":\"2025-10-07T00:05:06+00:00\",\"inLanguage\":\"es\",\"potentialAction\":[{\"@type\":\"ReadAction\",\"target\":[\"https:\\\/\\\/fmgente.com.ar\\\/web\\\/filtraron-el-perfil-de-fede-bal-en-una-app-de-citas-y-se-armo-un-escandalo\\\/\"]}]},{\"@type\":\"ImageObject\",\"inLanguage\":\"es\",\"@id\":\"https:\\\/\\\/fmgente.com.ar\\\/web\\\/filtraron-el-perfil-de-fede-bal-en-una-app-de-citas-y-se-armo-un-escandalo\\\/#primaryimage\",\"url\":\"https:\\\/\\\/fmgente.com.ar\\\/web\\\/wp-content\\\/uploads\\\/2025\\\/10\\\/Martin-Fierro.jpg-2.webp\",\"contentUrl\":\"https:\\\/\\\/fmgente.com.ar\\\/web\\\/wp-content\\\/uploads\\\/2025\\\/10\\\/Martin-Fierro.jpg-2.webp\",\"width\":1052,\"height\":665},{\"@type\":\"WebSite\",\"@id\":\"https:\\\/\\\/fmgente.com.ar\\\/web\\\/#website\",\"url\":\"https:\\\/\\\/fmgente.com.ar\\\/web\\\/\",\"name\":\"Fm Gente\",\"description\":\"- Jes\u00fas Mar\u00eda\",\"publisher\":{\"@id\":\"https:\\\/\\\/fmgente.com.ar\\\/web\\\/#organization\"},\"potentialAction\":[{\"@type\":\"SearchAction\",\"target\":{\"@type\":\"EntryPoint\",\"urlTemplate\":\"https:\\\/\\\/fmgente.com.ar\\\/web\\\/?s={search_term_string}\"},\"query-input\":{\"@type\":\"PropertyValueSpecification\",\"valueRequired\":true,\"valueName\":\"search_term_string\"}}],\"inLanguage\":\"es\"},{\"@type\":\"Organization\",\"@id\":\"https:\\\/\\\/fmgente.com.ar\\\/web\\\/#organization\",\"name\":\"Fm Gente\",\"url\":\"https:\\\/\\\/fmgente.com.ar\\\/web\\\/\",\"logo\":{\"@type\":\"ImageObject\",\"inLanguage\":\"es\",\"@id\":\"https:\\\/\\\/fmgente.com.ar\\\/web\\\/#\\\/schema\\\/logo\\\/image\\\/\",\"url\":\"https:\\\/\\\/fmgente.com.ar\\\/web\\\/wp-content\\\/uploads\\\/2023\\\/07\\\/cropped-cropped-logo-sombra2.png\",\"contentUrl\":\"https:\\\/\\\/fmgente.com.ar\\\/web\\\/wp-content\\\/uploads\\\/2023\\\/07\\\/cropped-cropped-logo-sombra2.png\",\"width\":1782,\"height\":1782,\"caption\":\"Fm Gente\"},\"image\":{\"@id\":\"https:\\\/\\\/fmgente.com.ar\\\/web\\\/#\\\/schema\\\/logo\\\/image\\\/\"}}]}<\/script>\n<!-- \/ Yoast SEO plugin. -->","yoast_head_json":{"title":"Filtraron el perfil de Fede Bal en una app de citas y se arm\u00f3 un esc\u00e1ndalo - Fm Gente","robots":{"index":"index","follow":"follow","max-snippet":"max-snippet:-1","max-image-preview":"max-image-preview:large","max-video-preview":"max-video-preview:-1"},"canonical":"https:\/\/fmgente.com.ar\/web\/filtraron-el-perfil-de-fede-bal-en-una-app-de-citas-y-se-armo-un-escandalo\/","og_locale":"es_ES","og_type":"article","og_title":"Filtraron el perfil de Fede Bal en una app de citas y se arm\u00f3 un esc\u00e1ndalo - Fm Gente","og_description":"Un nuevo cap\u00edtulo en la vida sentimental de Fede Bal se escribi\u00f3 a trav\u00e9s de","og_url":"https:\/\/fmgente.com.ar\/web\/filtraron-el-perfil-de-fede-bal-en-una-app-de-citas-y-se-armo-un-escandalo\/","og_site_name":"Fm Gente","article_published_time":"2025-10-07T00:05:06+00:00","og_image":[{"width":1052,"height":665,"url":"https:\/\/fmgente.com.ar\/web\/wp-content\/uploads\/2025\/10\/Martin-Fierro.jpg-2.webp","type":"image\/webp"}],"twitter_card":"summary_large_image","twitter_misc":{"Tiempo de lectura":"3 minutos"},"schema":{"@context":"https:\/\/schema.org","@graph":[{"@type":"Article","@id":"https:\/\/fmgente.com.ar\/web\/filtraron-el-perfil-de-fede-bal-en-una-app-de-citas-y-se-armo-un-escandalo\/#article","isPartOf":{"@id":"https:\/\/fmgente.com.ar\/web\/filtraron-el-perfil-de-fede-bal-en-una-app-de-citas-y-se-armo-un-escandalo\/"},"author":{"name":"","@id":""},"headline":"Filtraron el perfil de Fede Bal en una app de citas y se arm\u00f3 un esc\u00e1ndalo","datePublished":"2025-10-07T00:05:06+00:00","mainEntityOfPage":{"@id":"https:\/\/fmgente.com.ar\/web\/filtraron-el-perfil-de-fede-bal-en-una-app-de-citas-y-se-armo-un-escandalo\/"},"wordCount":554,"publisher":{"@id":"https:\/\/fmgente.com.ar\/web\/#organization"},"image":{"@id":"https:\/\/fmgente.com.ar\/web\/filtraron-el-perfil-de-fede-bal-en-una-app-de-citas-y-se-armo-un-escandalo\/#primaryimage"},"thumbnailUrl":"https:\/\/fmgente.com.ar\/web\/wp-content\/uploads\/2025\/10\/Martin-Fierro.jpg-2.webp","articleSection":["DESTACADAS"],"inLanguage":"es"},{"@type":"WebPage","@id":"https:\/\/fmgente.com.ar\/web\/filtraron-el-perfil-de-fede-bal-en-una-app-de-citas-y-se-armo-un-escandalo\/","url":"https:\/\/fmgente.com.ar\/web\/filtraron-el-perfil-de-fede-bal-en-una-app-de-citas-y-se-armo-un-escandalo\/","name":"Filtraron el perfil de Fede Bal en una app de citas y se arm\u00f3 un esc\u00e1ndalo - Fm Gente","isPartOf":{"@id":"https:\/\/fmgente.com.ar\/web\/#website"},"primaryImageOfPage":{"@id":"https:\/\/fmgente.com.ar\/web\/filtraron-el-perfil-de-fede-bal-en-una-app-de-citas-y-se-armo-un-escandalo\/#primaryimage"},"image":{"@id":"https:\/\/fmgente.com.ar\/web\/filtraron-el-perfil-de-fede-bal-en-una-app-de-citas-y-se-armo-un-escandalo\/#primaryimage"},"thumbnailUrl":"https:\/\/fmgente.com.ar\/web\/wp-content\/uploads\/2025\/10\/Martin-Fierro.jpg-2.webp","datePublished":"2025-10-07T00:05:06+00:00","inLanguage":"es","potentialAction":[{"@type":"ReadAction","target":["https:\/\/fmgente.com.ar\/web\/filtraron-el-perfil-de-fede-bal-en-una-app-de-citas-y-se-armo-un-escandalo\/"]}]},{"@type":"ImageObject","inLanguage":"es","@id":"https:\/\/fmgente.com.ar\/web\/filtraron-el-perfil-de-fede-bal-en-una-app-de-citas-y-se-armo-un-escandalo\/#primaryimage","url":"https:\/\/fmgente.com.ar\/web\/wp-content\/uploads\/2025\/10\/Martin-Fierro.jpg-2.webp","contentUrl":"https:\/\/fmgente.com.ar\/web\/wp-content\/uploads\/2025\/10\/Martin-Fierro.jpg-2.webp","width":1052,"height":665},{"@type":"WebSite","@id":"https:\/\/fmgente.com.ar\/web\/#website","url":"https:\/\/fmgente.com.ar\/web\/","name":"Fm Gente","description":"- Jes\u00fas Mar\u00eda","publisher":{"@id":"https:\/\/fmgente.com.ar\/web\/#organization"},"potentialAction":[{"@type":"SearchAction","target":{"@type":"EntryPoint","urlTemplate":"https:\/\/fmgente.com.ar\/web\/?s={search_term_string}"},"query-input":{"@type":"PropertyValueSpecification","valueRequired":true,"valueName":"search_term_string"}}],"inLanguage":"es"},{"@type":"Organization","@id":"https:\/\/fmgente.com.ar\/web\/#organization","name":"Fm Gente","url":"https:\/\/fmgente.com.ar\/web\/","logo":{"@type":"ImageObject","inLanguage":"es","@id":"https:\/\/fmgente.com.ar\/web\/#\/schema\/logo\/image\/","url":"https:\/\/fmgente.com.ar\/web\/wp-content\/uploads\/2023\/07\/cropped-cropped-logo-sombra2.png","contentUrl":"https:\/\/fmgente.com.ar\/web\/wp-content\/uploads\/2023\/07\/cropped-cropped-logo-sombra2.png","width":1782,"height":1782,"caption":"Fm Gente"},"image":{"@id":"https:\/\/fmgente.com.ar\/web\/#\/schema\/logo\/image\/"}}]}},"_links":{"self":[{"href":"https:\/\/fmgente.com.ar\/web\/wp-json\/wp\/v2\/posts\/6213","targetHints":{"allow":["GET"]}}],"collection":[{"href":"https:\/\/fmgente.com.ar\/web\/wp-json\/wp\/v2\/posts"}],"about":[{"href":"https:\/\/fmgente.com.ar\/web\/wp-json\/wp\/v2\/types\/post"}],"replies":[{"embeddable":true,"href":"https:\/\/fmgente.com.ar\/web\/wp-json\/wp\/v2\/comments?post=6213"}],"version-history":[{"count":0,"href":"https:\/\/fmgente.com.ar\/web\/wp-json\/wp\/v2\/posts\/6213\/revisions"}],"wp:featuredmedia":[{"embeddable":true,"href":"https:\/\/fmgente.com.ar\/web\/wp-json\/wp\/v2\/media\/6214"}],"wp:attachment":[{"href":"https:\/\/fmgente.com.ar\/web\/wp-json\/wp\/v2\/media?parent=6213"}],"wp:term":[{"taxonomy":"category","embeddable":true,"href":"https:\/\/fmgente.com.ar\/web\/wp-json\/wp\/v2\/categories?post=6213"},{"taxonomy":"post_tag","embeddable":true,"href":"https:\/\/fmgente.com.ar\/web\/wp-json\/wp\/v2\/tags?post=6213"}],"curies":[{"name":"wp","href":"https:\/\/api.w.org\/{rel}","templated":true}]}}