{"id":6211,"date":"2025-10-06T20:07:54","date_gmt":"2025-10-06T23:07:54","guid":{"rendered":"https:\/\/fmgente.com.ar\/juana-repetto-se-grabo-tomando-una-cerveza-en-medio-de-su-embarazo-y-desato-un-escandalo\/"},"modified":"2025-10-06T20:07:54","modified_gmt":"2025-10-06T23:07:54","slug":"juana-repetto-se-grabo-tomando-una-cerveza-en-medio-de-su-embarazo-y-desato-un-escandalo","status":"publish","type":"post","link":"https:\/\/fmgente.com.ar\/web\/juana-repetto-se-grabo-tomando-una-cerveza-en-medio-de-su-embarazo-y-desato-un-escandalo\/","title":{"rendered":"Juana Repetto se grab\u00f3 tomando una cerveza en medio de su embarazo y desat\u00f3 un esc\u00e1ndalo"},"content":{"rendered":"<p>A pocas semanas de convertirse en mam\u00e1 por tercera vez, <strong>Juana Repetto<\/strong> volvi\u00f3 a mostrarse tan genuina como siempre. A trav\u00e9s de sus redes sociales, eligi\u00f3 compartir las luces y sombras del embarazo, esa mezcla de plenitud, incomodidades y emociones que transita sin maquillajes. Sin embargo, su transparencia volvi\u00f3 a hacerla el foco de las cr\u00edticas.<\/p>\n<p>Todo comenz\u00f3 con un simple video que <strong><a href=\"https:\/\/www.paparazzi.com.ar\/teve\/el-drama-familiar-que-vive-juana-repetto-embarazada-de-4-meses-de-su-tercer-hijo\/\">Juana<\/a><\/strong> subi\u00f3 a sus historias de Instagram. All\u00ed se la pod\u00eda ver disfrutando de un almuerzo con amigos, entre risas y una mesa repleta de snacks, gaseosas y una botella de cerveza. Este \u00faltimo detalle no pas\u00f3 desapercibido, ya que por cuestiones l\u00f3gicas, estando embarazada no deber\u00eda tomar alcohol por su beb\u00e9.<\/p>\n<p>Como si supiera lo que se pod\u00eda venir y el efecto rebote de dicho video, <strong><a href=\"https:\/\/www.paparazzi.com.ar\/teve\/el-duro-momento-juana-repetto-con-su-tercer-mes-de-embarazo-me-cuesta-muchisimo\/\">Juana<\/a><\/strong> explic\u00f3 entre risas: <em>\u201cEsta mesa no se puede ni mostrar\u201d<\/em>. Pero en esa misma l\u00ednea advirti\u00f3 enseguida que su intenci\u00f3n era mostrarse tal cual es, como lo hace en todo momento:<em> \u201cNo importa, yo la voy a mostrar porque siempre muestro la realidad de la vida\u201d<\/em>.<\/p>\n<div class=\"mt-box \">\n<h4 class=\"mt-heading\">Mir\u00e1 Tambi\u00e9n<\/h4>\n<p><a href=\"https:\/\/www.paparazzi.com.ar\/videos\/exclusivo-marcelo-polino-hablo-como-nunca-de-su-vida-intima-y-conto-cuando-fue-la-ultima-vez-que-tuvo-sexo-con-una-mujer\/\"><\/p>\n<div class=\"mt-content\">\n<div class=\"mt-image-container\"><img decoding=\"async\" src=\"https:\/\/www.paparazzi.com.ar\/wp-content\/uploads\/2025\/09\/IMG_5980.jpg.webp\" alt=\"\u00a1Exclusivo! Marcelo Polino habl\u00f3 como nunca de su vida \u00edntima y cont\u00f3 cu\u00e1ndo fue la \u00faltima vez que tuvo sexo con una mujer\u00a0\" class=\"mt-image\" loading=\"lazy\" \/><\/div>\n<h5 class=\"mt-title\">\u00a1Exclusivo! Marcelo Polino habl\u00f3 como nunca de su vida \u00edntima y cont\u00f3 cu\u00e1ndo fue la \u00faltima vez que tuvo sexo con una mujer\u00a0<\/h5>\n<\/div>\n<p><\/a><\/div>\n<p>Por supuesto que el clip de <strong><a href=\"https:\/\/www.paparazzi.com.ar\/romances\/juana-repetto-revelo-el-secreto-de-por-que-no-quiere-reconciliarse-con-su-ex-a-pesar-del-embarazo\/\">Juana<\/a><\/strong> no tard\u00f3 en generar reacciones encontradas, con fuertes cr\u00edticas y hasta mensajes privados que fue recibiendo en su bandeja de entrada. Varias seguidoras se mostraron preocupadas y confundidas por la presencia de la bebida, sabiendo que el ingerir alcohol en este momento puede traerle problemas a su beb\u00e9.<\/p>\n<h2 class=\"wp-block-heading\">JUANA REPETTO EXPLIC\u00d3 POR QU\u00c9 ESTABA TOMANDO UNA CERVEZA ESTANDO EMBARAZADA<\/h2>\n<p><em>\u201c\u00bfPod\u00e9s tomar cerveza?\u201d<\/em>, le preguntaron insistentemente. Si bien no mostr\u00f3 todos los mensajes que fue recibiendo, <strong>la hija de Reina Reech<\/strong> afront\u00f3 la situaci\u00f3n y se encarg\u00f3 de aclarar todo el conflicto minutos despu\u00e9s. \u00bfC\u00f3mo lo hizo? Con una foto de la botella donde se puede ver que era una cerveza sin alcohol. <em>\u201cPara todas las preocupad\u00edsimas\u201d<\/em>, escribi\u00f3 de forma ir\u00f3nica.<\/p>\n<p>Sin embargo, y como era de esperar, el episodio volvi\u00f3 a encender una discusi\u00f3n ya recurrente cada vez que la actriz habla de su maternidad. En los \u00faltimos d\u00edas, <strong>Juana<\/strong> tambi\u00e9n hab\u00eda hecho referencia al impacto emocional de los cambios f\u00edsicos que vive durante el embarazo, algo que gener\u00f3 opiniones encontradas entre sus seguidores.<\/p>\n<div class=\"mt-box \">\n<h4 class=\"mt-heading\">Mir\u00e1 Tambi\u00e9n<\/h4>\n<p><a href=\"https:\/\/www.paparazzi.com.ar\/teve\/el-drama-familiar-que-vive-juana-repetto-embarazada-de-4-meses-de-su-tercer-hijo\/\"><\/p>\n<div class=\"mt-content\">\n<div class=\"mt-image-container\"><img decoding=\"async\" src=\"https:\/\/www.paparazzi.com.ar\/wp-content\/uploads\/2025\/05\/Juana-Repetto-y-Reina-reech.jpg.webp\" alt=\"El drama familiar que vive Juana Repetto embarazada de 4 meses de su tercer hijo\" class=\"mt-image\" loading=\"lazy\" \/><\/div>\n<h5 class=\"mt-title\">El drama familiar que vive Juana Repetto embarazada de 4 meses de su tercer hijo<\/h5>\n<\/div>\n<p><\/a><\/div>\n<p><em>\u201cMe qued\u00e9 pensando en esto del cambio f\u00edsico. Yo me lo estoy tratando de tomar con humor, pero en el fondo un poco me cuesta a m\u00ed. No me hace feliz. Verme la panza es divino, pero te crece el cu\u2026, la papada. Me veo en el programa y es tipo: \u2018Me re noto el cambio f\u00edsico\u2019. Y no solo en la panza, entonces me cuesta mucho\u201d<\/em>, se sincer\u00f3 la influencer.<\/p>\n<p>Entre opiniones divididas, hubo quienes valoraron la autenticidad de <strong>Juana<\/strong> y empatizaron con su vulnerabilidad, y otras que la criticaron por <em>\u201cquejarse\u201d<\/em> en una etapa donde socialmente se espera felicidad constante. Como siempre, cada posteo de la actriz tiene un efecto rebote.<\/p>\n<figure class=\"wp-block-image size-full\"><img decoding=\"async\" width=\"330\" height=\"576\" src=\"https:\/\/www.paparazzi.com.ar\/wp-content\/uploads\/2025\/10\/juana-repetto-cerveza-1.png.webp\" loading=\"lazy\" alt=\"\" class=\"wp-image-446651\" \/><\/figure>\n<div class=\"mt-box \">\n<h4 class=\"mt-heading\">Mir\u00e1 Tambi\u00e9n<\/h4>\n<p><a href=\"https:\/\/www.paparazzi.com.ar\/teve\/el-duro-momento-juana-repetto-con-su-tercer-mes-de-embarazo-me-cuesta-muchisimo\/\"><\/p>\n<div class=\"mt-content\">\n<div class=\"mt-image-container\"><img decoding=\"async\" src=\"https:\/\/www.paparazzi.com.ar\/wp-content\/uploads\/2025\/08\/Juana-Repetto-2.jpg.webp\" alt=\"El duro momento Juana Repetto con su tercer mes de embarazo: \u201cMe cuesta much\u00edsimo\u2026\u201d\" class=\"mt-image\" loading=\"lazy\" \/><\/div>\n<h5 class=\"mt-title\">El duro momento Juana Repetto con su tercer mes de embarazo: \u201cMe cuesta much\u00edsimo\u2026\u201d<\/h5>\n<\/div>\n<p><\/a><\/div>\n<div class=\"mt-box \">\n<h4 class=\"mt-heading\">Mir\u00e1 Tambi\u00e9n<\/h4>\n<p><a href=\"https:\/\/www.paparazzi.com.ar\/romances\/juana-repetto-revelo-el-secreto-de-por-que-no-quiere-reconciliarse-con-su-ex-a-pesar-del-embarazo\/\"><\/p>\n<div class=\"mt-content\">\n<div class=\"mt-image-container\"><img decoding=\"async\" src=\"https:\/\/www.paparazzi.com.ar\/wp-content\/uploads\/2025\/08\/El-ex-de-Juana-Repetto-Sebastian-Graviotto-confirmo-si-el-hijo-que-espera-la-actriz-es-suyo-o-de-otro-hombre.jpg.webp\" alt=\"Juana Repetto revel\u00f3 el secreto de por qu\u00e9 no quiere reconciliarse con su ex a pesar del embarazo\" class=\"mt-image\" loading=\"lazy\" \/><\/div>\n<h5 class=\"mt-title\">Juana Repetto revel\u00f3 el secreto de por qu\u00e9 no quiere reconciliarse con su ex a pesar del embarazo<\/h5>\n<\/div>\n<p><\/a><\/div>\n<p>The post <a href=\"https:\/\/www.paparazzi.com.ar\/teve\/juana-repetto-se-grabo-tomando-una-cerveza-en-medio-de-su-embarazo-y-desato-un-escandalo\/\">Juana Repetto se grab\u00f3 tomando una cerveza en medio de su embarazo y desat\u00f3 un esc\u00e1ndalo<\/a> appeared first on <a href=\"https:\/\/www.paparazzi.com.ar\">Revista Paparazzi<\/a>.<\/p>\n","protected":false},"excerpt":{"rendered":"<p>A pocas semanas de convertirse en mam\u00e1 por tercera vez, Juana Repetto volvi\u00f3 a mostrarse<\/p>\n","protected":false},"author":0,"featured_media":6212,"comment_status":"","ping_status":"","sticky":false,"template":"","format":"standard","meta":{"footnotes":""},"categories":[11],"tags":[],"class_list":["post-6211","post","type-post","status-publish","format-standard","has-post-thumbnail","hentry","category-destacadas"],"yoast_head":"<!-- This site is optimized with the Yoast SEO plugin v28.3 - https:\/\/yoast.com\/product\/yoast-seo-wordpress\/ -->\n<title>Juana Repetto se grab\u00f3 tomando una cerveza en medio de su embarazo y desat\u00f3 un esc\u00e1ndalo - Fm Gente<\/title>\n<meta name=\"robots\" content=\"index, follow, max-snippet:-1, max-image-preview:large, max-video-preview:-1\" \/>\n<link rel=\"canonical\" href=\"https:\/\/fmgente.com.ar\/web\/juana-repetto-se-grabo-tomando-una-cerveza-en-medio-de-su-embarazo-y-desato-un-escandalo\/\" \/>\n<meta property=\"og:locale\" content=\"es_ES\" \/>\n<meta property=\"og:type\" content=\"article\" \/>\n<meta property=\"og:title\" content=\"Juana Repetto se grab\u00f3 tomando una cerveza en medio de su embarazo y desat\u00f3 un esc\u00e1ndalo - Fm Gente\" \/>\n<meta property=\"og:description\" content=\"A pocas semanas de convertirse en mam\u00e1 por tercera vez, Juana Repetto volvi\u00f3 a mostrarse\" \/>\n<meta property=\"og:url\" content=\"https:\/\/fmgente.com.ar\/web\/juana-repetto-se-grabo-tomando-una-cerveza-en-medio-de-su-embarazo-y-desato-un-escandalo\/\" \/>\n<meta property=\"og:site_name\" content=\"Fm Gente\" \/>\n<meta property=\"article:published_time\" content=\"2025-10-06T23:07:54+00:00\" \/>\n<meta property=\"og:image\" content=\"https:\/\/fmgente.com.ar\/web\/wp-content\/uploads\/2025\/10\/IMG_5980.jpg-3.webp\" \/>\n\t<meta property=\"og:image:width\" content=\"1900\" \/>\n\t<meta property=\"og:image:height\" content=\"1425\" \/>\n\t<meta property=\"og:image:type\" content=\"image\/webp\" \/>\n<meta name=\"twitter:card\" content=\"summary_large_image\" \/>\n<meta name=\"twitter:label1\" content=\"Tiempo de lectura\" \/>\n\t<meta name=\"twitter:data1\" content=\"3 minutos\" \/>\n<script type=\"application\/ld+json\" class=\"yoast-schema-graph\">{\"@context\":\"https:\\\/\\\/schema.org\",\"@graph\":[{\"@type\":\"Article\",\"@id\":\"https:\\\/\\\/fmgente.com.ar\\\/web\\\/juana-repetto-se-grabo-tomando-una-cerveza-en-medio-de-su-embarazo-y-desato-un-escandalo\\\/#article\",\"isPartOf\":{\"@id\":\"https:\\\/\\\/fmgente.com.ar\\\/web\\\/juana-repetto-se-grabo-tomando-una-cerveza-en-medio-de-su-embarazo-y-desato-un-escandalo\\\/\"},\"author\":{\"name\":\"\",\"@id\":\"\"},\"headline\":\"Juana Repetto se grab\u00f3 tomando una cerveza en medio de su embarazo y desat\u00f3 un esc\u00e1ndalo\",\"datePublished\":\"2025-10-06T23:07:54+00:00\",\"mainEntityOfPage\":{\"@id\":\"https:\\\/\\\/fmgente.com.ar\\\/web\\\/juana-repetto-se-grabo-tomando-una-cerveza-en-medio-de-su-embarazo-y-desato-un-escandalo\\\/\"},\"wordCount\":617,\"publisher\":{\"@id\":\"https:\\\/\\\/fmgente.com.ar\\\/web\\\/#organization\"},\"image\":{\"@id\":\"https:\\\/\\\/fmgente.com.ar\\\/web\\\/juana-repetto-se-grabo-tomando-una-cerveza-en-medio-de-su-embarazo-y-desato-un-escandalo\\\/#primaryimage\"},\"thumbnailUrl\":\"https:\\\/\\\/fmgente.com.ar\\\/web\\\/wp-content\\\/uploads\\\/2025\\\/10\\\/IMG_5980.jpg-3.webp\",\"articleSection\":[\"DESTACADAS\"],\"inLanguage\":\"es\"},{\"@type\":\"WebPage\",\"@id\":\"https:\\\/\\\/fmgente.com.ar\\\/web\\\/juana-repetto-se-grabo-tomando-una-cerveza-en-medio-de-su-embarazo-y-desato-un-escandalo\\\/\",\"url\":\"https:\\\/\\\/fmgente.com.ar\\\/web\\\/juana-repetto-se-grabo-tomando-una-cerveza-en-medio-de-su-embarazo-y-desato-un-escandalo\\\/\",\"name\":\"Juana Repetto se grab\u00f3 tomando una cerveza en medio de su embarazo y desat\u00f3 un esc\u00e1ndalo - Fm Gente\",\"isPartOf\":{\"@id\":\"https:\\\/\\\/fmgente.com.ar\\\/web\\\/#website\"},\"primaryImageOfPage\":{\"@id\":\"https:\\\/\\\/fmgente.com.ar\\\/web\\\/juana-repetto-se-grabo-tomando-una-cerveza-en-medio-de-su-embarazo-y-desato-un-escandalo\\\/#primaryimage\"},\"image\":{\"@id\":\"https:\\\/\\\/fmgente.com.ar\\\/web\\\/juana-repetto-se-grabo-tomando-una-cerveza-en-medio-de-su-embarazo-y-desato-un-escandalo\\\/#primaryimage\"},\"thumbnailUrl\":\"https:\\\/\\\/fmgente.com.ar\\\/web\\\/wp-content\\\/uploads\\\/2025\\\/10\\\/IMG_5980.jpg-3.webp\",\"datePublished\":\"2025-10-06T23:07:54+00:00\",\"inLanguage\":\"es\",\"potentialAction\":[{\"@type\":\"ReadAction\",\"target\":[\"https:\\\/\\\/fmgente.com.ar\\\/web\\\/juana-repetto-se-grabo-tomando-una-cerveza-en-medio-de-su-embarazo-y-desato-un-escandalo\\\/\"]}]},{\"@type\":\"ImageObject\",\"inLanguage\":\"es\",\"@id\":\"https:\\\/\\\/fmgente.com.ar\\\/web\\\/juana-repetto-se-grabo-tomando-una-cerveza-en-medio-de-su-embarazo-y-desato-un-escandalo\\\/#primaryimage\",\"url\":\"https:\\\/\\\/fmgente.com.ar\\\/web\\\/wp-content\\\/uploads\\\/2025\\\/10\\\/IMG_5980.jpg-3.webp\",\"contentUrl\":\"https:\\\/\\\/fmgente.com.ar\\\/web\\\/wp-content\\\/uploads\\\/2025\\\/10\\\/IMG_5980.jpg-3.webp\",\"width\":1900,\"height\":1425},{\"@type\":\"WebSite\",\"@id\":\"https:\\\/\\\/fmgente.com.ar\\\/web\\\/#website\",\"url\":\"https:\\\/\\\/fmgente.com.ar\\\/web\\\/\",\"name\":\"Fm Gente\",\"description\":\"- Jes\u00fas Mar\u00eda\",\"publisher\":{\"@id\":\"https:\\\/\\\/fmgente.com.ar\\\/web\\\/#organization\"},\"potentialAction\":[{\"@type\":\"SearchAction\",\"target\":{\"@type\":\"EntryPoint\",\"urlTemplate\":\"https:\\\/\\\/fmgente.com.ar\\\/web\\\/?s={search_term_string}\"},\"query-input\":{\"@type\":\"PropertyValueSpecification\",\"valueRequired\":true,\"valueName\":\"search_term_string\"}}],\"inLanguage\":\"es\"},{\"@type\":\"Organization\",\"@id\":\"https:\\\/\\\/fmgente.com.ar\\\/web\\\/#organization\",\"name\":\"Fm Gente\",\"url\":\"https:\\\/\\\/fmgente.com.ar\\\/web\\\/\",\"logo\":{\"@type\":\"ImageObject\",\"inLanguage\":\"es\",\"@id\":\"https:\\\/\\\/fmgente.com.ar\\\/web\\\/#\\\/schema\\\/logo\\\/image\\\/\",\"url\":\"https:\\\/\\\/fmgente.com.ar\\\/web\\\/wp-content\\\/uploads\\\/2023\\\/07\\\/cropped-cropped-logo-sombra2.png\",\"contentUrl\":\"https:\\\/\\\/fmgente.com.ar\\\/web\\\/wp-content\\\/uploads\\\/2023\\\/07\\\/cropped-cropped-logo-sombra2.png\",\"width\":1782,\"height\":1782,\"caption\":\"Fm Gente\"},\"image\":{\"@id\":\"https:\\\/\\\/fmgente.com.ar\\\/web\\\/#\\\/schema\\\/logo\\\/image\\\/\"}}]}<\/script>\n<!-- \/ Yoast SEO plugin. -->","yoast_head_json":{"title":"Juana Repetto se grab\u00f3 tomando una cerveza en medio de su embarazo y desat\u00f3 un esc\u00e1ndalo - Fm Gente","robots":{"index":"index","follow":"follow","max-snippet":"max-snippet:-1","max-image-preview":"max-image-preview:large","max-video-preview":"max-video-preview:-1"},"canonical":"https:\/\/fmgente.com.ar\/web\/juana-repetto-se-grabo-tomando-una-cerveza-en-medio-de-su-embarazo-y-desato-un-escandalo\/","og_locale":"es_ES","og_type":"article","og_title":"Juana Repetto se grab\u00f3 tomando una cerveza en medio de su embarazo y desat\u00f3 un esc\u00e1ndalo - Fm Gente","og_description":"A pocas semanas de convertirse en mam\u00e1 por tercera vez, Juana Repetto volvi\u00f3 a mostrarse","og_url":"https:\/\/fmgente.com.ar\/web\/juana-repetto-se-grabo-tomando-una-cerveza-en-medio-de-su-embarazo-y-desato-un-escandalo\/","og_site_name":"Fm Gente","article_published_time":"2025-10-06T23:07:54+00:00","og_image":[{"width":1900,"height":1425,"url":"https:\/\/fmgente.com.ar\/web\/wp-content\/uploads\/2025\/10\/IMG_5980.jpg-3.webp","type":"image\/webp"}],"twitter_card":"summary_large_image","twitter_misc":{"Tiempo de lectura":"3 minutos"},"schema":{"@context":"https:\/\/schema.org","@graph":[{"@type":"Article","@id":"https:\/\/fmgente.com.ar\/web\/juana-repetto-se-grabo-tomando-una-cerveza-en-medio-de-su-embarazo-y-desato-un-escandalo\/#article","isPartOf":{"@id":"https:\/\/fmgente.com.ar\/web\/juana-repetto-se-grabo-tomando-una-cerveza-en-medio-de-su-embarazo-y-desato-un-escandalo\/"},"author":{"name":"","@id":""},"headline":"Juana Repetto se grab\u00f3 tomando una cerveza en medio de su embarazo y desat\u00f3 un esc\u00e1ndalo","datePublished":"2025-10-06T23:07:54+00:00","mainEntityOfPage":{"@id":"https:\/\/fmgente.com.ar\/web\/juana-repetto-se-grabo-tomando-una-cerveza-en-medio-de-su-embarazo-y-desato-un-escandalo\/"},"wordCount":617,"publisher":{"@id":"https:\/\/fmgente.com.ar\/web\/#organization"},"image":{"@id":"https:\/\/fmgente.com.ar\/web\/juana-repetto-se-grabo-tomando-una-cerveza-en-medio-de-su-embarazo-y-desato-un-escandalo\/#primaryimage"},"thumbnailUrl":"https:\/\/fmgente.com.ar\/web\/wp-content\/uploads\/2025\/10\/IMG_5980.jpg-3.webp","articleSection":["DESTACADAS"],"inLanguage":"es"},{"@type":"WebPage","@id":"https:\/\/fmgente.com.ar\/web\/juana-repetto-se-grabo-tomando-una-cerveza-en-medio-de-su-embarazo-y-desato-un-escandalo\/","url":"https:\/\/fmgente.com.ar\/web\/juana-repetto-se-grabo-tomando-una-cerveza-en-medio-de-su-embarazo-y-desato-un-escandalo\/","name":"Juana Repetto se grab\u00f3 tomando una cerveza en medio de su embarazo y desat\u00f3 un esc\u00e1ndalo - Fm Gente","isPartOf":{"@id":"https:\/\/fmgente.com.ar\/web\/#website"},"primaryImageOfPage":{"@id":"https:\/\/fmgente.com.ar\/web\/juana-repetto-se-grabo-tomando-una-cerveza-en-medio-de-su-embarazo-y-desato-un-escandalo\/#primaryimage"},"image":{"@id":"https:\/\/fmgente.com.ar\/web\/juana-repetto-se-grabo-tomando-una-cerveza-en-medio-de-su-embarazo-y-desato-un-escandalo\/#primaryimage"},"thumbnailUrl":"https:\/\/fmgente.com.ar\/web\/wp-content\/uploads\/2025\/10\/IMG_5980.jpg-3.webp","datePublished":"2025-10-06T23:07:54+00:00","inLanguage":"es","potentialAction":[{"@type":"ReadAction","target":["https:\/\/fmgente.com.ar\/web\/juana-repetto-se-grabo-tomando-una-cerveza-en-medio-de-su-embarazo-y-desato-un-escandalo\/"]}]},{"@type":"ImageObject","inLanguage":"es","@id":"https:\/\/fmgente.com.ar\/web\/juana-repetto-se-grabo-tomando-una-cerveza-en-medio-de-su-embarazo-y-desato-un-escandalo\/#primaryimage","url":"https:\/\/fmgente.com.ar\/web\/wp-content\/uploads\/2025\/10\/IMG_5980.jpg-3.webp","contentUrl":"https:\/\/fmgente.com.ar\/web\/wp-content\/uploads\/2025\/10\/IMG_5980.jpg-3.webp","width":1900,"height":1425},{"@type":"WebSite","@id":"https:\/\/fmgente.com.ar\/web\/#website","url":"https:\/\/fmgente.com.ar\/web\/","name":"Fm Gente","description":"- Jes\u00fas Mar\u00eda","publisher":{"@id":"https:\/\/fmgente.com.ar\/web\/#organization"},"potentialAction":[{"@type":"SearchAction","target":{"@type":"EntryPoint","urlTemplate":"https:\/\/fmgente.com.ar\/web\/?s={search_term_string}"},"query-input":{"@type":"PropertyValueSpecification","valueRequired":true,"valueName":"search_term_string"}}],"inLanguage":"es"},{"@type":"Organization","@id":"https:\/\/fmgente.com.ar\/web\/#organization","name":"Fm Gente","url":"https:\/\/fmgente.com.ar\/web\/","logo":{"@type":"ImageObject","inLanguage":"es","@id":"https:\/\/fmgente.com.ar\/web\/#\/schema\/logo\/image\/","url":"https:\/\/fmgente.com.ar\/web\/wp-content\/uploads\/2023\/07\/cropped-cropped-logo-sombra2.png","contentUrl":"https:\/\/fmgente.com.ar\/web\/wp-content\/uploads\/2023\/07\/cropped-cropped-logo-sombra2.png","width":1782,"height":1782,"caption":"Fm Gente"},"image":{"@id":"https:\/\/fmgente.com.ar\/web\/#\/schema\/logo\/image\/"}}]}},"_links":{"self":[{"href":"https:\/\/fmgente.com.ar\/web\/wp-json\/wp\/v2\/posts\/6211","targetHints":{"allow":["GET"]}}],"collection":[{"href":"https:\/\/fmgente.com.ar\/web\/wp-json\/wp\/v2\/posts"}],"about":[{"href":"https:\/\/fmgente.com.ar\/web\/wp-json\/wp\/v2\/types\/post"}],"replies":[{"embeddable":true,"href":"https:\/\/fmgente.com.ar\/web\/wp-json\/wp\/v2\/comments?post=6211"}],"version-history":[{"count":0,"href":"https:\/\/fmgente.com.ar\/web\/wp-json\/wp\/v2\/posts\/6211\/revisions"}],"wp:featuredmedia":[{"embeddable":true,"href":"https:\/\/fmgente.com.ar\/web\/wp-json\/wp\/v2\/media\/6212"}],"wp:attachment":[{"href":"https:\/\/fmgente.com.ar\/web\/wp-json\/wp\/v2\/media?parent=6211"}],"wp:term":[{"taxonomy":"category","embeddable":true,"href":"https:\/\/fmgente.com.ar\/web\/wp-json\/wp\/v2\/categories?post=6211"},{"taxonomy":"post_tag","embeddable":true,"href":"https:\/\/fmgente.com.ar\/web\/wp-json\/wp\/v2\/tags?post=6211"}],"curies":[{"name":"wp","href":"https:\/\/api.w.org\/{rel}","templated":true}]}}