{"id":6209,"date":"2025-10-06T20:07:53","date_gmt":"2025-10-06T23:07:53","guid":{"rendered":"https:\/\/fmgente.com.ar\/romance-en-puerta-zaira-nara-y-un-joven-famoso-juntos-la-foto\/"},"modified":"2025-10-06T20:07:53","modified_gmt":"2025-10-06T23:07:53","slug":"romance-en-puerta-zaira-nara-y-un-joven-famoso-juntos-la-foto","status":"publish","type":"post","link":"https:\/\/fmgente.com.ar\/web\/romance-en-puerta-zaira-nara-y-un-joven-famoso-juntos-la-foto\/","title":{"rendered":"\u00bfRomance en puerta? Zaira Nara y un joven famoso juntos: la foto"},"content":{"rendered":"<p>Los rumores sobre un posible romance entre <strong><a href=\"https:\/\/www.paparazzi.com.ar\/?s=Zaira+Nara\">Zaira Nara<\/a><\/strong> y el streamer <strong><a href=\"https:\/\/www.paparazzi.com.ar\/?s=Bauleti\">Bauleti<\/a><\/strong> volvieron a estallar tras una salida grupal al show de <strong><a href=\"https:\/\/www.paparazzi.com.ar\/?s=Luck+Ra\">Luck Ra<\/a><\/strong>. Las im\u00e1genes de ambos juntos en el recital se viralizaron r\u00e1pidamente, y las redes no tardaron en reaccionar:<em> \u201cHay qu\u00edmica\u201d, \u201cEl ship es real\u201d y \u201cLa pareja menos pensada del a\u00f1o\u201d,<\/em> fueron algunos de los comentarios.<\/p>\n<p>Aunque tanto Zaira como Bauleti insisten en que solo los une una amistad, sus interacciones p\u00fablicas alimentan la sospecha de que hay algo m\u00e1s. Todo empez\u00f3 hace unos meses, cuando el joven streamer \u2014cuyo nombre real es <strong>Santiago Baietti<\/strong>\u2014 lanz\u00f3 con humor en X: <em>\u201cYo este a\u00f1o lo termino de novio con Zaira Nara\u201d<\/em>. <\/p>\n<p>Lo que parec\u00eda una simple broma se transform\u00f3 en una especie de profec\u00eda que cada d\u00eda gana m\u00e1s atenci\u00f3n. Desde entonces, hubo una seguidilla de gestos. Comentarios cari\u00f1osos en Instagram, historias cruzadas, y hasta una transmisi\u00f3n en vivo donde \u00e9l apareci\u00f3 con una remera con la cara de Zaira estampada y le llev\u00f3 mariachis como sorpresa. <\/p>\n<div class=\"mt-box \">\n<h4 class=\"mt-heading\">Mir\u00e1 Tambi\u00e9n<\/h4>\n<p><a href=\"https:\/\/www.paparazzi.com.ar\/looks\/exclusivo-los-looks-de-los-famosos-en-los-martin-fierro-de-television-2025\/\"><\/p>\n<div class=\"mt-content\">\n<div class=\"mt-image-container\"><img decoding=\"async\" src=\"https:\/\/www.paparazzi.com.ar\/wp-content\/uploads\/2025\/09\/Martin-Fierro.jpg.webp\" alt=\"\u00a1Exclusivo! Los looks de los famosos en los Mart\u00edn Fierro de Televisi\u00f3n 2025\" class=\"mt-image\" loading=\"lazy\" \/><\/div>\n<h5 class=\"mt-title\">\u00a1Exclusivo! Los looks de los famosos en los Mart\u00edn Fierro de Televisi\u00f3n 2025<\/h5>\n<\/div>\n<p><\/a><\/div>\n<p>En las \u00faltimas horas, la foto de ambos en el recital de Luck Ra volvi\u00f3 a encender el fuego. En la imagen se los ve sonrientes, muy cerca uno del otro, compartiendo la noche con amigos. Aunque no hubo muestras expl\u00edcitas de cari\u00f1o, la presencia conjunta bast\u00f3 para que la especulaci\u00f3n se dispare otra vez.<\/p>\n<p>Consultada en la alfombra roja de los Mart\u00edn Fierro 2025, Zaira eligi\u00f3 el perfil bajo, pero dej\u00f3 frases que no pasaron inadvertidas: <em>\u201cNos conocimos el otro d\u00eda, me divert\u00ed mucho\u201d<\/em> y <em>\u201cHay una comunidad que est\u00e1 esperando m\u00e1s cosas\u201d<\/em>. Una forma elegante de reconocer la conexi\u00f3n, sin ponerle etiquetas.<\/p>\n<div class=\"mt-box \">\n<h4 class=\"mt-heading\">Mir\u00e1 Tambi\u00e9n<\/h4>\n<p><a href=\"https:\/\/www.paparazzi.com.ar\/teve\/zaira-nara-se-planto-con-telefe-e-impuso-una-fuerte-condicion-en-los-martin-fierro-el-fuerte-pedido-que-hizo\/\"><\/p>\n<div class=\"mt-content\">\n<div class=\"mt-image-container\"><img decoding=\"async\" src=\"https:\/\/www.paparazzi.com.ar\/wp-content\/uploads\/2025\/09\/Zaira-Nara-se-planto-con-Telefe-e-impuso-una-fuerte-condicion-en-los-Martin-Fierro-el-fuerte-pedido-que-hizo.jpg.webp\" alt=\"Zaira Nara se plant\u00f3 con Telefe e impuso una fuerte condici\u00f3n en los Mart\u00edn Fierro: el fuerte pedido que hizo\" class=\"mt-image\" loading=\"lazy\" \/><\/div>\n<h5 class=\"mt-title\">Zaira Nara se plant\u00f3 con Telefe e impuso una fuerte condici\u00f3n en los Mart\u00edn Fierro: el fuerte pedido que hizo<\/h5>\n<\/div>\n<p><\/a><\/div>\n<p>Por su parte, Bauleti sigue alimentando el misterio desde sus streams, donde cada vez que mencionan a la modelo sonr\u00ede o esquiva la pregunta con iron\u00eda. Sus seguidores ya bautizaron el supuesto v\u00ednculo como \u201cZaireti\u201d, y cada aparici\u00f3n de ambos juntos se convierte en tendencia.<\/p>\n<p>La historia entre ambos combina dos mundos: el del entretenimiento tradicional y el del streaming, una fusi\u00f3n que los fan\u00e1ticos consumen con fascinaci\u00f3n. Ella, con su elegancia medi\u00e1tica; \u00e9l, con su humor y espontaneidad. Dos estilos distintos que, juntos, generan un fen\u00f3meno que no para de crecer.<\/p>\n<h2 class=\"wp-block-heading\">La foto de Zaira Nara con Bauleti juntos en el recital de Luck Ra:<\/h2>\n<figure class=\"wp-block-image size-full\"><img decoding=\"async\" width=\"992\" height=\"558\" src=\"https:\/\/www.paparazzi.com.ar\/wp-content\/uploads\/2025\/10\/image-63.png.webp\" loading=\"lazy\" alt=\"\" class=\"wp-image-446625\" \/><\/figure>\n<figure class=\"wp-block-image size-large\"><img decoding=\"async\" src=\"https:\/\/www.paparazzi.com.ar\/wp-content\/uploads\/2025\/10\/image-61-581x1024.png.webp\" loading=\"lazy\" alt=\"\" class=\"wp-image-446623\" \/><\/figure>\n<figure class=\"wp-block-image size-large\"><img decoding=\"async\" src=\"https:\/\/www.paparazzi.com.ar\/wp-content\/uploads\/2025\/10\/image-62-472x1024.png.webp\" loading=\"lazy\" alt=\"\" class=\"wp-image-446624\" \/><\/figure>\n<div class=\"mt-box \">\n<h4 class=\"mt-heading\">Mir\u00e1 Tambi\u00e9n<\/h4>\n<p><a href=\"https:\/\/www.paparazzi.com.ar\/romances\/franco-colapinto-y-zaira-nara-juntos-la-polemica-foto-que-revelo-fuertes-rumores-de-romance\/\"><\/p>\n<div class=\"mt-content\">\n<div class=\"mt-image-container\"><img decoding=\"async\" src=\"https:\/\/www.paparazzi.com.ar\/wp-content\/uploads\/2025\/09\/\u00bfFranco-Colapinto-y-Zaira-Nara-juntos-La-polemica-foto-que-revelo-fuertes-rumores-de-romance-.jpg.webp\" alt=\"\u00bfFranco Colapinto y Zaira Nara juntos? La pol\u00e9mica foto que revel\u00f3 fuertes rumores de romance\" class=\"mt-image\" loading=\"lazy\" \/><\/div>\n<h5 class=\"mt-title\">\u00bfFranco Colapinto y Zaira Nara juntos? La pol\u00e9mica foto que revel\u00f3 fuertes rumores de romance<\/h5>\n<\/div>\n<p><\/a><\/div>\n<div class=\"mt-box \">\n<h4 class=\"mt-heading\">Mir\u00e1 Tambi\u00e9n<\/h4>\n<p><a href=\"https:\/\/www.paparazzi.com.ar\/romances\/vico-dalesandro-confeso-en-que-se-refugia-del-boom-mediatico-tras-su-romance-con-zaira-nara\/\"><\/p>\n<div class=\"mt-content\">\n<div class=\"mt-image-container\"><img decoding=\"async\" src=\"https:\/\/www.paparazzi.com.ar\/wp-content\/uploads\/2025\/09\/Zaira-Nara-Vico.jpg.webp\" alt=\"Vico D'Alesandro confes\u00f3 en qu\u00e9 se refugia del boom medi\u00e1tico tras su romance con Zaira Nara\" class=\"mt-image\" loading=\"lazy\" \/><\/div>\n<h5 class=\"mt-title\">Vico D&#8217;Alesandro confes\u00f3 en qu\u00e9 se refugia del boom medi\u00e1tico tras su romance con Zaira Nara<\/h5>\n<\/div>\n<p><\/a><\/div>\n<p>The post <a href=\"https:\/\/www.paparazzi.com.ar\/romances\/romance-en-puerta-zaira-nara-y-un-joven-famoso-juntos-la-foto\/\">\u00bfRomance en puerta? Zaira Nara y un joven famoso juntos: la foto<\/a> appeared first on <a href=\"https:\/\/www.paparazzi.com.ar\">Revista Paparazzi<\/a>.<\/p>\n","protected":false},"excerpt":{"rendered":"<p>Los rumores sobre un posible romance entre Zaira Nara y el streamer Bauleti volvieron a<\/p>\n","protected":false},"author":0,"featured_media":6210,"comment_status":"","ping_status":"","sticky":false,"template":"","format":"standard","meta":{"footnotes":""},"categories":[11],"tags":[],"class_list":["post-6209","post","type-post","status-publish","format-standard","has-post-thumbnail","hentry","category-destacadas"],"yoast_head":"<!-- This site is optimized with the Yoast SEO plugin v28.3 - https:\/\/yoast.com\/product\/yoast-seo-wordpress\/ -->\n<title>\u00bfRomance en puerta? Zaira Nara y un joven famoso juntos: la foto - Fm Gente<\/title>\n<meta name=\"robots\" content=\"index, follow, max-snippet:-1, max-image-preview:large, max-video-preview:-1\" \/>\n<link rel=\"canonical\" href=\"https:\/\/fmgente.com.ar\/web\/romance-en-puerta-zaira-nara-y-un-joven-famoso-juntos-la-foto\/\" \/>\n<meta property=\"og:locale\" content=\"es_ES\" \/>\n<meta property=\"og:type\" content=\"article\" \/>\n<meta property=\"og:title\" content=\"\u00bfRomance en puerta? Zaira Nara y un joven famoso juntos: la foto - Fm Gente\" \/>\n<meta property=\"og:description\" content=\"Los rumores sobre un posible romance entre Zaira Nara y el streamer Bauleti volvieron a\" \/>\n<meta property=\"og:url\" content=\"https:\/\/fmgente.com.ar\/web\/romance-en-puerta-zaira-nara-y-un-joven-famoso-juntos-la-foto\/\" \/>\n<meta property=\"og:site_name\" content=\"Fm Gente\" \/>\n<meta property=\"article:published_time\" content=\"2025-10-06T23:07:53+00:00\" \/>\n<meta property=\"og:image\" content=\"https:\/\/fmgente.com.ar\/web\/wp-content\/uploads\/2025\/10\/Martin-Fierro.jpg-1.webp\" \/>\n\t<meta property=\"og:image:width\" content=\"1052\" \/>\n\t<meta property=\"og:image:height\" content=\"665\" \/>\n\t<meta property=\"og:image:type\" content=\"image\/webp\" \/>\n<meta name=\"twitter:card\" content=\"summary_large_image\" \/>\n<meta name=\"twitter:label1\" content=\"Tiempo de lectura\" \/>\n\t<meta name=\"twitter:data1\" content=\"3 minutos\" \/>\n<script type=\"application\/ld+json\" class=\"yoast-schema-graph\">{\"@context\":\"https:\\\/\\\/schema.org\",\"@graph\":[{\"@type\":\"Article\",\"@id\":\"https:\\\/\\\/fmgente.com.ar\\\/web\\\/romance-en-puerta-zaira-nara-y-un-joven-famoso-juntos-la-foto\\\/#article\",\"isPartOf\":{\"@id\":\"https:\\\/\\\/fmgente.com.ar\\\/web\\\/romance-en-puerta-zaira-nara-y-un-joven-famoso-juntos-la-foto\\\/\"},\"author\":{\"name\":\"\",\"@id\":\"\"},\"headline\":\"\u00bfRomance en puerta? Zaira Nara y un joven famoso juntos: la foto\",\"datePublished\":\"2025-10-06T23:07:53+00:00\",\"mainEntityOfPage\":{\"@id\":\"https:\\\/\\\/fmgente.com.ar\\\/web\\\/romance-en-puerta-zaira-nara-y-un-joven-famoso-juntos-la-foto\\\/\"},\"wordCount\":523,\"publisher\":{\"@id\":\"https:\\\/\\\/fmgente.com.ar\\\/web\\\/#organization\"},\"image\":{\"@id\":\"https:\\\/\\\/fmgente.com.ar\\\/web\\\/romance-en-puerta-zaira-nara-y-un-joven-famoso-juntos-la-foto\\\/#primaryimage\"},\"thumbnailUrl\":\"https:\\\/\\\/fmgente.com.ar\\\/web\\\/wp-content\\\/uploads\\\/2025\\\/10\\\/Martin-Fierro.jpg-1.webp\",\"articleSection\":[\"DESTACADAS\"],\"inLanguage\":\"es\"},{\"@type\":\"WebPage\",\"@id\":\"https:\\\/\\\/fmgente.com.ar\\\/web\\\/romance-en-puerta-zaira-nara-y-un-joven-famoso-juntos-la-foto\\\/\",\"url\":\"https:\\\/\\\/fmgente.com.ar\\\/web\\\/romance-en-puerta-zaira-nara-y-un-joven-famoso-juntos-la-foto\\\/\",\"name\":\"\u00bfRomance en puerta? Zaira Nara y un joven famoso juntos: la foto - Fm Gente\",\"isPartOf\":{\"@id\":\"https:\\\/\\\/fmgente.com.ar\\\/web\\\/#website\"},\"primaryImageOfPage\":{\"@id\":\"https:\\\/\\\/fmgente.com.ar\\\/web\\\/romance-en-puerta-zaira-nara-y-un-joven-famoso-juntos-la-foto\\\/#primaryimage\"},\"image\":{\"@id\":\"https:\\\/\\\/fmgente.com.ar\\\/web\\\/romance-en-puerta-zaira-nara-y-un-joven-famoso-juntos-la-foto\\\/#primaryimage\"},\"thumbnailUrl\":\"https:\\\/\\\/fmgente.com.ar\\\/web\\\/wp-content\\\/uploads\\\/2025\\\/10\\\/Martin-Fierro.jpg-1.webp\",\"datePublished\":\"2025-10-06T23:07:53+00:00\",\"inLanguage\":\"es\",\"potentialAction\":[{\"@type\":\"ReadAction\",\"target\":[\"https:\\\/\\\/fmgente.com.ar\\\/web\\\/romance-en-puerta-zaira-nara-y-un-joven-famoso-juntos-la-foto\\\/\"]}]},{\"@type\":\"ImageObject\",\"inLanguage\":\"es\",\"@id\":\"https:\\\/\\\/fmgente.com.ar\\\/web\\\/romance-en-puerta-zaira-nara-y-un-joven-famoso-juntos-la-foto\\\/#primaryimage\",\"url\":\"https:\\\/\\\/fmgente.com.ar\\\/web\\\/wp-content\\\/uploads\\\/2025\\\/10\\\/Martin-Fierro.jpg-1.webp\",\"contentUrl\":\"https:\\\/\\\/fmgente.com.ar\\\/web\\\/wp-content\\\/uploads\\\/2025\\\/10\\\/Martin-Fierro.jpg-1.webp\",\"width\":1052,\"height\":665},{\"@type\":\"WebSite\",\"@id\":\"https:\\\/\\\/fmgente.com.ar\\\/web\\\/#website\",\"url\":\"https:\\\/\\\/fmgente.com.ar\\\/web\\\/\",\"name\":\"Fm Gente\",\"description\":\"- Jes\u00fas Mar\u00eda\",\"publisher\":{\"@id\":\"https:\\\/\\\/fmgente.com.ar\\\/web\\\/#organization\"},\"potentialAction\":[{\"@type\":\"SearchAction\",\"target\":{\"@type\":\"EntryPoint\",\"urlTemplate\":\"https:\\\/\\\/fmgente.com.ar\\\/web\\\/?s={search_term_string}\"},\"query-input\":{\"@type\":\"PropertyValueSpecification\",\"valueRequired\":true,\"valueName\":\"search_term_string\"}}],\"inLanguage\":\"es\"},{\"@type\":\"Organization\",\"@id\":\"https:\\\/\\\/fmgente.com.ar\\\/web\\\/#organization\",\"name\":\"Fm Gente\",\"url\":\"https:\\\/\\\/fmgente.com.ar\\\/web\\\/\",\"logo\":{\"@type\":\"ImageObject\",\"inLanguage\":\"es\",\"@id\":\"https:\\\/\\\/fmgente.com.ar\\\/web\\\/#\\\/schema\\\/logo\\\/image\\\/\",\"url\":\"https:\\\/\\\/fmgente.com.ar\\\/web\\\/wp-content\\\/uploads\\\/2023\\\/07\\\/cropped-cropped-logo-sombra2.png\",\"contentUrl\":\"https:\\\/\\\/fmgente.com.ar\\\/web\\\/wp-content\\\/uploads\\\/2023\\\/07\\\/cropped-cropped-logo-sombra2.png\",\"width\":1782,\"height\":1782,\"caption\":\"Fm Gente\"},\"image\":{\"@id\":\"https:\\\/\\\/fmgente.com.ar\\\/web\\\/#\\\/schema\\\/logo\\\/image\\\/\"}}]}<\/script>\n<!-- \/ Yoast SEO plugin. -->","yoast_head_json":{"title":"\u00bfRomance en puerta? Zaira Nara y un joven famoso juntos: la foto - Fm Gente","robots":{"index":"index","follow":"follow","max-snippet":"max-snippet:-1","max-image-preview":"max-image-preview:large","max-video-preview":"max-video-preview:-1"},"canonical":"https:\/\/fmgente.com.ar\/web\/romance-en-puerta-zaira-nara-y-un-joven-famoso-juntos-la-foto\/","og_locale":"es_ES","og_type":"article","og_title":"\u00bfRomance en puerta? Zaira Nara y un joven famoso juntos: la foto - Fm Gente","og_description":"Los rumores sobre un posible romance entre Zaira Nara y el streamer Bauleti volvieron a","og_url":"https:\/\/fmgente.com.ar\/web\/romance-en-puerta-zaira-nara-y-un-joven-famoso-juntos-la-foto\/","og_site_name":"Fm Gente","article_published_time":"2025-10-06T23:07:53+00:00","og_image":[{"width":1052,"height":665,"url":"https:\/\/fmgente.com.ar\/web\/wp-content\/uploads\/2025\/10\/Martin-Fierro.jpg-1.webp","type":"image\/webp"}],"twitter_card":"summary_large_image","twitter_misc":{"Tiempo de lectura":"3 minutos"},"schema":{"@context":"https:\/\/schema.org","@graph":[{"@type":"Article","@id":"https:\/\/fmgente.com.ar\/web\/romance-en-puerta-zaira-nara-y-un-joven-famoso-juntos-la-foto\/#article","isPartOf":{"@id":"https:\/\/fmgente.com.ar\/web\/romance-en-puerta-zaira-nara-y-un-joven-famoso-juntos-la-foto\/"},"author":{"name":"","@id":""},"headline":"\u00bfRomance en puerta? Zaira Nara y un joven famoso juntos: la foto","datePublished":"2025-10-06T23:07:53+00:00","mainEntityOfPage":{"@id":"https:\/\/fmgente.com.ar\/web\/romance-en-puerta-zaira-nara-y-un-joven-famoso-juntos-la-foto\/"},"wordCount":523,"publisher":{"@id":"https:\/\/fmgente.com.ar\/web\/#organization"},"image":{"@id":"https:\/\/fmgente.com.ar\/web\/romance-en-puerta-zaira-nara-y-un-joven-famoso-juntos-la-foto\/#primaryimage"},"thumbnailUrl":"https:\/\/fmgente.com.ar\/web\/wp-content\/uploads\/2025\/10\/Martin-Fierro.jpg-1.webp","articleSection":["DESTACADAS"],"inLanguage":"es"},{"@type":"WebPage","@id":"https:\/\/fmgente.com.ar\/web\/romance-en-puerta-zaira-nara-y-un-joven-famoso-juntos-la-foto\/","url":"https:\/\/fmgente.com.ar\/web\/romance-en-puerta-zaira-nara-y-un-joven-famoso-juntos-la-foto\/","name":"\u00bfRomance en puerta? Zaira Nara y un joven famoso juntos: la foto - Fm Gente","isPartOf":{"@id":"https:\/\/fmgente.com.ar\/web\/#website"},"primaryImageOfPage":{"@id":"https:\/\/fmgente.com.ar\/web\/romance-en-puerta-zaira-nara-y-un-joven-famoso-juntos-la-foto\/#primaryimage"},"image":{"@id":"https:\/\/fmgente.com.ar\/web\/romance-en-puerta-zaira-nara-y-un-joven-famoso-juntos-la-foto\/#primaryimage"},"thumbnailUrl":"https:\/\/fmgente.com.ar\/web\/wp-content\/uploads\/2025\/10\/Martin-Fierro.jpg-1.webp","datePublished":"2025-10-06T23:07:53+00:00","inLanguage":"es","potentialAction":[{"@type":"ReadAction","target":["https:\/\/fmgente.com.ar\/web\/romance-en-puerta-zaira-nara-y-un-joven-famoso-juntos-la-foto\/"]}]},{"@type":"ImageObject","inLanguage":"es","@id":"https:\/\/fmgente.com.ar\/web\/romance-en-puerta-zaira-nara-y-un-joven-famoso-juntos-la-foto\/#primaryimage","url":"https:\/\/fmgente.com.ar\/web\/wp-content\/uploads\/2025\/10\/Martin-Fierro.jpg-1.webp","contentUrl":"https:\/\/fmgente.com.ar\/web\/wp-content\/uploads\/2025\/10\/Martin-Fierro.jpg-1.webp","width":1052,"height":665},{"@type":"WebSite","@id":"https:\/\/fmgente.com.ar\/web\/#website","url":"https:\/\/fmgente.com.ar\/web\/","name":"Fm Gente","description":"- Jes\u00fas Mar\u00eda","publisher":{"@id":"https:\/\/fmgente.com.ar\/web\/#organization"},"potentialAction":[{"@type":"SearchAction","target":{"@type":"EntryPoint","urlTemplate":"https:\/\/fmgente.com.ar\/web\/?s={search_term_string}"},"query-input":{"@type":"PropertyValueSpecification","valueRequired":true,"valueName":"search_term_string"}}],"inLanguage":"es"},{"@type":"Organization","@id":"https:\/\/fmgente.com.ar\/web\/#organization","name":"Fm Gente","url":"https:\/\/fmgente.com.ar\/web\/","logo":{"@type":"ImageObject","inLanguage":"es","@id":"https:\/\/fmgente.com.ar\/web\/#\/schema\/logo\/image\/","url":"https:\/\/fmgente.com.ar\/web\/wp-content\/uploads\/2023\/07\/cropped-cropped-logo-sombra2.png","contentUrl":"https:\/\/fmgente.com.ar\/web\/wp-content\/uploads\/2023\/07\/cropped-cropped-logo-sombra2.png","width":1782,"height":1782,"caption":"Fm Gente"},"image":{"@id":"https:\/\/fmgente.com.ar\/web\/#\/schema\/logo\/image\/"}}]}},"_links":{"self":[{"href":"https:\/\/fmgente.com.ar\/web\/wp-json\/wp\/v2\/posts\/6209","targetHints":{"allow":["GET"]}}],"collection":[{"href":"https:\/\/fmgente.com.ar\/web\/wp-json\/wp\/v2\/posts"}],"about":[{"href":"https:\/\/fmgente.com.ar\/web\/wp-json\/wp\/v2\/types\/post"}],"replies":[{"embeddable":true,"href":"https:\/\/fmgente.com.ar\/web\/wp-json\/wp\/v2\/comments?post=6209"}],"version-history":[{"count":0,"href":"https:\/\/fmgente.com.ar\/web\/wp-json\/wp\/v2\/posts\/6209\/revisions"}],"wp:featuredmedia":[{"embeddable":true,"href":"https:\/\/fmgente.com.ar\/web\/wp-json\/wp\/v2\/media\/6210"}],"wp:attachment":[{"href":"https:\/\/fmgente.com.ar\/web\/wp-json\/wp\/v2\/media?parent=6209"}],"wp:term":[{"taxonomy":"category","embeddable":true,"href":"https:\/\/fmgente.com.ar\/web\/wp-json\/wp\/v2\/categories?post=6209"},{"taxonomy":"post_tag","embeddable":true,"href":"https:\/\/fmgente.com.ar\/web\/wp-json\/wp\/v2\/tags?post=6209"}],"curies":[{"name":"wp","href":"https:\/\/api.w.org\/{rel}","templated":true}]}}