{"id":6203,"date":"2025-10-06T19:05:10","date_gmt":"2025-10-06T22:05:10","guid":{"rendered":"https:\/\/fmgente.com.ar\/mauro-icardi-y-la-china-suarez-dejaron-turquia-las-fotos-que-confirman-su-nuevo-destino\/"},"modified":"2025-10-06T19:05:10","modified_gmt":"2025-10-06T22:05:10","slug":"mauro-icardi-y-la-china-suarez-dejaron-turquia-las-fotos-que-confirman-su-nuevo-destino","status":"publish","type":"post","link":"https:\/\/fmgente.com.ar\/web\/mauro-icardi-y-la-china-suarez-dejaron-turquia-las-fotos-que-confirman-su-nuevo-destino\/","title":{"rendered":"Mauro Icardi y la China Su\u00e1rez dejaron Turqu\u00eda: las fotos que confirman su nuevo destino"},"content":{"rendered":"<p>Aprovechando su paso por Espa\u00f1a y muy lejos de Turqu\u00eda, <strong><a href=\"https:\/\/www.paparazzi.com.ar\/?s=Mauro+Icardi\">Mauro Icardi<\/a><\/strong> sorprendi\u00f3 a sus seguidores al publicar en Instagram una serie de fotos \u00edntimas junto a la<strong> <a href=\"https:\/\/www.paparazzi.com.ar\/?s=China+Su%C3%A1rez\">China Su\u00e1rez<\/a><\/strong>. Las im\u00e1genes muestran a la pareja en momentos de complicidad y demuestran que su v\u00ednculo atraviesa una etapa visible y emocional.<\/p>\n<p>En el pie de las publicaciones se lee: <em>\u201c@sangrejaponesa\u201d <\/em>con emojis de la bandera de Espa\u00f1a y corazones rosas, indicando que se encuentran en territorio espa\u00f1ol compartiendo instantes personales. Los seguidores no tardaron en reaccionar con comentarios llenos de emoci\u00f3n y especulaci\u00f3n.<\/p>\n<p>En una de las fotos, La China luce un top blanco ce\u00f1ido y un jean holgado que realza su figura. Icardi, por su parte, elige un estilo casual con remera blanca b\u00e1sica y pantalones cargo oscuros. Otra postal destaca por estar en su jet privado: ella con una campera en tonos tierra combinada con minifalda negra y botas altas; \u00e9l aparece abraz\u00e1ndola desde atr\u00e1s.<\/p>\n<div class=\"mt-box \">\n<h4 class=\"mt-heading\">Mir\u00e1 Tambi\u00e9n<\/h4>\n<p><a href=\"https:\/\/www.paparazzi.com.ar\/looks\/exclusivo-los-looks-de-los-famosos-en-los-martin-fierro-de-television-2025\/\"><\/p>\n<div class=\"mt-content\">\n<div class=\"mt-image-container\"><img decoding=\"async\" src=\"https:\/\/www.paparazzi.com.ar\/wp-content\/uploads\/2025\/09\/Martin-Fierro.jpg.webp\" alt=\"\u00a1Exclusivo! Los looks de los famosos en los Mart\u00edn Fierro de Televisi\u00f3n 2025\" class=\"mt-image\" loading=\"lazy\" \/><\/div>\n<h5 class=\"mt-title\">\u00a1Exclusivo! Los looks de los famosos en los Mart\u00edn Fierro de Televisi\u00f3n 2025<\/h5>\n<\/div>\n<p><\/a><\/div>\n<p>La imagen m\u00e1s comentada muestra a Icardi besando tiernamente el cuello de Su\u00e1rez mientras ella sonr\u00ede con brillo en los ojos. Ese gesto, capturado con naturalidad en un ambiente sofisticado, dej\u00f3 en evidencia que la pareja no busca esconder nada.<\/p>\n<p>Adem\u00e1s del componente rom\u00e1ntico, el posteo refleja un viaje conjunto y una nueva etapa medi\u00e1tica para la pareja. Luego de rumores y versiones cruzadas, estas fotos refuerzan que est\u00e1n acostumbrados a exponerse de manera p\u00fablica y sin filtros.<\/p>\n<div class=\"mt-box \">\n<h4 class=\"mt-heading\">Mir\u00e1 Tambi\u00e9n<\/h4>\n<p><a href=\"https:\/\/www.paparazzi.com.ar\/teve\/wanda-nara-se-burlo-del-tamano-de-mauro-icardi-con-el-jurado-de-masterchef-el-provocador-video\/\"><\/p>\n<div class=\"mt-content\">\n<div class=\"mt-image-container\"><img decoding=\"async\" src=\"https:\/\/www.paparazzi.com.ar\/wp-content\/uploads\/2025\/10\/wanda-nara-mauro-icardi-359x226.jpg\" alt=\"Wanda Nara se burl\u00f3 del &quot;tama\u00f1o&quot; de Mauro Icardi con el jurado de MasterChef: el provocador video\" class=\"mt-image\" loading=\"lazy\" \/><\/div>\n<h5 class=\"mt-title\">Wanda Nara se burl\u00f3 del \u00abtama\u00f1o\u00bb de Mauro Icardi con el jurado de MasterChef: el provocador video<\/h5>\n<\/div>\n<p><\/a><\/div>\n<p>A diferencia de v\u00ednculos ocultos o temporales que se basan en especulaciones, este tipo de contenido \u2014con fotos de calidad, estilo, moda y afecto\u2014 sugiere una intenci\u00f3n clara: mostrarse como pareja de manera aut\u00e9ntica. En redes, los fans reaccionan con frases como <em>\u201cQu\u00e9 par perfecto\u201d<\/em>. <\/p>\n<p>Para Icardi, esta nueva etapa implica reposicionamientos: su vida amorosa siempre fue foco medi\u00e1tico, pero ahora lo hace con alguien con presencia propia en redes y medios. Para La China Su\u00e1rez, implicarse con alguien del perfil de Icardi abre una visibilidad reforzada que puede jugar a favor o contra ella, dependiendo del manejo p\u00fablico.<\/p>\n<h2 class=\"wp-block-heading\">Las fotos de Mauro Icardi y la China Su\u00e1rez juntos en Espa\u00f1a:<\/h2>\n<figure class=\"wp-block-image size-large\"><img decoding=\"async\" src=\"https:\/\/www.paparazzi.com.ar\/wp-content\/uploads\/2025\/10\/Mauro-Icardi-y-China-768x1024.jpg.webp\" loading=\"lazy\" alt=\"\" class=\"wp-image-446617\" \/><\/figure>\n<figure class=\"wp-block-image size-large\"><img decoding=\"async\" src=\"https:\/\/www.paparazzi.com.ar\/wp-content\/uploads\/2025\/10\/Mauro-Icardi-y-la-China-1--768x1024.jpg.webp\" loading=\"lazy\" alt=\"\" class=\"wp-image-446618\" \/><\/figure>\n<figure class=\"wp-block-image size-large\"><img decoding=\"async\" src=\"https:\/\/www.paparazzi.com.ar\/wp-content\/uploads\/2025\/10\/Mauro-Icardi-y-la-China-2-2-768x1024.jpg.webp\" loading=\"lazy\" alt=\"\" class=\"wp-image-446619\" \/><\/figure>\n<figure class=\"wp-block-image size-large\"><img decoding=\"async\" src=\"https:\/\/www.paparazzi.com.ar\/wp-content\/uploads\/2025\/10\/Mauro-Icardi-y-la-China-3--768x1024.jpg.webp\" loading=\"lazy\" alt=\"\" class=\"wp-image-446620\" \/><\/figure>\n<div class=\"mt-box \">\n<h4 class=\"mt-heading\">Mir\u00e1 Tambi\u00e9n<\/h4>\n<p><a href=\"https:\/\/www.paparazzi.com.ar\/teve\/la-china-suarez-confirmo-la-noticia-mas-triste-de-todas-se-retiro-de-la-musica-porque\/\"><\/p>\n<div class=\"mt-content\">\n<div class=\"mt-image-container\"><img decoding=\"async\" src=\"https:\/\/www.paparazzi.com.ar\/wp-content\/uploads\/2025\/10\/china-suarez-359x226.jpg\" alt=\"La China Su\u00e1rez confirm\u00f3 la noticia m\u00e1s triste de todas: &quot;Se retir\u00f3 de la m\u00fasica porque...&quot;\" class=\"mt-image\" loading=\"lazy\" \/><\/div>\n<h5 class=\"mt-title\">La China Su\u00e1rez confirm\u00f3 la noticia m\u00e1s triste de todas: \u00abSe retir\u00f3 de la m\u00fasica porque&#8230;\u00bb<\/h5>\n<\/div>\n<p><\/a><\/div>\n<div class=\"mt-box \">\n<h4 class=\"mt-heading\">Mir\u00e1 Tambi\u00e9n<\/h4>\n<p><a href=\"https:\/\/www.paparazzi.com.ar\/teve\/benjamin-vicuna-se-llevo-a-sus-hijos-fuera-del-pais-luego-que-la-china-suarez-volviera-a-turquia\/\"><\/p>\n<div class=\"mt-content\">\n<div class=\"mt-image-container\"><img decoding=\"async\" src=\"https:\/\/www.paparazzi.com.ar\/wp-content\/uploads\/2025\/10\/benjamin-vicuna-3-359x226.png\" alt=\"Benjam\u00edn Vicu\u00f1a se llev\u00f3 a sus hijos fuera del pa\u00eds luego que la China Su\u00e1rez volviera a Turqu\u00eda\" class=\"mt-image\" loading=\"lazy\" \/><\/div>\n<h5 class=\"mt-title\">Benjam\u00edn Vicu\u00f1a se llev\u00f3 a sus hijos fuera del pa\u00eds luego que la China Su\u00e1rez volviera a Turqu\u00eda<\/h5>\n<\/div>\n<p><\/a><\/div>\n<p>The post <a href=\"https:\/\/www.paparazzi.com.ar\/romances\/mauro-icardi-y-la-china-suarez-dejaron-turquia-las-fotos-que-confirman-su-nuevo-destino\/\">Mauro Icardi y la China Su\u00e1rez dejaron Turqu\u00eda: las fotos que confirman su nuevo destino<\/a> appeared first on <a href=\"https:\/\/www.paparazzi.com.ar\">Revista Paparazzi<\/a>.<\/p>\n","protected":false},"excerpt":{"rendered":"<p>Aprovechando su paso por Espa\u00f1a y muy lejos de Turqu\u00eda, Mauro Icardi sorprendi\u00f3 a sus<\/p>\n","protected":false},"author":0,"featured_media":6204,"comment_status":"","ping_status":"","sticky":false,"template":"","format":"standard","meta":{"footnotes":""},"categories":[11],"tags":[],"class_list":["post-6203","post","type-post","status-publish","format-standard","has-post-thumbnail","hentry","category-destacadas"],"yoast_head":"<!-- This site is optimized with the Yoast SEO plugin v28.3 - https:\/\/yoast.com\/product\/yoast-seo-wordpress\/ -->\n<title>Mauro Icardi y la China Su\u00e1rez dejaron Turqu\u00eda: las fotos que confirman su nuevo destino - Fm Gente<\/title>\n<meta name=\"robots\" content=\"index, follow, max-snippet:-1, max-image-preview:large, max-video-preview:-1\" \/>\n<link rel=\"canonical\" href=\"https:\/\/fmgente.com.ar\/web\/mauro-icardi-y-la-china-suarez-dejaron-turquia-las-fotos-que-confirman-su-nuevo-destino\/\" \/>\n<meta property=\"og:locale\" content=\"es_ES\" \/>\n<meta property=\"og:type\" content=\"article\" \/>\n<meta property=\"og:title\" content=\"Mauro Icardi y la China Su\u00e1rez dejaron Turqu\u00eda: las fotos que confirman su nuevo destino - Fm Gente\" \/>\n<meta property=\"og:description\" content=\"Aprovechando su paso por Espa\u00f1a y muy lejos de Turqu\u00eda, Mauro Icardi sorprendi\u00f3 a sus\" \/>\n<meta property=\"og:url\" content=\"https:\/\/fmgente.com.ar\/web\/mauro-icardi-y-la-china-suarez-dejaron-turquia-las-fotos-que-confirman-su-nuevo-destino\/\" \/>\n<meta property=\"og:site_name\" content=\"Fm Gente\" \/>\n<meta property=\"article:published_time\" content=\"2025-10-06T22:05:10+00:00\" \/>\n<meta property=\"og:image\" content=\"https:\/\/fmgente.com.ar\/web\/wp-content\/uploads\/2025\/10\/Martin-Fierro.jpg.webp\" \/>\n\t<meta property=\"og:image:width\" content=\"1052\" \/>\n\t<meta property=\"og:image:height\" content=\"665\" \/>\n\t<meta property=\"og:image:type\" content=\"image\/webp\" \/>\n<meta name=\"twitter:card\" content=\"summary_large_image\" \/>\n<meta name=\"twitter:label1\" content=\"Tiempo de lectura\" \/>\n\t<meta name=\"twitter:data1\" content=\"2 minutos\" \/>\n<script type=\"application\/ld+json\" class=\"yoast-schema-graph\">{\"@context\":\"https:\\\/\\\/schema.org\",\"@graph\":[{\"@type\":\"Article\",\"@id\":\"https:\\\/\\\/fmgente.com.ar\\\/web\\\/mauro-icardi-y-la-china-suarez-dejaron-turquia-las-fotos-que-confirman-su-nuevo-destino\\\/#article\",\"isPartOf\":{\"@id\":\"https:\\\/\\\/fmgente.com.ar\\\/web\\\/mauro-icardi-y-la-china-suarez-dejaron-turquia-las-fotos-que-confirman-su-nuevo-destino\\\/\"},\"author\":{\"name\":\"\",\"@id\":\"\"},\"headline\":\"Mauro Icardi y la China Su\u00e1rez dejaron Turqu\u00eda: las fotos que confirman su nuevo destino\",\"datePublished\":\"2025-10-06T22:05:10+00:00\",\"mainEntityOfPage\":{\"@id\":\"https:\\\/\\\/fmgente.com.ar\\\/web\\\/mauro-icardi-y-la-china-suarez-dejaron-turquia-las-fotos-que-confirman-su-nuevo-destino\\\/\"},\"wordCount\":502,\"publisher\":{\"@id\":\"https:\\\/\\\/fmgente.com.ar\\\/web\\\/#organization\"},\"image\":{\"@id\":\"https:\\\/\\\/fmgente.com.ar\\\/web\\\/mauro-icardi-y-la-china-suarez-dejaron-turquia-las-fotos-que-confirman-su-nuevo-destino\\\/#primaryimage\"},\"thumbnailUrl\":\"https:\\\/\\\/fmgente.com.ar\\\/web\\\/wp-content\\\/uploads\\\/2025\\\/10\\\/Martin-Fierro.jpg.webp\",\"articleSection\":[\"DESTACADAS\"],\"inLanguage\":\"es\"},{\"@type\":\"WebPage\",\"@id\":\"https:\\\/\\\/fmgente.com.ar\\\/web\\\/mauro-icardi-y-la-china-suarez-dejaron-turquia-las-fotos-que-confirman-su-nuevo-destino\\\/\",\"url\":\"https:\\\/\\\/fmgente.com.ar\\\/web\\\/mauro-icardi-y-la-china-suarez-dejaron-turquia-las-fotos-que-confirman-su-nuevo-destino\\\/\",\"name\":\"Mauro Icardi y la China Su\u00e1rez dejaron Turqu\u00eda: las fotos que confirman su nuevo destino - Fm Gente\",\"isPartOf\":{\"@id\":\"https:\\\/\\\/fmgente.com.ar\\\/web\\\/#website\"},\"primaryImageOfPage\":{\"@id\":\"https:\\\/\\\/fmgente.com.ar\\\/web\\\/mauro-icardi-y-la-china-suarez-dejaron-turquia-las-fotos-que-confirman-su-nuevo-destino\\\/#primaryimage\"},\"image\":{\"@id\":\"https:\\\/\\\/fmgente.com.ar\\\/web\\\/mauro-icardi-y-la-china-suarez-dejaron-turquia-las-fotos-que-confirman-su-nuevo-destino\\\/#primaryimage\"},\"thumbnailUrl\":\"https:\\\/\\\/fmgente.com.ar\\\/web\\\/wp-content\\\/uploads\\\/2025\\\/10\\\/Martin-Fierro.jpg.webp\",\"datePublished\":\"2025-10-06T22:05:10+00:00\",\"inLanguage\":\"es\",\"potentialAction\":[{\"@type\":\"ReadAction\",\"target\":[\"https:\\\/\\\/fmgente.com.ar\\\/web\\\/mauro-icardi-y-la-china-suarez-dejaron-turquia-las-fotos-que-confirman-su-nuevo-destino\\\/\"]}]},{\"@type\":\"ImageObject\",\"inLanguage\":\"es\",\"@id\":\"https:\\\/\\\/fmgente.com.ar\\\/web\\\/mauro-icardi-y-la-china-suarez-dejaron-turquia-las-fotos-que-confirman-su-nuevo-destino\\\/#primaryimage\",\"url\":\"https:\\\/\\\/fmgente.com.ar\\\/web\\\/wp-content\\\/uploads\\\/2025\\\/10\\\/Martin-Fierro.jpg.webp\",\"contentUrl\":\"https:\\\/\\\/fmgente.com.ar\\\/web\\\/wp-content\\\/uploads\\\/2025\\\/10\\\/Martin-Fierro.jpg.webp\",\"width\":1052,\"height\":665},{\"@type\":\"WebSite\",\"@id\":\"https:\\\/\\\/fmgente.com.ar\\\/web\\\/#website\",\"url\":\"https:\\\/\\\/fmgente.com.ar\\\/web\\\/\",\"name\":\"Fm Gente\",\"description\":\"- Jes\u00fas Mar\u00eda\",\"publisher\":{\"@id\":\"https:\\\/\\\/fmgente.com.ar\\\/web\\\/#organization\"},\"potentialAction\":[{\"@type\":\"SearchAction\",\"target\":{\"@type\":\"EntryPoint\",\"urlTemplate\":\"https:\\\/\\\/fmgente.com.ar\\\/web\\\/?s={search_term_string}\"},\"query-input\":{\"@type\":\"PropertyValueSpecification\",\"valueRequired\":true,\"valueName\":\"search_term_string\"}}],\"inLanguage\":\"es\"},{\"@type\":\"Organization\",\"@id\":\"https:\\\/\\\/fmgente.com.ar\\\/web\\\/#organization\",\"name\":\"Fm Gente\",\"url\":\"https:\\\/\\\/fmgente.com.ar\\\/web\\\/\",\"logo\":{\"@type\":\"ImageObject\",\"inLanguage\":\"es\",\"@id\":\"https:\\\/\\\/fmgente.com.ar\\\/web\\\/#\\\/schema\\\/logo\\\/image\\\/\",\"url\":\"https:\\\/\\\/fmgente.com.ar\\\/web\\\/wp-content\\\/uploads\\\/2023\\\/07\\\/cropped-cropped-logo-sombra2.png\",\"contentUrl\":\"https:\\\/\\\/fmgente.com.ar\\\/web\\\/wp-content\\\/uploads\\\/2023\\\/07\\\/cropped-cropped-logo-sombra2.png\",\"width\":1782,\"height\":1782,\"caption\":\"Fm Gente\"},\"image\":{\"@id\":\"https:\\\/\\\/fmgente.com.ar\\\/web\\\/#\\\/schema\\\/logo\\\/image\\\/\"}}]}<\/script>\n<!-- \/ Yoast SEO plugin. -->","yoast_head_json":{"title":"Mauro Icardi y la China Su\u00e1rez dejaron Turqu\u00eda: las fotos que confirman su nuevo destino - Fm Gente","robots":{"index":"index","follow":"follow","max-snippet":"max-snippet:-1","max-image-preview":"max-image-preview:large","max-video-preview":"max-video-preview:-1"},"canonical":"https:\/\/fmgente.com.ar\/web\/mauro-icardi-y-la-china-suarez-dejaron-turquia-las-fotos-que-confirman-su-nuevo-destino\/","og_locale":"es_ES","og_type":"article","og_title":"Mauro Icardi y la China Su\u00e1rez dejaron Turqu\u00eda: las fotos que confirman su nuevo destino - Fm Gente","og_description":"Aprovechando su paso por Espa\u00f1a y muy lejos de Turqu\u00eda, Mauro Icardi sorprendi\u00f3 a sus","og_url":"https:\/\/fmgente.com.ar\/web\/mauro-icardi-y-la-china-suarez-dejaron-turquia-las-fotos-que-confirman-su-nuevo-destino\/","og_site_name":"Fm Gente","article_published_time":"2025-10-06T22:05:10+00:00","og_image":[{"width":1052,"height":665,"url":"https:\/\/fmgente.com.ar\/web\/wp-content\/uploads\/2025\/10\/Martin-Fierro.jpg.webp","type":"image\/webp"}],"twitter_card":"summary_large_image","twitter_misc":{"Tiempo de lectura":"2 minutos"},"schema":{"@context":"https:\/\/schema.org","@graph":[{"@type":"Article","@id":"https:\/\/fmgente.com.ar\/web\/mauro-icardi-y-la-china-suarez-dejaron-turquia-las-fotos-que-confirman-su-nuevo-destino\/#article","isPartOf":{"@id":"https:\/\/fmgente.com.ar\/web\/mauro-icardi-y-la-china-suarez-dejaron-turquia-las-fotos-que-confirman-su-nuevo-destino\/"},"author":{"name":"","@id":""},"headline":"Mauro Icardi y la China Su\u00e1rez dejaron Turqu\u00eda: las fotos que confirman su nuevo destino","datePublished":"2025-10-06T22:05:10+00:00","mainEntityOfPage":{"@id":"https:\/\/fmgente.com.ar\/web\/mauro-icardi-y-la-china-suarez-dejaron-turquia-las-fotos-que-confirman-su-nuevo-destino\/"},"wordCount":502,"publisher":{"@id":"https:\/\/fmgente.com.ar\/web\/#organization"},"image":{"@id":"https:\/\/fmgente.com.ar\/web\/mauro-icardi-y-la-china-suarez-dejaron-turquia-las-fotos-que-confirman-su-nuevo-destino\/#primaryimage"},"thumbnailUrl":"https:\/\/fmgente.com.ar\/web\/wp-content\/uploads\/2025\/10\/Martin-Fierro.jpg.webp","articleSection":["DESTACADAS"],"inLanguage":"es"},{"@type":"WebPage","@id":"https:\/\/fmgente.com.ar\/web\/mauro-icardi-y-la-china-suarez-dejaron-turquia-las-fotos-que-confirman-su-nuevo-destino\/","url":"https:\/\/fmgente.com.ar\/web\/mauro-icardi-y-la-china-suarez-dejaron-turquia-las-fotos-que-confirman-su-nuevo-destino\/","name":"Mauro Icardi y la China Su\u00e1rez dejaron Turqu\u00eda: las fotos que confirman su nuevo destino - Fm Gente","isPartOf":{"@id":"https:\/\/fmgente.com.ar\/web\/#website"},"primaryImageOfPage":{"@id":"https:\/\/fmgente.com.ar\/web\/mauro-icardi-y-la-china-suarez-dejaron-turquia-las-fotos-que-confirman-su-nuevo-destino\/#primaryimage"},"image":{"@id":"https:\/\/fmgente.com.ar\/web\/mauro-icardi-y-la-china-suarez-dejaron-turquia-las-fotos-que-confirman-su-nuevo-destino\/#primaryimage"},"thumbnailUrl":"https:\/\/fmgente.com.ar\/web\/wp-content\/uploads\/2025\/10\/Martin-Fierro.jpg.webp","datePublished":"2025-10-06T22:05:10+00:00","inLanguage":"es","potentialAction":[{"@type":"ReadAction","target":["https:\/\/fmgente.com.ar\/web\/mauro-icardi-y-la-china-suarez-dejaron-turquia-las-fotos-que-confirman-su-nuevo-destino\/"]}]},{"@type":"ImageObject","inLanguage":"es","@id":"https:\/\/fmgente.com.ar\/web\/mauro-icardi-y-la-china-suarez-dejaron-turquia-las-fotos-que-confirman-su-nuevo-destino\/#primaryimage","url":"https:\/\/fmgente.com.ar\/web\/wp-content\/uploads\/2025\/10\/Martin-Fierro.jpg.webp","contentUrl":"https:\/\/fmgente.com.ar\/web\/wp-content\/uploads\/2025\/10\/Martin-Fierro.jpg.webp","width":1052,"height":665},{"@type":"WebSite","@id":"https:\/\/fmgente.com.ar\/web\/#website","url":"https:\/\/fmgente.com.ar\/web\/","name":"Fm Gente","description":"- Jes\u00fas Mar\u00eda","publisher":{"@id":"https:\/\/fmgente.com.ar\/web\/#organization"},"potentialAction":[{"@type":"SearchAction","target":{"@type":"EntryPoint","urlTemplate":"https:\/\/fmgente.com.ar\/web\/?s={search_term_string}"},"query-input":{"@type":"PropertyValueSpecification","valueRequired":true,"valueName":"search_term_string"}}],"inLanguage":"es"},{"@type":"Organization","@id":"https:\/\/fmgente.com.ar\/web\/#organization","name":"Fm Gente","url":"https:\/\/fmgente.com.ar\/web\/","logo":{"@type":"ImageObject","inLanguage":"es","@id":"https:\/\/fmgente.com.ar\/web\/#\/schema\/logo\/image\/","url":"https:\/\/fmgente.com.ar\/web\/wp-content\/uploads\/2023\/07\/cropped-cropped-logo-sombra2.png","contentUrl":"https:\/\/fmgente.com.ar\/web\/wp-content\/uploads\/2023\/07\/cropped-cropped-logo-sombra2.png","width":1782,"height":1782,"caption":"Fm Gente"},"image":{"@id":"https:\/\/fmgente.com.ar\/web\/#\/schema\/logo\/image\/"}}]}},"_links":{"self":[{"href":"https:\/\/fmgente.com.ar\/web\/wp-json\/wp\/v2\/posts\/6203","targetHints":{"allow":["GET"]}}],"collection":[{"href":"https:\/\/fmgente.com.ar\/web\/wp-json\/wp\/v2\/posts"}],"about":[{"href":"https:\/\/fmgente.com.ar\/web\/wp-json\/wp\/v2\/types\/post"}],"replies":[{"embeddable":true,"href":"https:\/\/fmgente.com.ar\/web\/wp-json\/wp\/v2\/comments?post=6203"}],"version-history":[{"count":0,"href":"https:\/\/fmgente.com.ar\/web\/wp-json\/wp\/v2\/posts\/6203\/revisions"}],"wp:featuredmedia":[{"embeddable":true,"href":"https:\/\/fmgente.com.ar\/web\/wp-json\/wp\/v2\/media\/6204"}],"wp:attachment":[{"href":"https:\/\/fmgente.com.ar\/web\/wp-json\/wp\/v2\/media?parent=6203"}],"wp:term":[{"taxonomy":"category","embeddable":true,"href":"https:\/\/fmgente.com.ar\/web\/wp-json\/wp\/v2\/categories?post=6203"},{"taxonomy":"post_tag","embeddable":true,"href":"https:\/\/fmgente.com.ar\/web\/wp-json\/wp\/v2\/tags?post=6203"}],"curies":[{"name":"wp","href":"https:\/\/api.w.org\/{rel}","templated":true}]}}