{"id":6201,"date":"2025-10-06T18:04:58","date_gmt":"2025-10-06T21:04:58","guid":{"rendered":"https:\/\/fmgente.com.ar\/maximo-menem-bolocco-conto-la-verdad-tras-su-video-viral-donde-aparece-drogado\/"},"modified":"2025-10-06T18:04:58","modified_gmt":"2025-10-06T21:04:58","slug":"maximo-menem-bolocco-conto-la-verdad-tras-su-video-viral-donde-aparece-drogado","status":"publish","type":"post","link":"https:\/\/fmgente.com.ar\/web\/maximo-menem-bolocco-conto-la-verdad-tras-su-video-viral-donde-aparece-drogado\/","title":{"rendered":"M\u00e1ximo Menem Bolocco cont\u00f3 la verdad tras su video viral donde aparece &quot;drogado&quot;"},"content":{"rendered":"<p>Despu\u00e9s de un revuelo inesperado en redes, <strong><a href=\"https:\/\/www.paparazzi.com.ar\/tag\/maximo-menem\/\">M\u00e1ximo Menem Bolocco<\/a><\/strong> decidi\u00f3 enfrentar los rumores de frente. El joven, hijo de <strong>Carlos Menem<\/strong> y <strong>Cecilia Bolocco<\/strong>, fue duramente criticado tras la publicaci\u00f3n de un video en el que aparec\u00eda algo desalineado y con la voz cansada. Los comentarios no tardaron en llegar: muchos lo acusaban de estar \u201cdrogado\u201d, lo que lo llev\u00f3 a realizar un contundente descargo en sus redes sociales.<\/p>\n<p>En un segundo video, el estudiante de Arquitectura quiso dejar las cosas claras. <em>\u201cVoy a subir este video de nuevo porque el anterior mucha gente me dijo que parec\u00eda volado, drogado\u201d<\/em>, comenz\u00f3 diciendo, visiblemente molesto. Luego, sin vueltas, agreg\u00f3: <em>\u201cYo no hago esas cosas\u201d<\/em>. Su tono fue firme, buscando despejar cualquier duda sobre su comportamiento.<\/p>\n<p>El <a href=\"https:\/\/www.paparazzi.com.ar\/romances\/hay-amor-maximo-menem-y-las-fotos-mas-romanticas-con-su-novia-en-sus-vacaciones\/\">hijo del exmandatario argentino<\/a> explic\u00f3 que su aspecto se deb\u00eda simplemente al agotamiento. <em>\u201cEstoy muy cansado, esta es mi cara de cansancio\u201d<\/em>, aclar\u00f3, intentando ponerle fin al esc\u00e1ndalo que se hab\u00eda generado. Incluso, entre risas, brome\u00f3 con su p\u00fablico: <em>\u201cEn el otro video dec\u00eda que me hab\u00eda comido un salm\u00f3n con pur\u00e9 de habas, y que estaba muy rico\u201d<\/em>, intentando restarle dramatismo al asunto.<\/p>\n<div class=\"mt-box \">\n<h4 class=\"mt-heading\">Mir\u00e1 Tambi\u00e9n<\/h4>\n<p><a href=\"https:\/\/www.paparazzi.com.ar\/videos\/exclusivo-marcelo-polino-hablo-como-nunca-de-su-vida-intima-y-conto-cuando-fue-la-ultima-vez-que-tuvo-sexo-con-una-mujer\/\"><\/p>\n<div class=\"mt-content\">\n<div class=\"mt-image-container\"><img decoding=\"async\" src=\"https:\/\/www.paparazzi.com.ar\/wp-content\/uploads\/2025\/09\/IMG_5980.jpg.webp\" alt=\"\u00a1Exclusivo! Marcelo Polino habl\u00f3 como nunca de su vida \u00edntima y cont\u00f3 cu\u00e1ndo fue la \u00faltima vez que tuvo sexo con una mujer\u00a0\" class=\"mt-image\" loading=\"lazy\" \/><\/div>\n<h5 class=\"mt-title\">\u00a1Exclusivo! Marcelo Polino habl\u00f3 como nunca de su vida \u00edntima y cont\u00f3 cu\u00e1ndo fue la \u00faltima vez que tuvo sexo con una mujer\u00a0<\/h5>\n<\/div>\n<p><\/a><\/div>\n<p>Lejos de las pol\u00e9micas, el joven se mostr\u00f3 enfocado en sus estudios y en su estilo de vida saludable. Actualmente cursa Arquitectura en la Universidad del Desarrollo y dedica buena parte de su tiempo al entrenamiento f\u00edsico, algo que mencion\u00f3 como causa de su apariencia cansada. En sus redes suele compartir rutinas deportivas y fragmentos de su d\u00eda a d\u00eda.<\/p>\n<h2 class=\"wp-block-heading\">LA ACLARACI\u00d3N DE M\u00c1XIMO MENEM BOLOCCO<\/h2>\n<p>Adem\u00e1s, combina su vida universitaria con su faceta de emprendedor. Tiene su propia marca de zapatillas y participa activamente junto a su madre en la Fundaci\u00f3n CARE, que lucha contra el c\u00e1ncer. <em>\u201cDesde chico me han marcado estos lugares y quise plasmarlos en un dise\u00f1o que la gente pueda usar en su d\u00eda a d\u00eda\u201d<\/em>, expres\u00f3 con orgullo, demostrando que, m\u00e1s all\u00e1 de los rumores, tiene los pies bien puestos sobre la tierra.<\/p>\n<p>En medio de la tormenta medi\u00e1tica, <strong><a href=\"https:\/\/www.paparazzi.com.ar\/teve\/zulemita-menem-cruzo-a-maximo-bolocco-y-revelo-por-que-se-pelearon-y-quedaron-totalmente-distanciados\/\">M\u00e1ximo Menem Bolocco<\/a><\/strong> eligi\u00f3 la serenidad como respuesta. Con una mezcla de sinceridad y humor, dej\u00f3 en claro que no piensa dejarse arrastrar por los comentarios malintencionados. <em>\u201cYo estoy cansado dando declaraciones\u201d<\/em>, concluy\u00f3, cansado, s\u00ed, pero firme frente a quienes intentaron ensuciar su imagen.<\/p>\n<div class=\"mt-box \">\n<h4 class=\"mt-heading\">Mir\u00e1 Tambi\u00e9n<\/h4>\n<p><a href=\"https:\/\/www.paparazzi.com.ar\/romances\/milagro-thiago-medina-ya-camina-come-solo-y-discute-con-daniela-celis-el-quiere\/\"><\/p>\n<div class=\"mt-content\">\n<div class=\"mt-image-container\"><img decoding=\"async\" src=\"https:\/\/www.paparazzi.com.ar\/wp-content\/uploads\/2025\/10\/Daniela-Celis-Thiago-1-359x226.jpg\" alt=\"\u00a1Milagro! Thiago Medina ya camina, come solo y discute con Daniela Celis: &quot;El quiere\u2026&quot;\" class=\"mt-image\" loading=\"lazy\" \/><\/div>\n<h5 class=\"mt-title\">\u00a1Milagro! Thiago Medina ya camina, come solo y discute con Daniela Celis: \u00abEl quiere\u2026\u00bb<\/h5>\n<\/div>\n<p><\/a><\/div>\n<div class=\"mt-box \">\n<h4 class=\"mt-heading\">Mir\u00e1 Tambi\u00e9n<\/h4>\n<p><a href=\"https:\/\/www.paparazzi.com.ar\/teve\/wanda-nara-se-burlo-del-tamano-de-mauro-icardi-con-el-jurado-de-masterchef-el-provocador-video\/\"><\/p>\n<div class=\"mt-content\">\n<div class=\"mt-image-container\"><img decoding=\"async\" src=\"https:\/\/www.paparazzi.com.ar\/wp-content\/uploads\/2025\/10\/wanda-nara-mauro-icardi-359x226.jpg\" alt=\"Wanda Nara se burl\u00f3 del &quot;tama\u00f1o&quot; de Mauro Icardi con el jurado de MasterChef: el provocador video\" class=\"mt-image\" loading=\"lazy\" \/><\/div>\n<h5 class=\"mt-title\">Wanda Nara se burl\u00f3 del \u00abtama\u00f1o\u00bb de Mauro Icardi con el jurado de MasterChef: el provocador video<\/h5>\n<\/div>\n<p><\/a><\/div>\n<p>The post <a href=\"https:\/\/www.paparazzi.com.ar\/teve\/maximo-menem-bolocco-conto-la-verdad-tras-su-video-viral-donde-aparece-drogado\/\">M\u00e1ximo Menem Bolocco cont\u00f3 la verdad tras su video viral donde aparece &quot;drogado&quot;<\/a> appeared first on <a href=\"https:\/\/www.paparazzi.com.ar\">Revista Paparazzi<\/a>.<\/p>\n","protected":false},"excerpt":{"rendered":"<p>Despu\u00e9s de un revuelo inesperado en redes, M\u00e1ximo Menem Bolocco decidi\u00f3 enfrentar los rumores de<\/p>\n","protected":false},"author":0,"featured_media":6202,"comment_status":"","ping_status":"","sticky":false,"template":"","format":"standard","meta":{"footnotes":""},"categories":[11],"tags":[],"class_list":["post-6201","post","type-post","status-publish","format-standard","has-post-thumbnail","hentry","category-destacadas"],"yoast_head":"<!-- This site is optimized with the Yoast SEO plugin v28.3 - https:\/\/yoast.com\/product\/yoast-seo-wordpress\/ -->\n<title>M\u00e1ximo Menem Bolocco cont\u00f3 la verdad tras su video viral donde aparece &quot;drogado&quot; - Fm Gente<\/title>\n<meta name=\"robots\" content=\"index, follow, max-snippet:-1, max-image-preview:large, max-video-preview:-1\" \/>\n<link rel=\"canonical\" href=\"https:\/\/fmgente.com.ar\/web\/maximo-menem-bolocco-conto-la-verdad-tras-su-video-viral-donde-aparece-drogado\/\" \/>\n<meta property=\"og:locale\" content=\"es_ES\" \/>\n<meta property=\"og:type\" content=\"article\" \/>\n<meta property=\"og:title\" content=\"M\u00e1ximo Menem Bolocco cont\u00f3 la verdad tras su video viral donde aparece &quot;drogado&quot; - Fm Gente\" \/>\n<meta property=\"og:description\" content=\"Despu\u00e9s de un revuelo inesperado en redes, M\u00e1ximo Menem Bolocco decidi\u00f3 enfrentar los rumores de\" \/>\n<meta property=\"og:url\" content=\"https:\/\/fmgente.com.ar\/web\/maximo-menem-bolocco-conto-la-verdad-tras-su-video-viral-donde-aparece-drogado\/\" \/>\n<meta property=\"og:site_name\" content=\"Fm Gente\" \/>\n<meta property=\"article:published_time\" content=\"2025-10-06T21:04:58+00:00\" \/>\n<meta property=\"og:image\" content=\"https:\/\/fmgente.com.ar\/web\/wp-content\/uploads\/2025\/10\/IMG_5980.jpg-1.webp\" \/>\n\t<meta property=\"og:image:width\" content=\"1900\" \/>\n\t<meta property=\"og:image:height\" content=\"1425\" \/>\n\t<meta property=\"og:image:type\" content=\"image\/webp\" \/>\n<meta name=\"twitter:card\" content=\"summary_large_image\" \/>\n<meta name=\"twitter:label1\" content=\"Tiempo de lectura\" \/>\n\t<meta name=\"twitter:data1\" content=\"2 minutos\" \/>\n<script type=\"application\/ld+json\" class=\"yoast-schema-graph\">{\"@context\":\"https:\\\/\\\/schema.org\",\"@graph\":[{\"@type\":\"Article\",\"@id\":\"https:\\\/\\\/fmgente.com.ar\\\/web\\\/maximo-menem-bolocco-conto-la-verdad-tras-su-video-viral-donde-aparece-drogado\\\/#article\",\"isPartOf\":{\"@id\":\"https:\\\/\\\/fmgente.com.ar\\\/web\\\/maximo-menem-bolocco-conto-la-verdad-tras-su-video-viral-donde-aparece-drogado\\\/\"},\"author\":{\"name\":\"\",\"@id\":\"\"},\"headline\":\"M\u00e1ximo Menem Bolocco cont\u00f3 la verdad tras su video viral donde aparece &quot;drogado&quot;\",\"datePublished\":\"2025-10-06T21:04:58+00:00\",\"mainEntityOfPage\":{\"@id\":\"https:\\\/\\\/fmgente.com.ar\\\/web\\\/maximo-menem-bolocco-conto-la-verdad-tras-su-video-viral-donde-aparece-drogado\\\/\"},\"wordCount\":510,\"publisher\":{\"@id\":\"https:\\\/\\\/fmgente.com.ar\\\/web\\\/#organization\"},\"image\":{\"@id\":\"https:\\\/\\\/fmgente.com.ar\\\/web\\\/maximo-menem-bolocco-conto-la-verdad-tras-su-video-viral-donde-aparece-drogado\\\/#primaryimage\"},\"thumbnailUrl\":\"https:\\\/\\\/fmgente.com.ar\\\/web\\\/wp-content\\\/uploads\\\/2025\\\/10\\\/IMG_5980.jpg-1.webp\",\"articleSection\":[\"DESTACADAS\"],\"inLanguage\":\"es\"},{\"@type\":\"WebPage\",\"@id\":\"https:\\\/\\\/fmgente.com.ar\\\/web\\\/maximo-menem-bolocco-conto-la-verdad-tras-su-video-viral-donde-aparece-drogado\\\/\",\"url\":\"https:\\\/\\\/fmgente.com.ar\\\/web\\\/maximo-menem-bolocco-conto-la-verdad-tras-su-video-viral-donde-aparece-drogado\\\/\",\"name\":\"M\u00e1ximo Menem Bolocco cont\u00f3 la verdad tras su video viral donde aparece &quot;drogado&quot; - Fm Gente\",\"isPartOf\":{\"@id\":\"https:\\\/\\\/fmgente.com.ar\\\/web\\\/#website\"},\"primaryImageOfPage\":{\"@id\":\"https:\\\/\\\/fmgente.com.ar\\\/web\\\/maximo-menem-bolocco-conto-la-verdad-tras-su-video-viral-donde-aparece-drogado\\\/#primaryimage\"},\"image\":{\"@id\":\"https:\\\/\\\/fmgente.com.ar\\\/web\\\/maximo-menem-bolocco-conto-la-verdad-tras-su-video-viral-donde-aparece-drogado\\\/#primaryimage\"},\"thumbnailUrl\":\"https:\\\/\\\/fmgente.com.ar\\\/web\\\/wp-content\\\/uploads\\\/2025\\\/10\\\/IMG_5980.jpg-1.webp\",\"datePublished\":\"2025-10-06T21:04:58+00:00\",\"inLanguage\":\"es\",\"potentialAction\":[{\"@type\":\"ReadAction\",\"target\":[\"https:\\\/\\\/fmgente.com.ar\\\/web\\\/maximo-menem-bolocco-conto-la-verdad-tras-su-video-viral-donde-aparece-drogado\\\/\"]}]},{\"@type\":\"ImageObject\",\"inLanguage\":\"es\",\"@id\":\"https:\\\/\\\/fmgente.com.ar\\\/web\\\/maximo-menem-bolocco-conto-la-verdad-tras-su-video-viral-donde-aparece-drogado\\\/#primaryimage\",\"url\":\"https:\\\/\\\/fmgente.com.ar\\\/web\\\/wp-content\\\/uploads\\\/2025\\\/10\\\/IMG_5980.jpg-1.webp\",\"contentUrl\":\"https:\\\/\\\/fmgente.com.ar\\\/web\\\/wp-content\\\/uploads\\\/2025\\\/10\\\/IMG_5980.jpg-1.webp\",\"width\":1900,\"height\":1425},{\"@type\":\"WebSite\",\"@id\":\"https:\\\/\\\/fmgente.com.ar\\\/web\\\/#website\",\"url\":\"https:\\\/\\\/fmgente.com.ar\\\/web\\\/\",\"name\":\"Fm Gente\",\"description\":\"- Jes\u00fas Mar\u00eda\",\"publisher\":{\"@id\":\"https:\\\/\\\/fmgente.com.ar\\\/web\\\/#organization\"},\"potentialAction\":[{\"@type\":\"SearchAction\",\"target\":{\"@type\":\"EntryPoint\",\"urlTemplate\":\"https:\\\/\\\/fmgente.com.ar\\\/web\\\/?s={search_term_string}\"},\"query-input\":{\"@type\":\"PropertyValueSpecification\",\"valueRequired\":true,\"valueName\":\"search_term_string\"}}],\"inLanguage\":\"es\"},{\"@type\":\"Organization\",\"@id\":\"https:\\\/\\\/fmgente.com.ar\\\/web\\\/#organization\",\"name\":\"Fm Gente\",\"url\":\"https:\\\/\\\/fmgente.com.ar\\\/web\\\/\",\"logo\":{\"@type\":\"ImageObject\",\"inLanguage\":\"es\",\"@id\":\"https:\\\/\\\/fmgente.com.ar\\\/web\\\/#\\\/schema\\\/logo\\\/image\\\/\",\"url\":\"https:\\\/\\\/fmgente.com.ar\\\/web\\\/wp-content\\\/uploads\\\/2023\\\/07\\\/cropped-cropped-logo-sombra2.png\",\"contentUrl\":\"https:\\\/\\\/fmgente.com.ar\\\/web\\\/wp-content\\\/uploads\\\/2023\\\/07\\\/cropped-cropped-logo-sombra2.png\",\"width\":1782,\"height\":1782,\"caption\":\"Fm Gente\"},\"image\":{\"@id\":\"https:\\\/\\\/fmgente.com.ar\\\/web\\\/#\\\/schema\\\/logo\\\/image\\\/\"}}]}<\/script>\n<!-- \/ Yoast SEO plugin. -->","yoast_head_json":{"title":"M\u00e1ximo Menem Bolocco cont\u00f3 la verdad tras su video viral donde aparece &quot;drogado&quot; - Fm Gente","robots":{"index":"index","follow":"follow","max-snippet":"max-snippet:-1","max-image-preview":"max-image-preview:large","max-video-preview":"max-video-preview:-1"},"canonical":"https:\/\/fmgente.com.ar\/web\/maximo-menem-bolocco-conto-la-verdad-tras-su-video-viral-donde-aparece-drogado\/","og_locale":"es_ES","og_type":"article","og_title":"M\u00e1ximo Menem Bolocco cont\u00f3 la verdad tras su video viral donde aparece &quot;drogado&quot; - Fm Gente","og_description":"Despu\u00e9s de un revuelo inesperado en redes, M\u00e1ximo Menem Bolocco decidi\u00f3 enfrentar los rumores de","og_url":"https:\/\/fmgente.com.ar\/web\/maximo-menem-bolocco-conto-la-verdad-tras-su-video-viral-donde-aparece-drogado\/","og_site_name":"Fm Gente","article_published_time":"2025-10-06T21:04:58+00:00","og_image":[{"width":1900,"height":1425,"url":"https:\/\/fmgente.com.ar\/web\/wp-content\/uploads\/2025\/10\/IMG_5980.jpg-1.webp","type":"image\/webp"}],"twitter_card":"summary_large_image","twitter_misc":{"Tiempo de lectura":"2 minutos"},"schema":{"@context":"https:\/\/schema.org","@graph":[{"@type":"Article","@id":"https:\/\/fmgente.com.ar\/web\/maximo-menem-bolocco-conto-la-verdad-tras-su-video-viral-donde-aparece-drogado\/#article","isPartOf":{"@id":"https:\/\/fmgente.com.ar\/web\/maximo-menem-bolocco-conto-la-verdad-tras-su-video-viral-donde-aparece-drogado\/"},"author":{"name":"","@id":""},"headline":"M\u00e1ximo Menem Bolocco cont\u00f3 la verdad tras su video viral donde aparece &quot;drogado&quot;","datePublished":"2025-10-06T21:04:58+00:00","mainEntityOfPage":{"@id":"https:\/\/fmgente.com.ar\/web\/maximo-menem-bolocco-conto-la-verdad-tras-su-video-viral-donde-aparece-drogado\/"},"wordCount":510,"publisher":{"@id":"https:\/\/fmgente.com.ar\/web\/#organization"},"image":{"@id":"https:\/\/fmgente.com.ar\/web\/maximo-menem-bolocco-conto-la-verdad-tras-su-video-viral-donde-aparece-drogado\/#primaryimage"},"thumbnailUrl":"https:\/\/fmgente.com.ar\/web\/wp-content\/uploads\/2025\/10\/IMG_5980.jpg-1.webp","articleSection":["DESTACADAS"],"inLanguage":"es"},{"@type":"WebPage","@id":"https:\/\/fmgente.com.ar\/web\/maximo-menem-bolocco-conto-la-verdad-tras-su-video-viral-donde-aparece-drogado\/","url":"https:\/\/fmgente.com.ar\/web\/maximo-menem-bolocco-conto-la-verdad-tras-su-video-viral-donde-aparece-drogado\/","name":"M\u00e1ximo Menem Bolocco cont\u00f3 la verdad tras su video viral donde aparece &quot;drogado&quot; - Fm Gente","isPartOf":{"@id":"https:\/\/fmgente.com.ar\/web\/#website"},"primaryImageOfPage":{"@id":"https:\/\/fmgente.com.ar\/web\/maximo-menem-bolocco-conto-la-verdad-tras-su-video-viral-donde-aparece-drogado\/#primaryimage"},"image":{"@id":"https:\/\/fmgente.com.ar\/web\/maximo-menem-bolocco-conto-la-verdad-tras-su-video-viral-donde-aparece-drogado\/#primaryimage"},"thumbnailUrl":"https:\/\/fmgente.com.ar\/web\/wp-content\/uploads\/2025\/10\/IMG_5980.jpg-1.webp","datePublished":"2025-10-06T21:04:58+00:00","inLanguage":"es","potentialAction":[{"@type":"ReadAction","target":["https:\/\/fmgente.com.ar\/web\/maximo-menem-bolocco-conto-la-verdad-tras-su-video-viral-donde-aparece-drogado\/"]}]},{"@type":"ImageObject","inLanguage":"es","@id":"https:\/\/fmgente.com.ar\/web\/maximo-menem-bolocco-conto-la-verdad-tras-su-video-viral-donde-aparece-drogado\/#primaryimage","url":"https:\/\/fmgente.com.ar\/web\/wp-content\/uploads\/2025\/10\/IMG_5980.jpg-1.webp","contentUrl":"https:\/\/fmgente.com.ar\/web\/wp-content\/uploads\/2025\/10\/IMG_5980.jpg-1.webp","width":1900,"height":1425},{"@type":"WebSite","@id":"https:\/\/fmgente.com.ar\/web\/#website","url":"https:\/\/fmgente.com.ar\/web\/","name":"Fm Gente","description":"- Jes\u00fas Mar\u00eda","publisher":{"@id":"https:\/\/fmgente.com.ar\/web\/#organization"},"potentialAction":[{"@type":"SearchAction","target":{"@type":"EntryPoint","urlTemplate":"https:\/\/fmgente.com.ar\/web\/?s={search_term_string}"},"query-input":{"@type":"PropertyValueSpecification","valueRequired":true,"valueName":"search_term_string"}}],"inLanguage":"es"},{"@type":"Organization","@id":"https:\/\/fmgente.com.ar\/web\/#organization","name":"Fm Gente","url":"https:\/\/fmgente.com.ar\/web\/","logo":{"@type":"ImageObject","inLanguage":"es","@id":"https:\/\/fmgente.com.ar\/web\/#\/schema\/logo\/image\/","url":"https:\/\/fmgente.com.ar\/web\/wp-content\/uploads\/2023\/07\/cropped-cropped-logo-sombra2.png","contentUrl":"https:\/\/fmgente.com.ar\/web\/wp-content\/uploads\/2023\/07\/cropped-cropped-logo-sombra2.png","width":1782,"height":1782,"caption":"Fm Gente"},"image":{"@id":"https:\/\/fmgente.com.ar\/web\/#\/schema\/logo\/image\/"}}]}},"_links":{"self":[{"href":"https:\/\/fmgente.com.ar\/web\/wp-json\/wp\/v2\/posts\/6201","targetHints":{"allow":["GET"]}}],"collection":[{"href":"https:\/\/fmgente.com.ar\/web\/wp-json\/wp\/v2\/posts"}],"about":[{"href":"https:\/\/fmgente.com.ar\/web\/wp-json\/wp\/v2\/types\/post"}],"replies":[{"embeddable":true,"href":"https:\/\/fmgente.com.ar\/web\/wp-json\/wp\/v2\/comments?post=6201"}],"version-history":[{"count":0,"href":"https:\/\/fmgente.com.ar\/web\/wp-json\/wp\/v2\/posts\/6201\/revisions"}],"wp:featuredmedia":[{"embeddable":true,"href":"https:\/\/fmgente.com.ar\/web\/wp-json\/wp\/v2\/media\/6202"}],"wp:attachment":[{"href":"https:\/\/fmgente.com.ar\/web\/wp-json\/wp\/v2\/media?parent=6201"}],"wp:term":[{"taxonomy":"category","embeddable":true,"href":"https:\/\/fmgente.com.ar\/web\/wp-json\/wp\/v2\/categories?post=6201"},{"taxonomy":"post_tag","embeddable":true,"href":"https:\/\/fmgente.com.ar\/web\/wp-json\/wp\/v2\/tags?post=6201"}],"curies":[{"name":"wp","href":"https:\/\/api.w.org\/{rel}","templated":true}]}}