{"id":6197,"date":"2025-10-06T18:04:56","date_gmt":"2025-10-06T21:04:56","guid":{"rendered":"https:\/\/fmgente.com.ar\/el-grave-problema-de-morena-rial-desde-la-carcel-que-complica-su-prision-domiciliaria\/"},"modified":"2025-10-06T18:04:56","modified_gmt":"2025-10-06T21:04:56","slug":"el-grave-problema-de-morena-rial-desde-la-carcel-que-complica-su-prision-domiciliaria","status":"publish","type":"post","link":"https:\/\/fmgente.com.ar\/web\/el-grave-problema-de-morena-rial-desde-la-carcel-que-complica-su-prision-domiciliaria\/","title":{"rendered":"El grave problema de Morena Rial desde la c\u00e1rcel que complica su prisi\u00f3n domiciliaria"},"content":{"rendered":"<p>Mientras contin\u00faa detenida en la Unidad N\u00b0 51 de Magdalena, <strong>Morena Rial<\/strong> espera una definici\u00f3n clave para su futuro inmediato. En las pr\u00f3ximas horas, su abogado y amigo, <strong>Alejandro Cipolla<\/strong>, volver\u00e1 a insistir ante la Justicia para que le otorguen la prisi\u00f3n domiciliaria, una medida que busca evitar que la medi\u00e1tica siga presa mientras avanza el proceso en su contra.<\/p>\n<p><strong>Morena<\/strong> fue trasladada al penal luego de incumplir varios requerimientos judiciales en el marco de una causa en la que est\u00e1 acusada de participar en un robo a una vivienda. Desde entonces, <strong><a href=\"https:\/\/www.paparazzi.com.ar\/teve\/el-escandaloso-plan-de-morena-rial-para-poder-salir-de-la-carcel-su-hijo-como-escudo\/\">Cipolla<\/a><\/strong> se convirti\u00f3 en su principal vocero y defensa p\u00fablica, y en di\u00e1logo con Mujeres argentinas explic\u00f3 qu\u00e9 condiciones deber\u00eda cumplir su clienta para poder acceder al beneficio.<\/p>\n<p><em>\u201c\u00bfQu\u00e9 nuevas condiciones le van a pedir y que tiene que cumplir Morena Rial para obviamente no volver a la c\u00e1rcel?\u201d<\/em>, le consultaron. <em>\u201cEl tratamiento psiqui\u00e1trico, que igualmente lo iba a ofrecer, y que no se pueda mover de su domicilio. Lo que puedo hacer es que mientras dure el proceso comience a estudiar\u201d<\/em>, anticip\u00f3 el abogado de <strong><a href=\"https:\/\/www.paparazzi.com.ar\/teve\/morena-rial-vive-su-peor-momento-desde-la-carcel-tiene-problemas-psiquiatricos-es-autodestructiva-y\/\">Morena<\/a><\/strong>.<\/p>\n<div class=\"mt-box \">\n<h4 class=\"mt-heading\">Mir\u00e1 Tambi\u00e9n<\/h4>\n<p><a href=\"https:\/\/www.paparazzi.com.ar\/videos\/exclusivo-marcelo-polino-hablo-como-nunca-de-su-vida-intima-y-conto-cuando-fue-la-ultima-vez-que-tuvo-sexo-con-una-mujer\/\"><\/p>\n<div class=\"mt-content\">\n<div class=\"mt-image-container\"><img decoding=\"async\" src=\"https:\/\/www.paparazzi.com.ar\/wp-content\/uploads\/2025\/09\/IMG_5980.jpg.webp\" alt=\"\u00a1Exclusivo! Marcelo Polino habl\u00f3 como nunca de su vida \u00edntima y cont\u00f3 cu\u00e1ndo fue la \u00faltima vez que tuvo sexo con una mujer\u00a0\" class=\"mt-image\" loading=\"lazy\" \/><\/div>\n<h5 class=\"mt-title\">\u00a1Exclusivo! Marcelo Polino habl\u00f3 como nunca de su vida \u00edntima y cont\u00f3 cu\u00e1ndo fue la \u00faltima vez que tuvo sexo con una mujer\u00a0<\/h5>\n<\/div>\n<p><\/a><\/div>\n<p>M\u00e1s all\u00e1 de los requisitos formales, <strong>Cipolla<\/strong> tambi\u00e9n apunt\u00f3 contra el trato que recibe su defendida. Asegur\u00f3 que <strong><a href=\"https:\/\/www.paparazzi.com.ar\/teve\/el-polemico-negocio-que-tiene-morena-rial-desde-la-carcel-que-hace-con-el-dinero-que-gana\/\">Morena<\/a><\/strong> <em>\u201ces una de las personas m\u00e1s estigmatizadas, m\u00e1s all\u00e1 de lo que hizo\u201d<\/em>. Y agreg\u00f3: <em>\u201cParece que re\u00fane todos los requisitos para que la sociedad entera la trate de destruir y eso hace que nadie la quiera\u201d<\/em>.<\/p>\n<h2 class=\"wp-block-heading\">LOS PROBLEMAS QUE ENFRENTA MORENA RIAL PARA OBTENER LA PRISI\u00d3N DOMICILIARIA<\/h2>\n<p>El abogado tambi\u00e9n cont\u00f3 que el traslado de <strong>la hija de Jorge Rial<\/strong> todav\u00eda no puede hacerse efectivo por un problema con la vivienda. <em>\u201cPrimero ahora tenemos el inconveniente del domicilio, as\u00ed que hasta que no vaya el Servicio Penitenciario tenemos un problema\u201d<\/em>, explic\u00f3.<\/p>\n<p>Al ser consultado sobre las dificultades para encontrar un lugar donde <strong>Morena<\/strong> pueda cumplir la domiciliaria, <strong>Cipolla<\/strong> reconoci\u00f3: <em>\u201cS\u00ed. Es verdad eso\u201d<\/em>. Y revel\u00f3 que est\u00e1n intentando que <strong>Jorge Rial <\/strong>colabore con esa parte del proceso: <em>\u201cEstamos todos trabajando con eso\u201d<\/em>.<\/p>\n<div class=\"mt-box \">\n<h4 class=\"mt-heading\">Mir\u00e1 Tambi\u00e9n<\/h4>\n<p><a href=\"https:\/\/www.paparazzi.com.ar\/teve\/el-escandaloso-plan-de-morena-rial-para-poder-salir-de-la-carcel-su-hijo-como-escudo\/\"><\/p>\n<div class=\"mt-content\">\n<div class=\"mt-image-container\"><img decoding=\"async\" src=\"https:\/\/www.paparazzi.com.ar\/wp-content\/uploads\/2025\/07\/Morena-Rial-quedo-envuelta-en-medio-de-una-infidelidad-con-un-famoso-y-termino-a-los-insultos.jpg.webp\" alt=\"El escandaloso plan de Morena Rial para poder salir de la c\u00e1rcel: \u201cSu hijo como escudo\u2026\u201d\" class=\"mt-image\" loading=\"lazy\" \/><\/div>\n<h5 class=\"mt-title\">El escandaloso plan de Morena Rial para poder salir de la c\u00e1rcel: \u201cSu hijo como escudo\u2026\u201d<\/h5>\n<\/div>\n<p><\/a><\/div>\n<p>Por \u00faltimo, se refiri\u00f3 a la decisi\u00f3n de <strong>Morena<\/strong> de que su hijo <strong>Amadeo<\/strong> no la visite en el penal. Seg\u00fan explic\u00f3, en la Unidad 51 <em>\u201cno hay lugares lindos\u201d<\/em>. Y sostuvo: <em>\u201cEs com\u00fan y corriente, como todos los penales. Funciona bien, pero no para un nene. Yo creo que lo que hizo Morena es un acto de amor puro, esto de no querer estar con su hijo para que \u00e9l no vaya a un penal\u201d<\/em>.<\/p>\n<div class=\"mt-box \">\n<h4 class=\"mt-heading\">Mir\u00e1 Tambi\u00e9n<\/h4>\n<p><a href=\"https:\/\/www.paparazzi.com.ar\/teve\/morena-rial-vive-su-peor-momento-desde-la-carcel-tiene-problemas-psiquiatricos-es-autodestructiva-y\/\"><\/p>\n<div class=\"mt-content\">\n<div class=\"mt-image-container\"><img decoding=\"async\" src=\"https:\/\/www.paparazzi.com.ar\/wp-content\/uploads\/2025\/08\/Quien-es-el-famoso-que-esta-en-pareja-y-quiso-seducir-a-Morena-Rial-22Me-mandaba-fotos22.jpg.webp\" alt=\"Morena Rial vive su peor momento desde la c\u00e1rcel: \u201cTiene problemas psiqui\u00e1tricos, es autodestructiva y\u2026\u201d\" class=\"mt-image\" loading=\"lazy\" \/><\/div>\n<h5 class=\"mt-title\">Morena Rial vive su peor momento desde la c\u00e1rcel: \u201cTiene problemas psiqui\u00e1tricos, es autodestructiva y\u2026\u201d<\/h5>\n<\/div>\n<p><\/a><\/div>\n<div class=\"mt-box \">\n<h4 class=\"mt-heading\">Mir\u00e1 Tambi\u00e9n<\/h4>\n<p><a href=\"https:\/\/www.paparazzi.com.ar\/teve\/el-polemico-negocio-que-tiene-morena-rial-desde-la-carcel-que-hace-con-el-dinero-que-gana\/\"><\/p>\n<div class=\"mt-content\">\n<div class=\"mt-image-container\"><img decoding=\"async\" src=\"https:\/\/www.paparazzi.com.ar\/wp-content\/uploads\/2025\/04\/Morena-Rial-1.jpg.webp\" alt=\"El pol\u00e9mico negocio que tiene Morena Rial desde la c\u00e1rcel: qu\u00e9 hace con el dinero que gana\" class=\"mt-image\" loading=\"lazy\" \/><\/div>\n<h5 class=\"mt-title\">El pol\u00e9mico negocio que tiene Morena Rial desde la c\u00e1rcel: qu\u00e9 hace con el dinero que gana<\/h5>\n<\/div>\n<p><\/a><\/div>\n<p>The post <a href=\"https:\/\/www.paparazzi.com.ar\/teve\/el-grave-problema-de-morena-rial-desde-la-carcel-que-complica-su-prision-domiciliaria\/\">El grave problema de Morena Rial desde la c\u00e1rcel que complica su prisi\u00f3n domiciliaria<\/a> appeared first on <a href=\"https:\/\/www.paparazzi.com.ar\">Revista Paparazzi<\/a>.<\/p>\n","protected":false},"excerpt":{"rendered":"<p>Mientras contin\u00faa detenida en la Unidad N\u00b0 51 de Magdalena, Morena Rial espera una definici\u00f3n<\/p>\n","protected":false},"author":0,"featured_media":6198,"comment_status":"","ping_status":"","sticky":false,"template":"","format":"standard","meta":{"footnotes":""},"categories":[11],"tags":[],"class_list":["post-6197","post","type-post","status-publish","format-standard","has-post-thumbnail","hentry","category-destacadas"],"yoast_head":"<!-- This site is optimized with the Yoast SEO plugin v28.3 - https:\/\/yoast.com\/product\/yoast-seo-wordpress\/ -->\n<title>El grave problema de Morena Rial desde la c\u00e1rcel que complica su prisi\u00f3n domiciliaria - Fm Gente<\/title>\n<meta name=\"robots\" content=\"index, follow, max-snippet:-1, max-image-preview:large, max-video-preview:-1\" \/>\n<link rel=\"canonical\" href=\"https:\/\/fmgente.com.ar\/web\/el-grave-problema-de-morena-rial-desde-la-carcel-que-complica-su-prision-domiciliaria\/\" \/>\n<meta property=\"og:locale\" content=\"es_ES\" \/>\n<meta property=\"og:type\" content=\"article\" \/>\n<meta property=\"og:title\" content=\"El grave problema de Morena Rial desde la c\u00e1rcel que complica su prisi\u00f3n domiciliaria - Fm Gente\" \/>\n<meta property=\"og:description\" content=\"Mientras contin\u00faa detenida en la Unidad N\u00b0 51 de Magdalena, Morena Rial espera una definici\u00f3n\" \/>\n<meta property=\"og:url\" content=\"https:\/\/fmgente.com.ar\/web\/el-grave-problema-de-morena-rial-desde-la-carcel-que-complica-su-prision-domiciliaria\/\" \/>\n<meta property=\"og:site_name\" content=\"Fm Gente\" \/>\n<meta property=\"article:published_time\" content=\"2025-10-06T21:04:56+00:00\" \/>\n<meta property=\"og:image\" content=\"https:\/\/fmgente.com.ar\/web\/wp-content\/uploads\/2025\/10\/IMG_5980.jpg.webp\" \/>\n\t<meta property=\"og:image:width\" content=\"1900\" \/>\n\t<meta property=\"og:image:height\" content=\"1425\" \/>\n\t<meta property=\"og:image:type\" content=\"image\/webp\" \/>\n<meta name=\"twitter:card\" content=\"summary_large_image\" \/>\n<meta name=\"twitter:label1\" content=\"Tiempo de lectura\" \/>\n\t<meta name=\"twitter:data1\" content=\"3 minutos\" \/>\n<script type=\"application\/ld+json\" class=\"yoast-schema-graph\">{\"@context\":\"https:\\\/\\\/schema.org\",\"@graph\":[{\"@type\":\"Article\",\"@id\":\"https:\\\/\\\/fmgente.com.ar\\\/web\\\/el-grave-problema-de-morena-rial-desde-la-carcel-que-complica-su-prision-domiciliaria\\\/#article\",\"isPartOf\":{\"@id\":\"https:\\\/\\\/fmgente.com.ar\\\/web\\\/el-grave-problema-de-morena-rial-desde-la-carcel-que-complica-su-prision-domiciliaria\\\/\"},\"author\":{\"name\":\"\",\"@id\":\"\"},\"headline\":\"El grave problema de Morena Rial desde la c\u00e1rcel que complica su prisi\u00f3n domiciliaria\",\"datePublished\":\"2025-10-06T21:04:56+00:00\",\"mainEntityOfPage\":{\"@id\":\"https:\\\/\\\/fmgente.com.ar\\\/web\\\/el-grave-problema-de-morena-rial-desde-la-carcel-que-complica-su-prision-domiciliaria\\\/\"},\"wordCount\":555,\"publisher\":{\"@id\":\"https:\\\/\\\/fmgente.com.ar\\\/web\\\/#organization\"},\"image\":{\"@id\":\"https:\\\/\\\/fmgente.com.ar\\\/web\\\/el-grave-problema-de-morena-rial-desde-la-carcel-que-complica-su-prision-domiciliaria\\\/#primaryimage\"},\"thumbnailUrl\":\"https:\\\/\\\/fmgente.com.ar\\\/web\\\/wp-content\\\/uploads\\\/2025\\\/10\\\/IMG_5980.jpg.webp\",\"articleSection\":[\"DESTACADAS\"],\"inLanguage\":\"es\"},{\"@type\":\"WebPage\",\"@id\":\"https:\\\/\\\/fmgente.com.ar\\\/web\\\/el-grave-problema-de-morena-rial-desde-la-carcel-que-complica-su-prision-domiciliaria\\\/\",\"url\":\"https:\\\/\\\/fmgente.com.ar\\\/web\\\/el-grave-problema-de-morena-rial-desde-la-carcel-que-complica-su-prision-domiciliaria\\\/\",\"name\":\"El grave problema de Morena Rial desde la c\u00e1rcel que complica su prisi\u00f3n domiciliaria - Fm Gente\",\"isPartOf\":{\"@id\":\"https:\\\/\\\/fmgente.com.ar\\\/web\\\/#website\"},\"primaryImageOfPage\":{\"@id\":\"https:\\\/\\\/fmgente.com.ar\\\/web\\\/el-grave-problema-de-morena-rial-desde-la-carcel-que-complica-su-prision-domiciliaria\\\/#primaryimage\"},\"image\":{\"@id\":\"https:\\\/\\\/fmgente.com.ar\\\/web\\\/el-grave-problema-de-morena-rial-desde-la-carcel-que-complica-su-prision-domiciliaria\\\/#primaryimage\"},\"thumbnailUrl\":\"https:\\\/\\\/fmgente.com.ar\\\/web\\\/wp-content\\\/uploads\\\/2025\\\/10\\\/IMG_5980.jpg.webp\",\"datePublished\":\"2025-10-06T21:04:56+00:00\",\"inLanguage\":\"es\",\"potentialAction\":[{\"@type\":\"ReadAction\",\"target\":[\"https:\\\/\\\/fmgente.com.ar\\\/web\\\/el-grave-problema-de-morena-rial-desde-la-carcel-que-complica-su-prision-domiciliaria\\\/\"]}]},{\"@type\":\"ImageObject\",\"inLanguage\":\"es\",\"@id\":\"https:\\\/\\\/fmgente.com.ar\\\/web\\\/el-grave-problema-de-morena-rial-desde-la-carcel-que-complica-su-prision-domiciliaria\\\/#primaryimage\",\"url\":\"https:\\\/\\\/fmgente.com.ar\\\/web\\\/wp-content\\\/uploads\\\/2025\\\/10\\\/IMG_5980.jpg.webp\",\"contentUrl\":\"https:\\\/\\\/fmgente.com.ar\\\/web\\\/wp-content\\\/uploads\\\/2025\\\/10\\\/IMG_5980.jpg.webp\",\"width\":1900,\"height\":1425},{\"@type\":\"WebSite\",\"@id\":\"https:\\\/\\\/fmgente.com.ar\\\/web\\\/#website\",\"url\":\"https:\\\/\\\/fmgente.com.ar\\\/web\\\/\",\"name\":\"Fm Gente\",\"description\":\"- Jes\u00fas Mar\u00eda\",\"publisher\":{\"@id\":\"https:\\\/\\\/fmgente.com.ar\\\/web\\\/#organization\"},\"potentialAction\":[{\"@type\":\"SearchAction\",\"target\":{\"@type\":\"EntryPoint\",\"urlTemplate\":\"https:\\\/\\\/fmgente.com.ar\\\/web\\\/?s={search_term_string}\"},\"query-input\":{\"@type\":\"PropertyValueSpecification\",\"valueRequired\":true,\"valueName\":\"search_term_string\"}}],\"inLanguage\":\"es\"},{\"@type\":\"Organization\",\"@id\":\"https:\\\/\\\/fmgente.com.ar\\\/web\\\/#organization\",\"name\":\"Fm Gente\",\"url\":\"https:\\\/\\\/fmgente.com.ar\\\/web\\\/\",\"logo\":{\"@type\":\"ImageObject\",\"inLanguage\":\"es\",\"@id\":\"https:\\\/\\\/fmgente.com.ar\\\/web\\\/#\\\/schema\\\/logo\\\/image\\\/\",\"url\":\"https:\\\/\\\/fmgente.com.ar\\\/web\\\/wp-content\\\/uploads\\\/2023\\\/07\\\/cropped-cropped-logo-sombra2.png\",\"contentUrl\":\"https:\\\/\\\/fmgente.com.ar\\\/web\\\/wp-content\\\/uploads\\\/2023\\\/07\\\/cropped-cropped-logo-sombra2.png\",\"width\":1782,\"height\":1782,\"caption\":\"Fm Gente\"},\"image\":{\"@id\":\"https:\\\/\\\/fmgente.com.ar\\\/web\\\/#\\\/schema\\\/logo\\\/image\\\/\"}}]}<\/script>\n<!-- \/ Yoast SEO plugin. -->","yoast_head_json":{"title":"El grave problema de Morena Rial desde la c\u00e1rcel que complica su prisi\u00f3n domiciliaria - Fm Gente","robots":{"index":"index","follow":"follow","max-snippet":"max-snippet:-1","max-image-preview":"max-image-preview:large","max-video-preview":"max-video-preview:-1"},"canonical":"https:\/\/fmgente.com.ar\/web\/el-grave-problema-de-morena-rial-desde-la-carcel-que-complica-su-prision-domiciliaria\/","og_locale":"es_ES","og_type":"article","og_title":"El grave problema de Morena Rial desde la c\u00e1rcel que complica su prisi\u00f3n domiciliaria - Fm Gente","og_description":"Mientras contin\u00faa detenida en la Unidad N\u00b0 51 de Magdalena, Morena Rial espera una definici\u00f3n","og_url":"https:\/\/fmgente.com.ar\/web\/el-grave-problema-de-morena-rial-desde-la-carcel-que-complica-su-prision-domiciliaria\/","og_site_name":"Fm Gente","article_published_time":"2025-10-06T21:04:56+00:00","og_image":[{"width":1900,"height":1425,"url":"https:\/\/fmgente.com.ar\/web\/wp-content\/uploads\/2025\/10\/IMG_5980.jpg.webp","type":"image\/webp"}],"twitter_card":"summary_large_image","twitter_misc":{"Tiempo de lectura":"3 minutos"},"schema":{"@context":"https:\/\/schema.org","@graph":[{"@type":"Article","@id":"https:\/\/fmgente.com.ar\/web\/el-grave-problema-de-morena-rial-desde-la-carcel-que-complica-su-prision-domiciliaria\/#article","isPartOf":{"@id":"https:\/\/fmgente.com.ar\/web\/el-grave-problema-de-morena-rial-desde-la-carcel-que-complica-su-prision-domiciliaria\/"},"author":{"name":"","@id":""},"headline":"El grave problema de Morena Rial desde la c\u00e1rcel que complica su prisi\u00f3n domiciliaria","datePublished":"2025-10-06T21:04:56+00:00","mainEntityOfPage":{"@id":"https:\/\/fmgente.com.ar\/web\/el-grave-problema-de-morena-rial-desde-la-carcel-que-complica-su-prision-domiciliaria\/"},"wordCount":555,"publisher":{"@id":"https:\/\/fmgente.com.ar\/web\/#organization"},"image":{"@id":"https:\/\/fmgente.com.ar\/web\/el-grave-problema-de-morena-rial-desde-la-carcel-que-complica-su-prision-domiciliaria\/#primaryimage"},"thumbnailUrl":"https:\/\/fmgente.com.ar\/web\/wp-content\/uploads\/2025\/10\/IMG_5980.jpg.webp","articleSection":["DESTACADAS"],"inLanguage":"es"},{"@type":"WebPage","@id":"https:\/\/fmgente.com.ar\/web\/el-grave-problema-de-morena-rial-desde-la-carcel-que-complica-su-prision-domiciliaria\/","url":"https:\/\/fmgente.com.ar\/web\/el-grave-problema-de-morena-rial-desde-la-carcel-que-complica-su-prision-domiciliaria\/","name":"El grave problema de Morena Rial desde la c\u00e1rcel que complica su prisi\u00f3n domiciliaria - Fm Gente","isPartOf":{"@id":"https:\/\/fmgente.com.ar\/web\/#website"},"primaryImageOfPage":{"@id":"https:\/\/fmgente.com.ar\/web\/el-grave-problema-de-morena-rial-desde-la-carcel-que-complica-su-prision-domiciliaria\/#primaryimage"},"image":{"@id":"https:\/\/fmgente.com.ar\/web\/el-grave-problema-de-morena-rial-desde-la-carcel-que-complica-su-prision-domiciliaria\/#primaryimage"},"thumbnailUrl":"https:\/\/fmgente.com.ar\/web\/wp-content\/uploads\/2025\/10\/IMG_5980.jpg.webp","datePublished":"2025-10-06T21:04:56+00:00","inLanguage":"es","potentialAction":[{"@type":"ReadAction","target":["https:\/\/fmgente.com.ar\/web\/el-grave-problema-de-morena-rial-desde-la-carcel-que-complica-su-prision-domiciliaria\/"]}]},{"@type":"ImageObject","inLanguage":"es","@id":"https:\/\/fmgente.com.ar\/web\/el-grave-problema-de-morena-rial-desde-la-carcel-que-complica-su-prision-domiciliaria\/#primaryimage","url":"https:\/\/fmgente.com.ar\/web\/wp-content\/uploads\/2025\/10\/IMG_5980.jpg.webp","contentUrl":"https:\/\/fmgente.com.ar\/web\/wp-content\/uploads\/2025\/10\/IMG_5980.jpg.webp","width":1900,"height":1425},{"@type":"WebSite","@id":"https:\/\/fmgente.com.ar\/web\/#website","url":"https:\/\/fmgente.com.ar\/web\/","name":"Fm Gente","description":"- Jes\u00fas Mar\u00eda","publisher":{"@id":"https:\/\/fmgente.com.ar\/web\/#organization"},"potentialAction":[{"@type":"SearchAction","target":{"@type":"EntryPoint","urlTemplate":"https:\/\/fmgente.com.ar\/web\/?s={search_term_string}"},"query-input":{"@type":"PropertyValueSpecification","valueRequired":true,"valueName":"search_term_string"}}],"inLanguage":"es"},{"@type":"Organization","@id":"https:\/\/fmgente.com.ar\/web\/#organization","name":"Fm Gente","url":"https:\/\/fmgente.com.ar\/web\/","logo":{"@type":"ImageObject","inLanguage":"es","@id":"https:\/\/fmgente.com.ar\/web\/#\/schema\/logo\/image\/","url":"https:\/\/fmgente.com.ar\/web\/wp-content\/uploads\/2023\/07\/cropped-cropped-logo-sombra2.png","contentUrl":"https:\/\/fmgente.com.ar\/web\/wp-content\/uploads\/2023\/07\/cropped-cropped-logo-sombra2.png","width":1782,"height":1782,"caption":"Fm Gente"},"image":{"@id":"https:\/\/fmgente.com.ar\/web\/#\/schema\/logo\/image\/"}}]}},"_links":{"self":[{"href":"https:\/\/fmgente.com.ar\/web\/wp-json\/wp\/v2\/posts\/6197","targetHints":{"allow":["GET"]}}],"collection":[{"href":"https:\/\/fmgente.com.ar\/web\/wp-json\/wp\/v2\/posts"}],"about":[{"href":"https:\/\/fmgente.com.ar\/web\/wp-json\/wp\/v2\/types\/post"}],"replies":[{"embeddable":true,"href":"https:\/\/fmgente.com.ar\/web\/wp-json\/wp\/v2\/comments?post=6197"}],"version-history":[{"count":0,"href":"https:\/\/fmgente.com.ar\/web\/wp-json\/wp\/v2\/posts\/6197\/revisions"}],"wp:featuredmedia":[{"embeddable":true,"href":"https:\/\/fmgente.com.ar\/web\/wp-json\/wp\/v2\/media\/6198"}],"wp:attachment":[{"href":"https:\/\/fmgente.com.ar\/web\/wp-json\/wp\/v2\/media?parent=6197"}],"wp:term":[{"taxonomy":"category","embeddable":true,"href":"https:\/\/fmgente.com.ar\/web\/wp-json\/wp\/v2\/categories?post=6197"},{"taxonomy":"post_tag","embeddable":true,"href":"https:\/\/fmgente.com.ar\/web\/wp-json\/wp\/v2\/tags?post=6197"}],"curies":[{"name":"wp","href":"https:\/\/api.w.org\/{rel}","templated":true}]}}