{"id":6195,"date":"2025-10-06T17:05:59","date_gmt":"2025-10-06T20:05:59","guid":{"rendered":"https:\/\/fmgente.com.ar\/milagro-thiago-medina-ya-camina-come-solo-y-discute-con-daniela-celis-el-quiere\/"},"modified":"2025-10-06T17:05:59","modified_gmt":"2025-10-06T20:05:59","slug":"milagro-thiago-medina-ya-camina-come-solo-y-discute-con-daniela-celis-el-quiere","status":"publish","type":"post","link":"https:\/\/fmgente.com.ar\/web\/milagro-thiago-medina-ya-camina-come-solo-y-discute-con-daniela-celis-el-quiere\/","title":{"rendered":"\u00a1Milagro! Thiago Medina ya camina, come solo y discute con Daniela Celis: &quot;El quiere\u2026&quot;"},"content":{"rendered":"<p>Suele decirse cuando una persona se est\u00e1 recuperando de una enfermedad: \u00abOtra vez me est\u00e1 haciendo problemas por cualquier cosa, se\u00f1al de que est\u00e1 mejor\u00bb. Y s\u00ed, cuando alguien \u00abviene saliendo\u00bb de una brava se celebra cada pasito que da, hasta cuando vuelve a estar \u00abhincha\u00bb con las cosas sencillas de todos los d\u00edas. Le est\u00e1 pasando a Thiago Medina y lo cont\u00f3 Daniela Celis. La \u00abdiscusi\u00f3n\u00bb que tienen, por estas horas, es que \u00e9l quiere irse del hospital y tanto Pesta\u00f1ela como sus hermanas le piden que se quede tranquilo. Mejor s\u00edmbolo de que se siente mucho mejor, imposible.<\/p>\n<p>\u00abSe dio el milagro\u00bb, \u00abse termin\u00f3 la pesadilla\u00bb, \u00abahora s\u00ed que vamos a poder dormir\u00bb, \u00absali\u00f3, sali\u00f3, sali\u00f3\u00bb, \u00abgracias a la gente, nunca nos vamos a olvidar de todo lo que hicieron\u00bb y dem\u00e1s cosas por el estilo se escucharon, todos estos d\u00edas, en torno al estado de salud de Thiago Medina. Las dijeron muchos pero sobre todo dos personas, Daniela Celis, la madre de sus dos hijas, y su hermana Camilota. <\/p>\n<p>Fueron ellas, tambi\u00e9n, las que conmovieron a propios y extra\u00f1os con los ruegos desesperados para que no dejaran de hacer cadenas de oraci\u00f3n y \u00abmandar buena onda y fuerzas\u00bb en los peores momentos, cuando la vida de Thiago realmente pend\u00eda de un hilo. Pas\u00f3 menos de una semana y el panorama dio un vuelco de 180 grados. Si bien todos se mantienen a la expectativa, la realidad es mucho m\u00e1s alentadora.<\/p>\n<div class=\"mt-box \">\n<h4 class=\"mt-heading\">Mir\u00e1 Tambi\u00e9n<\/h4>\n<p><a href=\"https:\/\/www.paparazzi.com.ar\/teve\/yanina-latorre-conto-el-peor-robo-que-cometio-more-rial-cuando-jorge-sufrio-el-infarto-ella\/\"><\/p>\n<div class=\"mt-content\">\n<div class=\"mt-image-container\"><img decoding=\"async\" src=\"https:\/\/www.paparazzi.com.ar\/wp-content\/uploads\/2025\/10\/Latorre-More-1-359x226.jpg\" alt=\"Yanina Latorre cont\u00f3 el peor rob\u00f3 que cometi\u00f3 More Rial: &quot;Cuando Jorge sufri\u00f3 el infarto, ella...&quot;\" class=\"mt-image\" loading=\"lazy\" \/><\/div>\n<h5 class=\"mt-title\">Yanina Latorre cont\u00f3 el peor rob\u00f3 que cometi\u00f3 More Rial: \u00abCuando Jorge sufri\u00f3 el infarto, ella&#8230;\u00bb<\/h5>\n<\/div>\n<p><\/a><\/div>\n<p>Lo confirm\u00f3 la propia Daniela Celis en un contacto que mantuvo con el programa de stream \u00abPatria y familia\u00bb. \u00ab\u00bfhabla, se mueve, convers\u00e1s?\u00bb le preguntaron a la ex GH, que de ninguna manera pod\u00eda ocultar su sonrisa y su satisfacci\u00f3n. \u00abHabla, se mueve, camina&#8230;.eh&#8230; de a poquito y con ayuda, est\u00e1 en rehabilitaci\u00f3n claramente pero ya camina. Imag\u00ednense que su cuerpo estuvo mucho tiempo quieto\u00bb, celebr\u00f3 la morocha.<\/p>\n<h2 class=\"wp-block-heading\">DANIELA CELIS CONTO CUAL ES LA DISCUSION QUE TIENE AHORA CON THIAGO<\/h2>\n<p>Efusiva y muy feliz, Daniela sigui\u00f3 dando detalle de la evoluci\u00f3n lenta y paulatina de su \u00abex\u00bb, aunque lo est\u00e1 cuidando con tanto amor y tanto cari\u00f1o y tanta perseverancia que muchos dan por hecho que se dar\u00e1n una nueva oportunidad como pareja. \u00abTambi\u00e9n las manos como que las va abriendo de a poquito. Va comiendo solo porque hasta ayer le estaba dando de comer yo\u00bb, cont\u00f3. <\/p>\n<p>\u00abSon todos pasitos chiquititos que siempre van para evoluci\u00f3n\u00bb sigui\u00f3 Pesta\u00f1ela, quien luego dio cuenta de la \u00abagradable discusi\u00f3n\u00bb en la que se encuentran metidos en este momento. \u00abEl tiene mucha fuerza de voluntad que eso es lo importante y lo fundamental para mi y para todos, si est\u00e1s bien de \u00e1nimo y tu cabeza quiere, tu cabeza manda y tu cuerpo tambi\u00e9n, y \u00e9l quiere ya salir de ah\u00ed, quiere el alta ya, y quiere estar en casa con las nenas. Es lo \u00fanico que repite todo el tiempo. Pero bueno, falta un poquitito m\u00e1s para que est\u00e9 todo bien y se la den, y ojal\u00e1 sea pronto. Es todo un proceso\u00bb sentenci\u00f3. \u00a1Vamos!<\/p>\n<div class=\"mt-box \">\n<h4 class=\"mt-heading\">Mir\u00e1 Tambi\u00e9n<\/h4>\n<p><a href=\"https:\/\/www.paparazzi.com.ar\/romances\/el-explosivo-romance-del-periodista-del-momento-hizo-temblar-al-gobierno-y-esta-enamorado-de-una-jovencita\/\"><\/p>\n<div class=\"mt-content\">\n<div class=\"mt-image-container\"><img decoding=\"async\" src=\"https:\/\/www.paparazzi.com.ar\/wp-content\/uploads\/2025\/10\/Mauro-Federico-1-359x226.jpg\" alt=\"El explosivo romance del periodista del momento: &quot;Hizo temblar al gobierno y est\u00e1 enamorado de una jovencita&quot;\" class=\"mt-image\" loading=\"lazy\" \/><\/div>\n<h5 class=\"mt-title\">El explosivo romance del periodista del momento: \u00abHizo temblar al gobierno y est\u00e1 enamorado de una jovencita\u00bb<\/h5>\n<\/div>\n<p><\/a><\/div>\n<\/p>\n<div class=\"mt-box \">\n<h4 class=\"mt-heading\">Mir\u00e1 Tambi\u00e9n<\/h4>\n<p><a href=\"https:\/\/www.paparazzi.com.ar\/teve\/inesperado-giro-en-el-triple-femicidio-de-florencio-varela-lara-y-pequeno-j-habrian-sido-novios\/\"><\/p>\n<div class=\"mt-content\">\n<div class=\"mt-image-container\"><img decoding=\"async\" src=\"https:\/\/www.paparazzi.com.ar\/wp-content\/uploads\/2025\/10\/LARA-PEQUENO-J-NUEVA-2-359x226.jpg\" alt=\"Inesperado giro en el triple femicidio de Florencio Varela: &quot;Lara y Peque\u00f1o J habr\u00edan sido novios&quot;\" class=\"mt-image\" loading=\"lazy\" \/><\/div>\n<h5 class=\"mt-title\">Inesperado giro en el triple femicidio de Florencio Varela: \u00abLara y Peque\u00f1o J habr\u00edan sido novios\u00bb<\/h5>\n<\/div>\n<p><\/a><\/div>\n<p>The post <a href=\"https:\/\/www.paparazzi.com.ar\/romances\/milagro-thiago-medina-ya-camina-come-solo-y-discute-con-daniela-celis-el-quiere\/\">\u00a1Milagro! Thiago Medina ya camina, come solo y discute con Daniela Celis: &quot;El quiere\u2026&quot;<\/a> appeared first on <a href=\"https:\/\/www.paparazzi.com.ar\">Revista Paparazzi<\/a>.<\/p>\n","protected":false},"excerpt":{"rendered":"<p>Suele decirse cuando una persona se est\u00e1 recuperando de una enfermedad: \u00abOtra vez me est\u00e1<\/p>\n","protected":false},"author":0,"featured_media":6196,"comment_status":"","ping_status":"","sticky":false,"template":"","format":"standard","meta":{"footnotes":""},"categories":[11],"tags":[],"class_list":["post-6195","post","type-post","status-publish","format-standard","has-post-thumbnail","hentry","category-destacadas"],"yoast_head":"<!-- This site is optimized with the Yoast SEO plugin v28.3 - https:\/\/yoast.com\/product\/yoast-seo-wordpress\/ -->\n<title>\u00a1Milagro! Thiago Medina ya camina, come solo y discute con Daniela Celis: &quot;El quiere\u2026&quot; - Fm Gente<\/title>\n<meta name=\"robots\" content=\"index, follow, max-snippet:-1, max-image-preview:large, max-video-preview:-1\" \/>\n<link rel=\"canonical\" href=\"https:\/\/fmgente.com.ar\/web\/milagro-thiago-medina-ya-camina-come-solo-y-discute-con-daniela-celis-el-quiere\/\" \/>\n<meta property=\"og:locale\" content=\"es_ES\" \/>\n<meta property=\"og:type\" content=\"article\" \/>\n<meta property=\"og:title\" content=\"\u00a1Milagro! Thiago Medina ya camina, come solo y discute con Daniela Celis: &quot;El quiere\u2026&quot; - Fm Gente\" \/>\n<meta property=\"og:description\" content=\"Suele decirse cuando una persona se est\u00e1 recuperando de una enfermedad: \u00abOtra vez me est\u00e1\" \/>\n<meta property=\"og:url\" content=\"https:\/\/fmgente.com.ar\/web\/milagro-thiago-medina-ya-camina-come-solo-y-discute-con-daniela-celis-el-quiere\/\" \/>\n<meta property=\"og:site_name\" content=\"Fm Gente\" \/>\n<meta property=\"article:published_time\" content=\"2025-10-06T20:05:59+00:00\" \/>\n<meta property=\"og:image\" content=\"https:\/\/fmgente.com.ar\/web\/wp-content\/uploads\/2025\/10\/Latorre-More-1-359x226-1.jpg\" \/>\n\t<meta property=\"og:image:width\" content=\"359\" \/>\n\t<meta property=\"og:image:height\" content=\"226\" \/>\n\t<meta property=\"og:image:type\" content=\"image\/jpeg\" \/>\n<meta name=\"twitter:card\" content=\"summary_large_image\" \/>\n<meta name=\"twitter:label1\" content=\"Tiempo de lectura\" \/>\n\t<meta name=\"twitter:data1\" content=\"3 minutos\" \/>\n<script type=\"application\/ld+json\" class=\"yoast-schema-graph\">{\"@context\":\"https:\\\/\\\/schema.org\",\"@graph\":[{\"@type\":\"Article\",\"@id\":\"https:\\\/\\\/fmgente.com.ar\\\/web\\\/milagro-thiago-medina-ya-camina-come-solo-y-discute-con-daniela-celis-el-quiere\\\/#article\",\"isPartOf\":{\"@id\":\"https:\\\/\\\/fmgente.com.ar\\\/web\\\/milagro-thiago-medina-ya-camina-come-solo-y-discute-con-daniela-celis-el-quiere\\\/\"},\"author\":{\"name\":\"\",\"@id\":\"\"},\"headline\":\"\u00a1Milagro! Thiago Medina ya camina, come solo y discute con Daniela Celis: &quot;El quiere\u2026&quot;\",\"datePublished\":\"2025-10-06T20:05:59+00:00\",\"mainEntityOfPage\":{\"@id\":\"https:\\\/\\\/fmgente.com.ar\\\/web\\\/milagro-thiago-medina-ya-camina-come-solo-y-discute-con-daniela-celis-el-quiere\\\/\"},\"wordCount\":631,\"publisher\":{\"@id\":\"https:\\\/\\\/fmgente.com.ar\\\/web\\\/#organization\"},\"image\":{\"@id\":\"https:\\\/\\\/fmgente.com.ar\\\/web\\\/milagro-thiago-medina-ya-camina-come-solo-y-discute-con-daniela-celis-el-quiere\\\/#primaryimage\"},\"thumbnailUrl\":\"https:\\\/\\\/fmgente.com.ar\\\/web\\\/wp-content\\\/uploads\\\/2025\\\/10\\\/Latorre-More-1-359x226-1.jpg\",\"articleSection\":[\"DESTACADAS\"],\"inLanguage\":\"es\"},{\"@type\":\"WebPage\",\"@id\":\"https:\\\/\\\/fmgente.com.ar\\\/web\\\/milagro-thiago-medina-ya-camina-come-solo-y-discute-con-daniela-celis-el-quiere\\\/\",\"url\":\"https:\\\/\\\/fmgente.com.ar\\\/web\\\/milagro-thiago-medina-ya-camina-come-solo-y-discute-con-daniela-celis-el-quiere\\\/\",\"name\":\"\u00a1Milagro! Thiago Medina ya camina, come solo y discute con Daniela Celis: &quot;El quiere\u2026&quot; - Fm Gente\",\"isPartOf\":{\"@id\":\"https:\\\/\\\/fmgente.com.ar\\\/web\\\/#website\"},\"primaryImageOfPage\":{\"@id\":\"https:\\\/\\\/fmgente.com.ar\\\/web\\\/milagro-thiago-medina-ya-camina-come-solo-y-discute-con-daniela-celis-el-quiere\\\/#primaryimage\"},\"image\":{\"@id\":\"https:\\\/\\\/fmgente.com.ar\\\/web\\\/milagro-thiago-medina-ya-camina-come-solo-y-discute-con-daniela-celis-el-quiere\\\/#primaryimage\"},\"thumbnailUrl\":\"https:\\\/\\\/fmgente.com.ar\\\/web\\\/wp-content\\\/uploads\\\/2025\\\/10\\\/Latorre-More-1-359x226-1.jpg\",\"datePublished\":\"2025-10-06T20:05:59+00:00\",\"inLanguage\":\"es\",\"potentialAction\":[{\"@type\":\"ReadAction\",\"target\":[\"https:\\\/\\\/fmgente.com.ar\\\/web\\\/milagro-thiago-medina-ya-camina-come-solo-y-discute-con-daniela-celis-el-quiere\\\/\"]}]},{\"@type\":\"ImageObject\",\"inLanguage\":\"es\",\"@id\":\"https:\\\/\\\/fmgente.com.ar\\\/web\\\/milagro-thiago-medina-ya-camina-come-solo-y-discute-con-daniela-celis-el-quiere\\\/#primaryimage\",\"url\":\"https:\\\/\\\/fmgente.com.ar\\\/web\\\/wp-content\\\/uploads\\\/2025\\\/10\\\/Latorre-More-1-359x226-1.jpg\",\"contentUrl\":\"https:\\\/\\\/fmgente.com.ar\\\/web\\\/wp-content\\\/uploads\\\/2025\\\/10\\\/Latorre-More-1-359x226-1.jpg\",\"width\":359,\"height\":226},{\"@type\":\"WebSite\",\"@id\":\"https:\\\/\\\/fmgente.com.ar\\\/web\\\/#website\",\"url\":\"https:\\\/\\\/fmgente.com.ar\\\/web\\\/\",\"name\":\"Fm Gente\",\"description\":\"- Jes\u00fas Mar\u00eda\",\"publisher\":{\"@id\":\"https:\\\/\\\/fmgente.com.ar\\\/web\\\/#organization\"},\"potentialAction\":[{\"@type\":\"SearchAction\",\"target\":{\"@type\":\"EntryPoint\",\"urlTemplate\":\"https:\\\/\\\/fmgente.com.ar\\\/web\\\/?s={search_term_string}\"},\"query-input\":{\"@type\":\"PropertyValueSpecification\",\"valueRequired\":true,\"valueName\":\"search_term_string\"}}],\"inLanguage\":\"es\"},{\"@type\":\"Organization\",\"@id\":\"https:\\\/\\\/fmgente.com.ar\\\/web\\\/#organization\",\"name\":\"Fm Gente\",\"url\":\"https:\\\/\\\/fmgente.com.ar\\\/web\\\/\",\"logo\":{\"@type\":\"ImageObject\",\"inLanguage\":\"es\",\"@id\":\"https:\\\/\\\/fmgente.com.ar\\\/web\\\/#\\\/schema\\\/logo\\\/image\\\/\",\"url\":\"https:\\\/\\\/fmgente.com.ar\\\/web\\\/wp-content\\\/uploads\\\/2023\\\/07\\\/cropped-cropped-logo-sombra2.png\",\"contentUrl\":\"https:\\\/\\\/fmgente.com.ar\\\/web\\\/wp-content\\\/uploads\\\/2023\\\/07\\\/cropped-cropped-logo-sombra2.png\",\"width\":1782,\"height\":1782,\"caption\":\"Fm Gente\"},\"image\":{\"@id\":\"https:\\\/\\\/fmgente.com.ar\\\/web\\\/#\\\/schema\\\/logo\\\/image\\\/\"}}]}<\/script>\n<!-- \/ Yoast SEO plugin. -->","yoast_head_json":{"title":"\u00a1Milagro! Thiago Medina ya camina, come solo y discute con Daniela Celis: &quot;El quiere\u2026&quot; - Fm Gente","robots":{"index":"index","follow":"follow","max-snippet":"max-snippet:-1","max-image-preview":"max-image-preview:large","max-video-preview":"max-video-preview:-1"},"canonical":"https:\/\/fmgente.com.ar\/web\/milagro-thiago-medina-ya-camina-come-solo-y-discute-con-daniela-celis-el-quiere\/","og_locale":"es_ES","og_type":"article","og_title":"\u00a1Milagro! Thiago Medina ya camina, come solo y discute con Daniela Celis: &quot;El quiere\u2026&quot; - Fm Gente","og_description":"Suele decirse cuando una persona se est\u00e1 recuperando de una enfermedad: \u00abOtra vez me est\u00e1","og_url":"https:\/\/fmgente.com.ar\/web\/milagro-thiago-medina-ya-camina-come-solo-y-discute-con-daniela-celis-el-quiere\/","og_site_name":"Fm Gente","article_published_time":"2025-10-06T20:05:59+00:00","og_image":[{"width":359,"height":226,"url":"https:\/\/fmgente.com.ar\/web\/wp-content\/uploads\/2025\/10\/Latorre-More-1-359x226-1.jpg","type":"image\/jpeg"}],"twitter_card":"summary_large_image","twitter_misc":{"Tiempo de lectura":"3 minutos"},"schema":{"@context":"https:\/\/schema.org","@graph":[{"@type":"Article","@id":"https:\/\/fmgente.com.ar\/web\/milagro-thiago-medina-ya-camina-come-solo-y-discute-con-daniela-celis-el-quiere\/#article","isPartOf":{"@id":"https:\/\/fmgente.com.ar\/web\/milagro-thiago-medina-ya-camina-come-solo-y-discute-con-daniela-celis-el-quiere\/"},"author":{"name":"","@id":""},"headline":"\u00a1Milagro! Thiago Medina ya camina, come solo y discute con Daniela Celis: &quot;El quiere\u2026&quot;","datePublished":"2025-10-06T20:05:59+00:00","mainEntityOfPage":{"@id":"https:\/\/fmgente.com.ar\/web\/milagro-thiago-medina-ya-camina-come-solo-y-discute-con-daniela-celis-el-quiere\/"},"wordCount":631,"publisher":{"@id":"https:\/\/fmgente.com.ar\/web\/#organization"},"image":{"@id":"https:\/\/fmgente.com.ar\/web\/milagro-thiago-medina-ya-camina-come-solo-y-discute-con-daniela-celis-el-quiere\/#primaryimage"},"thumbnailUrl":"https:\/\/fmgente.com.ar\/web\/wp-content\/uploads\/2025\/10\/Latorre-More-1-359x226-1.jpg","articleSection":["DESTACADAS"],"inLanguage":"es"},{"@type":"WebPage","@id":"https:\/\/fmgente.com.ar\/web\/milagro-thiago-medina-ya-camina-come-solo-y-discute-con-daniela-celis-el-quiere\/","url":"https:\/\/fmgente.com.ar\/web\/milagro-thiago-medina-ya-camina-come-solo-y-discute-con-daniela-celis-el-quiere\/","name":"\u00a1Milagro! Thiago Medina ya camina, come solo y discute con Daniela Celis: &quot;El quiere\u2026&quot; - Fm Gente","isPartOf":{"@id":"https:\/\/fmgente.com.ar\/web\/#website"},"primaryImageOfPage":{"@id":"https:\/\/fmgente.com.ar\/web\/milagro-thiago-medina-ya-camina-come-solo-y-discute-con-daniela-celis-el-quiere\/#primaryimage"},"image":{"@id":"https:\/\/fmgente.com.ar\/web\/milagro-thiago-medina-ya-camina-come-solo-y-discute-con-daniela-celis-el-quiere\/#primaryimage"},"thumbnailUrl":"https:\/\/fmgente.com.ar\/web\/wp-content\/uploads\/2025\/10\/Latorre-More-1-359x226-1.jpg","datePublished":"2025-10-06T20:05:59+00:00","inLanguage":"es","potentialAction":[{"@type":"ReadAction","target":["https:\/\/fmgente.com.ar\/web\/milagro-thiago-medina-ya-camina-come-solo-y-discute-con-daniela-celis-el-quiere\/"]}]},{"@type":"ImageObject","inLanguage":"es","@id":"https:\/\/fmgente.com.ar\/web\/milagro-thiago-medina-ya-camina-come-solo-y-discute-con-daniela-celis-el-quiere\/#primaryimage","url":"https:\/\/fmgente.com.ar\/web\/wp-content\/uploads\/2025\/10\/Latorre-More-1-359x226-1.jpg","contentUrl":"https:\/\/fmgente.com.ar\/web\/wp-content\/uploads\/2025\/10\/Latorre-More-1-359x226-1.jpg","width":359,"height":226},{"@type":"WebSite","@id":"https:\/\/fmgente.com.ar\/web\/#website","url":"https:\/\/fmgente.com.ar\/web\/","name":"Fm Gente","description":"- Jes\u00fas Mar\u00eda","publisher":{"@id":"https:\/\/fmgente.com.ar\/web\/#organization"},"potentialAction":[{"@type":"SearchAction","target":{"@type":"EntryPoint","urlTemplate":"https:\/\/fmgente.com.ar\/web\/?s={search_term_string}"},"query-input":{"@type":"PropertyValueSpecification","valueRequired":true,"valueName":"search_term_string"}}],"inLanguage":"es"},{"@type":"Organization","@id":"https:\/\/fmgente.com.ar\/web\/#organization","name":"Fm Gente","url":"https:\/\/fmgente.com.ar\/web\/","logo":{"@type":"ImageObject","inLanguage":"es","@id":"https:\/\/fmgente.com.ar\/web\/#\/schema\/logo\/image\/","url":"https:\/\/fmgente.com.ar\/web\/wp-content\/uploads\/2023\/07\/cropped-cropped-logo-sombra2.png","contentUrl":"https:\/\/fmgente.com.ar\/web\/wp-content\/uploads\/2023\/07\/cropped-cropped-logo-sombra2.png","width":1782,"height":1782,"caption":"Fm Gente"},"image":{"@id":"https:\/\/fmgente.com.ar\/web\/#\/schema\/logo\/image\/"}}]}},"_links":{"self":[{"href":"https:\/\/fmgente.com.ar\/web\/wp-json\/wp\/v2\/posts\/6195","targetHints":{"allow":["GET"]}}],"collection":[{"href":"https:\/\/fmgente.com.ar\/web\/wp-json\/wp\/v2\/posts"}],"about":[{"href":"https:\/\/fmgente.com.ar\/web\/wp-json\/wp\/v2\/types\/post"}],"replies":[{"embeddable":true,"href":"https:\/\/fmgente.com.ar\/web\/wp-json\/wp\/v2\/comments?post=6195"}],"version-history":[{"count":0,"href":"https:\/\/fmgente.com.ar\/web\/wp-json\/wp\/v2\/posts\/6195\/revisions"}],"wp:featuredmedia":[{"embeddable":true,"href":"https:\/\/fmgente.com.ar\/web\/wp-json\/wp\/v2\/media\/6196"}],"wp:attachment":[{"href":"https:\/\/fmgente.com.ar\/web\/wp-json\/wp\/v2\/media?parent=6195"}],"wp:term":[{"taxonomy":"category","embeddable":true,"href":"https:\/\/fmgente.com.ar\/web\/wp-json\/wp\/v2\/categories?post=6195"},{"taxonomy":"post_tag","embeddable":true,"href":"https:\/\/fmgente.com.ar\/web\/wp-json\/wp\/v2\/tags?post=6195"}],"curies":[{"name":"wp","href":"https:\/\/api.w.org\/{rel}","templated":true}]}}