{"id":6193,"date":"2025-10-06T16:04:53","date_gmt":"2025-10-06T19:04:53","guid":{"rendered":"https:\/\/fmgente.com.ar\/yanina-latorre-conto-el-peor-robo-que-cometio-more-rial-cuando-jorge-sufrio-el-infarto-ella\/"},"modified":"2025-10-06T16:04:53","modified_gmt":"2025-10-06T19:04:53","slug":"yanina-latorre-conto-el-peor-robo-que-cometio-more-rial-cuando-jorge-sufrio-el-infarto-ella","status":"publish","type":"post","link":"https:\/\/fmgente.com.ar\/web\/yanina-latorre-conto-el-peor-robo-que-cometio-more-rial-cuando-jorge-sufrio-el-infarto-ella\/","title":{"rendered":"Yanina Latorre cont\u00f3 el peor rob\u00f3 que cometi\u00f3 More Rial: &quot;Cuando Jorge sufri\u00f3 el infarto, ella&#8230;&quot;"},"content":{"rendered":"<p>Las dram\u00e1ticas informaciones que llegan sobre los primeros d\u00edas de More Rial en la c\u00e1rcel no conmovieron ni movilizaron a Yanina Latorre. Lo que se dice sobre el baj\u00f3n an\u00edmico y la fuerte depresi\u00f3n que estar\u00eda sufriendo la medi\u00e1tica al \u00abcomprobar\u00bb que la espera una \u00ablarga temporada en prisi\u00f3n\u00bb no le movi\u00f3 un pelo a la picante panelista y conductora televisiva y radial, que para agregar m\u00e1s le\u00f1a al fuego decidi\u00f3 contar \u00ablos peores robos\u00bb cometidos por la pol\u00e9mica hija del periodista Jorge Rial.<\/p>\n<p>En el espacio que lidera en la radio El Observador, Yanina Latorre asegur\u00f3 que \u00abno tengo empat\u00eda por una ladrona\u00bb y acto seguido pas\u00f3 a describir los hechos delictivos que dibujaron el frondoso prontuario que estar\u00eda por condenar a More Rial, quien se encuentra alojada en la Unidad Penal N\u00famero 51 de Madgalena, a 150 kil\u00f3metros de la Ciudad de Buenos Aires, acusada de integrar una banda que robaba casas vac\u00edas en la pudiente zona norte del conurbano bonaerense. <\/p>\n<p>Aunque tambi\u00e9n trabaja en Am\u00e9rica (conduce SQP y \u00abpanelea\u00bb en LAM) Yanina la emprendi\u00f3 contra las cosas que se dijeron en otro ciclo de la emisora, Pol\u00e9mica en el bar. \u00abFue deplorable. Iudica&#8230; es que le tienen miedo a Rial y le chupan el orto. Silvina Escudero le daba pena&#8230; y en un momento casi llora por Morena. El \u00fanico normal, Moranzoni. Y bueno, est\u00e1 Charlotte Caniggia pero todos sabemos que es inimputable. Casi es amiga de Morena. Pero no es chorra eh, es divina\u00bb, arranc\u00f3.<\/p>\n<div class=\"mt-box \">\n<h4 class=\"mt-heading\">Mir\u00e1 Tambi\u00e9n<\/h4>\n<p><a href=\"https:\/\/www.paparazzi.com.ar\/teve\/inesperado-giro-en-el-triple-femicidio-de-florencio-varela-lara-y-pequeno-j-habrian-sido-novios\/\"><\/p>\n<div class=\"mt-content\">\n<div class=\"mt-image-container\"><img decoding=\"async\" src=\"https:\/\/www.paparazzi.com.ar\/wp-content\/uploads\/2025\/10\/LARA-PEQUENO-J-NUEVA-2-359x226.jpg\" alt=\"Inesperado giro en el triple femicidio de Florencio Varela: &quot;Lara y Peque\u00f1o J habr\u00edan sido novios&quot;\" class=\"mt-image\" loading=\"lazy\" \/><\/div>\n<h5 class=\"mt-title\">Inesperado giro en el triple femicidio de Florencio Varela: \u00abLara y Peque\u00f1o J habr\u00edan sido novios\u00bb<\/h5>\n<\/div>\n<p><\/a><\/div>\n<p>\u00abMoranzoni era el \u00fanico coherente que dec\u00eda \u00abno chicos, es choriza, tiene que estar ah\u00ed\u00bb. Los otros dec\u00edan \u00abno pobre, est\u00e1 mal\u00bb, y no, porque con la excusa del \u00abestoy mal\u00bb salimos a matar gente, a robar o a afanar total estoy con problemas sicol\u00f3gicos. A mi no me da pena el chorro. Adem\u00e1s tiene una cosa de que nunca baja. Te lo pongo de ejemplo: rob\u00f3 a las panelistas de LAM. Rob\u00f3 a Berardi, a Marcelita Feudale, \u00a1Son laburantes! Esto lo digo en serio\u00bb tir\u00f3 sin dudar.<\/p>\n<h2 class=\"wp-block-heading\">YANINA LATORRE CONTO EL PEOR ROBO DE MORE RIAL<\/h2>\n<p>Despu\u00e9s fue m\u00e1s espec\u00edfica todav\u00eda. \u00abLes rob\u00f3 las tarjetas de cr\u00e9dito a Feudale y a Marixa Balli. Les rob\u00f3 todos los maquillajes a M\u00f3nica Farro. Son minas que van a laburar todos los d\u00edas. Como vas a entrar al camar\u00edn y afanarle las cosas. Creo que la de Berardi no la lleg\u00f3 a usar y se le llev\u00f3 efectivo. \u00a1Los cargadores del Iphone, que son caros! El coso de los maquillajes de Farro, es su elemento de laburo. Con la tarjeta de Feudale se compr\u00f3 carteras, cosas con la tarjeta de la madre, farmacia&#8230; \u00a1Es una hijadeputez! \u00bb detall\u00f3.<\/p>\n<p>Pero eso no fue lo peor ni lo m\u00e1s grave, porque seg\u00fan ella \u00abal padre cuando estaba internado en Colombia le afan\u00f3 la guita. El padre en su momento, hace muchos a\u00f1os, ustedes no se acuerdan, cuando se hab\u00eda enojado y la ech\u00f3 de la casa, Jorge, que tiene dinero, colecciona relojes, \u00a1Le afan\u00f3 los relojes y los vendi\u00f3! No s\u00e9 si se acuerdan que el padre en un momento le dio un auto, un departamento, el padre fue generoso hasta que un d\u00eda se pudri\u00f3, le vendi\u00f3 un auto tambi\u00e9n y la guita la quem\u00f3. Despu\u00e9s todo fue marginal, marginal, marginal. Aparte, hay que ser muy macabra para salir a robar con un beb\u00e9\u00bb.<\/p>\n<div class=\"mt-box \">\n<h4 class=\"mt-heading\">Mir\u00e1 Tambi\u00e9n<\/h4>\n<p><a href=\"https:\/\/www.paparazzi.com.ar\/romances\/el-explosivo-romance-del-periodista-del-momento-hizo-temblar-al-gobierno-y-esta-enamorado-de-una-jovencita\/\"><\/p>\n<div class=\"mt-content\">\n<div class=\"mt-image-container\"><img decoding=\"async\" src=\"https:\/\/www.paparazzi.com.ar\/wp-content\/uploads\/2025\/10\/Mauro-Federico-1-359x226.jpg\" alt=\"El explosivo romance del periodista del momento: &quot;Hizo temblar al gobierno y est\u00e1 enamorado de una jovencita&quot;\" class=\"mt-image\" loading=\"lazy\" \/><\/div>\n<h5 class=\"mt-title\">El explosivo romance del periodista del momento: \u00abHizo temblar al gobierno y est\u00e1 enamorado de una jovencita\u00bb<\/h5>\n<\/div>\n<p><\/a><\/div>\n<div class=\"mt-box \">\n<h4 class=\"mt-heading\">Mir\u00e1 Tambi\u00e9n<\/h4>\n<p><a href=\"https:\/\/www.paparazzi.com.ar\/romances\/el-ultimatum-de-zoe-bogach-por-su-romance-con-mauro-icardi-que-destrozo-a-la-china-suarez-tapa-su-infidelidad-y\/\"><\/p>\n<div class=\"mt-content\">\n<div class=\"mt-image-container\"><img decoding=\"async\" src=\"https:\/\/www.paparazzi.com.ar\/wp-content\/uploads\/2025\/10\/Zoe-Bogach-Mauro-Icardi-China-Suarez-359x226.jpg\" alt=\"El ultim\u00e1tum de Zoe Bogach por su romance con Mauro Icardi que destroz\u00f3 a la China Su\u00e1rez: \u201cTapa su infidelidad y\u2026\u201d\" class=\"mt-image\" loading=\"lazy\" \/><\/div>\n<h5 class=\"mt-title\">El ultim\u00e1tum de Zoe Bogach por su romance con Mauro Icardi que destroz\u00f3 a la China Su\u00e1rez: \u201cTapa su infidelidad y\u2026\u201d<\/h5>\n<\/div>\n<p><\/a><\/div>\n<p>The post <a href=\"https:\/\/www.paparazzi.com.ar\/teve\/yanina-latorre-conto-el-peor-robo-que-cometio-more-rial-cuando-jorge-sufrio-el-infarto-ella\/\">Yanina Latorre cont\u00f3 el peor rob\u00f3 que cometi\u00f3 More Rial: &quot;Cuando Jorge sufri\u00f3 el infarto, ella&#8230;&quot;<\/a> appeared first on <a href=\"https:\/\/www.paparazzi.com.ar\">Revista Paparazzi<\/a>.<\/p>\n","protected":false},"excerpt":{"rendered":"<p>Las dram\u00e1ticas informaciones que llegan sobre los primeros d\u00edas de More Rial en la c\u00e1rcel<\/p>\n","protected":false},"author":0,"featured_media":6194,"comment_status":"","ping_status":"","sticky":false,"template":"","format":"standard","meta":{"footnotes":""},"categories":[11],"tags":[],"class_list":["post-6193","post","type-post","status-publish","format-standard","has-post-thumbnail","hentry","category-destacadas"],"yoast_head":"<!-- This site is optimized with the Yoast SEO plugin v28.3 - https:\/\/yoast.com\/product\/yoast-seo-wordpress\/ -->\n<title>Yanina Latorre cont\u00f3 el peor rob\u00f3 que cometi\u00f3 More Rial: &quot;Cuando Jorge sufri\u00f3 el infarto, ella...&quot; - Fm Gente<\/title>\n<meta name=\"robots\" content=\"index, follow, max-snippet:-1, max-image-preview:large, max-video-preview:-1\" \/>\n<link rel=\"canonical\" href=\"https:\/\/fmgente.com.ar\/web\/yanina-latorre-conto-el-peor-robo-que-cometio-more-rial-cuando-jorge-sufrio-el-infarto-ella\/\" \/>\n<meta property=\"og:locale\" content=\"es_ES\" \/>\n<meta property=\"og:type\" content=\"article\" \/>\n<meta property=\"og:title\" content=\"Yanina Latorre cont\u00f3 el peor rob\u00f3 que cometi\u00f3 More Rial: &quot;Cuando Jorge sufri\u00f3 el infarto, ella...&quot; - Fm Gente\" \/>\n<meta property=\"og:description\" content=\"Las dram\u00e1ticas informaciones que llegan sobre los primeros d\u00edas de More Rial en la c\u00e1rcel\" \/>\n<meta property=\"og:url\" content=\"https:\/\/fmgente.com.ar\/web\/yanina-latorre-conto-el-peor-robo-que-cometio-more-rial-cuando-jorge-sufrio-el-infarto-ella\/\" \/>\n<meta property=\"og:site_name\" content=\"Fm Gente\" \/>\n<meta property=\"article:published_time\" content=\"2025-10-06T19:04:53+00:00\" \/>\n<meta property=\"og:image\" content=\"https:\/\/fmgente.com.ar\/web\/wp-content\/uploads\/2025\/10\/LARA-PEQUENO-J-NUEVA-2-359x226-1.jpg\" \/>\n\t<meta property=\"og:image:width\" content=\"359\" \/>\n\t<meta property=\"og:image:height\" content=\"226\" \/>\n\t<meta property=\"og:image:type\" content=\"image\/jpeg\" \/>\n<meta name=\"twitter:card\" content=\"summary_large_image\" \/>\n<meta name=\"twitter:label1\" content=\"Tiempo de lectura\" \/>\n\t<meta name=\"twitter:data1\" content=\"3 minutos\" \/>\n<script type=\"application\/ld+json\" class=\"yoast-schema-graph\">{\"@context\":\"https:\\\/\\\/schema.org\",\"@graph\":[{\"@type\":\"Article\",\"@id\":\"https:\\\/\\\/fmgente.com.ar\\\/web\\\/yanina-latorre-conto-el-peor-robo-que-cometio-more-rial-cuando-jorge-sufrio-el-infarto-ella\\\/#article\",\"isPartOf\":{\"@id\":\"https:\\\/\\\/fmgente.com.ar\\\/web\\\/yanina-latorre-conto-el-peor-robo-que-cometio-more-rial-cuando-jorge-sufrio-el-infarto-ella\\\/\"},\"author\":{\"name\":\"\",\"@id\":\"\"},\"headline\":\"Yanina Latorre cont\u00f3 el peor rob\u00f3 que cometi\u00f3 More Rial: &quot;Cuando Jorge sufri\u00f3 el infarto, ella&#8230;&quot;\",\"datePublished\":\"2025-10-06T19:04:53+00:00\",\"mainEntityOfPage\":{\"@id\":\"https:\\\/\\\/fmgente.com.ar\\\/web\\\/yanina-latorre-conto-el-peor-robo-que-cometio-more-rial-cuando-jorge-sufrio-el-infarto-ella\\\/\"},\"wordCount\":706,\"publisher\":{\"@id\":\"https:\\\/\\\/fmgente.com.ar\\\/web\\\/#organization\"},\"image\":{\"@id\":\"https:\\\/\\\/fmgente.com.ar\\\/web\\\/yanina-latorre-conto-el-peor-robo-que-cometio-more-rial-cuando-jorge-sufrio-el-infarto-ella\\\/#primaryimage\"},\"thumbnailUrl\":\"https:\\\/\\\/fmgente.com.ar\\\/web\\\/wp-content\\\/uploads\\\/2025\\\/10\\\/LARA-PEQUENO-J-NUEVA-2-359x226-1.jpg\",\"articleSection\":[\"DESTACADAS\"],\"inLanguage\":\"es\"},{\"@type\":\"WebPage\",\"@id\":\"https:\\\/\\\/fmgente.com.ar\\\/web\\\/yanina-latorre-conto-el-peor-robo-que-cometio-more-rial-cuando-jorge-sufrio-el-infarto-ella\\\/\",\"url\":\"https:\\\/\\\/fmgente.com.ar\\\/web\\\/yanina-latorre-conto-el-peor-robo-que-cometio-more-rial-cuando-jorge-sufrio-el-infarto-ella\\\/\",\"name\":\"Yanina Latorre cont\u00f3 el peor rob\u00f3 que cometi\u00f3 More Rial: &quot;Cuando Jorge sufri\u00f3 el infarto, ella...&quot; - Fm Gente\",\"isPartOf\":{\"@id\":\"https:\\\/\\\/fmgente.com.ar\\\/web\\\/#website\"},\"primaryImageOfPage\":{\"@id\":\"https:\\\/\\\/fmgente.com.ar\\\/web\\\/yanina-latorre-conto-el-peor-robo-que-cometio-more-rial-cuando-jorge-sufrio-el-infarto-ella\\\/#primaryimage\"},\"image\":{\"@id\":\"https:\\\/\\\/fmgente.com.ar\\\/web\\\/yanina-latorre-conto-el-peor-robo-que-cometio-more-rial-cuando-jorge-sufrio-el-infarto-ella\\\/#primaryimage\"},\"thumbnailUrl\":\"https:\\\/\\\/fmgente.com.ar\\\/web\\\/wp-content\\\/uploads\\\/2025\\\/10\\\/LARA-PEQUENO-J-NUEVA-2-359x226-1.jpg\",\"datePublished\":\"2025-10-06T19:04:53+00:00\",\"inLanguage\":\"es\",\"potentialAction\":[{\"@type\":\"ReadAction\",\"target\":[\"https:\\\/\\\/fmgente.com.ar\\\/web\\\/yanina-latorre-conto-el-peor-robo-que-cometio-more-rial-cuando-jorge-sufrio-el-infarto-ella\\\/\"]}]},{\"@type\":\"ImageObject\",\"inLanguage\":\"es\",\"@id\":\"https:\\\/\\\/fmgente.com.ar\\\/web\\\/yanina-latorre-conto-el-peor-robo-que-cometio-more-rial-cuando-jorge-sufrio-el-infarto-ella\\\/#primaryimage\",\"url\":\"https:\\\/\\\/fmgente.com.ar\\\/web\\\/wp-content\\\/uploads\\\/2025\\\/10\\\/LARA-PEQUENO-J-NUEVA-2-359x226-1.jpg\",\"contentUrl\":\"https:\\\/\\\/fmgente.com.ar\\\/web\\\/wp-content\\\/uploads\\\/2025\\\/10\\\/LARA-PEQUENO-J-NUEVA-2-359x226-1.jpg\",\"width\":359,\"height\":226},{\"@type\":\"WebSite\",\"@id\":\"https:\\\/\\\/fmgente.com.ar\\\/web\\\/#website\",\"url\":\"https:\\\/\\\/fmgente.com.ar\\\/web\\\/\",\"name\":\"Fm Gente\",\"description\":\"- Jes\u00fas Mar\u00eda\",\"publisher\":{\"@id\":\"https:\\\/\\\/fmgente.com.ar\\\/web\\\/#organization\"},\"potentialAction\":[{\"@type\":\"SearchAction\",\"target\":{\"@type\":\"EntryPoint\",\"urlTemplate\":\"https:\\\/\\\/fmgente.com.ar\\\/web\\\/?s={search_term_string}\"},\"query-input\":{\"@type\":\"PropertyValueSpecification\",\"valueRequired\":true,\"valueName\":\"search_term_string\"}}],\"inLanguage\":\"es\"},{\"@type\":\"Organization\",\"@id\":\"https:\\\/\\\/fmgente.com.ar\\\/web\\\/#organization\",\"name\":\"Fm Gente\",\"url\":\"https:\\\/\\\/fmgente.com.ar\\\/web\\\/\",\"logo\":{\"@type\":\"ImageObject\",\"inLanguage\":\"es\",\"@id\":\"https:\\\/\\\/fmgente.com.ar\\\/web\\\/#\\\/schema\\\/logo\\\/image\\\/\",\"url\":\"https:\\\/\\\/fmgente.com.ar\\\/web\\\/wp-content\\\/uploads\\\/2023\\\/07\\\/cropped-cropped-logo-sombra2.png\",\"contentUrl\":\"https:\\\/\\\/fmgente.com.ar\\\/web\\\/wp-content\\\/uploads\\\/2023\\\/07\\\/cropped-cropped-logo-sombra2.png\",\"width\":1782,\"height\":1782,\"caption\":\"Fm Gente\"},\"image\":{\"@id\":\"https:\\\/\\\/fmgente.com.ar\\\/web\\\/#\\\/schema\\\/logo\\\/image\\\/\"}}]}<\/script>\n<!-- \/ Yoast SEO plugin. -->","yoast_head_json":{"title":"Yanina Latorre cont\u00f3 el peor rob\u00f3 que cometi\u00f3 More Rial: &quot;Cuando Jorge sufri\u00f3 el infarto, ella...&quot; - Fm Gente","robots":{"index":"index","follow":"follow","max-snippet":"max-snippet:-1","max-image-preview":"max-image-preview:large","max-video-preview":"max-video-preview:-1"},"canonical":"https:\/\/fmgente.com.ar\/web\/yanina-latorre-conto-el-peor-robo-que-cometio-more-rial-cuando-jorge-sufrio-el-infarto-ella\/","og_locale":"es_ES","og_type":"article","og_title":"Yanina Latorre cont\u00f3 el peor rob\u00f3 que cometi\u00f3 More Rial: &quot;Cuando Jorge sufri\u00f3 el infarto, ella...&quot; - Fm Gente","og_description":"Las dram\u00e1ticas informaciones que llegan sobre los primeros d\u00edas de More Rial en la c\u00e1rcel","og_url":"https:\/\/fmgente.com.ar\/web\/yanina-latorre-conto-el-peor-robo-que-cometio-more-rial-cuando-jorge-sufrio-el-infarto-ella\/","og_site_name":"Fm Gente","article_published_time":"2025-10-06T19:04:53+00:00","og_image":[{"width":359,"height":226,"url":"https:\/\/fmgente.com.ar\/web\/wp-content\/uploads\/2025\/10\/LARA-PEQUENO-J-NUEVA-2-359x226-1.jpg","type":"image\/jpeg"}],"twitter_card":"summary_large_image","twitter_misc":{"Tiempo de lectura":"3 minutos"},"schema":{"@context":"https:\/\/schema.org","@graph":[{"@type":"Article","@id":"https:\/\/fmgente.com.ar\/web\/yanina-latorre-conto-el-peor-robo-que-cometio-more-rial-cuando-jorge-sufrio-el-infarto-ella\/#article","isPartOf":{"@id":"https:\/\/fmgente.com.ar\/web\/yanina-latorre-conto-el-peor-robo-que-cometio-more-rial-cuando-jorge-sufrio-el-infarto-ella\/"},"author":{"name":"","@id":""},"headline":"Yanina Latorre cont\u00f3 el peor rob\u00f3 que cometi\u00f3 More Rial: &quot;Cuando Jorge sufri\u00f3 el infarto, ella&#8230;&quot;","datePublished":"2025-10-06T19:04:53+00:00","mainEntityOfPage":{"@id":"https:\/\/fmgente.com.ar\/web\/yanina-latorre-conto-el-peor-robo-que-cometio-more-rial-cuando-jorge-sufrio-el-infarto-ella\/"},"wordCount":706,"publisher":{"@id":"https:\/\/fmgente.com.ar\/web\/#organization"},"image":{"@id":"https:\/\/fmgente.com.ar\/web\/yanina-latorre-conto-el-peor-robo-que-cometio-more-rial-cuando-jorge-sufrio-el-infarto-ella\/#primaryimage"},"thumbnailUrl":"https:\/\/fmgente.com.ar\/web\/wp-content\/uploads\/2025\/10\/LARA-PEQUENO-J-NUEVA-2-359x226-1.jpg","articleSection":["DESTACADAS"],"inLanguage":"es"},{"@type":"WebPage","@id":"https:\/\/fmgente.com.ar\/web\/yanina-latorre-conto-el-peor-robo-que-cometio-more-rial-cuando-jorge-sufrio-el-infarto-ella\/","url":"https:\/\/fmgente.com.ar\/web\/yanina-latorre-conto-el-peor-robo-que-cometio-more-rial-cuando-jorge-sufrio-el-infarto-ella\/","name":"Yanina Latorre cont\u00f3 el peor rob\u00f3 que cometi\u00f3 More Rial: &quot;Cuando Jorge sufri\u00f3 el infarto, ella...&quot; - Fm Gente","isPartOf":{"@id":"https:\/\/fmgente.com.ar\/web\/#website"},"primaryImageOfPage":{"@id":"https:\/\/fmgente.com.ar\/web\/yanina-latorre-conto-el-peor-robo-que-cometio-more-rial-cuando-jorge-sufrio-el-infarto-ella\/#primaryimage"},"image":{"@id":"https:\/\/fmgente.com.ar\/web\/yanina-latorre-conto-el-peor-robo-que-cometio-more-rial-cuando-jorge-sufrio-el-infarto-ella\/#primaryimage"},"thumbnailUrl":"https:\/\/fmgente.com.ar\/web\/wp-content\/uploads\/2025\/10\/LARA-PEQUENO-J-NUEVA-2-359x226-1.jpg","datePublished":"2025-10-06T19:04:53+00:00","inLanguage":"es","potentialAction":[{"@type":"ReadAction","target":["https:\/\/fmgente.com.ar\/web\/yanina-latorre-conto-el-peor-robo-que-cometio-more-rial-cuando-jorge-sufrio-el-infarto-ella\/"]}]},{"@type":"ImageObject","inLanguage":"es","@id":"https:\/\/fmgente.com.ar\/web\/yanina-latorre-conto-el-peor-robo-que-cometio-more-rial-cuando-jorge-sufrio-el-infarto-ella\/#primaryimage","url":"https:\/\/fmgente.com.ar\/web\/wp-content\/uploads\/2025\/10\/LARA-PEQUENO-J-NUEVA-2-359x226-1.jpg","contentUrl":"https:\/\/fmgente.com.ar\/web\/wp-content\/uploads\/2025\/10\/LARA-PEQUENO-J-NUEVA-2-359x226-1.jpg","width":359,"height":226},{"@type":"WebSite","@id":"https:\/\/fmgente.com.ar\/web\/#website","url":"https:\/\/fmgente.com.ar\/web\/","name":"Fm Gente","description":"- Jes\u00fas Mar\u00eda","publisher":{"@id":"https:\/\/fmgente.com.ar\/web\/#organization"},"potentialAction":[{"@type":"SearchAction","target":{"@type":"EntryPoint","urlTemplate":"https:\/\/fmgente.com.ar\/web\/?s={search_term_string}"},"query-input":{"@type":"PropertyValueSpecification","valueRequired":true,"valueName":"search_term_string"}}],"inLanguage":"es"},{"@type":"Organization","@id":"https:\/\/fmgente.com.ar\/web\/#organization","name":"Fm Gente","url":"https:\/\/fmgente.com.ar\/web\/","logo":{"@type":"ImageObject","inLanguage":"es","@id":"https:\/\/fmgente.com.ar\/web\/#\/schema\/logo\/image\/","url":"https:\/\/fmgente.com.ar\/web\/wp-content\/uploads\/2023\/07\/cropped-cropped-logo-sombra2.png","contentUrl":"https:\/\/fmgente.com.ar\/web\/wp-content\/uploads\/2023\/07\/cropped-cropped-logo-sombra2.png","width":1782,"height":1782,"caption":"Fm Gente"},"image":{"@id":"https:\/\/fmgente.com.ar\/web\/#\/schema\/logo\/image\/"}}]}},"_links":{"self":[{"href":"https:\/\/fmgente.com.ar\/web\/wp-json\/wp\/v2\/posts\/6193","targetHints":{"allow":["GET"]}}],"collection":[{"href":"https:\/\/fmgente.com.ar\/web\/wp-json\/wp\/v2\/posts"}],"about":[{"href":"https:\/\/fmgente.com.ar\/web\/wp-json\/wp\/v2\/types\/post"}],"replies":[{"embeddable":true,"href":"https:\/\/fmgente.com.ar\/web\/wp-json\/wp\/v2\/comments?post=6193"}],"version-history":[{"count":0,"href":"https:\/\/fmgente.com.ar\/web\/wp-json\/wp\/v2\/posts\/6193\/revisions"}],"wp:featuredmedia":[{"embeddable":true,"href":"https:\/\/fmgente.com.ar\/web\/wp-json\/wp\/v2\/media\/6194"}],"wp:attachment":[{"href":"https:\/\/fmgente.com.ar\/web\/wp-json\/wp\/v2\/media?parent=6193"}],"wp:term":[{"taxonomy":"category","embeddable":true,"href":"https:\/\/fmgente.com.ar\/web\/wp-json\/wp\/v2\/categories?post=6193"},{"taxonomy":"post_tag","embeddable":true,"href":"https:\/\/fmgente.com.ar\/web\/wp-json\/wp\/v2\/tags?post=6193"}],"curies":[{"name":"wp","href":"https:\/\/api.w.org\/{rel}","templated":true}]}}