{"id":6191,"date":"2025-10-06T16:04:53","date_gmt":"2025-10-06T19:04:53","guid":{"rendered":"https:\/\/fmgente.com.ar\/wanda-nara-se-burlo-del-tamano-de-mauro-icardi-con-el-jurado-de-masterchef-el-provocador-video\/"},"modified":"2025-10-06T16:04:53","modified_gmt":"2025-10-06T19:04:53","slug":"wanda-nara-se-burlo-del-tamano-de-mauro-icardi-con-el-jurado-de-masterchef-el-provocador-video","status":"publish","type":"post","link":"https:\/\/fmgente.com.ar\/web\/wanda-nara-se-burlo-del-tamano-de-mauro-icardi-con-el-jurado-de-masterchef-el-provocador-video\/","title":{"rendered":"Wanda Nara se burl\u00f3 del &quot;tama\u00f1o&quot; de Mauro Icardi con el jurado de MasterChef: el provocador video"},"content":{"rendered":"<p><strong>Wanda Nara<\/strong> una vez m\u00e1s dio la nota con una tremenda burla a <strong>Mauro Icardi<\/strong>. Una promo que apareci\u00f3 en redes y que Wan se encarg\u00f3 de difundir, divertida. Las grabaciones de <strong>MasterChef Celebrity<\/strong> ya arrancaron y en <strong>Telefe<\/strong> est\u00e1n dejando todo para promocionar el reality. Aunque eso signifique \u201ccomerse\u201d una carta documento de <a href=\"https:\/\/www.paparazzi.com.ar\/tag\/mauro-icardi\/\">Icardi<\/a>.<\/p>\n<p>\u00bfQu\u00e9 pas\u00f3 ahora? <a href=\"https:\/\/www.paparazzi.com.ar\/tag\/wanda-nara\/\">Wanda <\/a>y el jurado, <strong>Donato de Santis<\/strong>, <strong>Dami\u00e1n Betular <\/strong>y <strong>Germ\u00e1n Martitegui<\/strong>, se prestaron para un spot donde aparecen en medio de una sesi\u00f3n de terapia donde ella es la <em>\u201cDra. Nara\u201d<\/em>. En la mesa, aparece la primera chicana para Icardi: un enorme bowl lleno de man\u00ed.<\/p>\n<p><em>\u201cBueno, miren, yo no suelo trabajar terapia grupal, pero por ustedes voy a hacer una excepci\u00f3n\u201d,<\/em> se la oye decir a ella. <em>\u201cMire, doctora, nosotros venimos de situaciones muy traum\u00e1ticas\u201d<\/em>, expresa Donato, A lo que Martitegui acota: <em>\u201cSon errores imperdonables, pr\u00e1cticamente inaceptables\u201d.<\/em><\/p>\n<div class=\"mt-box \">\n<h4 class=\"mt-heading\">Mir\u00e1 Tambi\u00e9n<\/h4>\n<p><a href=\"https:\/\/www.paparazzi.com.ar\/teve\/la-drastica-decision-que-tomo-mauro-icardi-sobre-sus-hijas-en-medio-de-su-guerra-con-wanda-nara\/\"><\/p>\n<div class=\"mt-content\">\n<div class=\"mt-image-container\"><img decoding=\"async\" src=\"https:\/\/www.paparazzi.com.ar\/wp-content\/uploads\/2025\/09\/Mauro-Icardi-hijas-Wanda-Nara-359x226.jpg\" alt=\"La dr\u00e1stica decisi\u00f3n que tom\u00f3 Mauro Icardi sobre sus hijas en medio de su guerra con Wanda Nara\" class=\"mt-image\" loading=\"lazy\" \/><\/div>\n<h5 class=\"mt-title\">La dr\u00e1stica decisi\u00f3n que tom\u00f3 Mauro Icardi sobre sus hijas en medio de su guerra con Wanda Nara<\/h5>\n<\/div>\n<p><\/a><\/div>\n<p>\u201c<em>La gente est\u00e1 muy mal, doctora. La verdad es que est\u00e1 muy mal\u201d<\/em>, dice entonces Betular y le pregunta a <a href=\"https:\/\/www.paparazzi.com.ar\/teve\/elba-marcovecchio-expuso-como-wanda-nara-usa-a-sus-hijas-para-danar-a-mauro-icardi\/\">Wanda<\/a>, se\u00f1alando a la mesa: <em>\u201c\u00bfEs man\u00ed?\u201d. \u201c\u00bfC\u00f3mo?\u201d<\/em>, reacciona ella, p\u00edcara, rematando la escena que para muchos usuarios result\u00f3 inaceptable, dada la alusi\u00f3n a la intimidad de Icardi, que qued\u00f3 a la vista en el video privado que se divulg\u00f3 en julio. <em>\u201cEl ingrediente del a\u00f1o, el man\u00ed\u201d<\/em>, escribi\u00f3 Donato luego en el video que public\u00f3 Wan en IG.<\/p>\n<h2 class=\"wp-block-heading\">LAS BURLAS DE WANDA NARA TRAS EL VIDEO \u00cdNTIMO DE MAURO ICARDI<\/h2>\n<p>A finales de julio pasado, la modelo uruguaya <strong>Natasha Rey <\/strong>public\u00f3 en sus redes sociales un material que, seg\u00fan ella, le hab\u00eda mandado<a href=\"https:\/\/www.paparazzi.com.ar\/romances\/revelaron-la-verdad-detras-de-la-visita-de-mauro-icardi-al-psicologo-por-sus-hijas-es-mentira-que\/\"> Mauro Icardi<\/a>, dejando ver al futbolista en una situaci\u00f3n \u00edntima.<em> \u201cMe voy a ocupar del micropene\u201d,<\/em> amenaz\u00f3 la vedette, antes de compartir el clip que en segundos se hizo viral, transform\u00e1ndose en lo que se dio a llamar el \u201cman\u00ed gate\u201d.<\/p>\n<p>Y mientras la China Su\u00e1rez sali\u00f3 a decir que el video lo hab\u00eda filtrado Wanda Nara, ella, ni lerda ni perezosa, termin\u00f3 capitalizando el asunto con una marca de snacks. M\u00e1s tarde, la medi\u00e1tica se refiri\u00f3 a la intimidad de su ex marido en la nota que le brind\u00f3 a <strong>Grego Rosell\u00f3<\/strong>.<\/p>\n<div class=\"mt-box \">\n<h4 class=\"mt-heading\">Mir\u00e1 Tambi\u00e9n<\/h4>\n<p><a href=\"https:\/\/www.paparazzi.com.ar\/romances\/gano-mauro-icardi-el-informe-clave-del-colegio-de-los-hijos-de-wanda-nara-tras-la-denuncia-por-violencia\/\"><\/p>\n<div class=\"mt-content\">\n<div class=\"mt-image-container\"><img decoding=\"async\" src=\"https:\/\/www.paparazzi.com.ar\/wp-content\/uploads\/2025\/06\/Wanda-Nara-Mauro-Icardi-hijos-359x226.jpg\" alt=\"Gan\u00f3 Mauro Icardi: el informe clave del colegio de los hijos de Wanda Nara tras la denuncia por violencia\" class=\"mt-image\" loading=\"lazy\" \/><\/div>\n<h5 class=\"mt-title\">Gan\u00f3 Mauro Icardi: el informe clave del colegio de los hijos de Wanda Nara tras la denuncia por violencia<\/h5>\n<\/div>\n<p><\/a><\/div>\n<p><em>\u201cYo s\u00e9 cuando algo est\u00e1 cacheteado antes\u201d<\/em>, dispar\u00f3 el conductor, a prop\u00f3sito del video de Icardi en boxers que la China subi\u00f3 desde Turqu\u00eda, volviendo a convertir los genitales del deportista en foco de atenci\u00f3n.\u201c<em>Bueno, vos imaginate que cachete\u00e9 varios a\u00f1os\u201d<\/em>, retruc\u00f3 ella, entre risas.<\/p>\n<div class=\"mt-box \">\n<h4 class=\"mt-heading\">Mir\u00e1 Tambi\u00e9n<\/h4>\n<p><a href=\"https:\/\/www.paparazzi.com.ar\/teve\/la-horrible-traicion-que-sufrio-la-china-suarez-en-pleno-romance-con-mauro-icardi\/\"><\/p>\n<div class=\"mt-content\">\n<div class=\"mt-image-container\"><img decoding=\"async\" src=\"https:\/\/www.paparazzi.com.ar\/wp-content\/uploads\/2025\/10\/china-suarez-1-359x226.jpg\" alt=\"La horrible traici\u00f3n que sufri\u00f3 la China Su\u00e1rez en pleno romance con Mauro Icardi\" class=\"mt-image\" loading=\"lazy\" \/><\/div>\n<h5 class=\"mt-title\">La horrible traici\u00f3n que sufri\u00f3 la China Su\u00e1rez en pleno romance con Mauro Icardi<\/h5>\n<\/div>\n<p><\/a><\/div>\n<div class=\"mt-box \">\n<h4 class=\"mt-heading\">Mir\u00e1 Tambi\u00e9n<\/h4>\n<p><a href=\"https:\/\/www.paparazzi.com.ar\/teve\/daniela-celis-revelo-como-fue-el-primer-encuentro-de-thiago-medina-con-sus-hijas-tras-salvar-su-vida-de-milagro\/\"><\/p>\n<div class=\"mt-content\">\n<div class=\"mt-image-container\"><img decoding=\"async\" src=\"https:\/\/www.paparazzi.com.ar\/wp-content\/uploads\/2025\/10\/daniela-celis-thiago-medina-359x226.jpg\" alt=\"Daniela Celis revel\u00f3 c\u00f3mo fue el primer encuentro de Thiago Medina con sus hijas tras salvar su vida de milagro\" class=\"mt-image\" loading=\"lazy\" \/><\/div>\n<h5 class=\"mt-title\">Daniela Celis revel\u00f3 c\u00f3mo fue el primer encuentro de Thiago Medina con sus hijas tras salvar su vida de milagro<\/h5>\n<\/div>\n<p><\/a><\/div>\n<p>The post <a href=\"https:\/\/www.paparazzi.com.ar\/teve\/wanda-nara-se-burlo-del-tamano-de-mauro-icardi-con-el-jurado-de-masterchef-el-provocador-video\/\">Wanda Nara se burl\u00f3 del &quot;tama\u00f1o&quot; de Mauro Icardi con el jurado de MasterChef: el provocador video<\/a> appeared first on <a href=\"https:\/\/www.paparazzi.com.ar\">Revista Paparazzi<\/a>.<\/p>\n","protected":false},"excerpt":{"rendered":"<p>Wanda Nara una vez m\u00e1s dio la nota con una tremenda burla a Mauro Icardi.<\/p>\n","protected":false},"author":0,"featured_media":6192,"comment_status":"","ping_status":"","sticky":false,"template":"","format":"standard","meta":{"footnotes":""},"categories":[11],"tags":[],"class_list":["post-6191","post","type-post","status-publish","format-standard","has-post-thumbnail","hentry","category-destacadas"],"yoast_head":"<!-- This site is optimized with the Yoast SEO plugin v28.3 - https:\/\/yoast.com\/product\/yoast-seo-wordpress\/ -->\n<title>Wanda Nara se burl\u00f3 del &quot;tama\u00f1o&quot; de Mauro Icardi con el jurado de MasterChef: el provocador video - Fm Gente<\/title>\n<meta name=\"robots\" content=\"index, follow, max-snippet:-1, max-image-preview:large, max-video-preview:-1\" \/>\n<link rel=\"canonical\" href=\"https:\/\/fmgente.com.ar\/web\/wanda-nara-se-burlo-del-tamano-de-mauro-icardi-con-el-jurado-de-masterchef-el-provocador-video\/\" \/>\n<meta property=\"og:locale\" content=\"es_ES\" \/>\n<meta property=\"og:type\" content=\"article\" \/>\n<meta property=\"og:title\" content=\"Wanda Nara se burl\u00f3 del &quot;tama\u00f1o&quot; de Mauro Icardi con el jurado de MasterChef: el provocador video - Fm Gente\" \/>\n<meta property=\"og:description\" content=\"Wanda Nara una vez m\u00e1s dio la nota con una tremenda burla a Mauro Icardi.\" \/>\n<meta property=\"og:url\" content=\"https:\/\/fmgente.com.ar\/web\/wanda-nara-se-burlo-del-tamano-de-mauro-icardi-con-el-jurado-de-masterchef-el-provocador-video\/\" \/>\n<meta property=\"og:site_name\" content=\"Fm Gente\" \/>\n<meta property=\"article:published_time\" content=\"2025-10-06T19:04:53+00:00\" \/>\n<meta property=\"og:image\" content=\"https:\/\/fmgente.com.ar\/web\/wp-content\/uploads\/2025\/10\/Mauro-Icardi-hijas-Wanda-Nara-359x226-1.jpg\" \/>\n\t<meta property=\"og:image:width\" content=\"359\" \/>\n\t<meta property=\"og:image:height\" content=\"226\" \/>\n\t<meta property=\"og:image:type\" content=\"image\/jpeg\" \/>\n<meta name=\"twitter:card\" content=\"summary_large_image\" \/>\n<meta name=\"twitter:label1\" content=\"Tiempo de lectura\" \/>\n\t<meta name=\"twitter:data1\" content=\"3 minutos\" \/>\n<script type=\"application\/ld+json\" class=\"yoast-schema-graph\">{\"@context\":\"https:\\\/\\\/schema.org\",\"@graph\":[{\"@type\":\"Article\",\"@id\":\"https:\\\/\\\/fmgente.com.ar\\\/web\\\/wanda-nara-se-burlo-del-tamano-de-mauro-icardi-con-el-jurado-de-masterchef-el-provocador-video\\\/#article\",\"isPartOf\":{\"@id\":\"https:\\\/\\\/fmgente.com.ar\\\/web\\\/wanda-nara-se-burlo-del-tamano-de-mauro-icardi-con-el-jurado-de-masterchef-el-provocador-video\\\/\"},\"author\":{\"name\":\"\",\"@id\":\"\"},\"headline\":\"Wanda Nara se burl\u00f3 del &quot;tama\u00f1o&quot; de Mauro Icardi con el jurado de MasterChef: el provocador video\",\"datePublished\":\"2025-10-06T19:04:53+00:00\",\"mainEntityOfPage\":{\"@id\":\"https:\\\/\\\/fmgente.com.ar\\\/web\\\/wanda-nara-se-burlo-del-tamano-de-mauro-icardi-con-el-jurado-de-masterchef-el-provocador-video\\\/\"},\"wordCount\":560,\"publisher\":{\"@id\":\"https:\\\/\\\/fmgente.com.ar\\\/web\\\/#organization\"},\"image\":{\"@id\":\"https:\\\/\\\/fmgente.com.ar\\\/web\\\/wanda-nara-se-burlo-del-tamano-de-mauro-icardi-con-el-jurado-de-masterchef-el-provocador-video\\\/#primaryimage\"},\"thumbnailUrl\":\"https:\\\/\\\/fmgente.com.ar\\\/web\\\/wp-content\\\/uploads\\\/2025\\\/10\\\/Mauro-Icardi-hijas-Wanda-Nara-359x226-1.jpg\",\"articleSection\":[\"DESTACADAS\"],\"inLanguage\":\"es\"},{\"@type\":\"WebPage\",\"@id\":\"https:\\\/\\\/fmgente.com.ar\\\/web\\\/wanda-nara-se-burlo-del-tamano-de-mauro-icardi-con-el-jurado-de-masterchef-el-provocador-video\\\/\",\"url\":\"https:\\\/\\\/fmgente.com.ar\\\/web\\\/wanda-nara-se-burlo-del-tamano-de-mauro-icardi-con-el-jurado-de-masterchef-el-provocador-video\\\/\",\"name\":\"Wanda Nara se burl\u00f3 del &quot;tama\u00f1o&quot; de Mauro Icardi con el jurado de MasterChef: el provocador video - Fm Gente\",\"isPartOf\":{\"@id\":\"https:\\\/\\\/fmgente.com.ar\\\/web\\\/#website\"},\"primaryImageOfPage\":{\"@id\":\"https:\\\/\\\/fmgente.com.ar\\\/web\\\/wanda-nara-se-burlo-del-tamano-de-mauro-icardi-con-el-jurado-de-masterchef-el-provocador-video\\\/#primaryimage\"},\"image\":{\"@id\":\"https:\\\/\\\/fmgente.com.ar\\\/web\\\/wanda-nara-se-burlo-del-tamano-de-mauro-icardi-con-el-jurado-de-masterchef-el-provocador-video\\\/#primaryimage\"},\"thumbnailUrl\":\"https:\\\/\\\/fmgente.com.ar\\\/web\\\/wp-content\\\/uploads\\\/2025\\\/10\\\/Mauro-Icardi-hijas-Wanda-Nara-359x226-1.jpg\",\"datePublished\":\"2025-10-06T19:04:53+00:00\",\"inLanguage\":\"es\",\"potentialAction\":[{\"@type\":\"ReadAction\",\"target\":[\"https:\\\/\\\/fmgente.com.ar\\\/web\\\/wanda-nara-se-burlo-del-tamano-de-mauro-icardi-con-el-jurado-de-masterchef-el-provocador-video\\\/\"]}]},{\"@type\":\"ImageObject\",\"inLanguage\":\"es\",\"@id\":\"https:\\\/\\\/fmgente.com.ar\\\/web\\\/wanda-nara-se-burlo-del-tamano-de-mauro-icardi-con-el-jurado-de-masterchef-el-provocador-video\\\/#primaryimage\",\"url\":\"https:\\\/\\\/fmgente.com.ar\\\/web\\\/wp-content\\\/uploads\\\/2025\\\/10\\\/Mauro-Icardi-hijas-Wanda-Nara-359x226-1.jpg\",\"contentUrl\":\"https:\\\/\\\/fmgente.com.ar\\\/web\\\/wp-content\\\/uploads\\\/2025\\\/10\\\/Mauro-Icardi-hijas-Wanda-Nara-359x226-1.jpg\",\"width\":359,\"height\":226},{\"@type\":\"WebSite\",\"@id\":\"https:\\\/\\\/fmgente.com.ar\\\/web\\\/#website\",\"url\":\"https:\\\/\\\/fmgente.com.ar\\\/web\\\/\",\"name\":\"Fm Gente\",\"description\":\"- Jes\u00fas Mar\u00eda\",\"publisher\":{\"@id\":\"https:\\\/\\\/fmgente.com.ar\\\/web\\\/#organization\"},\"potentialAction\":[{\"@type\":\"SearchAction\",\"target\":{\"@type\":\"EntryPoint\",\"urlTemplate\":\"https:\\\/\\\/fmgente.com.ar\\\/web\\\/?s={search_term_string}\"},\"query-input\":{\"@type\":\"PropertyValueSpecification\",\"valueRequired\":true,\"valueName\":\"search_term_string\"}}],\"inLanguage\":\"es\"},{\"@type\":\"Organization\",\"@id\":\"https:\\\/\\\/fmgente.com.ar\\\/web\\\/#organization\",\"name\":\"Fm Gente\",\"url\":\"https:\\\/\\\/fmgente.com.ar\\\/web\\\/\",\"logo\":{\"@type\":\"ImageObject\",\"inLanguage\":\"es\",\"@id\":\"https:\\\/\\\/fmgente.com.ar\\\/web\\\/#\\\/schema\\\/logo\\\/image\\\/\",\"url\":\"https:\\\/\\\/fmgente.com.ar\\\/web\\\/wp-content\\\/uploads\\\/2023\\\/07\\\/cropped-cropped-logo-sombra2.png\",\"contentUrl\":\"https:\\\/\\\/fmgente.com.ar\\\/web\\\/wp-content\\\/uploads\\\/2023\\\/07\\\/cropped-cropped-logo-sombra2.png\",\"width\":1782,\"height\":1782,\"caption\":\"Fm Gente\"},\"image\":{\"@id\":\"https:\\\/\\\/fmgente.com.ar\\\/web\\\/#\\\/schema\\\/logo\\\/image\\\/\"}}]}<\/script>\n<!-- \/ Yoast SEO plugin. -->","yoast_head_json":{"title":"Wanda Nara se burl\u00f3 del &quot;tama\u00f1o&quot; de Mauro Icardi con el jurado de MasterChef: el provocador video - Fm Gente","robots":{"index":"index","follow":"follow","max-snippet":"max-snippet:-1","max-image-preview":"max-image-preview:large","max-video-preview":"max-video-preview:-1"},"canonical":"https:\/\/fmgente.com.ar\/web\/wanda-nara-se-burlo-del-tamano-de-mauro-icardi-con-el-jurado-de-masterchef-el-provocador-video\/","og_locale":"es_ES","og_type":"article","og_title":"Wanda Nara se burl\u00f3 del &quot;tama\u00f1o&quot; de Mauro Icardi con el jurado de MasterChef: el provocador video - Fm Gente","og_description":"Wanda Nara una vez m\u00e1s dio la nota con una tremenda burla a Mauro Icardi.","og_url":"https:\/\/fmgente.com.ar\/web\/wanda-nara-se-burlo-del-tamano-de-mauro-icardi-con-el-jurado-de-masterchef-el-provocador-video\/","og_site_name":"Fm Gente","article_published_time":"2025-10-06T19:04:53+00:00","og_image":[{"width":359,"height":226,"url":"https:\/\/fmgente.com.ar\/web\/wp-content\/uploads\/2025\/10\/Mauro-Icardi-hijas-Wanda-Nara-359x226-1.jpg","type":"image\/jpeg"}],"twitter_card":"summary_large_image","twitter_misc":{"Tiempo de lectura":"3 minutos"},"schema":{"@context":"https:\/\/schema.org","@graph":[{"@type":"Article","@id":"https:\/\/fmgente.com.ar\/web\/wanda-nara-se-burlo-del-tamano-de-mauro-icardi-con-el-jurado-de-masterchef-el-provocador-video\/#article","isPartOf":{"@id":"https:\/\/fmgente.com.ar\/web\/wanda-nara-se-burlo-del-tamano-de-mauro-icardi-con-el-jurado-de-masterchef-el-provocador-video\/"},"author":{"name":"","@id":""},"headline":"Wanda Nara se burl\u00f3 del &quot;tama\u00f1o&quot; de Mauro Icardi con el jurado de MasterChef: el provocador video","datePublished":"2025-10-06T19:04:53+00:00","mainEntityOfPage":{"@id":"https:\/\/fmgente.com.ar\/web\/wanda-nara-se-burlo-del-tamano-de-mauro-icardi-con-el-jurado-de-masterchef-el-provocador-video\/"},"wordCount":560,"publisher":{"@id":"https:\/\/fmgente.com.ar\/web\/#organization"},"image":{"@id":"https:\/\/fmgente.com.ar\/web\/wanda-nara-se-burlo-del-tamano-de-mauro-icardi-con-el-jurado-de-masterchef-el-provocador-video\/#primaryimage"},"thumbnailUrl":"https:\/\/fmgente.com.ar\/web\/wp-content\/uploads\/2025\/10\/Mauro-Icardi-hijas-Wanda-Nara-359x226-1.jpg","articleSection":["DESTACADAS"],"inLanguage":"es"},{"@type":"WebPage","@id":"https:\/\/fmgente.com.ar\/web\/wanda-nara-se-burlo-del-tamano-de-mauro-icardi-con-el-jurado-de-masterchef-el-provocador-video\/","url":"https:\/\/fmgente.com.ar\/web\/wanda-nara-se-burlo-del-tamano-de-mauro-icardi-con-el-jurado-de-masterchef-el-provocador-video\/","name":"Wanda Nara se burl\u00f3 del &quot;tama\u00f1o&quot; de Mauro Icardi con el jurado de MasterChef: el provocador video - Fm Gente","isPartOf":{"@id":"https:\/\/fmgente.com.ar\/web\/#website"},"primaryImageOfPage":{"@id":"https:\/\/fmgente.com.ar\/web\/wanda-nara-se-burlo-del-tamano-de-mauro-icardi-con-el-jurado-de-masterchef-el-provocador-video\/#primaryimage"},"image":{"@id":"https:\/\/fmgente.com.ar\/web\/wanda-nara-se-burlo-del-tamano-de-mauro-icardi-con-el-jurado-de-masterchef-el-provocador-video\/#primaryimage"},"thumbnailUrl":"https:\/\/fmgente.com.ar\/web\/wp-content\/uploads\/2025\/10\/Mauro-Icardi-hijas-Wanda-Nara-359x226-1.jpg","datePublished":"2025-10-06T19:04:53+00:00","inLanguage":"es","potentialAction":[{"@type":"ReadAction","target":["https:\/\/fmgente.com.ar\/web\/wanda-nara-se-burlo-del-tamano-de-mauro-icardi-con-el-jurado-de-masterchef-el-provocador-video\/"]}]},{"@type":"ImageObject","inLanguage":"es","@id":"https:\/\/fmgente.com.ar\/web\/wanda-nara-se-burlo-del-tamano-de-mauro-icardi-con-el-jurado-de-masterchef-el-provocador-video\/#primaryimage","url":"https:\/\/fmgente.com.ar\/web\/wp-content\/uploads\/2025\/10\/Mauro-Icardi-hijas-Wanda-Nara-359x226-1.jpg","contentUrl":"https:\/\/fmgente.com.ar\/web\/wp-content\/uploads\/2025\/10\/Mauro-Icardi-hijas-Wanda-Nara-359x226-1.jpg","width":359,"height":226},{"@type":"WebSite","@id":"https:\/\/fmgente.com.ar\/web\/#website","url":"https:\/\/fmgente.com.ar\/web\/","name":"Fm Gente","description":"- Jes\u00fas Mar\u00eda","publisher":{"@id":"https:\/\/fmgente.com.ar\/web\/#organization"},"potentialAction":[{"@type":"SearchAction","target":{"@type":"EntryPoint","urlTemplate":"https:\/\/fmgente.com.ar\/web\/?s={search_term_string}"},"query-input":{"@type":"PropertyValueSpecification","valueRequired":true,"valueName":"search_term_string"}}],"inLanguage":"es"},{"@type":"Organization","@id":"https:\/\/fmgente.com.ar\/web\/#organization","name":"Fm Gente","url":"https:\/\/fmgente.com.ar\/web\/","logo":{"@type":"ImageObject","inLanguage":"es","@id":"https:\/\/fmgente.com.ar\/web\/#\/schema\/logo\/image\/","url":"https:\/\/fmgente.com.ar\/web\/wp-content\/uploads\/2023\/07\/cropped-cropped-logo-sombra2.png","contentUrl":"https:\/\/fmgente.com.ar\/web\/wp-content\/uploads\/2023\/07\/cropped-cropped-logo-sombra2.png","width":1782,"height":1782,"caption":"Fm Gente"},"image":{"@id":"https:\/\/fmgente.com.ar\/web\/#\/schema\/logo\/image\/"}}]}},"_links":{"self":[{"href":"https:\/\/fmgente.com.ar\/web\/wp-json\/wp\/v2\/posts\/6191","targetHints":{"allow":["GET"]}}],"collection":[{"href":"https:\/\/fmgente.com.ar\/web\/wp-json\/wp\/v2\/posts"}],"about":[{"href":"https:\/\/fmgente.com.ar\/web\/wp-json\/wp\/v2\/types\/post"}],"replies":[{"embeddable":true,"href":"https:\/\/fmgente.com.ar\/web\/wp-json\/wp\/v2\/comments?post=6191"}],"version-history":[{"count":0,"href":"https:\/\/fmgente.com.ar\/web\/wp-json\/wp\/v2\/posts\/6191\/revisions"}],"wp:featuredmedia":[{"embeddable":true,"href":"https:\/\/fmgente.com.ar\/web\/wp-json\/wp\/v2\/media\/6192"}],"wp:attachment":[{"href":"https:\/\/fmgente.com.ar\/web\/wp-json\/wp\/v2\/media?parent=6191"}],"wp:term":[{"taxonomy":"category","embeddable":true,"href":"https:\/\/fmgente.com.ar\/web\/wp-json\/wp\/v2\/categories?post=6191"},{"taxonomy":"post_tag","embeddable":true,"href":"https:\/\/fmgente.com.ar\/web\/wp-json\/wp\/v2\/tags?post=6191"}],"curies":[{"name":"wp","href":"https:\/\/api.w.org\/{rel}","templated":true}]}}