{"id":6187,"date":"2025-10-06T14:11:48","date_gmt":"2025-10-06T17:11:48","guid":{"rendered":"https:\/\/fmgente.com.ar\/inesperado-giro-en-el-triple-femicidio-de-florencio-varela-lara-y-pequeno-j-habrian-sido-novios\/"},"modified":"2025-10-06T14:11:48","modified_gmt":"2025-10-06T17:11:48","slug":"inesperado-giro-en-el-triple-femicidio-de-florencio-varela-lara-y-pequeno-j-habrian-sido-novios","status":"publish","type":"post","link":"https:\/\/fmgente.com.ar\/web\/inesperado-giro-en-el-triple-femicidio-de-florencio-varela-lara-y-pequeno-j-habrian-sido-novios\/","title":{"rendered":"Inesperado giro en el triple femicidio de Florencio Varela: &quot;Lara y Peque\u00f1o J habr\u00edan sido novios&quot;"},"content":{"rendered":"<p>Todo lo que rodea al triple femicidio de Florencio Varela es un horror. Un espanto. Una sucesi\u00f3n de situaciones desesperantes. Todo absolutamente todo. Los sucesos, los detalles, la existencia de organizaciones criminales que pueden cometer semejantes atrocidades, la investigaci\u00f3n que durar\u00e1 a\u00f1os, el dolor que ser\u00e1 eterno, la p\u00e9rdida de tres vidas. En medio de ese shock que a\u00fan sacude a la sociedad, una nueva novedad provoc\u00f3 m\u00e1s asombro sobre el ya existente: ahora se dice que Lara y Peque\u00f1o J habr\u00edan tenido una relaci\u00f3n antes de volverse v\u00edctima y posible asesino.<\/p>\n<p>Por ahora hay algunas certezas y muchas dudas alrededor de este caso que conmueve y horroriza al pa\u00eds. Lo que se sabe es que las j\u00f3venes Brenda, Morena (ambas de 20 a\u00f1os) y Lara (de apenas 15) desaparecieron un viernes a la noche despu\u00e9s de subirse a un auto en la rotonda de La Tablada, partido de La Matanza. Despu\u00e9s de que las familias denunciaran su ausencia y se las buscara pr\u00e1cticamente con desesperaci\u00f3n, sus cuerpos fueron encontrados unos d\u00edas m\u00e1s tarde en un pozo de una casa en Florencio Varela. <\/p>\n<p>Hab\u00edan sido torturadas y pr\u00e1cticamente decapitadas. Ten\u00edan heridas tremendas en todo el cuerpo. A partir de ah\u00ed todo fueron hip\u00f3tesis y l\u00edneas de investigaci\u00f3n. La m\u00e1s firme indica que las tres fueron \u00abenga\u00f1adas\u00bb con una \u00aboferta laboral\u00bb para que participaran de una \u00abfiesta\u00bb a cambio de 300 d\u00f3lares para cada una. Las tres, admitido por sus propias familiares, eran \u00abtrabajadoras sexuales\u00bb. <\/p>\n<div class=\"mt-box \">\n<h4 class=\"mt-heading\">Mir\u00e1 Tambi\u00e9n<\/h4>\n<p><a href=\"https:\/\/www.paparazzi.com.ar\/romances\/el-explosivo-romance-del-periodista-del-momento-hizo-temblar-al-gobierno-y-esta-enamorado-de-una-jovencita\/\"><\/p>\n<div class=\"mt-content\">\n<div class=\"mt-image-container\"><img decoding=\"async\" src=\"https:\/\/www.paparazzi.com.ar\/wp-content\/uploads\/2025\/10\/Mauro-Federico-1-359x226.jpg\" alt=\"El explosivo romance del periodista del momento: &quot;Hizo temblar al gobierno y est\u00e1 enamorado de una jovencita&quot;\" class=\"mt-image\" loading=\"lazy\" \/><\/div>\n<h5 class=\"mt-title\">El explosivo romance del periodista del momento: \u00abHizo temblar al gobierno y est\u00e1 enamorado de una jovencita\u00bb<\/h5>\n<\/div>\n<p><\/a><\/div>\n<p>Se dijo que \u00abel plan\u00bb era \u00abvengarse\u00bb de un robo que una de ellas hab\u00eda cometido contra un \u00abcapo narco\u00bb al que hab\u00eda dormido con la modalidad conocida como \u00abviuda negra\u00bb. Las familias de Morena y Brenda, las dos mayores, posan sus sospechas sobre Lara, la menor de las tres, y aseguran que ellas dos \u00abla ligaron de rebote\u00bb porque \u00abviv\u00edan de la noche pero no ten\u00edan nada que ver con la droga ni con las bandas de delincuentes\u00bb. Por un lado se dice que \u00abla viuda negra\u00bb se llev\u00f3 70.000 d\u00f3lares, por otro 3 o 4 kilos de coca\u00edna, y por otro que sucedieron las dos cosas. <\/p>\n<h2 class=\"wp-block-heading\">INESPERADO GIRO EN EL TRIPLE FEMICIDIO DE FLORENCIO VARELA: DICEN QUE LARA Y PEQUE\u00d1O J FUERON NOVIOS<\/h2>\n<p>Las sospechas de la autor\u00eda de los aberrantes cr\u00edmenes recayeron r\u00e1pidamente en una \u00aborganizaci\u00f3n delictiva trasnacional\u00bb integrada por argentinos, bolivianos y peruanos, nacionalidad que se le asigna a quien est\u00e1 se\u00f1alado como l\u00edder, apodado \u00abPeque\u00f1o J\u00bb y quien fue detenido precisamente en un departamento cercano a Lima, la capital de ese pa\u00eds. \u00abEs un sanguinario capo de Bajo Flores y la villa Zabaleta de Parque Patricios, cop\u00f3 el lugar a sangre y fuego, no tiene problemas en matar\u00bb se dijo desde un primer momento. Hay una decena de apresados y se dice que las detenciones podr\u00edan llegar por los menos a las 15.<\/p>\n<p>Pero ahora la novedad lleg\u00f3 de parte de Desayuno Americano, el programa que conduce Pamela David, que a modo de documento present\u00f3 im\u00e1genes donde se ve a una muchacha que ser\u00eda Lara caminando en cercan\u00edas de un hombre que ser\u00eda el temible \u00abPeque\u00f1o J\u00bb. Al divulgar la secuencia en su cuenta de Twitter, el periodista Sebasti\u00e1n Tempone la titul\u00f3 \u00abNovios\u00bb y la describi\u00f3 de la siguiente manera: \u00abLa justicia investiga la relaci\u00f3n entre Peque\u00f1o J y Lara. Una testigo declar\u00f3 ante la justicia que entre Valverde y la menor de edad exist\u00eda un v\u00ednculo sentimental. La imagen que presento en exclusiva Desayuno Americano, muestra a los dos j\u00f3venes caminando de noche a la salida de una fiesta\u00bb. Todo puede suceder en este caso. Y todo ser\u00e1 espantoso, seguramente.<\/p>\n<figure class=\"wp-block-image size-full\"><img decoding=\"async\" width=\"587\" height=\"576\" src=\"https:\/\/www.paparazzi.com.ar\/wp-content\/uploads\/2025\/10\/Lara-Pequeno-Jota-1.jpg.webp\" loading=\"lazy\" alt=\"EL PERIODISTA SEBASTIAN TEMPONE DIO CUENTA DEL INESPERADO GIRO EN TORNO AL TRIPLE FEMICIDIO DE FLORENCIO VARELA.\" class=\"wp-image-446583\" \/><figcaption class=\"wp-element-caption\"><strong>EL PERIODISTA SEBASTIAN TEMPONE DIO CUENTA DEL INESPERADO GIRO EN TORNO AL TRIPLE FEMICIDIO DE FLORENCIO VARELA.<\/strong><\/figcaption><\/figure>\n<div class=\"mt-box \">\n<h4 class=\"mt-heading\">Mir\u00e1 Tambi\u00e9n<\/h4>\n<p><a href=\"https:\/\/www.paparazzi.com.ar\/teve\/la-horrible-traicion-que-sufrio-la-china-suarez-en-pleno-romance-con-mauro-icardi\/\"><\/p>\n<div class=\"mt-content\">\n<div class=\"mt-image-container\"><img decoding=\"async\" src=\"https:\/\/www.paparazzi.com.ar\/wp-content\/uploads\/2025\/10\/china-suarez-1-359x226.jpg\" alt=\"La horrible traici\u00f3n que sufri\u00f3 la China Su\u00e1rez en pleno romance con Mauro Icardi\" class=\"mt-image\" loading=\"lazy\" \/><\/div>\n<h5 class=\"mt-title\">La horrible traici\u00f3n que sufri\u00f3 la China Su\u00e1rez en pleno romance con Mauro Icardi<\/h5>\n<\/div>\n<p><\/a><\/div>\n<div class=\"mt-box \">\n<h4 class=\"mt-heading\">Mir\u00e1 Tambi\u00e9n<\/h4>\n<p><a href=\"https:\/\/www.paparazzi.com.ar\/romances\/el-ultimatum-de-zoe-bogach-por-su-romance-con-mauro-icardi-que-destrozo-a-la-china-suarez-tapa-su-infidelidad-y\/\"><\/p>\n<div class=\"mt-content\">\n<div class=\"mt-image-container\"><img decoding=\"async\" src=\"https:\/\/www.paparazzi.com.ar\/wp-content\/uploads\/2025\/10\/Zoe-Bogach-Mauro-Icardi-China-Suarez-359x226.jpg\" alt=\"El ultim\u00e1tum de Zoe Bogach por su romance con Mauro Icardi que destroz\u00f3 a la China Su\u00e1rez: \u201cTapa su infidelidad y\u2026\u201d\" class=\"mt-image\" loading=\"lazy\" \/><\/div>\n<h5 class=\"mt-title\">El ultim\u00e1tum de Zoe Bogach por su romance con Mauro Icardi que destroz\u00f3 a la China Su\u00e1rez: \u201cTapa su infidelidad y\u2026\u201d<\/h5>\n<\/div>\n<p><\/a><\/div>\n<p><a href=\"https:\/\/x.com\/SebasTempone\/status\/1975182720431988964\/photo\/1\"><\/a><\/p>\n<p>The post <a href=\"https:\/\/www.paparazzi.com.ar\/teve\/inesperado-giro-en-el-triple-femicidio-de-florencio-varela-lara-y-pequeno-j-habrian-sido-novios\/\">Inesperado giro en el triple femicidio de Florencio Varela: &quot;Lara y Peque\u00f1o J habr\u00edan sido novios&quot;<\/a> appeared first on <a href=\"https:\/\/www.paparazzi.com.ar\">Revista Paparazzi<\/a>.<\/p>\n","protected":false},"excerpt":{"rendered":"<p>Todo lo que rodea al triple femicidio de Florencio Varela es un horror. Un espanto.<\/p>\n","protected":false},"author":0,"featured_media":6188,"comment_status":"","ping_status":"","sticky":false,"template":"","format":"standard","meta":{"footnotes":""},"categories":[11],"tags":[],"class_list":["post-6187","post","type-post","status-publish","format-standard","has-post-thumbnail","hentry","category-destacadas"],"yoast_head":"<!-- This site is optimized with the Yoast SEO plugin v28.3 - https:\/\/yoast.com\/product\/yoast-seo-wordpress\/ -->\n<title>Inesperado giro en el triple femicidio de Florencio Varela: &quot;Lara y Peque\u00f1o J habr\u00edan sido novios&quot; - Fm Gente<\/title>\n<meta name=\"robots\" content=\"index, follow, max-snippet:-1, max-image-preview:large, max-video-preview:-1\" \/>\n<link rel=\"canonical\" href=\"https:\/\/fmgente.com.ar\/web\/inesperado-giro-en-el-triple-femicidio-de-florencio-varela-lara-y-pequeno-j-habrian-sido-novios\/\" \/>\n<meta property=\"og:locale\" content=\"es_ES\" \/>\n<meta property=\"og:type\" content=\"article\" \/>\n<meta property=\"og:title\" content=\"Inesperado giro en el triple femicidio de Florencio Varela: &quot;Lara y Peque\u00f1o J habr\u00edan sido novios&quot; - Fm Gente\" \/>\n<meta property=\"og:description\" content=\"Todo lo que rodea al triple femicidio de Florencio Varela es un horror. Un espanto.\" \/>\n<meta property=\"og:url\" content=\"https:\/\/fmgente.com.ar\/web\/inesperado-giro-en-el-triple-femicidio-de-florencio-varela-lara-y-pequeno-j-habrian-sido-novios\/\" \/>\n<meta property=\"og:site_name\" content=\"Fm Gente\" \/>\n<meta property=\"article:published_time\" content=\"2025-10-06T17:11:48+00:00\" \/>\n<meta property=\"og:image\" content=\"https:\/\/fmgente.com.ar\/web\/wp-content\/uploads\/2025\/10\/Mauro-Federico-1-359x226-1.jpg\" \/>\n\t<meta property=\"og:image:width\" content=\"359\" \/>\n\t<meta property=\"og:image:height\" content=\"226\" \/>\n\t<meta property=\"og:image:type\" content=\"image\/jpeg\" \/>\n<meta name=\"twitter:card\" content=\"summary_large_image\" \/>\n<meta name=\"twitter:label1\" content=\"Tiempo de lectura\" \/>\n\t<meta name=\"twitter:data1\" content=\"4 minutos\" \/>\n<script type=\"application\/ld+json\" class=\"yoast-schema-graph\">{\"@context\":\"https:\\\/\\\/schema.org\",\"@graph\":[{\"@type\":\"Article\",\"@id\":\"https:\\\/\\\/fmgente.com.ar\\\/web\\\/inesperado-giro-en-el-triple-femicidio-de-florencio-varela-lara-y-pequeno-j-habrian-sido-novios\\\/#article\",\"isPartOf\":{\"@id\":\"https:\\\/\\\/fmgente.com.ar\\\/web\\\/inesperado-giro-en-el-triple-femicidio-de-florencio-varela-lara-y-pequeno-j-habrian-sido-novios\\\/\"},\"author\":{\"name\":\"\",\"@id\":\"\"},\"headline\":\"Inesperado giro en el triple femicidio de Florencio Varela: &quot;Lara y Peque\u00f1o J habr\u00edan sido novios&quot;\",\"datePublished\":\"2025-10-06T17:11:48+00:00\",\"mainEntityOfPage\":{\"@id\":\"https:\\\/\\\/fmgente.com.ar\\\/web\\\/inesperado-giro-en-el-triple-femicidio-de-florencio-varela-lara-y-pequeno-j-habrian-sido-novios\\\/\"},\"wordCount\":777,\"publisher\":{\"@id\":\"https:\\\/\\\/fmgente.com.ar\\\/web\\\/#organization\"},\"image\":{\"@id\":\"https:\\\/\\\/fmgente.com.ar\\\/web\\\/inesperado-giro-en-el-triple-femicidio-de-florencio-varela-lara-y-pequeno-j-habrian-sido-novios\\\/#primaryimage\"},\"thumbnailUrl\":\"https:\\\/\\\/fmgente.com.ar\\\/web\\\/wp-content\\\/uploads\\\/2025\\\/10\\\/Mauro-Federico-1-359x226-1.jpg\",\"articleSection\":[\"DESTACADAS\"],\"inLanguage\":\"es\"},{\"@type\":\"WebPage\",\"@id\":\"https:\\\/\\\/fmgente.com.ar\\\/web\\\/inesperado-giro-en-el-triple-femicidio-de-florencio-varela-lara-y-pequeno-j-habrian-sido-novios\\\/\",\"url\":\"https:\\\/\\\/fmgente.com.ar\\\/web\\\/inesperado-giro-en-el-triple-femicidio-de-florencio-varela-lara-y-pequeno-j-habrian-sido-novios\\\/\",\"name\":\"Inesperado giro en el triple femicidio de Florencio Varela: &quot;Lara y Peque\u00f1o J habr\u00edan sido novios&quot; - Fm Gente\",\"isPartOf\":{\"@id\":\"https:\\\/\\\/fmgente.com.ar\\\/web\\\/#website\"},\"primaryImageOfPage\":{\"@id\":\"https:\\\/\\\/fmgente.com.ar\\\/web\\\/inesperado-giro-en-el-triple-femicidio-de-florencio-varela-lara-y-pequeno-j-habrian-sido-novios\\\/#primaryimage\"},\"image\":{\"@id\":\"https:\\\/\\\/fmgente.com.ar\\\/web\\\/inesperado-giro-en-el-triple-femicidio-de-florencio-varela-lara-y-pequeno-j-habrian-sido-novios\\\/#primaryimage\"},\"thumbnailUrl\":\"https:\\\/\\\/fmgente.com.ar\\\/web\\\/wp-content\\\/uploads\\\/2025\\\/10\\\/Mauro-Federico-1-359x226-1.jpg\",\"datePublished\":\"2025-10-06T17:11:48+00:00\",\"inLanguage\":\"es\",\"potentialAction\":[{\"@type\":\"ReadAction\",\"target\":[\"https:\\\/\\\/fmgente.com.ar\\\/web\\\/inesperado-giro-en-el-triple-femicidio-de-florencio-varela-lara-y-pequeno-j-habrian-sido-novios\\\/\"]}]},{\"@type\":\"ImageObject\",\"inLanguage\":\"es\",\"@id\":\"https:\\\/\\\/fmgente.com.ar\\\/web\\\/inesperado-giro-en-el-triple-femicidio-de-florencio-varela-lara-y-pequeno-j-habrian-sido-novios\\\/#primaryimage\",\"url\":\"https:\\\/\\\/fmgente.com.ar\\\/web\\\/wp-content\\\/uploads\\\/2025\\\/10\\\/Mauro-Federico-1-359x226-1.jpg\",\"contentUrl\":\"https:\\\/\\\/fmgente.com.ar\\\/web\\\/wp-content\\\/uploads\\\/2025\\\/10\\\/Mauro-Federico-1-359x226-1.jpg\",\"width\":359,\"height\":226},{\"@type\":\"WebSite\",\"@id\":\"https:\\\/\\\/fmgente.com.ar\\\/web\\\/#website\",\"url\":\"https:\\\/\\\/fmgente.com.ar\\\/web\\\/\",\"name\":\"Fm Gente\",\"description\":\"- Jes\u00fas Mar\u00eda\",\"publisher\":{\"@id\":\"https:\\\/\\\/fmgente.com.ar\\\/web\\\/#organization\"},\"potentialAction\":[{\"@type\":\"SearchAction\",\"target\":{\"@type\":\"EntryPoint\",\"urlTemplate\":\"https:\\\/\\\/fmgente.com.ar\\\/web\\\/?s={search_term_string}\"},\"query-input\":{\"@type\":\"PropertyValueSpecification\",\"valueRequired\":true,\"valueName\":\"search_term_string\"}}],\"inLanguage\":\"es\"},{\"@type\":\"Organization\",\"@id\":\"https:\\\/\\\/fmgente.com.ar\\\/web\\\/#organization\",\"name\":\"Fm Gente\",\"url\":\"https:\\\/\\\/fmgente.com.ar\\\/web\\\/\",\"logo\":{\"@type\":\"ImageObject\",\"inLanguage\":\"es\",\"@id\":\"https:\\\/\\\/fmgente.com.ar\\\/web\\\/#\\\/schema\\\/logo\\\/image\\\/\",\"url\":\"https:\\\/\\\/fmgente.com.ar\\\/web\\\/wp-content\\\/uploads\\\/2023\\\/07\\\/cropped-cropped-logo-sombra2.png\",\"contentUrl\":\"https:\\\/\\\/fmgente.com.ar\\\/web\\\/wp-content\\\/uploads\\\/2023\\\/07\\\/cropped-cropped-logo-sombra2.png\",\"width\":1782,\"height\":1782,\"caption\":\"Fm Gente\"},\"image\":{\"@id\":\"https:\\\/\\\/fmgente.com.ar\\\/web\\\/#\\\/schema\\\/logo\\\/image\\\/\"}}]}<\/script>\n<!-- \/ Yoast SEO plugin. -->","yoast_head_json":{"title":"Inesperado giro en el triple femicidio de Florencio Varela: &quot;Lara y Peque\u00f1o J habr\u00edan sido novios&quot; - Fm Gente","robots":{"index":"index","follow":"follow","max-snippet":"max-snippet:-1","max-image-preview":"max-image-preview:large","max-video-preview":"max-video-preview:-1"},"canonical":"https:\/\/fmgente.com.ar\/web\/inesperado-giro-en-el-triple-femicidio-de-florencio-varela-lara-y-pequeno-j-habrian-sido-novios\/","og_locale":"es_ES","og_type":"article","og_title":"Inesperado giro en el triple femicidio de Florencio Varela: &quot;Lara y Peque\u00f1o J habr\u00edan sido novios&quot; - Fm Gente","og_description":"Todo lo que rodea al triple femicidio de Florencio Varela es un horror. Un espanto.","og_url":"https:\/\/fmgente.com.ar\/web\/inesperado-giro-en-el-triple-femicidio-de-florencio-varela-lara-y-pequeno-j-habrian-sido-novios\/","og_site_name":"Fm Gente","article_published_time":"2025-10-06T17:11:48+00:00","og_image":[{"width":359,"height":226,"url":"https:\/\/fmgente.com.ar\/web\/wp-content\/uploads\/2025\/10\/Mauro-Federico-1-359x226-1.jpg","type":"image\/jpeg"}],"twitter_card":"summary_large_image","twitter_misc":{"Tiempo de lectura":"4 minutos"},"schema":{"@context":"https:\/\/schema.org","@graph":[{"@type":"Article","@id":"https:\/\/fmgente.com.ar\/web\/inesperado-giro-en-el-triple-femicidio-de-florencio-varela-lara-y-pequeno-j-habrian-sido-novios\/#article","isPartOf":{"@id":"https:\/\/fmgente.com.ar\/web\/inesperado-giro-en-el-triple-femicidio-de-florencio-varela-lara-y-pequeno-j-habrian-sido-novios\/"},"author":{"name":"","@id":""},"headline":"Inesperado giro en el triple femicidio de Florencio Varela: &quot;Lara y Peque\u00f1o J habr\u00edan sido novios&quot;","datePublished":"2025-10-06T17:11:48+00:00","mainEntityOfPage":{"@id":"https:\/\/fmgente.com.ar\/web\/inesperado-giro-en-el-triple-femicidio-de-florencio-varela-lara-y-pequeno-j-habrian-sido-novios\/"},"wordCount":777,"publisher":{"@id":"https:\/\/fmgente.com.ar\/web\/#organization"},"image":{"@id":"https:\/\/fmgente.com.ar\/web\/inesperado-giro-en-el-triple-femicidio-de-florencio-varela-lara-y-pequeno-j-habrian-sido-novios\/#primaryimage"},"thumbnailUrl":"https:\/\/fmgente.com.ar\/web\/wp-content\/uploads\/2025\/10\/Mauro-Federico-1-359x226-1.jpg","articleSection":["DESTACADAS"],"inLanguage":"es"},{"@type":"WebPage","@id":"https:\/\/fmgente.com.ar\/web\/inesperado-giro-en-el-triple-femicidio-de-florencio-varela-lara-y-pequeno-j-habrian-sido-novios\/","url":"https:\/\/fmgente.com.ar\/web\/inesperado-giro-en-el-triple-femicidio-de-florencio-varela-lara-y-pequeno-j-habrian-sido-novios\/","name":"Inesperado giro en el triple femicidio de Florencio Varela: &quot;Lara y Peque\u00f1o J habr\u00edan sido novios&quot; - Fm Gente","isPartOf":{"@id":"https:\/\/fmgente.com.ar\/web\/#website"},"primaryImageOfPage":{"@id":"https:\/\/fmgente.com.ar\/web\/inesperado-giro-en-el-triple-femicidio-de-florencio-varela-lara-y-pequeno-j-habrian-sido-novios\/#primaryimage"},"image":{"@id":"https:\/\/fmgente.com.ar\/web\/inesperado-giro-en-el-triple-femicidio-de-florencio-varela-lara-y-pequeno-j-habrian-sido-novios\/#primaryimage"},"thumbnailUrl":"https:\/\/fmgente.com.ar\/web\/wp-content\/uploads\/2025\/10\/Mauro-Federico-1-359x226-1.jpg","datePublished":"2025-10-06T17:11:48+00:00","inLanguage":"es","potentialAction":[{"@type":"ReadAction","target":["https:\/\/fmgente.com.ar\/web\/inesperado-giro-en-el-triple-femicidio-de-florencio-varela-lara-y-pequeno-j-habrian-sido-novios\/"]}]},{"@type":"ImageObject","inLanguage":"es","@id":"https:\/\/fmgente.com.ar\/web\/inesperado-giro-en-el-triple-femicidio-de-florencio-varela-lara-y-pequeno-j-habrian-sido-novios\/#primaryimage","url":"https:\/\/fmgente.com.ar\/web\/wp-content\/uploads\/2025\/10\/Mauro-Federico-1-359x226-1.jpg","contentUrl":"https:\/\/fmgente.com.ar\/web\/wp-content\/uploads\/2025\/10\/Mauro-Federico-1-359x226-1.jpg","width":359,"height":226},{"@type":"WebSite","@id":"https:\/\/fmgente.com.ar\/web\/#website","url":"https:\/\/fmgente.com.ar\/web\/","name":"Fm Gente","description":"- Jes\u00fas Mar\u00eda","publisher":{"@id":"https:\/\/fmgente.com.ar\/web\/#organization"},"potentialAction":[{"@type":"SearchAction","target":{"@type":"EntryPoint","urlTemplate":"https:\/\/fmgente.com.ar\/web\/?s={search_term_string}"},"query-input":{"@type":"PropertyValueSpecification","valueRequired":true,"valueName":"search_term_string"}}],"inLanguage":"es"},{"@type":"Organization","@id":"https:\/\/fmgente.com.ar\/web\/#organization","name":"Fm Gente","url":"https:\/\/fmgente.com.ar\/web\/","logo":{"@type":"ImageObject","inLanguage":"es","@id":"https:\/\/fmgente.com.ar\/web\/#\/schema\/logo\/image\/","url":"https:\/\/fmgente.com.ar\/web\/wp-content\/uploads\/2023\/07\/cropped-cropped-logo-sombra2.png","contentUrl":"https:\/\/fmgente.com.ar\/web\/wp-content\/uploads\/2023\/07\/cropped-cropped-logo-sombra2.png","width":1782,"height":1782,"caption":"Fm Gente"},"image":{"@id":"https:\/\/fmgente.com.ar\/web\/#\/schema\/logo\/image\/"}}]}},"_links":{"self":[{"href":"https:\/\/fmgente.com.ar\/web\/wp-json\/wp\/v2\/posts\/6187","targetHints":{"allow":["GET"]}}],"collection":[{"href":"https:\/\/fmgente.com.ar\/web\/wp-json\/wp\/v2\/posts"}],"about":[{"href":"https:\/\/fmgente.com.ar\/web\/wp-json\/wp\/v2\/types\/post"}],"replies":[{"embeddable":true,"href":"https:\/\/fmgente.com.ar\/web\/wp-json\/wp\/v2\/comments?post=6187"}],"version-history":[{"count":0,"href":"https:\/\/fmgente.com.ar\/web\/wp-json\/wp\/v2\/posts\/6187\/revisions"}],"wp:featuredmedia":[{"embeddable":true,"href":"https:\/\/fmgente.com.ar\/web\/wp-json\/wp\/v2\/media\/6188"}],"wp:attachment":[{"href":"https:\/\/fmgente.com.ar\/web\/wp-json\/wp\/v2\/media?parent=6187"}],"wp:term":[{"taxonomy":"category","embeddable":true,"href":"https:\/\/fmgente.com.ar\/web\/wp-json\/wp\/v2\/categories?post=6187"},{"taxonomy":"post_tag","embeddable":true,"href":"https:\/\/fmgente.com.ar\/web\/wp-json\/wp\/v2\/tags?post=6187"}],"curies":[{"name":"wp","href":"https:\/\/api.w.org\/{rel}","templated":true}]}}