{"id":6185,"date":"2025-10-06T14:11:47","date_gmt":"2025-10-06T17:11:47","guid":{"rendered":"https:\/\/fmgente.com.ar\/mica-viciconte-confeso-por-que-todavia-no-quiere-conocer-a-su-primer-sobrino-me-cuesta-no-me\/"},"modified":"2025-10-06T14:11:47","modified_gmt":"2025-10-06T17:11:47","slug":"mica-viciconte-confeso-por-que-todavia-no-quiere-conocer-a-su-primer-sobrino-me-cuesta-no-me","status":"publish","type":"post","link":"https:\/\/fmgente.com.ar\/web\/mica-viciconte-confeso-por-que-todavia-no-quiere-conocer-a-su-primer-sobrino-me-cuesta-no-me\/","title":{"rendered":"Mica Viciconte confes\u00f3 por qu\u00e9 todav\u00eda no quiere conocer a su primer sobrino: \u201cMe cuesta, no me&#8230;&quot;"},"content":{"rendered":"<p>El 2 de octubre naci\u00f3 <strong>Bernardo<\/strong>, el primer hijo de <strong>Lara<\/strong>, la hermana de<strong> Mica Viciconte<\/strong>, quien se convirti\u00f3 en t\u00eda por primera vez en su vida. Y si bien <a href=\"https:\/\/www.paparazzi.com.ar\/tag\/mica-viciconte\/\">Mica <\/a>se expres\u00f3 feliz por la llegada al mundo de su sobrino, lo cierto es que todav\u00eda no lo fue a conocer a Mar del Plata y no est\u00e1 en sus planes hacerlo en el corto plazo.<\/p>\n<p><em>\u00abNaci\u00f3 Bernardo y estamos todos muy felices. Por primera vez soy t\u00eda por parte de mi hermana y es medio loco, es raro. No s\u00e9, como que todav\u00eda no me hallo, me cuesta\u00bb<\/em>, le cont\u00f3 <a href=\"https:\/\/www.paparazzi.com.ar\/teve\/se-agranda-la-familia-mica-viciconte-anuncio-la-noticia-mas-hermosa-de-su-vida-acompanada-de-cubero\/\">Viciconte <\/a>a su amigo <strong>Nico Peralta<\/strong> para <strong>Pronto<\/strong>, al explicar por qu\u00e9 demora la visita.<\/p>\n<p><em>\u00abTodav\u00eda no lo conoc\u00ed y estoy esperando un poco para viajar a Mar del Plata a conocerlo porque cuando reci\u00e9n nacen es todo un proceso mental y f\u00edsico muy desgastante. En mi caso, lo viv\u00ed as\u00ed y quer\u00eda estar sola\u00bb,<\/em> argument\u00f3 la mam\u00e1 de Luca, quien asegur\u00f3 que prefiere esperar un tiempo a que el beb\u00e9 crezca.<\/p>\n<div class=\"mt-box \">\n<h4 class=\"mt-heading\">Mir\u00e1 Tambi\u00e9n<\/h4>\n<p><a href=\"https:\/\/www.paparazzi.com.ar\/teve\/mica-viciconte-respondio-a-las-acusaciones-de-usar-a-las-hijas-de-nicole-neumann-para-hacer-plata\/\"><\/p>\n<div class=\"mt-content\">\n<div class=\"mt-image-container\"><img decoding=\"async\" src=\"https:\/\/www.paparazzi.com.ar\/wp-content\/uploads\/2025\/09\/Mica-Viciconte-Nicole-Neumann-359x226.jpg\" alt=\"Mica Viciconte respondi\u00f3 a las acusaciones de usar a las hijas de Nicole Neumann para hacer plata\" class=\"mt-image\" loading=\"lazy\" \/><\/div>\n<h5 class=\"mt-title\">Mica Viciconte respondi\u00f3 a las acusaciones de usar a las hijas de Nicole Neumann para hacer plata<\/h5>\n<\/div>\n<p><\/a><\/div>\n<p>As\u00ed se justific\u00f3 la panelista de <strong>Ariel en su salsa<\/strong>: <em>\u00abCuando est\u00e9 un poquito m\u00e1s grande, iremos con Luca porque \u00e9l va a querer agarrarlo, entonces es muy chiquito y prefiero que est\u00e9 un poquito tranquilo y con cero estr\u00e9s. Ah\u00ed iremos a conocerlo\u00bb.<\/em><\/p>\n<h2 class=\"wp-block-heading\">LA TENSA RELACI\u00d3N DE MICA VICICONTE Y SU HERMANA LARA<\/h2>\n<p>A pesar de que Mica todav\u00eda no se acerc\u00f3 a Mar del Plata para acompa\u00f1ar a su hermana Lara en este momento tan importante, la pareja de <strong>Fabi\u00e1n Cubero<\/strong> asegur\u00f3 que ganas no le faltan. <em>\u00abS\u00e9 que voy a estar enamorada de mi sobrino cuando lo conozca. Aparte me los imagino en unos a\u00f1os a los dos correteando, jugando juntos y Luca cuidando de Berni\u00bb<\/em>, dijo.<\/p>\n<p>As\u00ed las cosas, se sabe que la relaci\u00f3n de Mica y <a href=\"https:\/\/www.paparazzi.com.ar\/teve\/todo-mal-lara-viciconte-hablo-sobre-su-vinculo-con-su-hermana-mica-no-tengo-muchos-buenos-recuerdos-de\/\">Lara <\/a>ha tenido sus momentos tensos. En 2021, Lara cont\u00f3 a <strong>GENTE <\/strong>que cuando eran chicas se llevaban mal. <em>\u201cNo \u00e9ramos nada compinches. Todo esto, la buena relaci\u00f3n que tenemos, de hablar todos los d\u00edas, surgi\u00f3 cuando ella se fue a Buenos Aires a estudiar, que se fue a la casa de mis abuelos\u201d<\/em>, dijo, y admiti\u00f3: <em>\u201cRecuerdos de la infancia con ella no tengo muchos\u201d.<\/em><\/p>\n<div class=\"mt-box \">\n<h4 class=\"mt-heading\">Mir\u00e1 Tambi\u00e9n<\/h4>\n<p><a href=\"https:\/\/www.paparazzi.com.ar\/romances\/el-explosivo-romance-del-periodista-del-momento-hizo-temblar-al-gobierno-y-esta-enamorado-de-una-jovencita\/\"><\/p>\n<div class=\"mt-content\">\n<div class=\"mt-image-container\"><img decoding=\"async\" src=\"https:\/\/www.paparazzi.com.ar\/wp-content\/uploads\/2025\/10\/Mauro-Federico-1-359x226.jpg\" alt=\"El explosivo romance del periodista del momento: &quot;Hizo temblar al gobierno y est\u00e1 enamorado de una jovencita&quot;\" class=\"mt-image\" loading=\"lazy\" \/><\/div>\n<h5 class=\"mt-title\">El explosivo romance del periodista del momento: \u00abHizo temblar al gobierno y est\u00e1 enamorado de una jovencita\u00bb<\/h5>\n<\/div>\n<p><\/a><\/div>\n<div class=\"mt-box \">\n<h4 class=\"mt-heading\">Mir\u00e1 Tambi\u00e9n<\/h4>\n<p><a href=\"https:\/\/www.paparazzi.com.ar\/teve\/la-horrible-traicion-que-sufrio-la-china-suarez-en-pleno-romance-con-mauro-icardi\/\"><\/p>\n<div class=\"mt-content\">\n<div class=\"mt-image-container\"><img decoding=\"async\" src=\"https:\/\/www.paparazzi.com.ar\/wp-content\/uploads\/2025\/10\/china-suarez-1-359x226.jpg\" alt=\"La horrible traici\u00f3n que sufri\u00f3 la China Su\u00e1rez en pleno romance con Mauro Icardi\" class=\"mt-image\" loading=\"lazy\" \/><\/div>\n<h5 class=\"mt-title\">La horrible traici\u00f3n que sufri\u00f3 la China Su\u00e1rez en pleno romance con Mauro Icardi<\/h5>\n<\/div>\n<p><\/a><\/div>\n<p>The post <a href=\"https:\/\/www.paparazzi.com.ar\/teve\/mica-viciconte-confeso-por-que-todavia-no-quiere-conocer-a-su-primer-sobrino-me-cuesta-no-me\/\">Mica Viciconte confes\u00f3 por qu\u00e9 todav\u00eda no quiere conocer a su primer sobrino: \u201cMe cuesta, no me&#8230;&quot;<\/a> appeared first on <a href=\"https:\/\/www.paparazzi.com.ar\">Revista Paparazzi<\/a>.<\/p>\n","protected":false},"excerpt":{"rendered":"<p>El 2 de octubre naci\u00f3 Bernardo, el primer hijo de Lara, la hermana de Mica<\/p>\n","protected":false},"author":0,"featured_media":6186,"comment_status":"","ping_status":"","sticky":false,"template":"","format":"standard","meta":{"footnotes":""},"categories":[11],"tags":[],"class_list":["post-6185","post","type-post","status-publish","format-standard","has-post-thumbnail","hentry","category-destacadas"],"yoast_head":"<!-- This site is optimized with the Yoast SEO plugin v28.3 - https:\/\/yoast.com\/product\/yoast-seo-wordpress\/ -->\n<title>Mica Viciconte confes\u00f3 por qu\u00e9 todav\u00eda no quiere conocer a su primer sobrino: \u201cMe cuesta, no me...&quot; - Fm Gente<\/title>\n<meta name=\"robots\" content=\"index, follow, max-snippet:-1, max-image-preview:large, max-video-preview:-1\" \/>\n<link rel=\"canonical\" href=\"https:\/\/fmgente.com.ar\/web\/mica-viciconte-confeso-por-que-todavia-no-quiere-conocer-a-su-primer-sobrino-me-cuesta-no-me\/\" \/>\n<meta property=\"og:locale\" content=\"es_ES\" \/>\n<meta property=\"og:type\" content=\"article\" \/>\n<meta property=\"og:title\" content=\"Mica Viciconte confes\u00f3 por qu\u00e9 todav\u00eda no quiere conocer a su primer sobrino: \u201cMe cuesta, no me...&quot; - Fm Gente\" \/>\n<meta property=\"og:description\" content=\"El 2 de octubre naci\u00f3 Bernardo, el primer hijo de Lara, la hermana de Mica\" \/>\n<meta property=\"og:url\" content=\"https:\/\/fmgente.com.ar\/web\/mica-viciconte-confeso-por-que-todavia-no-quiere-conocer-a-su-primer-sobrino-me-cuesta-no-me\/\" \/>\n<meta property=\"og:site_name\" content=\"Fm Gente\" \/>\n<meta property=\"article:published_time\" content=\"2025-10-06T17:11:47+00:00\" \/>\n<meta property=\"og:image\" content=\"https:\/\/fmgente.com.ar\/web\/wp-content\/uploads\/2025\/10\/Mica-Viciconte-Nicole-Neumann-359x226-1.jpg\" \/>\n\t<meta property=\"og:image:width\" content=\"359\" \/>\n\t<meta property=\"og:image:height\" content=\"226\" \/>\n\t<meta property=\"og:image:type\" content=\"image\/jpeg\" \/>\n<meta name=\"twitter:card\" content=\"summary_large_image\" \/>\n<meta name=\"twitter:label1\" content=\"Tiempo de lectura\" \/>\n\t<meta name=\"twitter:data1\" content=\"2 minutos\" \/>\n<script type=\"application\/ld+json\" class=\"yoast-schema-graph\">{\"@context\":\"https:\\\/\\\/schema.org\",\"@graph\":[{\"@type\":\"Article\",\"@id\":\"https:\\\/\\\/fmgente.com.ar\\\/web\\\/mica-viciconte-confeso-por-que-todavia-no-quiere-conocer-a-su-primer-sobrino-me-cuesta-no-me\\\/#article\",\"isPartOf\":{\"@id\":\"https:\\\/\\\/fmgente.com.ar\\\/web\\\/mica-viciconte-confeso-por-que-todavia-no-quiere-conocer-a-su-primer-sobrino-me-cuesta-no-me\\\/\"},\"author\":{\"name\":\"\",\"@id\":\"\"},\"headline\":\"Mica Viciconte confes\u00f3 por qu\u00e9 todav\u00eda no quiere conocer a su primer sobrino: \u201cMe cuesta, no me&#8230;&quot;\",\"datePublished\":\"2025-10-06T17:11:47+00:00\",\"mainEntityOfPage\":{\"@id\":\"https:\\\/\\\/fmgente.com.ar\\\/web\\\/mica-viciconte-confeso-por-que-todavia-no-quiere-conocer-a-su-primer-sobrino-me-cuesta-no-me\\\/\"},\"wordCount\":491,\"publisher\":{\"@id\":\"https:\\\/\\\/fmgente.com.ar\\\/web\\\/#organization\"},\"image\":{\"@id\":\"https:\\\/\\\/fmgente.com.ar\\\/web\\\/mica-viciconte-confeso-por-que-todavia-no-quiere-conocer-a-su-primer-sobrino-me-cuesta-no-me\\\/#primaryimage\"},\"thumbnailUrl\":\"https:\\\/\\\/fmgente.com.ar\\\/web\\\/wp-content\\\/uploads\\\/2025\\\/10\\\/Mica-Viciconte-Nicole-Neumann-359x226-1.jpg\",\"articleSection\":[\"DESTACADAS\"],\"inLanguage\":\"es\"},{\"@type\":\"WebPage\",\"@id\":\"https:\\\/\\\/fmgente.com.ar\\\/web\\\/mica-viciconte-confeso-por-que-todavia-no-quiere-conocer-a-su-primer-sobrino-me-cuesta-no-me\\\/\",\"url\":\"https:\\\/\\\/fmgente.com.ar\\\/web\\\/mica-viciconte-confeso-por-que-todavia-no-quiere-conocer-a-su-primer-sobrino-me-cuesta-no-me\\\/\",\"name\":\"Mica Viciconte confes\u00f3 por qu\u00e9 todav\u00eda no quiere conocer a su primer sobrino: \u201cMe cuesta, no me...&quot; - Fm Gente\",\"isPartOf\":{\"@id\":\"https:\\\/\\\/fmgente.com.ar\\\/web\\\/#website\"},\"primaryImageOfPage\":{\"@id\":\"https:\\\/\\\/fmgente.com.ar\\\/web\\\/mica-viciconte-confeso-por-que-todavia-no-quiere-conocer-a-su-primer-sobrino-me-cuesta-no-me\\\/#primaryimage\"},\"image\":{\"@id\":\"https:\\\/\\\/fmgente.com.ar\\\/web\\\/mica-viciconte-confeso-por-que-todavia-no-quiere-conocer-a-su-primer-sobrino-me-cuesta-no-me\\\/#primaryimage\"},\"thumbnailUrl\":\"https:\\\/\\\/fmgente.com.ar\\\/web\\\/wp-content\\\/uploads\\\/2025\\\/10\\\/Mica-Viciconte-Nicole-Neumann-359x226-1.jpg\",\"datePublished\":\"2025-10-06T17:11:47+00:00\",\"inLanguage\":\"es\",\"potentialAction\":[{\"@type\":\"ReadAction\",\"target\":[\"https:\\\/\\\/fmgente.com.ar\\\/web\\\/mica-viciconte-confeso-por-que-todavia-no-quiere-conocer-a-su-primer-sobrino-me-cuesta-no-me\\\/\"]}]},{\"@type\":\"ImageObject\",\"inLanguage\":\"es\",\"@id\":\"https:\\\/\\\/fmgente.com.ar\\\/web\\\/mica-viciconte-confeso-por-que-todavia-no-quiere-conocer-a-su-primer-sobrino-me-cuesta-no-me\\\/#primaryimage\",\"url\":\"https:\\\/\\\/fmgente.com.ar\\\/web\\\/wp-content\\\/uploads\\\/2025\\\/10\\\/Mica-Viciconte-Nicole-Neumann-359x226-1.jpg\",\"contentUrl\":\"https:\\\/\\\/fmgente.com.ar\\\/web\\\/wp-content\\\/uploads\\\/2025\\\/10\\\/Mica-Viciconte-Nicole-Neumann-359x226-1.jpg\",\"width\":359,\"height\":226},{\"@type\":\"WebSite\",\"@id\":\"https:\\\/\\\/fmgente.com.ar\\\/web\\\/#website\",\"url\":\"https:\\\/\\\/fmgente.com.ar\\\/web\\\/\",\"name\":\"Fm Gente\",\"description\":\"- Jes\u00fas Mar\u00eda\",\"publisher\":{\"@id\":\"https:\\\/\\\/fmgente.com.ar\\\/web\\\/#organization\"},\"potentialAction\":[{\"@type\":\"SearchAction\",\"target\":{\"@type\":\"EntryPoint\",\"urlTemplate\":\"https:\\\/\\\/fmgente.com.ar\\\/web\\\/?s={search_term_string}\"},\"query-input\":{\"@type\":\"PropertyValueSpecification\",\"valueRequired\":true,\"valueName\":\"search_term_string\"}}],\"inLanguage\":\"es\"},{\"@type\":\"Organization\",\"@id\":\"https:\\\/\\\/fmgente.com.ar\\\/web\\\/#organization\",\"name\":\"Fm Gente\",\"url\":\"https:\\\/\\\/fmgente.com.ar\\\/web\\\/\",\"logo\":{\"@type\":\"ImageObject\",\"inLanguage\":\"es\",\"@id\":\"https:\\\/\\\/fmgente.com.ar\\\/web\\\/#\\\/schema\\\/logo\\\/image\\\/\",\"url\":\"https:\\\/\\\/fmgente.com.ar\\\/web\\\/wp-content\\\/uploads\\\/2023\\\/07\\\/cropped-cropped-logo-sombra2.png\",\"contentUrl\":\"https:\\\/\\\/fmgente.com.ar\\\/web\\\/wp-content\\\/uploads\\\/2023\\\/07\\\/cropped-cropped-logo-sombra2.png\",\"width\":1782,\"height\":1782,\"caption\":\"Fm Gente\"},\"image\":{\"@id\":\"https:\\\/\\\/fmgente.com.ar\\\/web\\\/#\\\/schema\\\/logo\\\/image\\\/\"}}]}<\/script>\n<!-- \/ Yoast SEO plugin. -->","yoast_head_json":{"title":"Mica Viciconte confes\u00f3 por qu\u00e9 todav\u00eda no quiere conocer a su primer sobrino: \u201cMe cuesta, no me...&quot; - Fm Gente","robots":{"index":"index","follow":"follow","max-snippet":"max-snippet:-1","max-image-preview":"max-image-preview:large","max-video-preview":"max-video-preview:-1"},"canonical":"https:\/\/fmgente.com.ar\/web\/mica-viciconte-confeso-por-que-todavia-no-quiere-conocer-a-su-primer-sobrino-me-cuesta-no-me\/","og_locale":"es_ES","og_type":"article","og_title":"Mica Viciconte confes\u00f3 por qu\u00e9 todav\u00eda no quiere conocer a su primer sobrino: \u201cMe cuesta, no me...&quot; - Fm Gente","og_description":"El 2 de octubre naci\u00f3 Bernardo, el primer hijo de Lara, la hermana de Mica","og_url":"https:\/\/fmgente.com.ar\/web\/mica-viciconte-confeso-por-que-todavia-no-quiere-conocer-a-su-primer-sobrino-me-cuesta-no-me\/","og_site_name":"Fm Gente","article_published_time":"2025-10-06T17:11:47+00:00","og_image":[{"width":359,"height":226,"url":"https:\/\/fmgente.com.ar\/web\/wp-content\/uploads\/2025\/10\/Mica-Viciconte-Nicole-Neumann-359x226-1.jpg","type":"image\/jpeg"}],"twitter_card":"summary_large_image","twitter_misc":{"Tiempo de lectura":"2 minutos"},"schema":{"@context":"https:\/\/schema.org","@graph":[{"@type":"Article","@id":"https:\/\/fmgente.com.ar\/web\/mica-viciconte-confeso-por-que-todavia-no-quiere-conocer-a-su-primer-sobrino-me-cuesta-no-me\/#article","isPartOf":{"@id":"https:\/\/fmgente.com.ar\/web\/mica-viciconte-confeso-por-que-todavia-no-quiere-conocer-a-su-primer-sobrino-me-cuesta-no-me\/"},"author":{"name":"","@id":""},"headline":"Mica Viciconte confes\u00f3 por qu\u00e9 todav\u00eda no quiere conocer a su primer sobrino: \u201cMe cuesta, no me&#8230;&quot;","datePublished":"2025-10-06T17:11:47+00:00","mainEntityOfPage":{"@id":"https:\/\/fmgente.com.ar\/web\/mica-viciconte-confeso-por-que-todavia-no-quiere-conocer-a-su-primer-sobrino-me-cuesta-no-me\/"},"wordCount":491,"publisher":{"@id":"https:\/\/fmgente.com.ar\/web\/#organization"},"image":{"@id":"https:\/\/fmgente.com.ar\/web\/mica-viciconte-confeso-por-que-todavia-no-quiere-conocer-a-su-primer-sobrino-me-cuesta-no-me\/#primaryimage"},"thumbnailUrl":"https:\/\/fmgente.com.ar\/web\/wp-content\/uploads\/2025\/10\/Mica-Viciconte-Nicole-Neumann-359x226-1.jpg","articleSection":["DESTACADAS"],"inLanguage":"es"},{"@type":"WebPage","@id":"https:\/\/fmgente.com.ar\/web\/mica-viciconte-confeso-por-que-todavia-no-quiere-conocer-a-su-primer-sobrino-me-cuesta-no-me\/","url":"https:\/\/fmgente.com.ar\/web\/mica-viciconte-confeso-por-que-todavia-no-quiere-conocer-a-su-primer-sobrino-me-cuesta-no-me\/","name":"Mica Viciconte confes\u00f3 por qu\u00e9 todav\u00eda no quiere conocer a su primer sobrino: \u201cMe cuesta, no me...&quot; - Fm Gente","isPartOf":{"@id":"https:\/\/fmgente.com.ar\/web\/#website"},"primaryImageOfPage":{"@id":"https:\/\/fmgente.com.ar\/web\/mica-viciconte-confeso-por-que-todavia-no-quiere-conocer-a-su-primer-sobrino-me-cuesta-no-me\/#primaryimage"},"image":{"@id":"https:\/\/fmgente.com.ar\/web\/mica-viciconte-confeso-por-que-todavia-no-quiere-conocer-a-su-primer-sobrino-me-cuesta-no-me\/#primaryimage"},"thumbnailUrl":"https:\/\/fmgente.com.ar\/web\/wp-content\/uploads\/2025\/10\/Mica-Viciconte-Nicole-Neumann-359x226-1.jpg","datePublished":"2025-10-06T17:11:47+00:00","inLanguage":"es","potentialAction":[{"@type":"ReadAction","target":["https:\/\/fmgente.com.ar\/web\/mica-viciconte-confeso-por-que-todavia-no-quiere-conocer-a-su-primer-sobrino-me-cuesta-no-me\/"]}]},{"@type":"ImageObject","inLanguage":"es","@id":"https:\/\/fmgente.com.ar\/web\/mica-viciconte-confeso-por-que-todavia-no-quiere-conocer-a-su-primer-sobrino-me-cuesta-no-me\/#primaryimage","url":"https:\/\/fmgente.com.ar\/web\/wp-content\/uploads\/2025\/10\/Mica-Viciconte-Nicole-Neumann-359x226-1.jpg","contentUrl":"https:\/\/fmgente.com.ar\/web\/wp-content\/uploads\/2025\/10\/Mica-Viciconte-Nicole-Neumann-359x226-1.jpg","width":359,"height":226},{"@type":"WebSite","@id":"https:\/\/fmgente.com.ar\/web\/#website","url":"https:\/\/fmgente.com.ar\/web\/","name":"Fm Gente","description":"- Jes\u00fas Mar\u00eda","publisher":{"@id":"https:\/\/fmgente.com.ar\/web\/#organization"},"potentialAction":[{"@type":"SearchAction","target":{"@type":"EntryPoint","urlTemplate":"https:\/\/fmgente.com.ar\/web\/?s={search_term_string}"},"query-input":{"@type":"PropertyValueSpecification","valueRequired":true,"valueName":"search_term_string"}}],"inLanguage":"es"},{"@type":"Organization","@id":"https:\/\/fmgente.com.ar\/web\/#organization","name":"Fm Gente","url":"https:\/\/fmgente.com.ar\/web\/","logo":{"@type":"ImageObject","inLanguage":"es","@id":"https:\/\/fmgente.com.ar\/web\/#\/schema\/logo\/image\/","url":"https:\/\/fmgente.com.ar\/web\/wp-content\/uploads\/2023\/07\/cropped-cropped-logo-sombra2.png","contentUrl":"https:\/\/fmgente.com.ar\/web\/wp-content\/uploads\/2023\/07\/cropped-cropped-logo-sombra2.png","width":1782,"height":1782,"caption":"Fm Gente"},"image":{"@id":"https:\/\/fmgente.com.ar\/web\/#\/schema\/logo\/image\/"}}]}},"_links":{"self":[{"href":"https:\/\/fmgente.com.ar\/web\/wp-json\/wp\/v2\/posts\/6185","targetHints":{"allow":["GET"]}}],"collection":[{"href":"https:\/\/fmgente.com.ar\/web\/wp-json\/wp\/v2\/posts"}],"about":[{"href":"https:\/\/fmgente.com.ar\/web\/wp-json\/wp\/v2\/types\/post"}],"replies":[{"embeddable":true,"href":"https:\/\/fmgente.com.ar\/web\/wp-json\/wp\/v2\/comments?post=6185"}],"version-history":[{"count":0,"href":"https:\/\/fmgente.com.ar\/web\/wp-json\/wp\/v2\/posts\/6185\/revisions"}],"wp:featuredmedia":[{"embeddable":true,"href":"https:\/\/fmgente.com.ar\/web\/wp-json\/wp\/v2\/media\/6186"}],"wp:attachment":[{"href":"https:\/\/fmgente.com.ar\/web\/wp-json\/wp\/v2\/media?parent=6185"}],"wp:term":[{"taxonomy":"category","embeddable":true,"href":"https:\/\/fmgente.com.ar\/web\/wp-json\/wp\/v2\/categories?post=6185"},{"taxonomy":"post_tag","embeddable":true,"href":"https:\/\/fmgente.com.ar\/web\/wp-json\/wp\/v2\/tags?post=6185"}],"curies":[{"name":"wp","href":"https:\/\/api.w.org\/{rel}","templated":true}]}}