{"id":6183,"date":"2025-10-06T12:11:14","date_gmt":"2025-10-06T15:11:14","guid":{"rendered":"https:\/\/fmgente.com.ar\/daniela-celis-revelo-como-fue-el-primer-encuentro-de-thiago-medina-con-sus-hijas-tras-salvar-su-vida-de-milagro\/"},"modified":"2025-10-06T12:11:14","modified_gmt":"2025-10-06T15:11:14","slug":"daniela-celis-revelo-como-fue-el-primer-encuentro-de-thiago-medina-con-sus-hijas-tras-salvar-su-vida-de-milagro","status":"publish","type":"post","link":"https:\/\/fmgente.com.ar\/web\/daniela-celis-revelo-como-fue-el-primer-encuentro-de-thiago-medina-con-sus-hijas-tras-salvar-su-vida-de-milagro\/","title":{"rendered":"Daniela Celis revel\u00f3 c\u00f3mo fue el primer encuentro de Thiago Medina con sus hijas tras salvar su vida de milagro"},"content":{"rendered":"<p>Todo es emoci\u00f3n para los seres queridos de<strong> Thiago Medina<\/strong> quien, de estar en grav\u00edsimo estado tras accidentarse con la moto el 12 de septiembre, est\u00e1 saliendo adelante y ya dej\u00f3 la unidad de terapia intensiva. Trasladado a una sala de cuidados intermedios,<a href=\"https:\/\/www.paparazzi.com.ar\/tag\/thiago-medina\/\">Thiago <\/a>se reencontr\u00f3 con sus hijas <strong>Laia <\/strong>y <strong>Aim\u00e9 <\/strong>y <strong>Daniela Celis<\/strong> cont\u00f3 todos los detalles.\u00a0<\/p>\n<p>Con una sonrisa radiante luego de pasar semanas oscur\u00edsimas mientras la vida de <a href=\"https:\/\/www.paparazzi.com.ar\/teve\/la-mejor-noticia-para-thiago-medina-salio-de-terapia-intensiva-despues-de-3-semanas-y-la-emocion-es-total\/\">Thiago <\/a>estaba al l\u00edmite con pron\u00f3stico reservado, <a href=\"https:\/\/www.paparazzi.com.ar\/tag\/daniela-celis\/\">Daniela <\/a>subi\u00f3 un video contando c\u00f3mo fue el momento en el que las nenas vieron al pap\u00e1, quien encara ahora un largo proceso de recuperaci\u00f3n.\u00a0<\/p>\n<p><em>\u201cLos milagros existen\u201d,<\/em> arranc\u00f3 <strong><a href=\"https:\/\/www.paparazzi.com.ar\/teve\/el-juramento-que-hizo-daniela-celis-en-lujan-tras-la-milagrosa-recuperacion-de-thiago-medina\/\">Pesta\u00f1ela <\/a><\/strong>en sus historias de Instagram, donde se mostr\u00f3 exultante tras realizar la peregrinaci\u00f3n a Luj\u00e1n, una promesa por la salud de Thiago. <em>\u201cLa felicidad es total, ustedes son parte de este milagro, y para todos los que me preguntan, \u00e9l ya vio a las nenas a trav\u00e9s de una videollamada\u201d<\/em>, agreg\u00f3.<\/p>\n<div class=\"mt-box \">\n<h4 class=\"mt-heading\">Mir\u00e1 Tambi\u00e9n<\/h4>\n<p><a href=\"https:\/\/www.paparazzi.com.ar\/teve\/camila-deniz-conto-que-dijeron-los-medicos-cuando-thiago-medina-se-desperto-del-coma-es-un-milagro\/\"><\/p>\n<div class=\"mt-content\">\n<div class=\"mt-image-container\"><img decoding=\"async\" src=\"https:\/\/www.paparazzi.com.ar\/wp-content\/uploads\/2025\/09\/Camilota-Thiago-Medina-1-359x226.jpg\" alt=\"Camila Deniz cont\u00f3 que dijeron los m\u00e9dicos cuando Thiago Medina se despert\u00f3 del coma: &quot;Es un milagro&quot;\" class=\"mt-image\" loading=\"lazy\" \/><\/div>\n<h5 class=\"mt-title\">Camila Deniz cont\u00f3 que dijeron los m\u00e9dicos cuando Thiago Medina se despert\u00f3 del coma: \u00abEs un milagro\u00bb<\/h5>\n<\/div>\n<p><\/a><\/div>\n<p>Daniela cont\u00f3 en su video que subi\u00f3 a sus historias de Instagram c\u00f3mo fue la tierna reacci\u00f3n de las peque\u00f1as que en el verano cumplir\u00e1n dos a\u00f1os: <em>\u201cEstaban muy felices, as\u00ed que ahora est\u00e1n diciendo \u00a1Pap\u00e1, pap\u00e1, pap\u00e1! As\u00ed que estamos todos muy contentos\u201d.\u00a0<\/em><\/p>\n<h2 class=\"wp-block-heading\">C\u00d3MO EST\u00c1 THIAGO MEDINA DE SALUD<\/h2>\n<p>Daniela Celis tambi\u00e9n comparti\u00f3 con sus seguidores c\u00f3mo sigue Thiago Medina quien en menos de un mes pas\u00f3 por dos operaciones e intervenciones claves para salvar su capacidad respiratoria, que qued\u00f3 muy da\u00f1ada tras las m\u00faltiples fracturas de costillas que sufri\u00f3.&nbsp;<\/p>\n<p><em>\u201cNos estalla el coraz\u00f3n de alegr\u00eda despu\u00e9s de tantos d\u00edas de dolor, Thiago ya se encuentra en sala de cuidados intermedios, de buen \u00e1nimo, contento de los pasos que pudo ir dando\u201d<\/em>, explic\u00f3 la ex GH.\u00a0<\/p>\n<div class=\"mt-box \">\n<h4 class=\"mt-heading\">Mir\u00e1 Tambi\u00e9n<\/h4>\n<p><a href=\"https:\/\/www.paparazzi.com.ar\/teve\/thiago-medina-pidio-desesperado-que-le-lleven-a-sus-hijas-cuando-podra-volver-a-verlas\/\"><\/p>\n<div class=\"mt-content\">\n<div class=\"mt-image-container\"><img decoding=\"async\" src=\"https:\/\/www.paparazzi.com.ar\/wp-content\/uploads\/2025\/10\/Thiago-Medina-pidio-desesperado-por-sus-hijas-cuando-podra-volver-a-verlas-y-que-le-dijo-su-familia-359x226.jpg\" alt=\"Thiago Medina pidi\u00f3 desesperado que le lleven a sus hijas: cu\u00e1ndo podr\u00e1 volver a verlas\" class=\"mt-image\" loading=\"lazy\" \/><\/div>\n<h5 class=\"mt-title\">Thiago Medina pidi\u00f3 desesperado que le lleven a sus hijas: cu\u00e1ndo podr\u00e1 volver a verlas<\/h5>\n<\/div>\n<p><\/a><\/div>\n<p>Y Dani cerr\u00f3, llena de esperanza, gratitud y optimismo: <em>\u201cEs un logro de su fuerza, de los profesionales y trabajadores del hospital, de la presencia y voluntad incansable de su familia y de la fe y energ\u00eda de toda la gente que nos viene acompa\u00f1ando desde el accidente. Tiene que seguir recuper\u00e1ndose y ac\u00e1 estamos para y con \u00e9l. Gracias a todos\u201d.<\/em><\/p>\n<figure class=\"wp-block-image size-large\"><img decoding=\"async\" src=\"https:\/\/www.paparazzi.com.ar\/wp-content\/uploads\/2025\/10\/Daniela-Celis-576x1024.jpg.webp\" loading=\"lazy\" alt=\"\" class=\"wp-image-446562\" \/><\/figure>\n<div class=\"mt-box \">\n<h4 class=\"mt-heading\">Mir\u00e1 Tambi\u00e9n<\/h4>\n<p><a href=\"https:\/\/www.paparazzi.com.ar\/teve\/la-horrible-traicion-que-sufrio-la-china-suarez-en-pleno-romance-con-mauro-icardi\/\"><\/p>\n<div class=\"mt-content\">\n<div class=\"mt-image-container\"><img decoding=\"async\" src=\"https:\/\/www.paparazzi.com.ar\/wp-content\/uploads\/2025\/10\/china-suarez-1-359x226.jpg\" alt=\"La horrible traici\u00f3n que sufri\u00f3 la China Su\u00e1rez en pleno romance con Mauro Icardi\" class=\"mt-image\" loading=\"lazy\" \/><\/div>\n<h5 class=\"mt-title\">La horrible traici\u00f3n que sufri\u00f3 la China Su\u00e1rez en pleno romance con Mauro Icardi<\/h5>\n<\/div>\n<p><\/a><\/div>\n<div class=\"mt-box \">\n<h4 class=\"mt-heading\">Mir\u00e1 Tambi\u00e9n<\/h4>\n<p><a href=\"https:\/\/www.paparazzi.com.ar\/romances\/fede-bal-tiene-una-nueva-novia-quien-es-la-hija-de-un-famoso-periodista\/\"><\/p>\n<div class=\"mt-content\">\n<div class=\"mt-image-container\"><img decoding=\"async\" src=\"https:\/\/www.paparazzi.com.ar\/wp-content\/uploads\/2025\/10\/Fede-Bal-359x226.jpg\" alt=\"Fede Bal tiene una nueva novia: qui\u00e9n es la hija de un famoso periodista\" class=\"mt-image\" loading=\"lazy\" \/><\/div>\n<h5 class=\"mt-title\">Fede Bal tiene una nueva novia: qui\u00e9n es la hija de un famoso periodista<\/h5>\n<\/div>\n<p><\/a><\/div>\n<p>The post <a href=\"https:\/\/www.paparazzi.com.ar\/teve\/daniela-celis-revelo-como-fue-el-primer-encuentro-de-thiago-medina-con-sus-hijas-tras-salvar-su-vida-de-milagro\/\">Daniela Celis revel\u00f3 c\u00f3mo fue el primer encuentro de Thiago Medina con sus hijas tras salvar su vida de milagro<\/a> appeared first on <a href=\"https:\/\/www.paparazzi.com.ar\">Revista Paparazzi<\/a>.<\/p>\n","protected":false},"excerpt":{"rendered":"<p>Todo es emoci\u00f3n para los seres queridos de Thiago Medina quien, de estar en grav\u00edsimo<\/p>\n","protected":false},"author":0,"featured_media":6184,"comment_status":"","ping_status":"","sticky":false,"template":"","format":"standard","meta":{"footnotes":""},"categories":[11],"tags":[],"class_list":["post-6183","post","type-post","status-publish","format-standard","has-post-thumbnail","hentry","category-destacadas"],"yoast_head":"<!-- This site is optimized with the Yoast SEO plugin v28.3 - https:\/\/yoast.com\/product\/yoast-seo-wordpress\/ -->\n<title>Daniela Celis revel\u00f3 c\u00f3mo fue el primer encuentro de Thiago Medina con sus hijas tras salvar su vida de milagro - Fm Gente<\/title>\n<meta name=\"robots\" content=\"index, follow, max-snippet:-1, max-image-preview:large, max-video-preview:-1\" \/>\n<link rel=\"canonical\" href=\"https:\/\/fmgente.com.ar\/web\/daniela-celis-revelo-como-fue-el-primer-encuentro-de-thiago-medina-con-sus-hijas-tras-salvar-su-vida-de-milagro\/\" \/>\n<meta property=\"og:locale\" content=\"es_ES\" \/>\n<meta property=\"og:type\" content=\"article\" \/>\n<meta property=\"og:title\" content=\"Daniela Celis revel\u00f3 c\u00f3mo fue el primer encuentro de Thiago Medina con sus hijas tras salvar su vida de milagro - Fm Gente\" \/>\n<meta property=\"og:description\" content=\"Todo es emoci\u00f3n para los seres queridos de Thiago Medina quien, de estar en grav\u00edsimo\" \/>\n<meta property=\"og:url\" content=\"https:\/\/fmgente.com.ar\/web\/daniela-celis-revelo-como-fue-el-primer-encuentro-de-thiago-medina-con-sus-hijas-tras-salvar-su-vida-de-milagro\/\" \/>\n<meta property=\"og:site_name\" content=\"Fm Gente\" \/>\n<meta property=\"article:published_time\" content=\"2025-10-06T15:11:14+00:00\" \/>\n<meta property=\"og:image\" content=\"https:\/\/fmgente.com.ar\/web\/wp-content\/uploads\/2025\/10\/Camilota-Thiago-Medina-1-359x226-1.jpg\" \/>\n\t<meta property=\"og:image:width\" content=\"359\" \/>\n\t<meta property=\"og:image:height\" content=\"226\" \/>\n\t<meta property=\"og:image:type\" content=\"image\/jpeg\" \/>\n<meta name=\"twitter:card\" content=\"summary_large_image\" \/>\n<meta name=\"twitter:label1\" content=\"Tiempo de lectura\" \/>\n\t<meta name=\"twitter:data1\" content=\"2 minutos\" \/>\n<script type=\"application\/ld+json\" class=\"yoast-schema-graph\">{\"@context\":\"https:\\\/\\\/schema.org\",\"@graph\":[{\"@type\":\"Article\",\"@id\":\"https:\\\/\\\/fmgente.com.ar\\\/web\\\/daniela-celis-revelo-como-fue-el-primer-encuentro-de-thiago-medina-con-sus-hijas-tras-salvar-su-vida-de-milagro\\\/#article\",\"isPartOf\":{\"@id\":\"https:\\\/\\\/fmgente.com.ar\\\/web\\\/daniela-celis-revelo-como-fue-el-primer-encuentro-de-thiago-medina-con-sus-hijas-tras-salvar-su-vida-de-milagro\\\/\"},\"author\":{\"name\":\"\",\"@id\":\"\"},\"headline\":\"Daniela Celis revel\u00f3 c\u00f3mo fue el primer encuentro de Thiago Medina con sus hijas tras salvar su vida de milagro\",\"datePublished\":\"2025-10-06T15:11:14+00:00\",\"mainEntityOfPage\":{\"@id\":\"https:\\\/\\\/fmgente.com.ar\\\/web\\\/daniela-celis-revelo-como-fue-el-primer-encuentro-de-thiago-medina-con-sus-hijas-tras-salvar-su-vida-de-milagro\\\/\"},\"wordCount\":504,\"publisher\":{\"@id\":\"https:\\\/\\\/fmgente.com.ar\\\/web\\\/#organization\"},\"image\":{\"@id\":\"https:\\\/\\\/fmgente.com.ar\\\/web\\\/daniela-celis-revelo-como-fue-el-primer-encuentro-de-thiago-medina-con-sus-hijas-tras-salvar-su-vida-de-milagro\\\/#primaryimage\"},\"thumbnailUrl\":\"https:\\\/\\\/fmgente.com.ar\\\/web\\\/wp-content\\\/uploads\\\/2025\\\/10\\\/Camilota-Thiago-Medina-1-359x226-1.jpg\",\"articleSection\":[\"DESTACADAS\"],\"inLanguage\":\"es\"},{\"@type\":\"WebPage\",\"@id\":\"https:\\\/\\\/fmgente.com.ar\\\/web\\\/daniela-celis-revelo-como-fue-el-primer-encuentro-de-thiago-medina-con-sus-hijas-tras-salvar-su-vida-de-milagro\\\/\",\"url\":\"https:\\\/\\\/fmgente.com.ar\\\/web\\\/daniela-celis-revelo-como-fue-el-primer-encuentro-de-thiago-medina-con-sus-hijas-tras-salvar-su-vida-de-milagro\\\/\",\"name\":\"Daniela Celis revel\u00f3 c\u00f3mo fue el primer encuentro de Thiago Medina con sus hijas tras salvar su vida de milagro - Fm Gente\",\"isPartOf\":{\"@id\":\"https:\\\/\\\/fmgente.com.ar\\\/web\\\/#website\"},\"primaryImageOfPage\":{\"@id\":\"https:\\\/\\\/fmgente.com.ar\\\/web\\\/daniela-celis-revelo-como-fue-el-primer-encuentro-de-thiago-medina-con-sus-hijas-tras-salvar-su-vida-de-milagro\\\/#primaryimage\"},\"image\":{\"@id\":\"https:\\\/\\\/fmgente.com.ar\\\/web\\\/daniela-celis-revelo-como-fue-el-primer-encuentro-de-thiago-medina-con-sus-hijas-tras-salvar-su-vida-de-milagro\\\/#primaryimage\"},\"thumbnailUrl\":\"https:\\\/\\\/fmgente.com.ar\\\/web\\\/wp-content\\\/uploads\\\/2025\\\/10\\\/Camilota-Thiago-Medina-1-359x226-1.jpg\",\"datePublished\":\"2025-10-06T15:11:14+00:00\",\"inLanguage\":\"es\",\"potentialAction\":[{\"@type\":\"ReadAction\",\"target\":[\"https:\\\/\\\/fmgente.com.ar\\\/web\\\/daniela-celis-revelo-como-fue-el-primer-encuentro-de-thiago-medina-con-sus-hijas-tras-salvar-su-vida-de-milagro\\\/\"]}]},{\"@type\":\"ImageObject\",\"inLanguage\":\"es\",\"@id\":\"https:\\\/\\\/fmgente.com.ar\\\/web\\\/daniela-celis-revelo-como-fue-el-primer-encuentro-de-thiago-medina-con-sus-hijas-tras-salvar-su-vida-de-milagro\\\/#primaryimage\",\"url\":\"https:\\\/\\\/fmgente.com.ar\\\/web\\\/wp-content\\\/uploads\\\/2025\\\/10\\\/Camilota-Thiago-Medina-1-359x226-1.jpg\",\"contentUrl\":\"https:\\\/\\\/fmgente.com.ar\\\/web\\\/wp-content\\\/uploads\\\/2025\\\/10\\\/Camilota-Thiago-Medina-1-359x226-1.jpg\",\"width\":359,\"height\":226},{\"@type\":\"WebSite\",\"@id\":\"https:\\\/\\\/fmgente.com.ar\\\/web\\\/#website\",\"url\":\"https:\\\/\\\/fmgente.com.ar\\\/web\\\/\",\"name\":\"Fm Gente\",\"description\":\"- Jes\u00fas Mar\u00eda\",\"publisher\":{\"@id\":\"https:\\\/\\\/fmgente.com.ar\\\/web\\\/#organization\"},\"potentialAction\":[{\"@type\":\"SearchAction\",\"target\":{\"@type\":\"EntryPoint\",\"urlTemplate\":\"https:\\\/\\\/fmgente.com.ar\\\/web\\\/?s={search_term_string}\"},\"query-input\":{\"@type\":\"PropertyValueSpecification\",\"valueRequired\":true,\"valueName\":\"search_term_string\"}}],\"inLanguage\":\"es\"},{\"@type\":\"Organization\",\"@id\":\"https:\\\/\\\/fmgente.com.ar\\\/web\\\/#organization\",\"name\":\"Fm Gente\",\"url\":\"https:\\\/\\\/fmgente.com.ar\\\/web\\\/\",\"logo\":{\"@type\":\"ImageObject\",\"inLanguage\":\"es\",\"@id\":\"https:\\\/\\\/fmgente.com.ar\\\/web\\\/#\\\/schema\\\/logo\\\/image\\\/\",\"url\":\"https:\\\/\\\/fmgente.com.ar\\\/web\\\/wp-content\\\/uploads\\\/2023\\\/07\\\/cropped-cropped-logo-sombra2.png\",\"contentUrl\":\"https:\\\/\\\/fmgente.com.ar\\\/web\\\/wp-content\\\/uploads\\\/2023\\\/07\\\/cropped-cropped-logo-sombra2.png\",\"width\":1782,\"height\":1782,\"caption\":\"Fm Gente\"},\"image\":{\"@id\":\"https:\\\/\\\/fmgente.com.ar\\\/web\\\/#\\\/schema\\\/logo\\\/image\\\/\"}}]}<\/script>\n<!-- \/ Yoast SEO plugin. -->","yoast_head_json":{"title":"Daniela Celis revel\u00f3 c\u00f3mo fue el primer encuentro de Thiago Medina con sus hijas tras salvar su vida de milagro - Fm Gente","robots":{"index":"index","follow":"follow","max-snippet":"max-snippet:-1","max-image-preview":"max-image-preview:large","max-video-preview":"max-video-preview:-1"},"canonical":"https:\/\/fmgente.com.ar\/web\/daniela-celis-revelo-como-fue-el-primer-encuentro-de-thiago-medina-con-sus-hijas-tras-salvar-su-vida-de-milagro\/","og_locale":"es_ES","og_type":"article","og_title":"Daniela Celis revel\u00f3 c\u00f3mo fue el primer encuentro de Thiago Medina con sus hijas tras salvar su vida de milagro - Fm Gente","og_description":"Todo es emoci\u00f3n para los seres queridos de Thiago Medina quien, de estar en grav\u00edsimo","og_url":"https:\/\/fmgente.com.ar\/web\/daniela-celis-revelo-como-fue-el-primer-encuentro-de-thiago-medina-con-sus-hijas-tras-salvar-su-vida-de-milagro\/","og_site_name":"Fm Gente","article_published_time":"2025-10-06T15:11:14+00:00","og_image":[{"width":359,"height":226,"url":"https:\/\/fmgente.com.ar\/web\/wp-content\/uploads\/2025\/10\/Camilota-Thiago-Medina-1-359x226-1.jpg","type":"image\/jpeg"}],"twitter_card":"summary_large_image","twitter_misc":{"Tiempo de lectura":"2 minutos"},"schema":{"@context":"https:\/\/schema.org","@graph":[{"@type":"Article","@id":"https:\/\/fmgente.com.ar\/web\/daniela-celis-revelo-como-fue-el-primer-encuentro-de-thiago-medina-con-sus-hijas-tras-salvar-su-vida-de-milagro\/#article","isPartOf":{"@id":"https:\/\/fmgente.com.ar\/web\/daniela-celis-revelo-como-fue-el-primer-encuentro-de-thiago-medina-con-sus-hijas-tras-salvar-su-vida-de-milagro\/"},"author":{"name":"","@id":""},"headline":"Daniela Celis revel\u00f3 c\u00f3mo fue el primer encuentro de Thiago Medina con sus hijas tras salvar su vida de milagro","datePublished":"2025-10-06T15:11:14+00:00","mainEntityOfPage":{"@id":"https:\/\/fmgente.com.ar\/web\/daniela-celis-revelo-como-fue-el-primer-encuentro-de-thiago-medina-con-sus-hijas-tras-salvar-su-vida-de-milagro\/"},"wordCount":504,"publisher":{"@id":"https:\/\/fmgente.com.ar\/web\/#organization"},"image":{"@id":"https:\/\/fmgente.com.ar\/web\/daniela-celis-revelo-como-fue-el-primer-encuentro-de-thiago-medina-con-sus-hijas-tras-salvar-su-vida-de-milagro\/#primaryimage"},"thumbnailUrl":"https:\/\/fmgente.com.ar\/web\/wp-content\/uploads\/2025\/10\/Camilota-Thiago-Medina-1-359x226-1.jpg","articleSection":["DESTACADAS"],"inLanguage":"es"},{"@type":"WebPage","@id":"https:\/\/fmgente.com.ar\/web\/daniela-celis-revelo-como-fue-el-primer-encuentro-de-thiago-medina-con-sus-hijas-tras-salvar-su-vida-de-milagro\/","url":"https:\/\/fmgente.com.ar\/web\/daniela-celis-revelo-como-fue-el-primer-encuentro-de-thiago-medina-con-sus-hijas-tras-salvar-su-vida-de-milagro\/","name":"Daniela Celis revel\u00f3 c\u00f3mo fue el primer encuentro de Thiago Medina con sus hijas tras salvar su vida de milagro - Fm Gente","isPartOf":{"@id":"https:\/\/fmgente.com.ar\/web\/#website"},"primaryImageOfPage":{"@id":"https:\/\/fmgente.com.ar\/web\/daniela-celis-revelo-como-fue-el-primer-encuentro-de-thiago-medina-con-sus-hijas-tras-salvar-su-vida-de-milagro\/#primaryimage"},"image":{"@id":"https:\/\/fmgente.com.ar\/web\/daniela-celis-revelo-como-fue-el-primer-encuentro-de-thiago-medina-con-sus-hijas-tras-salvar-su-vida-de-milagro\/#primaryimage"},"thumbnailUrl":"https:\/\/fmgente.com.ar\/web\/wp-content\/uploads\/2025\/10\/Camilota-Thiago-Medina-1-359x226-1.jpg","datePublished":"2025-10-06T15:11:14+00:00","inLanguage":"es","potentialAction":[{"@type":"ReadAction","target":["https:\/\/fmgente.com.ar\/web\/daniela-celis-revelo-como-fue-el-primer-encuentro-de-thiago-medina-con-sus-hijas-tras-salvar-su-vida-de-milagro\/"]}]},{"@type":"ImageObject","inLanguage":"es","@id":"https:\/\/fmgente.com.ar\/web\/daniela-celis-revelo-como-fue-el-primer-encuentro-de-thiago-medina-con-sus-hijas-tras-salvar-su-vida-de-milagro\/#primaryimage","url":"https:\/\/fmgente.com.ar\/web\/wp-content\/uploads\/2025\/10\/Camilota-Thiago-Medina-1-359x226-1.jpg","contentUrl":"https:\/\/fmgente.com.ar\/web\/wp-content\/uploads\/2025\/10\/Camilota-Thiago-Medina-1-359x226-1.jpg","width":359,"height":226},{"@type":"WebSite","@id":"https:\/\/fmgente.com.ar\/web\/#website","url":"https:\/\/fmgente.com.ar\/web\/","name":"Fm Gente","description":"- Jes\u00fas Mar\u00eda","publisher":{"@id":"https:\/\/fmgente.com.ar\/web\/#organization"},"potentialAction":[{"@type":"SearchAction","target":{"@type":"EntryPoint","urlTemplate":"https:\/\/fmgente.com.ar\/web\/?s={search_term_string}"},"query-input":{"@type":"PropertyValueSpecification","valueRequired":true,"valueName":"search_term_string"}}],"inLanguage":"es"},{"@type":"Organization","@id":"https:\/\/fmgente.com.ar\/web\/#organization","name":"Fm Gente","url":"https:\/\/fmgente.com.ar\/web\/","logo":{"@type":"ImageObject","inLanguage":"es","@id":"https:\/\/fmgente.com.ar\/web\/#\/schema\/logo\/image\/","url":"https:\/\/fmgente.com.ar\/web\/wp-content\/uploads\/2023\/07\/cropped-cropped-logo-sombra2.png","contentUrl":"https:\/\/fmgente.com.ar\/web\/wp-content\/uploads\/2023\/07\/cropped-cropped-logo-sombra2.png","width":1782,"height":1782,"caption":"Fm Gente"},"image":{"@id":"https:\/\/fmgente.com.ar\/web\/#\/schema\/logo\/image\/"}}]}},"_links":{"self":[{"href":"https:\/\/fmgente.com.ar\/web\/wp-json\/wp\/v2\/posts\/6183","targetHints":{"allow":["GET"]}}],"collection":[{"href":"https:\/\/fmgente.com.ar\/web\/wp-json\/wp\/v2\/posts"}],"about":[{"href":"https:\/\/fmgente.com.ar\/web\/wp-json\/wp\/v2\/types\/post"}],"replies":[{"embeddable":true,"href":"https:\/\/fmgente.com.ar\/web\/wp-json\/wp\/v2\/comments?post=6183"}],"version-history":[{"count":0,"href":"https:\/\/fmgente.com.ar\/web\/wp-json\/wp\/v2\/posts\/6183\/revisions"}],"wp:featuredmedia":[{"embeddable":true,"href":"https:\/\/fmgente.com.ar\/web\/wp-json\/wp\/v2\/media\/6184"}],"wp:attachment":[{"href":"https:\/\/fmgente.com.ar\/web\/wp-json\/wp\/v2\/media?parent=6183"}],"wp:term":[{"taxonomy":"category","embeddable":true,"href":"https:\/\/fmgente.com.ar\/web\/wp-json\/wp\/v2\/categories?post=6183"},{"taxonomy":"post_tag","embeddable":true,"href":"https:\/\/fmgente.com.ar\/web\/wp-json\/wp\/v2\/tags?post=6183"}],"curies":[{"name":"wp","href":"https:\/\/api.w.org\/{rel}","templated":true}]}}