{"id":6175,"date":"2025-10-06T02:09:33","date_gmt":"2025-10-06T05:09:33","guid":{"rendered":"https:\/\/fmgente.com.ar\/fede-bal-tiene-una-nueva-novia-quien-es-la-hija-de-un-famoso-periodista\/"},"modified":"2025-10-06T02:09:33","modified_gmt":"2025-10-06T05:09:33","slug":"fede-bal-tiene-una-nueva-novia-quien-es-la-hija-de-un-famoso-periodista","status":"publish","type":"post","link":"https:\/\/fmgente.com.ar\/web\/fede-bal-tiene-una-nueva-novia-quien-es-la-hija-de-un-famoso-periodista\/","title":{"rendered":"Fede Bal tiene una nueva novia: qui\u00e9n es la hija de un famoso periodista"},"content":{"rendered":"<p><strong><a href=\"https:\/\/www.paparazzi.com.ar\/?s=Fede+Bal\">Fede Bal<\/a><\/strong> vuelve a estar en el centro de la escena por su vida amorosa. A poco de su encuentro con <strong>Mirtha Legrand<\/strong>, donde habl\u00f3 sin filtro de sus relaciones, el actor fue vinculado con una nueva mujer del ambiente. En <em>Infama<\/em>, la panelista <strong>Karina Lav\u00edcoli<\/strong> revel\u00f3 este domingo que Fede estar\u00eda iniciando un nuevo romance con la hija de un reconocido periodista.<\/p>\n<p><em>\u201cElla es hija de un periodista muy conocido\u201d<\/em>, lanz\u00f3 Lav\u00edcoli, generando intriga en el estudio. <em>\u201cVamos a usar el t\u00e9rmino pareja. Yo habl\u00e9 con una de ellas, con la que se encuentra a comer<\/em>\u201d, continu\u00f3, mientras el resto del panel buscaba descubrir de qui\u00e9n se trataba.<\/p>\n<p>La periodista a\u00f1adi\u00f3 m\u00e1s pistas:<em> \u201cElla es hija de un periodista muy, muy conocido, que tuvo un divorcio escandaloso\u201d<\/em>. Con esa descripci\u00f3n, las especulaciones no tardaron en multiplicarse, hasta que Laura Ubfal revel\u00f3 el misterio:<em> \u201cSe trata de Alexis Puig\u201d.<\/em><\/p>\n<div class=\"mt-box \">\n<h4 class=\"mt-heading\">Mir\u00e1 Tambi\u00e9n<\/h4>\n<p><a href=\"https:\/\/www.paparazzi.com.ar\/teve\/exclusivo-el-tenso-encuentro-entre-pampita-y-nicole-neumann-por-que-ni-se-saludaron\/\"><\/p>\n<div class=\"mt-content\">\n<div class=\"mt-image-container\"><img decoding=\"async\" src=\"https:\/\/www.paparazzi.com.ar\/wp-content\/uploads\/2025\/09\/pampita-14-359x226.png\" alt=\"\u00a1Exclusivo! El tenso encuentro entre Pampita y Nicole Neumann: por qu\u00e9 ni se saludaron\" class=\"mt-image\" loading=\"lazy\" \/><\/div>\n<h5 class=\"mt-title\">\u00a1Exclusivo! El tenso encuentro entre Pampita y Nicole Neumann: por qu\u00e9 ni se saludaron<\/h5>\n<\/div>\n<p><\/a><\/div>\n<p>Seg\u00fan contaron en el programa, la joven en cuesti\u00f3n es <strong>Victoria Puig<\/strong>, locutora y productora que trabaja en Rock&amp;Pop. <em>\u201cLe escrib\u00ed y me lo reconoci\u00f3. No le pone t\u00edtulo, porque saben que \u00e9l es un hombre muy abierto. Ella es preciosa. Me pareci\u00f3 una chica s\u00faper amable, contestando y haci\u00e9ndose cargo\u201d<\/em>, relat\u00f3 Lav\u00edcoli.<\/p>\n<h2 class=\"wp-block-heading\">EL PRESENTE AMOROSO DE FEDE BAL:<\/h2>\n<p>Minutos m\u00e1s tarde, mostraron una imagen que confirmar\u00eda el romance: Fede y Victoria fueron vistos cenando juntos en un reconocido restaurante de Palermo. Cabe recordar que el hijo de Carmen Barbieri transita una etapa marcada por v\u00ednculos sexoafectivos abiertos, sin etiquetas ni compromisos tradicionales. <\/p>\n<p>Adem\u00e1s de su conexi\u00f3n con Victoria, <a href=\"https:\/\/www.paparazzi.com.ar\/teve\/fede-bal-hablo-a-fondo-de-su-paternidad-en-medio-de-su-romance-con-evelyn-botto-2\/\">mantiene una relaci\u00f3n con la conductora Evelyn Botto<\/a>, y recientemente se viraliz\u00f3 un video en el que se lo vio bes\u00e1ndose con una cronista durante los Premios Mart\u00edn Fierro 2025. D\u00edas antes, Fede Bal hab\u00eda hablado con total sinceridad sobre sus v\u00ednculos amorosos durante su visita a <em>La Noche de Mirtha<\/em>.<\/p>\n<div class=\"mt-box \">\n<h4 class=\"mt-heading\">Mir\u00e1 Tambi\u00e9n<\/h4>\n<p><a href=\"https:\/\/www.paparazzi.com.ar\/teve\/fede-bal-hablo-a-fondo-de-su-paternidad-en-medio-de-su-romance-con-evelyn-botto-2\/\"><\/p>\n<div class=\"mt-content\">\n<div class=\"mt-image-container\"><img decoding=\"async\" src=\"https:\/\/www.paparazzi.com.ar\/wp-content\/uploads\/2025\/09\/Fede-Bal-y-Evelyn-Botto-359x226.jpg\" alt=\"Fede Bal habl\u00f3 a fondo de su paternidad en medio de su romance con Evelyn Botto\" class=\"mt-image\" loading=\"lazy\" \/><\/div>\n<h5 class=\"mt-title\">Fede Bal habl\u00f3 a fondo de su paternidad en medio de su romance con Evelyn Botto<\/h5>\n<\/div>\n<p><\/a><\/div>\n<p><em>\u201cLa gente se est\u00e1 vinculando de otra manera, yo ment\u00ed mucho y no lo digo orgulloso. Estoy cambiando, lo m\u00edo es un paso antes de las relaciones abiertas\u201d,<\/em> confes\u00f3. Ante esto, Mirtha no dud\u00f3 en decirle: <em><a href=\"https:\/\/www.paparazzi.com.ar\/teve\/mirtha-legrand-se-harto-de-las-mentiras-de-fede-bal-y-lo-arrincono-por-sus-infidelidades\/\">\u201cSos un mentiroso serial oficial&#8230;<\/a> \u00bfvos te enamor\u00e1s y despu\u00e9s las dej\u00e1s?\u201d. <\/em><\/p>\n<p>Fede respondi\u00f3: <em>\u201cTengo un ascenso muy r\u00e1pido en el amor y la bajada es casi igual. Son seis meses incre\u00edbles y de golpe siento que algo se apaga\u201d.<\/em> Autocr\u00edtico, Bal agreg\u00f3: \u201c<em>Muchos a\u00f1os de mi vida les dec\u00eda cualquier cosa, ment\u00eda. No me siento nada orgulloso de esa parte de mi vida. Por eso ahora estoy muy orgulloso porque tengo v\u00ednculos donde vomito la verdad. No me comprometo, solo a serle sincero. Yo soy servicio, Mirtha\u201d.<\/em><\/p>\n<figure class=\"wp-block-image size-large\"><img decoding=\"async\" src=\"https:\/\/www.paparazzi.com.ar\/wp-content\/uploads\/2025\/10\/image-57-1024x550.png.webp\" loading=\"lazy\" alt=\"\" class=\"wp-image-446542\" \/><\/figure>\n<div class=\"mt-box \">\n<h4 class=\"mt-heading\">Mir\u00e1 Tambi\u00e9n<\/h4>\n<p><a href=\"https:\/\/www.paparazzi.com.ar\/teve\/fede-bal-conto-que-hace-todas-las-noches-antes-de-dormir-me-relaja-mucho\/\"><\/p>\n<div class=\"mt-content\">\n<div class=\"mt-image-container\"><img decoding=\"async\" src=\"https:\/\/www.paparazzi.com.ar\/wp-content\/uploads\/2025\/10\/ede-bal-359x226.jpeg\" alt=\"Fede Bal cont\u00f3 qu\u00e9 hace todas las noches antes de dormir: \u201cMe relaja mucho\u201d\" class=\"mt-image\" loading=\"lazy\" \/><\/div>\n<h5 class=\"mt-title\">Fede Bal cont\u00f3 qu\u00e9 hace todas las noches antes de dormir: \u201cMe relaja mucho\u201d<\/h5>\n<\/div>\n<p><\/a><\/div>\n<div class=\"mt-box \">\n<h4 class=\"mt-heading\">Mir\u00e1 Tambi\u00e9n<\/h4>\n<p><a href=\"https:\/\/www.paparazzi.com.ar\/teve\/quien-es-la-misteriosa-periodista-que-estuvo-a-los-besos-con-fede-bal-en-los-martin-fierro-es-la-notera-de\/\"><\/p>\n<div class=\"mt-content\">\n<div class=\"mt-image-container\"><img decoding=\"async\" src=\"https:\/\/www.paparazzi.com.ar\/wp-content\/uploads\/2025\/09\/image-332-359x226.png\" alt=\"Qui\u00e9n es la misteriosa periodista que estuvo a los besos con Fede Bal en los Martin Fierro: &quot;Es la notera de\u2026&quot;\" class=\"mt-image\" loading=\"lazy\" \/><\/div>\n<h5 class=\"mt-title\">Qui\u00e9n es la misteriosa periodista que estuvo a los besos con Fede Bal en los Martin Fierro: \u00abEs la notera de\u2026\u00bb<\/h5>\n<\/div>\n<p><\/a><\/div>\n<p>The post <a href=\"https:\/\/www.paparazzi.com.ar\/romances\/fede-bal-tiene-una-nueva-novia-quien-es-la-hija-de-un-famoso-periodista\/\">Fede Bal tiene una nueva novia: qui\u00e9n es la hija de un famoso periodista<\/a> appeared first on <a href=\"https:\/\/www.paparazzi.com.ar\">Revista Paparazzi<\/a>.<\/p>\n","protected":false},"excerpt":{"rendered":"<p>Fede Bal vuelve a estar en el centro de la escena por su vida amorosa.<\/p>\n","protected":false},"author":0,"featured_media":6176,"comment_status":"","ping_status":"","sticky":false,"template":"","format":"standard","meta":{"footnotes":""},"categories":[11],"tags":[],"class_list":["post-6175","post","type-post","status-publish","format-standard","has-post-thumbnail","hentry","category-destacadas"],"yoast_head":"<!-- This site is optimized with the Yoast SEO plugin v28.3 - https:\/\/yoast.com\/product\/yoast-seo-wordpress\/ -->\n<title>Fede Bal tiene una nueva novia: qui\u00e9n es la hija de un famoso periodista - Fm Gente<\/title>\n<meta name=\"robots\" content=\"index, follow, max-snippet:-1, max-image-preview:large, max-video-preview:-1\" \/>\n<link rel=\"canonical\" href=\"https:\/\/fmgente.com.ar\/web\/fede-bal-tiene-una-nueva-novia-quien-es-la-hija-de-un-famoso-periodista\/\" \/>\n<meta property=\"og:locale\" content=\"es_ES\" \/>\n<meta property=\"og:type\" content=\"article\" \/>\n<meta property=\"og:title\" content=\"Fede Bal tiene una nueva novia: qui\u00e9n es la hija de un famoso periodista - Fm Gente\" \/>\n<meta property=\"og:description\" content=\"Fede Bal vuelve a estar en el centro de la escena por su vida amorosa.\" \/>\n<meta property=\"og:url\" content=\"https:\/\/fmgente.com.ar\/web\/fede-bal-tiene-una-nueva-novia-quien-es-la-hija-de-un-famoso-periodista\/\" \/>\n<meta property=\"og:site_name\" content=\"Fm Gente\" \/>\n<meta property=\"article:published_time\" content=\"2025-10-06T05:09:33+00:00\" \/>\n<meta property=\"og:image\" content=\"https:\/\/fmgente.com.ar\/web\/wp-content\/uploads\/2025\/10\/pampita-14-359x226-13.png\" \/>\n\t<meta property=\"og:image:width\" content=\"359\" \/>\n\t<meta property=\"og:image:height\" content=\"226\" \/>\n\t<meta property=\"og:image:type\" content=\"image\/png\" \/>\n<meta name=\"twitter:card\" content=\"summary_large_image\" \/>\n<meta name=\"twitter:label1\" content=\"Tiempo de lectura\" \/>\n\t<meta name=\"twitter:data1\" content=\"3 minutos\" \/>\n<script type=\"application\/ld+json\" class=\"yoast-schema-graph\">{\"@context\":\"https:\\\/\\\/schema.org\",\"@graph\":[{\"@type\":\"Article\",\"@id\":\"https:\\\/\\\/fmgente.com.ar\\\/web\\\/fede-bal-tiene-una-nueva-novia-quien-es-la-hija-de-un-famoso-periodista\\\/#article\",\"isPartOf\":{\"@id\":\"https:\\\/\\\/fmgente.com.ar\\\/web\\\/fede-bal-tiene-una-nueva-novia-quien-es-la-hija-de-un-famoso-periodista\\\/\"},\"author\":{\"name\":\"\",\"@id\":\"\"},\"headline\":\"Fede Bal tiene una nueva novia: qui\u00e9n es la hija de un famoso periodista\",\"datePublished\":\"2025-10-06T05:09:33+00:00\",\"mainEntityOfPage\":{\"@id\":\"https:\\\/\\\/fmgente.com.ar\\\/web\\\/fede-bal-tiene-una-nueva-novia-quien-es-la-hija-de-un-famoso-periodista\\\/\"},\"wordCount\":585,\"publisher\":{\"@id\":\"https:\\\/\\\/fmgente.com.ar\\\/web\\\/#organization\"},\"image\":{\"@id\":\"https:\\\/\\\/fmgente.com.ar\\\/web\\\/fede-bal-tiene-una-nueva-novia-quien-es-la-hija-de-un-famoso-periodista\\\/#primaryimage\"},\"thumbnailUrl\":\"https:\\\/\\\/fmgente.com.ar\\\/web\\\/wp-content\\\/uploads\\\/2025\\\/10\\\/pampita-14-359x226-13.png\",\"articleSection\":[\"DESTACADAS\"],\"inLanguage\":\"es\"},{\"@type\":\"WebPage\",\"@id\":\"https:\\\/\\\/fmgente.com.ar\\\/web\\\/fede-bal-tiene-una-nueva-novia-quien-es-la-hija-de-un-famoso-periodista\\\/\",\"url\":\"https:\\\/\\\/fmgente.com.ar\\\/web\\\/fede-bal-tiene-una-nueva-novia-quien-es-la-hija-de-un-famoso-periodista\\\/\",\"name\":\"Fede Bal tiene una nueva novia: qui\u00e9n es la hija de un famoso periodista - Fm Gente\",\"isPartOf\":{\"@id\":\"https:\\\/\\\/fmgente.com.ar\\\/web\\\/#website\"},\"primaryImageOfPage\":{\"@id\":\"https:\\\/\\\/fmgente.com.ar\\\/web\\\/fede-bal-tiene-una-nueva-novia-quien-es-la-hija-de-un-famoso-periodista\\\/#primaryimage\"},\"image\":{\"@id\":\"https:\\\/\\\/fmgente.com.ar\\\/web\\\/fede-bal-tiene-una-nueva-novia-quien-es-la-hija-de-un-famoso-periodista\\\/#primaryimage\"},\"thumbnailUrl\":\"https:\\\/\\\/fmgente.com.ar\\\/web\\\/wp-content\\\/uploads\\\/2025\\\/10\\\/pampita-14-359x226-13.png\",\"datePublished\":\"2025-10-06T05:09:33+00:00\",\"inLanguage\":\"es\",\"potentialAction\":[{\"@type\":\"ReadAction\",\"target\":[\"https:\\\/\\\/fmgente.com.ar\\\/web\\\/fede-bal-tiene-una-nueva-novia-quien-es-la-hija-de-un-famoso-periodista\\\/\"]}]},{\"@type\":\"ImageObject\",\"inLanguage\":\"es\",\"@id\":\"https:\\\/\\\/fmgente.com.ar\\\/web\\\/fede-bal-tiene-una-nueva-novia-quien-es-la-hija-de-un-famoso-periodista\\\/#primaryimage\",\"url\":\"https:\\\/\\\/fmgente.com.ar\\\/web\\\/wp-content\\\/uploads\\\/2025\\\/10\\\/pampita-14-359x226-13.png\",\"contentUrl\":\"https:\\\/\\\/fmgente.com.ar\\\/web\\\/wp-content\\\/uploads\\\/2025\\\/10\\\/pampita-14-359x226-13.png\",\"width\":359,\"height\":226},{\"@type\":\"WebSite\",\"@id\":\"https:\\\/\\\/fmgente.com.ar\\\/web\\\/#website\",\"url\":\"https:\\\/\\\/fmgente.com.ar\\\/web\\\/\",\"name\":\"Fm Gente\",\"description\":\"- Jes\u00fas Mar\u00eda\",\"publisher\":{\"@id\":\"https:\\\/\\\/fmgente.com.ar\\\/web\\\/#organization\"},\"potentialAction\":[{\"@type\":\"SearchAction\",\"target\":{\"@type\":\"EntryPoint\",\"urlTemplate\":\"https:\\\/\\\/fmgente.com.ar\\\/web\\\/?s={search_term_string}\"},\"query-input\":{\"@type\":\"PropertyValueSpecification\",\"valueRequired\":true,\"valueName\":\"search_term_string\"}}],\"inLanguage\":\"es\"},{\"@type\":\"Organization\",\"@id\":\"https:\\\/\\\/fmgente.com.ar\\\/web\\\/#organization\",\"name\":\"Fm Gente\",\"url\":\"https:\\\/\\\/fmgente.com.ar\\\/web\\\/\",\"logo\":{\"@type\":\"ImageObject\",\"inLanguage\":\"es\",\"@id\":\"https:\\\/\\\/fmgente.com.ar\\\/web\\\/#\\\/schema\\\/logo\\\/image\\\/\",\"url\":\"https:\\\/\\\/fmgente.com.ar\\\/web\\\/wp-content\\\/uploads\\\/2023\\\/07\\\/cropped-cropped-logo-sombra2.png\",\"contentUrl\":\"https:\\\/\\\/fmgente.com.ar\\\/web\\\/wp-content\\\/uploads\\\/2023\\\/07\\\/cropped-cropped-logo-sombra2.png\",\"width\":1782,\"height\":1782,\"caption\":\"Fm Gente\"},\"image\":{\"@id\":\"https:\\\/\\\/fmgente.com.ar\\\/web\\\/#\\\/schema\\\/logo\\\/image\\\/\"}}]}<\/script>\n<!-- \/ Yoast SEO plugin. -->","yoast_head_json":{"title":"Fede Bal tiene una nueva novia: qui\u00e9n es la hija de un famoso periodista - Fm Gente","robots":{"index":"index","follow":"follow","max-snippet":"max-snippet:-1","max-image-preview":"max-image-preview:large","max-video-preview":"max-video-preview:-1"},"canonical":"https:\/\/fmgente.com.ar\/web\/fede-bal-tiene-una-nueva-novia-quien-es-la-hija-de-un-famoso-periodista\/","og_locale":"es_ES","og_type":"article","og_title":"Fede Bal tiene una nueva novia: qui\u00e9n es la hija de un famoso periodista - Fm Gente","og_description":"Fede Bal vuelve a estar en el centro de la escena por su vida amorosa.","og_url":"https:\/\/fmgente.com.ar\/web\/fede-bal-tiene-una-nueva-novia-quien-es-la-hija-de-un-famoso-periodista\/","og_site_name":"Fm Gente","article_published_time":"2025-10-06T05:09:33+00:00","og_image":[{"width":359,"height":226,"url":"https:\/\/fmgente.com.ar\/web\/wp-content\/uploads\/2025\/10\/pampita-14-359x226-13.png","type":"image\/png"}],"twitter_card":"summary_large_image","twitter_misc":{"Tiempo de lectura":"3 minutos"},"schema":{"@context":"https:\/\/schema.org","@graph":[{"@type":"Article","@id":"https:\/\/fmgente.com.ar\/web\/fede-bal-tiene-una-nueva-novia-quien-es-la-hija-de-un-famoso-periodista\/#article","isPartOf":{"@id":"https:\/\/fmgente.com.ar\/web\/fede-bal-tiene-una-nueva-novia-quien-es-la-hija-de-un-famoso-periodista\/"},"author":{"name":"","@id":""},"headline":"Fede Bal tiene una nueva novia: qui\u00e9n es la hija de un famoso periodista","datePublished":"2025-10-06T05:09:33+00:00","mainEntityOfPage":{"@id":"https:\/\/fmgente.com.ar\/web\/fede-bal-tiene-una-nueva-novia-quien-es-la-hija-de-un-famoso-periodista\/"},"wordCount":585,"publisher":{"@id":"https:\/\/fmgente.com.ar\/web\/#organization"},"image":{"@id":"https:\/\/fmgente.com.ar\/web\/fede-bal-tiene-una-nueva-novia-quien-es-la-hija-de-un-famoso-periodista\/#primaryimage"},"thumbnailUrl":"https:\/\/fmgente.com.ar\/web\/wp-content\/uploads\/2025\/10\/pampita-14-359x226-13.png","articleSection":["DESTACADAS"],"inLanguage":"es"},{"@type":"WebPage","@id":"https:\/\/fmgente.com.ar\/web\/fede-bal-tiene-una-nueva-novia-quien-es-la-hija-de-un-famoso-periodista\/","url":"https:\/\/fmgente.com.ar\/web\/fede-bal-tiene-una-nueva-novia-quien-es-la-hija-de-un-famoso-periodista\/","name":"Fede Bal tiene una nueva novia: qui\u00e9n es la hija de un famoso periodista - Fm Gente","isPartOf":{"@id":"https:\/\/fmgente.com.ar\/web\/#website"},"primaryImageOfPage":{"@id":"https:\/\/fmgente.com.ar\/web\/fede-bal-tiene-una-nueva-novia-quien-es-la-hija-de-un-famoso-periodista\/#primaryimage"},"image":{"@id":"https:\/\/fmgente.com.ar\/web\/fede-bal-tiene-una-nueva-novia-quien-es-la-hija-de-un-famoso-periodista\/#primaryimage"},"thumbnailUrl":"https:\/\/fmgente.com.ar\/web\/wp-content\/uploads\/2025\/10\/pampita-14-359x226-13.png","datePublished":"2025-10-06T05:09:33+00:00","inLanguage":"es","potentialAction":[{"@type":"ReadAction","target":["https:\/\/fmgente.com.ar\/web\/fede-bal-tiene-una-nueva-novia-quien-es-la-hija-de-un-famoso-periodista\/"]}]},{"@type":"ImageObject","inLanguage":"es","@id":"https:\/\/fmgente.com.ar\/web\/fede-bal-tiene-una-nueva-novia-quien-es-la-hija-de-un-famoso-periodista\/#primaryimage","url":"https:\/\/fmgente.com.ar\/web\/wp-content\/uploads\/2025\/10\/pampita-14-359x226-13.png","contentUrl":"https:\/\/fmgente.com.ar\/web\/wp-content\/uploads\/2025\/10\/pampita-14-359x226-13.png","width":359,"height":226},{"@type":"WebSite","@id":"https:\/\/fmgente.com.ar\/web\/#website","url":"https:\/\/fmgente.com.ar\/web\/","name":"Fm Gente","description":"- Jes\u00fas Mar\u00eda","publisher":{"@id":"https:\/\/fmgente.com.ar\/web\/#organization"},"potentialAction":[{"@type":"SearchAction","target":{"@type":"EntryPoint","urlTemplate":"https:\/\/fmgente.com.ar\/web\/?s={search_term_string}"},"query-input":{"@type":"PropertyValueSpecification","valueRequired":true,"valueName":"search_term_string"}}],"inLanguage":"es"},{"@type":"Organization","@id":"https:\/\/fmgente.com.ar\/web\/#organization","name":"Fm Gente","url":"https:\/\/fmgente.com.ar\/web\/","logo":{"@type":"ImageObject","inLanguage":"es","@id":"https:\/\/fmgente.com.ar\/web\/#\/schema\/logo\/image\/","url":"https:\/\/fmgente.com.ar\/web\/wp-content\/uploads\/2023\/07\/cropped-cropped-logo-sombra2.png","contentUrl":"https:\/\/fmgente.com.ar\/web\/wp-content\/uploads\/2023\/07\/cropped-cropped-logo-sombra2.png","width":1782,"height":1782,"caption":"Fm Gente"},"image":{"@id":"https:\/\/fmgente.com.ar\/web\/#\/schema\/logo\/image\/"}}]}},"_links":{"self":[{"href":"https:\/\/fmgente.com.ar\/web\/wp-json\/wp\/v2\/posts\/6175","targetHints":{"allow":["GET"]}}],"collection":[{"href":"https:\/\/fmgente.com.ar\/web\/wp-json\/wp\/v2\/posts"}],"about":[{"href":"https:\/\/fmgente.com.ar\/web\/wp-json\/wp\/v2\/types\/post"}],"replies":[{"embeddable":true,"href":"https:\/\/fmgente.com.ar\/web\/wp-json\/wp\/v2\/comments?post=6175"}],"version-history":[{"count":0,"href":"https:\/\/fmgente.com.ar\/web\/wp-json\/wp\/v2\/posts\/6175\/revisions"}],"wp:featuredmedia":[{"embeddable":true,"href":"https:\/\/fmgente.com.ar\/web\/wp-json\/wp\/v2\/media\/6176"}],"wp:attachment":[{"href":"https:\/\/fmgente.com.ar\/web\/wp-json\/wp\/v2\/media?parent=6175"}],"wp:term":[{"taxonomy":"category","embeddable":true,"href":"https:\/\/fmgente.com.ar\/web\/wp-json\/wp\/v2\/categories?post=6175"},{"taxonomy":"post_tag","embeddable":true,"href":"https:\/\/fmgente.com.ar\/web\/wp-json\/wp\/v2\/tags?post=6175"}],"curies":[{"name":"wp","href":"https:\/\/api.w.org\/{rel}","templated":true}]}}