{"id":6173,"date":"2025-10-06T01:05:47","date_gmt":"2025-10-06T04:05:47","guid":{"rendered":"https:\/\/fmgente.com.ar\/el-album-de-fotos-de-pampita-y-sus-hijos-de-vacaciones-en-central-park-nueva-york\/"},"modified":"2025-10-06T01:05:47","modified_gmt":"2025-10-06T04:05:47","slug":"el-album-de-fotos-de-pampita-y-sus-hijos-de-vacaciones-en-central-park-nueva-york","status":"publish","type":"post","link":"https:\/\/fmgente.com.ar\/web\/el-album-de-fotos-de-pampita-y-sus-hijos-de-vacaciones-en-central-park-nueva-york\/","title":{"rendered":"El \u00e1lbum de fotos de Pampita y sus hijos de vacaciones en Central Park, Nueva York"},"content":{"rendered":"<p><strong><a href=\"https:\/\/www.paparazzi.com.ar\/tag\/pampita\/\">Pampita<\/a><\/strong> aprovech\u00f3 unos d\u00edas libres para escaparse a Nueva York junto a sus hijos, <strong>Benicio<\/strong> y <strong>Anita<\/strong>, y desplegar todo su glamour en medio del verano neoyorquino. Las im\u00e1genes que comparti\u00f3 en sus redes sociales la muestran en escenarios ic\u00f3nicos como Central Park y la m\u00edtica Bethesda Terrace, donde no faltaron sonrisas, ternura y hasta gui\u00f1os fashionistas.<\/p>\n<p>Con un vestido negro largo, de espalda descubierta y sin mangas, la modelo dej\u00f3 en claro que aun en plan mam\u00e1 no pierde ni un gramo de estilo. <em>\u201cUn d\u00eda de verano en Nueva York\u201d<\/em>, escribi\u00f3, como quien no quiere la cosa, mientras dejaba registro de un paseo familiar que termin\u00f3 siendo toda una postal digna de cat\u00e1logo.<\/p>\n<p>En las fotos, se la vio a pura complicidad con su hijo mayor. <strong>Benicio<\/strong>, divertido, acompa\u00f1\u00f3 a su madre en cada parada, incluso cuando decidieron alimentar a las tortugas del lago. A la par, <strong><a href=\"https:\/\/www.paparazzi.com.ar\/teve\/pampita-confeso-como-se-siente-tras-enterarse-del-fracaso-de-los-8-escalones\/\">Anita<\/a><\/strong> fue retratada con la frescura de sus cinco a\u00f1os: en un bicitaxi, encantada con los patos o fascinada por los rincones verdes del parque. <em>\u201cNada como verlos disfrutar de cada detalle\u201d<\/em>, desliz\u00f3 la conductora.<\/p>\n<div class=\"mt-box \">\n<h4 class=\"mt-heading\">Mir\u00e1 Tambi\u00e9n<\/h4>\n<p><a href=\"https:\/\/www.paparazzi.com.ar\/videos\/exclusivo-maria-fernanda-callejon-confeso-cual-la-jugada-decision-que-tomo-tras-separarse\/\"><\/p>\n<div class=\"mt-content\">\n<div class=\"mt-image-container\"><img decoding=\"async\" src=\"https:\/\/www.paparazzi.com.ar\/wp-content\/uploads\/2025\/05\/maria-fernanda-callejon-359x226.png\" alt=\"\u00a1Exclusivo! Mar\u00eda Fernanda Callej\u00f3n confes\u00f3 cu\u00e1l la jugada decisi\u00f3n que tom\u00f3 tras separarse\" class=\"mt-image\" loading=\"lazy\" \/><\/div>\n<h5 class=\"mt-title\">\u00a1Exclusivo! Mar\u00eda Fernanda Callej\u00f3n confes\u00f3 cu\u00e1l la jugada decisi\u00f3n que tom\u00f3 tras separarse<\/h5>\n<\/div>\n<p><\/a><\/div>\n<p>La jornada tambi\u00e9n tuvo su cuota de juego: madre e hija improvisaron un baile junto al lago, y hasta se dieron el gusto de probar una raspadilla multicolor para combatir el calor. Los seguidores estallaron con comentarios halagadores, y no faltaron los que remarcaron lo canchera y natural que se la ve en su rol de mam\u00e1 todoterreno.<\/p>\n<h2 class=\"wp-block-heading\">LAS VACACIONES DE PAMPITA<\/h2>\n<p>En una de las escenas m\u00e1s llamativas, la ex jurado del Bailando pos\u00f3 en la Fuente Bethesda, con la escultura \u201cAngel of the Waters\u201d como tel\u00f3n de fondo. El dato no pas\u00f3 desapercibido: Nueva York es tambi\u00e9n la ciudad donde reside <strong><a href=\"https:\/\/www.paparazzi.com.ar\/teve\/pampita-recibio-una-terrible-noticia-que-la-dejo-destrozada-en-el-momento-menos-esperado\/\">Mart\u00edn Pepa<\/a><\/strong>, con quien volvi\u00f3 a apostar al amor meses atr\u00e1s.<\/p>\n<p>Y como broche final, ella misma eligi\u00f3 resumir la experiencia con una frase que lo dice todo: <em>\u201cVerano en Nueva York\u201d<\/em>.<\/p>\n<figure class=\"wp-block-image size-full\"><img decoding=\"async\" width=\"420\" height=\"560\" src=\"https:\/\/www.paparazzi.com.ar\/wp-content\/uploads\/2025\/10\/1000142576.avif\" loading=\"lazy\" alt=\"\" class=\"wp-image-446529\" \/><\/figure>\n<figure class=\"wp-block-image size-full\"><img decoding=\"async\" width=\"420\" height=\"560\" src=\"https:\/\/www.paparazzi.com.ar\/wp-content\/uploads\/2025\/10\/1000142575.avif\" loading=\"lazy\" alt=\"\" class=\"wp-image-446530\" \/><\/figure>\n<figure class=\"wp-block-image size-full\"><img decoding=\"async\" width=\"420\" height=\"560\" src=\"https:\/\/www.paparazzi.com.ar\/wp-content\/uploads\/2025\/10\/1000142574.avif\" loading=\"lazy\" alt=\"\" class=\"wp-image-446531\" \/><\/figure>\n<figure class=\"wp-block-image size-full\"><img decoding=\"async\" width=\"420\" height=\"560\" src=\"https:\/\/www.paparazzi.com.ar\/wp-content\/uploads\/2025\/10\/1000142573.avif\" loading=\"lazy\" alt=\"\" class=\"wp-image-446532\" \/><\/figure>\n<figure class=\"wp-block-image size-full\"><img decoding=\"async\" width=\"420\" height=\"560\" src=\"https:\/\/www.paparazzi.com.ar\/wp-content\/uploads\/2025\/10\/1000142572.avif\" loading=\"lazy\" alt=\"\" class=\"wp-image-446533\" \/><\/figure>\n<figure class=\"wp-block-image size-full\"><img decoding=\"async\" width=\"420\" height=\"560\" src=\"https:\/\/www.paparazzi.com.ar\/wp-content\/uploads\/2025\/10\/1000142571.avif\" loading=\"lazy\" alt=\"\" class=\"wp-image-446534\" \/><\/figure>\n<figure class=\"wp-block-image size-full\"><img decoding=\"async\" width=\"420\" height=\"560\" src=\"https:\/\/www.paparazzi.com.ar\/wp-content\/uploads\/2025\/10\/1000142570.avif\" loading=\"lazy\" alt=\"\" class=\"wp-image-446535\" \/><\/figure>\n<figure class=\"wp-block-image size-full\"><img decoding=\"async\" width=\"420\" height=\"560\" src=\"https:\/\/www.paparazzi.com.ar\/wp-content\/uploads\/2025\/10\/1000142569.avif\" loading=\"lazy\" alt=\"\" class=\"wp-image-446536\" \/><\/figure>\n<div class=\"mt-box \">\n<h4 class=\"mt-heading\">Mir\u00e1 Tambi\u00e9n<\/h4>\n<p><a href=\"https:\/\/www.paparazzi.com.ar\/teve\/el-tremendo-insulto-de-angel-de-brito-a-una-de-sus-ex-angelitas-que-se-arregle-sola\/\"><\/p>\n<div class=\"mt-content\">\n<div class=\"mt-image-container\"><img decoding=\"async\" src=\"https:\/\/www.paparazzi.com.ar\/wp-content\/uploads\/2025\/10\/Angel-de-Brito-confirmo-una-bomba-sobre-una-actriz-en-el-mundo-del-espectaculo-22Esta-muy-contenta22-359x226.jpg\" alt=\"El tremendo insulto de \u00c1ngel De Brito a una de sus ex angelitas: &quot;que se arregle sola&quot;\" class=\"mt-image\" loading=\"lazy\" \/><\/div>\n<h5 class=\"mt-title\">El tremendo insulto de \u00c1ngel De Brito a una de sus ex angelitas: \u00abque se arregle sola\u00bb<\/h5>\n<\/div>\n<p><\/a><\/div>\n<div class=\"mt-box \">\n<h4 class=\"mt-heading\">Mir\u00e1 Tambi\u00e9n<\/h4>\n<p><a href=\"https:\/\/www.paparazzi.com.ar\/teve\/decision-tomada-la-nueva-vida-de-la-china-suarez-con-un-inesperado-cambio-que-sorprendio-a-todos\/\"><\/p>\n<div class=\"mt-content\">\n<div class=\"mt-image-container\"><img decoding=\"async\" src=\"https:\/\/www.paparazzi.com.ar\/wp-content\/uploads\/2025\/09\/china-suarez-2-359x226.jpg\" alt=\"La tajante decisi\u00f3n de la China Su\u00e1rez que preocupa a Benjam\u00edn Vicu\u00f1a y alegra a Mauro Icardi\" class=\"mt-image\" loading=\"lazy\" \/><\/div>\n<h5 class=\"mt-title\">La tajante decisi\u00f3n de la China Su\u00e1rez que preocupa a Benjam\u00edn Vicu\u00f1a y alegra a Mauro Icardi<\/h5>\n<\/div>\n<p><\/a><\/div>\n<p>The post <a href=\"https:\/\/www.paparazzi.com.ar\/teve\/el-album-de-fotos-de-pampita-y-sus-hijos-de-vacaciones-en-central-park-nueva-york\/\">El \u00e1lbum de fotos de Pampita y sus hijos de vacaciones en Central Park, Nueva York<\/a> appeared first on <a href=\"https:\/\/www.paparazzi.com.ar\">Revista Paparazzi<\/a>.<\/p>\n","protected":false},"excerpt":{"rendered":"<p>Pampita aprovech\u00f3 unos d\u00edas libres para escaparse a Nueva York junto a sus hijos, Benicio<\/p>\n","protected":false},"author":0,"featured_media":6174,"comment_status":"","ping_status":"","sticky":false,"template":"","format":"standard","meta":{"footnotes":""},"categories":[11],"tags":[],"class_list":["post-6173","post","type-post","status-publish","format-standard","has-post-thumbnail","hentry","category-destacadas"],"yoast_head":"<!-- This site is optimized with the Yoast SEO plugin v28.3 - https:\/\/yoast.com\/product\/yoast-seo-wordpress\/ -->\n<title>El \u00e1lbum de fotos de Pampita y sus hijos de vacaciones en Central Park, Nueva York - Fm Gente<\/title>\n<meta name=\"robots\" content=\"index, follow, max-snippet:-1, max-image-preview:large, max-video-preview:-1\" \/>\n<link rel=\"canonical\" href=\"https:\/\/fmgente.com.ar\/web\/el-album-de-fotos-de-pampita-y-sus-hijos-de-vacaciones-en-central-park-nueva-york\/\" \/>\n<meta property=\"og:locale\" content=\"es_ES\" \/>\n<meta property=\"og:type\" content=\"article\" \/>\n<meta property=\"og:title\" content=\"El \u00e1lbum de fotos de Pampita y sus hijos de vacaciones en Central Park, Nueva York - Fm Gente\" \/>\n<meta property=\"og:description\" content=\"Pampita aprovech\u00f3 unos d\u00edas libres para escaparse a Nueva York junto a sus hijos, Benicio\" \/>\n<meta property=\"og:url\" content=\"https:\/\/fmgente.com.ar\/web\/el-album-de-fotos-de-pampita-y-sus-hijos-de-vacaciones-en-central-park-nueva-york\/\" \/>\n<meta property=\"og:site_name\" content=\"Fm Gente\" \/>\n<meta property=\"article:published_time\" content=\"2025-10-06T04:05:47+00:00\" \/>\n<meta property=\"og:image\" content=\"https:\/\/fmgente.com.ar\/web\/wp-content\/uploads\/2025\/10\/maria-fernanda-callejon-359x226-1.png\" \/>\n\t<meta property=\"og:image:width\" content=\"359\" \/>\n\t<meta property=\"og:image:height\" content=\"226\" \/>\n\t<meta property=\"og:image:type\" content=\"image\/png\" \/>\n<meta name=\"twitter:card\" content=\"summary_large_image\" \/>\n<meta name=\"twitter:label1\" content=\"Tiempo de lectura\" \/>\n\t<meta name=\"twitter:data1\" content=\"2 minutos\" \/>\n<script type=\"application\/ld+json\" class=\"yoast-schema-graph\">{\"@context\":\"https:\\\/\\\/schema.org\",\"@graph\":[{\"@type\":\"Article\",\"@id\":\"https:\\\/\\\/fmgente.com.ar\\\/web\\\/el-album-de-fotos-de-pampita-y-sus-hijos-de-vacaciones-en-central-park-nueva-york\\\/#article\",\"isPartOf\":{\"@id\":\"https:\\\/\\\/fmgente.com.ar\\\/web\\\/el-album-de-fotos-de-pampita-y-sus-hijos-de-vacaciones-en-central-park-nueva-york\\\/\"},\"author\":{\"name\":\"\",\"@id\":\"\"},\"headline\":\"El \u00e1lbum de fotos de Pampita y sus hijos de vacaciones en Central Park, Nueva York\",\"datePublished\":\"2025-10-06T04:05:47+00:00\",\"mainEntityOfPage\":{\"@id\":\"https:\\\/\\\/fmgente.com.ar\\\/web\\\/el-album-de-fotos-de-pampita-y-sus-hijos-de-vacaciones-en-central-park-nueva-york\\\/\"},\"wordCount\":436,\"publisher\":{\"@id\":\"https:\\\/\\\/fmgente.com.ar\\\/web\\\/#organization\"},\"image\":{\"@id\":\"https:\\\/\\\/fmgente.com.ar\\\/web\\\/el-album-de-fotos-de-pampita-y-sus-hijos-de-vacaciones-en-central-park-nueva-york\\\/#primaryimage\"},\"thumbnailUrl\":\"https:\\\/\\\/fmgente.com.ar\\\/web\\\/wp-content\\\/uploads\\\/2025\\\/10\\\/maria-fernanda-callejon-359x226-1.png\",\"articleSection\":[\"DESTACADAS\"],\"inLanguage\":\"es\"},{\"@type\":\"WebPage\",\"@id\":\"https:\\\/\\\/fmgente.com.ar\\\/web\\\/el-album-de-fotos-de-pampita-y-sus-hijos-de-vacaciones-en-central-park-nueva-york\\\/\",\"url\":\"https:\\\/\\\/fmgente.com.ar\\\/web\\\/el-album-de-fotos-de-pampita-y-sus-hijos-de-vacaciones-en-central-park-nueva-york\\\/\",\"name\":\"El \u00e1lbum de fotos de Pampita y sus hijos de vacaciones en Central Park, Nueva York - Fm Gente\",\"isPartOf\":{\"@id\":\"https:\\\/\\\/fmgente.com.ar\\\/web\\\/#website\"},\"primaryImageOfPage\":{\"@id\":\"https:\\\/\\\/fmgente.com.ar\\\/web\\\/el-album-de-fotos-de-pampita-y-sus-hijos-de-vacaciones-en-central-park-nueva-york\\\/#primaryimage\"},\"image\":{\"@id\":\"https:\\\/\\\/fmgente.com.ar\\\/web\\\/el-album-de-fotos-de-pampita-y-sus-hijos-de-vacaciones-en-central-park-nueva-york\\\/#primaryimage\"},\"thumbnailUrl\":\"https:\\\/\\\/fmgente.com.ar\\\/web\\\/wp-content\\\/uploads\\\/2025\\\/10\\\/maria-fernanda-callejon-359x226-1.png\",\"datePublished\":\"2025-10-06T04:05:47+00:00\",\"inLanguage\":\"es\",\"potentialAction\":[{\"@type\":\"ReadAction\",\"target\":[\"https:\\\/\\\/fmgente.com.ar\\\/web\\\/el-album-de-fotos-de-pampita-y-sus-hijos-de-vacaciones-en-central-park-nueva-york\\\/\"]}]},{\"@type\":\"ImageObject\",\"inLanguage\":\"es\",\"@id\":\"https:\\\/\\\/fmgente.com.ar\\\/web\\\/el-album-de-fotos-de-pampita-y-sus-hijos-de-vacaciones-en-central-park-nueva-york\\\/#primaryimage\",\"url\":\"https:\\\/\\\/fmgente.com.ar\\\/web\\\/wp-content\\\/uploads\\\/2025\\\/10\\\/maria-fernanda-callejon-359x226-1.png\",\"contentUrl\":\"https:\\\/\\\/fmgente.com.ar\\\/web\\\/wp-content\\\/uploads\\\/2025\\\/10\\\/maria-fernanda-callejon-359x226-1.png\",\"width\":359,\"height\":226},{\"@type\":\"WebSite\",\"@id\":\"https:\\\/\\\/fmgente.com.ar\\\/web\\\/#website\",\"url\":\"https:\\\/\\\/fmgente.com.ar\\\/web\\\/\",\"name\":\"Fm Gente\",\"description\":\"- Jes\u00fas Mar\u00eda\",\"publisher\":{\"@id\":\"https:\\\/\\\/fmgente.com.ar\\\/web\\\/#organization\"},\"potentialAction\":[{\"@type\":\"SearchAction\",\"target\":{\"@type\":\"EntryPoint\",\"urlTemplate\":\"https:\\\/\\\/fmgente.com.ar\\\/web\\\/?s={search_term_string}\"},\"query-input\":{\"@type\":\"PropertyValueSpecification\",\"valueRequired\":true,\"valueName\":\"search_term_string\"}}],\"inLanguage\":\"es\"},{\"@type\":\"Organization\",\"@id\":\"https:\\\/\\\/fmgente.com.ar\\\/web\\\/#organization\",\"name\":\"Fm Gente\",\"url\":\"https:\\\/\\\/fmgente.com.ar\\\/web\\\/\",\"logo\":{\"@type\":\"ImageObject\",\"inLanguage\":\"es\",\"@id\":\"https:\\\/\\\/fmgente.com.ar\\\/web\\\/#\\\/schema\\\/logo\\\/image\\\/\",\"url\":\"https:\\\/\\\/fmgente.com.ar\\\/web\\\/wp-content\\\/uploads\\\/2023\\\/07\\\/cropped-cropped-logo-sombra2.png\",\"contentUrl\":\"https:\\\/\\\/fmgente.com.ar\\\/web\\\/wp-content\\\/uploads\\\/2023\\\/07\\\/cropped-cropped-logo-sombra2.png\",\"width\":1782,\"height\":1782,\"caption\":\"Fm Gente\"},\"image\":{\"@id\":\"https:\\\/\\\/fmgente.com.ar\\\/web\\\/#\\\/schema\\\/logo\\\/image\\\/\"}}]}<\/script>\n<!-- \/ Yoast SEO plugin. -->","yoast_head_json":{"title":"El \u00e1lbum de fotos de Pampita y sus hijos de vacaciones en Central Park, Nueva York - Fm Gente","robots":{"index":"index","follow":"follow","max-snippet":"max-snippet:-1","max-image-preview":"max-image-preview:large","max-video-preview":"max-video-preview:-1"},"canonical":"https:\/\/fmgente.com.ar\/web\/el-album-de-fotos-de-pampita-y-sus-hijos-de-vacaciones-en-central-park-nueva-york\/","og_locale":"es_ES","og_type":"article","og_title":"El \u00e1lbum de fotos de Pampita y sus hijos de vacaciones en Central Park, Nueva York - Fm Gente","og_description":"Pampita aprovech\u00f3 unos d\u00edas libres para escaparse a Nueva York junto a sus hijos, Benicio","og_url":"https:\/\/fmgente.com.ar\/web\/el-album-de-fotos-de-pampita-y-sus-hijos-de-vacaciones-en-central-park-nueva-york\/","og_site_name":"Fm Gente","article_published_time":"2025-10-06T04:05:47+00:00","og_image":[{"width":359,"height":226,"url":"https:\/\/fmgente.com.ar\/web\/wp-content\/uploads\/2025\/10\/maria-fernanda-callejon-359x226-1.png","type":"image\/png"}],"twitter_card":"summary_large_image","twitter_misc":{"Tiempo de lectura":"2 minutos"},"schema":{"@context":"https:\/\/schema.org","@graph":[{"@type":"Article","@id":"https:\/\/fmgente.com.ar\/web\/el-album-de-fotos-de-pampita-y-sus-hijos-de-vacaciones-en-central-park-nueva-york\/#article","isPartOf":{"@id":"https:\/\/fmgente.com.ar\/web\/el-album-de-fotos-de-pampita-y-sus-hijos-de-vacaciones-en-central-park-nueva-york\/"},"author":{"name":"","@id":""},"headline":"El \u00e1lbum de fotos de Pampita y sus hijos de vacaciones en Central Park, Nueva York","datePublished":"2025-10-06T04:05:47+00:00","mainEntityOfPage":{"@id":"https:\/\/fmgente.com.ar\/web\/el-album-de-fotos-de-pampita-y-sus-hijos-de-vacaciones-en-central-park-nueva-york\/"},"wordCount":436,"publisher":{"@id":"https:\/\/fmgente.com.ar\/web\/#organization"},"image":{"@id":"https:\/\/fmgente.com.ar\/web\/el-album-de-fotos-de-pampita-y-sus-hijos-de-vacaciones-en-central-park-nueva-york\/#primaryimage"},"thumbnailUrl":"https:\/\/fmgente.com.ar\/web\/wp-content\/uploads\/2025\/10\/maria-fernanda-callejon-359x226-1.png","articleSection":["DESTACADAS"],"inLanguage":"es"},{"@type":"WebPage","@id":"https:\/\/fmgente.com.ar\/web\/el-album-de-fotos-de-pampita-y-sus-hijos-de-vacaciones-en-central-park-nueva-york\/","url":"https:\/\/fmgente.com.ar\/web\/el-album-de-fotos-de-pampita-y-sus-hijos-de-vacaciones-en-central-park-nueva-york\/","name":"El \u00e1lbum de fotos de Pampita y sus hijos de vacaciones en Central Park, Nueva York - Fm Gente","isPartOf":{"@id":"https:\/\/fmgente.com.ar\/web\/#website"},"primaryImageOfPage":{"@id":"https:\/\/fmgente.com.ar\/web\/el-album-de-fotos-de-pampita-y-sus-hijos-de-vacaciones-en-central-park-nueva-york\/#primaryimage"},"image":{"@id":"https:\/\/fmgente.com.ar\/web\/el-album-de-fotos-de-pampita-y-sus-hijos-de-vacaciones-en-central-park-nueva-york\/#primaryimage"},"thumbnailUrl":"https:\/\/fmgente.com.ar\/web\/wp-content\/uploads\/2025\/10\/maria-fernanda-callejon-359x226-1.png","datePublished":"2025-10-06T04:05:47+00:00","inLanguage":"es","potentialAction":[{"@type":"ReadAction","target":["https:\/\/fmgente.com.ar\/web\/el-album-de-fotos-de-pampita-y-sus-hijos-de-vacaciones-en-central-park-nueva-york\/"]}]},{"@type":"ImageObject","inLanguage":"es","@id":"https:\/\/fmgente.com.ar\/web\/el-album-de-fotos-de-pampita-y-sus-hijos-de-vacaciones-en-central-park-nueva-york\/#primaryimage","url":"https:\/\/fmgente.com.ar\/web\/wp-content\/uploads\/2025\/10\/maria-fernanda-callejon-359x226-1.png","contentUrl":"https:\/\/fmgente.com.ar\/web\/wp-content\/uploads\/2025\/10\/maria-fernanda-callejon-359x226-1.png","width":359,"height":226},{"@type":"WebSite","@id":"https:\/\/fmgente.com.ar\/web\/#website","url":"https:\/\/fmgente.com.ar\/web\/","name":"Fm Gente","description":"- Jes\u00fas Mar\u00eda","publisher":{"@id":"https:\/\/fmgente.com.ar\/web\/#organization"},"potentialAction":[{"@type":"SearchAction","target":{"@type":"EntryPoint","urlTemplate":"https:\/\/fmgente.com.ar\/web\/?s={search_term_string}"},"query-input":{"@type":"PropertyValueSpecification","valueRequired":true,"valueName":"search_term_string"}}],"inLanguage":"es"},{"@type":"Organization","@id":"https:\/\/fmgente.com.ar\/web\/#organization","name":"Fm Gente","url":"https:\/\/fmgente.com.ar\/web\/","logo":{"@type":"ImageObject","inLanguage":"es","@id":"https:\/\/fmgente.com.ar\/web\/#\/schema\/logo\/image\/","url":"https:\/\/fmgente.com.ar\/web\/wp-content\/uploads\/2023\/07\/cropped-cropped-logo-sombra2.png","contentUrl":"https:\/\/fmgente.com.ar\/web\/wp-content\/uploads\/2023\/07\/cropped-cropped-logo-sombra2.png","width":1782,"height":1782,"caption":"Fm Gente"},"image":{"@id":"https:\/\/fmgente.com.ar\/web\/#\/schema\/logo\/image\/"}}]}},"_links":{"self":[{"href":"https:\/\/fmgente.com.ar\/web\/wp-json\/wp\/v2\/posts\/6173","targetHints":{"allow":["GET"]}}],"collection":[{"href":"https:\/\/fmgente.com.ar\/web\/wp-json\/wp\/v2\/posts"}],"about":[{"href":"https:\/\/fmgente.com.ar\/web\/wp-json\/wp\/v2\/types\/post"}],"replies":[{"embeddable":true,"href":"https:\/\/fmgente.com.ar\/web\/wp-json\/wp\/v2\/comments?post=6173"}],"version-history":[{"count":0,"href":"https:\/\/fmgente.com.ar\/web\/wp-json\/wp\/v2\/posts\/6173\/revisions"}],"wp:featuredmedia":[{"embeddable":true,"href":"https:\/\/fmgente.com.ar\/web\/wp-json\/wp\/v2\/media\/6174"}],"wp:attachment":[{"href":"https:\/\/fmgente.com.ar\/web\/wp-json\/wp\/v2\/media?parent=6173"}],"wp:term":[{"taxonomy":"category","embeddable":true,"href":"https:\/\/fmgente.com.ar\/web\/wp-json\/wp\/v2\/categories?post=6173"},{"taxonomy":"post_tag","embeddable":true,"href":"https:\/\/fmgente.com.ar\/web\/wp-json\/wp\/v2\/tags?post=6173"}],"curies":[{"name":"wp","href":"https:\/\/api.w.org\/{rel}","templated":true}]}}