{"id":6171,"date":"2025-10-06T01:05:47","date_gmt":"2025-10-06T04:05:47","guid":{"rendered":"https:\/\/fmgente.com.ar\/camila-deniz-conto-que-dijeron-los-medicos-cuando-thiago-medina-se-desperto-del-coma-es-un-milagro\/"},"modified":"2025-10-06T01:05:47","modified_gmt":"2025-10-06T04:05:47","slug":"camila-deniz-conto-que-dijeron-los-medicos-cuando-thiago-medina-se-desperto-del-coma-es-un-milagro","status":"publish","type":"post","link":"https:\/\/fmgente.com.ar\/web\/camila-deniz-conto-que-dijeron-los-medicos-cuando-thiago-medina-se-desperto-del-coma-es-un-milagro\/","title":{"rendered":"Camila Deniz cont\u00f3 que dijeron los m\u00e9dicos cuando Thiago Medina se despert\u00f3 del coma: &quot;Es un milagro&quot;"},"content":{"rendered":"<p>A casi un mes del accidente que mantuvo en vilo al mundo del espect\u00e1culo, <strong><a href=\"https:\/\/www.paparazzi.com.ar\/?s=Thiago+Medina\">Thiago Medina<\/a><\/strong> mostr\u00f3 una evoluci\u00f3n que <a href=\"https:\/\/www.paparazzi.com.ar\/teve\/la-mejor-noticia-para-thiago-medina-salio-de-terapia-intensiva-despues-de-3-semanas-y-la-emocion-es-total\/\">muchos califican como un verdadero milagro<\/a>. Su hermana <strong><a href=\"https:\/\/www.paparazzi.com.ar\/?s=Camila+Deniz\">Camila Deniz<\/a><\/strong> rompi\u00f3 el silencio y brind\u00f3 una emotiva entrevista a <em>TN<\/em>, en la que cont\u00f3 c\u00f3mo los m\u00e9dicos encontraron al ex <em>Gran Hermano<\/em> tras despertar del coma.<\/p>\n<p><em>\u201cEn un momento pens\u00e9 que, por todo lo que dec\u00eda el doctor y porque yo lo vi mal, que no la contaba. Y bueno, hoy le dieron una oportunidad m\u00e1s porque tiene dos beb\u00e9s. \u00c9l siempre dijo: \u2018Yo no quiero que mis hijas crezcan sin m\u00ed\u2019. Y creo que est\u00e1 luchando d\u00eda a d\u00eda para eso\u201d<\/em>, expres\u00f3 entre l\u00e1grimas.<\/p>\n<p>El relato conmovi\u00f3 profundamente a los seguidores del joven, que desde el primer d\u00eda acompa\u00f1an su recuperaci\u00f3n con mensajes de cari\u00f1o y cadenas de oraci\u00f3n. Seg\u00fan cont\u00f3 su hermana, el influencer se encontraba sentado y con fuerzas para comenzar a caminar, algo que los m\u00e9dicos celebraron con sorpresa.<\/p>\n<div class=\"mt-box \">\n<h4 class=\"mt-heading\">Mir\u00e1 Tambi\u00e9n<\/h4>\n<p><a href=\"https:\/\/www.paparazzi.com.ar\/teve\/exclusivo-nacho-castanares-revelo-como-esta-thiago-medina-tras-despertar-del-coma\/\"><\/p>\n<div class=\"mt-content\">\n<div class=\"mt-image-container\"><img decoding=\"async\" src=\"https:\/\/www.paparazzi.com.ar\/wp-content\/uploads\/2025\/09\/Nacho-Castanares-Thiago-medina-359x226.jpg\" alt=\"\u00a1Exclusivo! Nacho Casta\u00f1ares revel\u00f3 c\u00f3mo est\u00e1 Thiago Medina tras despertar del coma\" class=\"mt-image\" loading=\"lazy\" \/><\/div>\n<h5 class=\"mt-title\">\u00a1Exclusivo! Nacho Casta\u00f1ares revel\u00f3 c\u00f3mo est\u00e1 Thiago Medina tras despertar del coma<\/h5>\n<\/div>\n<p><\/a><\/div>\n<p><em>\u201cThiago para m\u00ed es todo. Siempre fue mi compa\u00f1ero, mi compinche. Hoy lo tenemos a Thiago. Me agarran escalofr\u00edos de pensar todo lo que pas\u00f3, pero estamos felices. Lo est\u00e1bamos esperando con ansiedad. Mi hermano es un milagro, un milagro en vida\u201d<\/em>, dijo con emoci\u00f3n.<\/p>\n<p>Camilota tambi\u00e9n aprovech\u00f3 el di\u00e1logo para enviarle un mensaje directo a su hermano, lleno de amor y esperanza:<br \/><em>\u201cThiago, sab\u00e9s que te amo, te amamos. La familia nunca va a dejar de estar. Vos para m\u00ed sos todo. No quiero que te olvides nunca del amor que te tengo como hermana\u00bb.<\/em><\/p>\n<p>Y sigui\u00f3:<em> \u00abEl v\u00ednculo entre \u00e9l y yo es algo que nadie sabe ni va a entender. Que nunca dejes de ser vos. Te amo, mi amor\u201d<\/em>. La familia del influencer contin\u00faa acompa\u00f1\u00e1ndolo en su proceso de recuperaci\u00f3n, celebrando cada peque\u00f1o avance y confiando en que pronto podr\u00e1 volver a abrazar a sus hijas.<\/p>\n<p><em>\u201cMe agarran escalofr\u00edos de pensar todo lo que pasamos, pero verlo sonre\u00edr de nuevo nos devuelve la vida a todos\u201d,<\/em> agreg\u00f3 emocionada. El entorno de Thiago se muestra optimista frente a los pr\u00f3ximos pasos del tratamiento, mientras los m\u00e9dicos aseguran que la evoluci\u00f3n es favorable.<\/p>\n<p>En redes sociales, los fan\u00e1ticos compartieron mensajes como <em>\u201cVamos Thiago, sos un guerrero\u201d<\/em> y <em>\u201cUn milagro hecho persona\u201d<\/em>, destacando la fortaleza del joven que conmovi\u00f3 a todo el pa\u00eds. Hoy, la historia de Thiago Medina es sin\u00f3nimo de esperanza, uni\u00f3n familiar y amor incondicional.<\/p>\n<p>The post <a href=\"https:\/\/www.paparazzi.com.ar\/teve\/camila-deniz-conto-que-dijeron-los-medicos-cuando-thiago-medina-se-desperto-del-coma-es-un-milagro\/\">Camila Deniz cont\u00f3 que dijeron los m\u00e9dicos cuando Thiago Medina se despert\u00f3 del coma: &quot;Es un milagro&quot;<\/a> appeared first on <a href=\"https:\/\/www.paparazzi.com.ar\">Revista Paparazzi<\/a>.<\/p>\n","protected":false},"excerpt":{"rendered":"<p>A casi un mes del accidente que mantuvo en vilo al mundo del espect\u00e1culo, Thiago<\/p>\n","protected":false},"author":0,"featured_media":6172,"comment_status":"","ping_status":"","sticky":false,"template":"","format":"standard","meta":{"footnotes":""},"categories":[11],"tags":[],"class_list":["post-6171","post","type-post","status-publish","format-standard","has-post-thumbnail","hentry","category-destacadas"],"yoast_head":"<!-- This site is optimized with the Yoast SEO plugin v28.3 - https:\/\/yoast.com\/product\/yoast-seo-wordpress\/ -->\n<title>Camila Deniz cont\u00f3 que dijeron los m\u00e9dicos cuando Thiago Medina se despert\u00f3 del coma: &quot;Es un milagro&quot; - Fm Gente<\/title>\n<meta name=\"robots\" content=\"index, follow, max-snippet:-1, max-image-preview:large, max-video-preview:-1\" \/>\n<link rel=\"canonical\" href=\"https:\/\/fmgente.com.ar\/web\/camila-deniz-conto-que-dijeron-los-medicos-cuando-thiago-medina-se-desperto-del-coma-es-un-milagro\/\" \/>\n<meta property=\"og:locale\" content=\"es_ES\" \/>\n<meta property=\"og:type\" content=\"article\" \/>\n<meta property=\"og:title\" content=\"Camila Deniz cont\u00f3 que dijeron los m\u00e9dicos cuando Thiago Medina se despert\u00f3 del coma: &quot;Es un milagro&quot; - Fm Gente\" \/>\n<meta property=\"og:description\" content=\"A casi un mes del accidente que mantuvo en vilo al mundo del espect\u00e1culo, Thiago\" \/>\n<meta property=\"og:url\" content=\"https:\/\/fmgente.com.ar\/web\/camila-deniz-conto-que-dijeron-los-medicos-cuando-thiago-medina-se-desperto-del-coma-es-un-milagro\/\" \/>\n<meta property=\"og:site_name\" content=\"Fm Gente\" \/>\n<meta property=\"article:published_time\" content=\"2025-10-06T04:05:47+00:00\" \/>\n<meta property=\"og:image\" content=\"https:\/\/fmgente.com.ar\/web\/wp-content\/uploads\/2025\/10\/Nacho-Castanares-Thiago-medina-359x226-11.jpg\" \/>\n\t<meta property=\"og:image:width\" content=\"359\" \/>\n\t<meta property=\"og:image:height\" content=\"226\" \/>\n\t<meta property=\"og:image:type\" content=\"image\/jpeg\" \/>\n<meta name=\"twitter:card\" content=\"summary_large_image\" \/>\n<meta name=\"twitter:label1\" content=\"Tiempo de lectura\" \/>\n\t<meta name=\"twitter:data1\" content=\"2 minutos\" \/>\n<script type=\"application\/ld+json\" class=\"yoast-schema-graph\">{\"@context\":\"https:\\\/\\\/schema.org\",\"@graph\":[{\"@type\":\"Article\",\"@id\":\"https:\\\/\\\/fmgente.com.ar\\\/web\\\/camila-deniz-conto-que-dijeron-los-medicos-cuando-thiago-medina-se-desperto-del-coma-es-un-milagro\\\/#article\",\"isPartOf\":{\"@id\":\"https:\\\/\\\/fmgente.com.ar\\\/web\\\/camila-deniz-conto-que-dijeron-los-medicos-cuando-thiago-medina-se-desperto-del-coma-es-un-milagro\\\/\"},\"author\":{\"name\":\"\",\"@id\":\"\"},\"headline\":\"Camila Deniz cont\u00f3 que dijeron los m\u00e9dicos cuando Thiago Medina se despert\u00f3 del coma: &quot;Es un milagro&quot;\",\"datePublished\":\"2025-10-06T04:05:47+00:00\",\"mainEntityOfPage\":{\"@id\":\"https:\\\/\\\/fmgente.com.ar\\\/web\\\/camila-deniz-conto-que-dijeron-los-medicos-cuando-thiago-medina-se-desperto-del-coma-es-un-milagro\\\/\"},\"wordCount\":504,\"publisher\":{\"@id\":\"https:\\\/\\\/fmgente.com.ar\\\/web\\\/#organization\"},\"image\":{\"@id\":\"https:\\\/\\\/fmgente.com.ar\\\/web\\\/camila-deniz-conto-que-dijeron-los-medicos-cuando-thiago-medina-se-desperto-del-coma-es-un-milagro\\\/#primaryimage\"},\"thumbnailUrl\":\"https:\\\/\\\/fmgente.com.ar\\\/web\\\/wp-content\\\/uploads\\\/2025\\\/10\\\/Nacho-Castanares-Thiago-medina-359x226-11.jpg\",\"articleSection\":[\"DESTACADAS\"],\"inLanguage\":\"es\"},{\"@type\":\"WebPage\",\"@id\":\"https:\\\/\\\/fmgente.com.ar\\\/web\\\/camila-deniz-conto-que-dijeron-los-medicos-cuando-thiago-medina-se-desperto-del-coma-es-un-milagro\\\/\",\"url\":\"https:\\\/\\\/fmgente.com.ar\\\/web\\\/camila-deniz-conto-que-dijeron-los-medicos-cuando-thiago-medina-se-desperto-del-coma-es-un-milagro\\\/\",\"name\":\"Camila Deniz cont\u00f3 que dijeron los m\u00e9dicos cuando Thiago Medina se despert\u00f3 del coma: &quot;Es un milagro&quot; - Fm Gente\",\"isPartOf\":{\"@id\":\"https:\\\/\\\/fmgente.com.ar\\\/web\\\/#website\"},\"primaryImageOfPage\":{\"@id\":\"https:\\\/\\\/fmgente.com.ar\\\/web\\\/camila-deniz-conto-que-dijeron-los-medicos-cuando-thiago-medina-se-desperto-del-coma-es-un-milagro\\\/#primaryimage\"},\"image\":{\"@id\":\"https:\\\/\\\/fmgente.com.ar\\\/web\\\/camila-deniz-conto-que-dijeron-los-medicos-cuando-thiago-medina-se-desperto-del-coma-es-un-milagro\\\/#primaryimage\"},\"thumbnailUrl\":\"https:\\\/\\\/fmgente.com.ar\\\/web\\\/wp-content\\\/uploads\\\/2025\\\/10\\\/Nacho-Castanares-Thiago-medina-359x226-11.jpg\",\"datePublished\":\"2025-10-06T04:05:47+00:00\",\"inLanguage\":\"es\",\"potentialAction\":[{\"@type\":\"ReadAction\",\"target\":[\"https:\\\/\\\/fmgente.com.ar\\\/web\\\/camila-deniz-conto-que-dijeron-los-medicos-cuando-thiago-medina-se-desperto-del-coma-es-un-milagro\\\/\"]}]},{\"@type\":\"ImageObject\",\"inLanguage\":\"es\",\"@id\":\"https:\\\/\\\/fmgente.com.ar\\\/web\\\/camila-deniz-conto-que-dijeron-los-medicos-cuando-thiago-medina-se-desperto-del-coma-es-un-milagro\\\/#primaryimage\",\"url\":\"https:\\\/\\\/fmgente.com.ar\\\/web\\\/wp-content\\\/uploads\\\/2025\\\/10\\\/Nacho-Castanares-Thiago-medina-359x226-11.jpg\",\"contentUrl\":\"https:\\\/\\\/fmgente.com.ar\\\/web\\\/wp-content\\\/uploads\\\/2025\\\/10\\\/Nacho-Castanares-Thiago-medina-359x226-11.jpg\",\"width\":359,\"height\":226},{\"@type\":\"WebSite\",\"@id\":\"https:\\\/\\\/fmgente.com.ar\\\/web\\\/#website\",\"url\":\"https:\\\/\\\/fmgente.com.ar\\\/web\\\/\",\"name\":\"Fm Gente\",\"description\":\"- Jes\u00fas Mar\u00eda\",\"publisher\":{\"@id\":\"https:\\\/\\\/fmgente.com.ar\\\/web\\\/#organization\"},\"potentialAction\":[{\"@type\":\"SearchAction\",\"target\":{\"@type\":\"EntryPoint\",\"urlTemplate\":\"https:\\\/\\\/fmgente.com.ar\\\/web\\\/?s={search_term_string}\"},\"query-input\":{\"@type\":\"PropertyValueSpecification\",\"valueRequired\":true,\"valueName\":\"search_term_string\"}}],\"inLanguage\":\"es\"},{\"@type\":\"Organization\",\"@id\":\"https:\\\/\\\/fmgente.com.ar\\\/web\\\/#organization\",\"name\":\"Fm Gente\",\"url\":\"https:\\\/\\\/fmgente.com.ar\\\/web\\\/\",\"logo\":{\"@type\":\"ImageObject\",\"inLanguage\":\"es\",\"@id\":\"https:\\\/\\\/fmgente.com.ar\\\/web\\\/#\\\/schema\\\/logo\\\/image\\\/\",\"url\":\"https:\\\/\\\/fmgente.com.ar\\\/web\\\/wp-content\\\/uploads\\\/2023\\\/07\\\/cropped-cropped-logo-sombra2.png\",\"contentUrl\":\"https:\\\/\\\/fmgente.com.ar\\\/web\\\/wp-content\\\/uploads\\\/2023\\\/07\\\/cropped-cropped-logo-sombra2.png\",\"width\":1782,\"height\":1782,\"caption\":\"Fm Gente\"},\"image\":{\"@id\":\"https:\\\/\\\/fmgente.com.ar\\\/web\\\/#\\\/schema\\\/logo\\\/image\\\/\"}}]}<\/script>\n<!-- \/ Yoast SEO plugin. -->","yoast_head_json":{"title":"Camila Deniz cont\u00f3 que dijeron los m\u00e9dicos cuando Thiago Medina se despert\u00f3 del coma: &quot;Es un milagro&quot; - Fm Gente","robots":{"index":"index","follow":"follow","max-snippet":"max-snippet:-1","max-image-preview":"max-image-preview:large","max-video-preview":"max-video-preview:-1"},"canonical":"https:\/\/fmgente.com.ar\/web\/camila-deniz-conto-que-dijeron-los-medicos-cuando-thiago-medina-se-desperto-del-coma-es-un-milagro\/","og_locale":"es_ES","og_type":"article","og_title":"Camila Deniz cont\u00f3 que dijeron los m\u00e9dicos cuando Thiago Medina se despert\u00f3 del coma: &quot;Es un milagro&quot; - Fm Gente","og_description":"A casi un mes del accidente que mantuvo en vilo al mundo del espect\u00e1culo, Thiago","og_url":"https:\/\/fmgente.com.ar\/web\/camila-deniz-conto-que-dijeron-los-medicos-cuando-thiago-medina-se-desperto-del-coma-es-un-milagro\/","og_site_name":"Fm Gente","article_published_time":"2025-10-06T04:05:47+00:00","og_image":[{"width":359,"height":226,"url":"https:\/\/fmgente.com.ar\/web\/wp-content\/uploads\/2025\/10\/Nacho-Castanares-Thiago-medina-359x226-11.jpg","type":"image\/jpeg"}],"twitter_card":"summary_large_image","twitter_misc":{"Tiempo de lectura":"2 minutos"},"schema":{"@context":"https:\/\/schema.org","@graph":[{"@type":"Article","@id":"https:\/\/fmgente.com.ar\/web\/camila-deniz-conto-que-dijeron-los-medicos-cuando-thiago-medina-se-desperto-del-coma-es-un-milagro\/#article","isPartOf":{"@id":"https:\/\/fmgente.com.ar\/web\/camila-deniz-conto-que-dijeron-los-medicos-cuando-thiago-medina-se-desperto-del-coma-es-un-milagro\/"},"author":{"name":"","@id":""},"headline":"Camila Deniz cont\u00f3 que dijeron los m\u00e9dicos cuando Thiago Medina se despert\u00f3 del coma: &quot;Es un milagro&quot;","datePublished":"2025-10-06T04:05:47+00:00","mainEntityOfPage":{"@id":"https:\/\/fmgente.com.ar\/web\/camila-deniz-conto-que-dijeron-los-medicos-cuando-thiago-medina-se-desperto-del-coma-es-un-milagro\/"},"wordCount":504,"publisher":{"@id":"https:\/\/fmgente.com.ar\/web\/#organization"},"image":{"@id":"https:\/\/fmgente.com.ar\/web\/camila-deniz-conto-que-dijeron-los-medicos-cuando-thiago-medina-se-desperto-del-coma-es-un-milagro\/#primaryimage"},"thumbnailUrl":"https:\/\/fmgente.com.ar\/web\/wp-content\/uploads\/2025\/10\/Nacho-Castanares-Thiago-medina-359x226-11.jpg","articleSection":["DESTACADAS"],"inLanguage":"es"},{"@type":"WebPage","@id":"https:\/\/fmgente.com.ar\/web\/camila-deniz-conto-que-dijeron-los-medicos-cuando-thiago-medina-se-desperto-del-coma-es-un-milagro\/","url":"https:\/\/fmgente.com.ar\/web\/camila-deniz-conto-que-dijeron-los-medicos-cuando-thiago-medina-se-desperto-del-coma-es-un-milagro\/","name":"Camila Deniz cont\u00f3 que dijeron los m\u00e9dicos cuando Thiago Medina se despert\u00f3 del coma: &quot;Es un milagro&quot; - Fm Gente","isPartOf":{"@id":"https:\/\/fmgente.com.ar\/web\/#website"},"primaryImageOfPage":{"@id":"https:\/\/fmgente.com.ar\/web\/camila-deniz-conto-que-dijeron-los-medicos-cuando-thiago-medina-se-desperto-del-coma-es-un-milagro\/#primaryimage"},"image":{"@id":"https:\/\/fmgente.com.ar\/web\/camila-deniz-conto-que-dijeron-los-medicos-cuando-thiago-medina-se-desperto-del-coma-es-un-milagro\/#primaryimage"},"thumbnailUrl":"https:\/\/fmgente.com.ar\/web\/wp-content\/uploads\/2025\/10\/Nacho-Castanares-Thiago-medina-359x226-11.jpg","datePublished":"2025-10-06T04:05:47+00:00","inLanguage":"es","potentialAction":[{"@type":"ReadAction","target":["https:\/\/fmgente.com.ar\/web\/camila-deniz-conto-que-dijeron-los-medicos-cuando-thiago-medina-se-desperto-del-coma-es-un-milagro\/"]}]},{"@type":"ImageObject","inLanguage":"es","@id":"https:\/\/fmgente.com.ar\/web\/camila-deniz-conto-que-dijeron-los-medicos-cuando-thiago-medina-se-desperto-del-coma-es-un-milagro\/#primaryimage","url":"https:\/\/fmgente.com.ar\/web\/wp-content\/uploads\/2025\/10\/Nacho-Castanares-Thiago-medina-359x226-11.jpg","contentUrl":"https:\/\/fmgente.com.ar\/web\/wp-content\/uploads\/2025\/10\/Nacho-Castanares-Thiago-medina-359x226-11.jpg","width":359,"height":226},{"@type":"WebSite","@id":"https:\/\/fmgente.com.ar\/web\/#website","url":"https:\/\/fmgente.com.ar\/web\/","name":"Fm Gente","description":"- Jes\u00fas Mar\u00eda","publisher":{"@id":"https:\/\/fmgente.com.ar\/web\/#organization"},"potentialAction":[{"@type":"SearchAction","target":{"@type":"EntryPoint","urlTemplate":"https:\/\/fmgente.com.ar\/web\/?s={search_term_string}"},"query-input":{"@type":"PropertyValueSpecification","valueRequired":true,"valueName":"search_term_string"}}],"inLanguage":"es"},{"@type":"Organization","@id":"https:\/\/fmgente.com.ar\/web\/#organization","name":"Fm Gente","url":"https:\/\/fmgente.com.ar\/web\/","logo":{"@type":"ImageObject","inLanguage":"es","@id":"https:\/\/fmgente.com.ar\/web\/#\/schema\/logo\/image\/","url":"https:\/\/fmgente.com.ar\/web\/wp-content\/uploads\/2023\/07\/cropped-cropped-logo-sombra2.png","contentUrl":"https:\/\/fmgente.com.ar\/web\/wp-content\/uploads\/2023\/07\/cropped-cropped-logo-sombra2.png","width":1782,"height":1782,"caption":"Fm Gente"},"image":{"@id":"https:\/\/fmgente.com.ar\/web\/#\/schema\/logo\/image\/"}}]}},"_links":{"self":[{"href":"https:\/\/fmgente.com.ar\/web\/wp-json\/wp\/v2\/posts\/6171","targetHints":{"allow":["GET"]}}],"collection":[{"href":"https:\/\/fmgente.com.ar\/web\/wp-json\/wp\/v2\/posts"}],"about":[{"href":"https:\/\/fmgente.com.ar\/web\/wp-json\/wp\/v2\/types\/post"}],"replies":[{"embeddable":true,"href":"https:\/\/fmgente.com.ar\/web\/wp-json\/wp\/v2\/comments?post=6171"}],"version-history":[{"count":0,"href":"https:\/\/fmgente.com.ar\/web\/wp-json\/wp\/v2\/posts\/6171\/revisions"}],"wp:featuredmedia":[{"embeddable":true,"href":"https:\/\/fmgente.com.ar\/web\/wp-json\/wp\/v2\/media\/6172"}],"wp:attachment":[{"href":"https:\/\/fmgente.com.ar\/web\/wp-json\/wp\/v2\/media?parent=6171"}],"wp:term":[{"taxonomy":"category","embeddable":true,"href":"https:\/\/fmgente.com.ar\/web\/wp-json\/wp\/v2\/categories?post=6171"},{"taxonomy":"post_tag","embeddable":true,"href":"https:\/\/fmgente.com.ar\/web\/wp-json\/wp\/v2\/tags?post=6171"}],"curies":[{"name":"wp","href":"https:\/\/api.w.org\/{rel}","templated":true}]}}