{"id":6169,"date":"2025-10-06T00:05:28","date_gmt":"2025-10-06T03:05:28","guid":{"rendered":"https:\/\/fmgente.com.ar\/elba-marcovecchio-expuso-como-wanda-nara-usa-a-sus-hijas-para-danar-a-mauro-icardi\/"},"modified":"2025-10-06T00:05:28","modified_gmt":"2025-10-06T03:05:28","slug":"elba-marcovecchio-expuso-como-wanda-nara-usa-a-sus-hijas-para-danar-a-mauro-icardi","status":"publish","type":"post","link":"https:\/\/fmgente.com.ar\/web\/elba-marcovecchio-expuso-como-wanda-nara-usa-a-sus-hijas-para-danar-a-mauro-icardi\/","title":{"rendered":"Elba Marcovecchio expuso como Wanda Nara usa a sus hijas para da\u00f1ar a Mauro Icardi"},"content":{"rendered":"<p>En un mano a mano cargado de tensi\u00f3n, <strong><a href=\"https:\/\/www.paparazzi.com.ar\/tag\/elba-marcovecchio\/\">Elba Marcovecchio<\/a><\/strong> se refiri\u00f3 a la reciente exposici\u00f3n medi\u00e1tica de <strong>Wanda Nara<\/strong> y sus efectos sobre <strong>Mauro Icardi<\/strong> y sus hijas. Seg\u00fan la abogada, la situaci\u00f3n no solo afecta la relaci\u00f3n entre los protagonistas, sino que tambi\u00e9n genera consecuencias emocionales importantes en los menores involucrados.<\/p>\n<p><em>\u00abMe parece evidente que se trat\u00f3 de una exposici\u00f3n de una de las hijas, que no quiero nombrar para proteger su intimidad. Este tipo de situaciones genera un da\u00f1o directo a los chicos y tambi\u00e9n afecta a quien es denunciado. Mauro lo sufri\u00f3 profundamente, y esto est\u00e1 relacionado con un informe que trascendi\u00f3 de la escuela<\/em>\u00ab, explic\u00f3 <strong>Marcovecchio<\/strong>, subrayando el delicado impacto que estas acciones tienen en la familia.<\/p>\n<p>La letrada confirm\u00f3 que <strong><a href=\"https:\/\/www.paparazzi.com.ar\/teve\/elba-marcovecchio-revelo-el-tenso-cruce-con-la-hija-de-jorge-lanata-no-puedo-decir-quien\/\">Icardi<\/a><\/strong> ya tom\u00f3 medidas legales: <em>\u00abContamos con instrucciones precisas de Mauro para iniciar acciones legales. No puedo detallar los tipos de medidas por ser un proceso reciente y en curso, pero podemos confirmar que se iniciar\u00e1n acciones correspondientes<\/em>\u00ab. La estrategia judicial parece ser el camino elegido ante la compleja situaci\u00f3n familiar y medi\u00e1tica.<\/p>\n<div class=\"mt-box \">\n<h4 class=\"mt-heading\">Mir\u00e1 Tambi\u00e9n<\/h4>\n<p><a href=\"https:\/\/www.paparazzi.com.ar\/romances\/exclusivo-el-video-de-la-china-suarez-yendose-a-turquia-con-icardi-sin-sus-hijos\/\"><\/p>\n<div class=\"mt-content\">\n<div class=\"mt-image-container\"><img decoding=\"async\" src=\"https:\/\/www.paparazzi.com.ar\/wp-content\/uploads\/2025\/07\/China-Suarez-ezeiza-359x226.jpg\" alt=\"\u00a1Exclusivo! El video de la China Su\u00e1rez y\u00e9ndose a Turqu\u00eda con Icardi sin sus hijos\" class=\"mt-image\" loading=\"lazy\" \/><\/div>\n<h5 class=\"mt-title\">\u00a1Exclusivo! El video de la China Su\u00e1rez y\u00e9ndose a Turqu\u00eda con Icardi sin sus hijos<\/h5>\n<\/div>\n<p><\/a><\/div>\n<p><strong>Marcovecchio<\/strong> tambi\u00e9n abord\u00f3 las dificultades que enfrenta <strong>Icardi<\/strong> para ver a sus hijas: <em>\u00abMauro planea reunirse con sus hijas en breve, pero no es un proceso sencillo. Se hab\u00eda previsto un encuentro en septiembre que finalmente no se concret\u00f3, debido a las circunstancias vinculadas a las ni\u00f1as\u00bb<\/em>. Estas declaraciones muestran c\u00f3mo los conflictos personales se trasladan inevitablemente a la esfera p\u00fablica.<\/p>\n<h2 class=\"wp-block-heading\">ELBA MARCOVECCHIO HABL\u00d3 DE LA PELEA DE WANDA NARA Y MAURO ICARDI<\/h2>\n<p>En cuanto a los rumores y las especulaciones medi\u00e1ticas, la abogada destac\u00f3 la importancia de la confidencialidad: <em>\u00abLo que m\u00e1s me interesa no es lo que se dice p\u00fablicamente, sino lo que me comunica Mauro directamente. Siempre ha mantenido una posici\u00f3n coherente que no coincide con las versiones que circulan en los medios<\/em>\u00ab.<\/p>\n<p>Finalmente, <strong><a href=\"https:\/\/www.paparazzi.com.ar\/teve\/elba-marcovecchio-revelo-que-sintio-al-ver-a-las-hijas-de-jorge-lanata-en-los-martin-fierro-estaba-muy\/\">Marcovecchio<\/a><\/strong> cerr\u00f3 dejando en claro la l\u00ednea de acci\u00f3n legal: <em>\u00abS\u00ed, tenemos instrucciones de Mauro para proceder con las denuncias pertinentes. No puedo precisar los detalles de las acciones a iniciar, porque todo esto es muy reciente, pero s\u00ed podemos confirmar que se tomar\u00e1n medidas legales<\/em>\u00ab.<\/p>\n<div class=\"mt-box \">\n<h4 class=\"mt-heading\">Mir\u00e1 Tambi\u00e9n<\/h4>\n<p><a href=\"https:\/\/www.paparazzi.com.ar\/teve\/mica-viciconte-y-la-impactante-confesion-de-su-pelea-con-flor-vigna-no-somos-amigas\/\"><\/p>\n<div class=\"mt-content\">\n<div class=\"mt-image-container\"><img decoding=\"async\" src=\"https:\/\/www.paparazzi.com.ar\/wp-content\/uploads\/2025\/10\/mica-viciconte-flor-vigna-1-359x226.png\" alt=\"Mica Viciconte y la impactante confesi\u00f3n de su pelea con Flor Vigna: &quot;No somos amigas&quot;\" class=\"mt-image\" loading=\"lazy\" \/><\/div>\n<h5 class=\"mt-title\">Mica Viciconte y la impactante confesi\u00f3n de su pelea con Flor Vigna: \u00abNo somos amigas\u00bb<\/h5>\n<\/div>\n<p><\/a><\/div>\n<div class=\"mt-box \">\n<h4 class=\"mt-heading\">Mir\u00e1 Tambi\u00e9n<\/h4>\n<p><a href=\"https:\/\/www.paparazzi.com.ar\/teve\/mirtha-legrand-se-harto-de-las-mentiras-de-fede-bal-y-lo-arrincono-por-sus-infidelidades\/\"><\/p>\n<div class=\"mt-content\">\n<div class=\"mt-image-container\"><img decoding=\"async\" src=\"https:\/\/www.paparazzi.com.ar\/wp-content\/uploads\/2025\/10\/mirtha-legrand-fede-bal-359x226.png\" alt=\"Mirtha Legrand se hart\u00f3 de las mentiras de Fede Bal y lo arrincon\u00f3 por sus infidelidades\" class=\"mt-image\" loading=\"lazy\" \/><\/div>\n<h5 class=\"mt-title\">Mirtha Legrand se hart\u00f3 de las mentiras de Fede Bal y lo arrincon\u00f3 por sus infidelidades<\/h5>\n<\/div>\n<p><\/a><\/div>\n<p>The post <a href=\"https:\/\/www.paparazzi.com.ar\/teve\/elba-marcovecchio-expuso-como-wanda-nara-usa-a-sus-hijas-para-danar-a-mauro-icardi\/\">Elba Marcovecchio expuso como Wanda Nara usa a sus hijas para da\u00f1ar a Mauro Icardi<\/a> appeared first on <a href=\"https:\/\/www.paparazzi.com.ar\">Revista Paparazzi<\/a>.<\/p>\n","protected":false},"excerpt":{"rendered":"<p>En un mano a mano cargado de tensi\u00f3n, Elba Marcovecchio se refiri\u00f3 a la reciente<\/p>\n","protected":false},"author":0,"featured_media":6170,"comment_status":"","ping_status":"","sticky":false,"template":"","format":"standard","meta":{"footnotes":""},"categories":[11],"tags":[],"class_list":["post-6169","post","type-post","status-publish","format-standard","has-post-thumbnail","hentry","category-destacadas"],"yoast_head":"<!-- This site is optimized with the Yoast SEO plugin v28.3 - https:\/\/yoast.com\/product\/yoast-seo-wordpress\/ -->\n<title>Elba Marcovecchio expuso como Wanda Nara usa a sus hijas para da\u00f1ar a Mauro Icardi - Fm Gente<\/title>\n<meta name=\"robots\" content=\"index, follow, max-snippet:-1, max-image-preview:large, max-video-preview:-1\" \/>\n<link rel=\"canonical\" href=\"https:\/\/fmgente.com.ar\/web\/elba-marcovecchio-expuso-como-wanda-nara-usa-a-sus-hijas-para-danar-a-mauro-icardi\/\" \/>\n<meta property=\"og:locale\" content=\"es_ES\" \/>\n<meta property=\"og:type\" content=\"article\" \/>\n<meta property=\"og:title\" content=\"Elba Marcovecchio expuso como Wanda Nara usa a sus hijas para da\u00f1ar a Mauro Icardi - Fm Gente\" \/>\n<meta property=\"og:description\" content=\"En un mano a mano cargado de tensi\u00f3n, Elba Marcovecchio se refiri\u00f3 a la reciente\" \/>\n<meta property=\"og:url\" content=\"https:\/\/fmgente.com.ar\/web\/elba-marcovecchio-expuso-como-wanda-nara-usa-a-sus-hijas-para-danar-a-mauro-icardi\/\" \/>\n<meta property=\"og:site_name\" content=\"Fm Gente\" \/>\n<meta property=\"article:published_time\" content=\"2025-10-06T03:05:28+00:00\" \/>\n<meta property=\"og:image\" content=\"https:\/\/fmgente.com.ar\/web\/wp-content\/uploads\/2025\/10\/China-Suarez-ezeiza-359x226-1.jpg\" \/>\n\t<meta property=\"og:image:width\" content=\"359\" \/>\n\t<meta property=\"og:image:height\" content=\"226\" \/>\n\t<meta property=\"og:image:type\" content=\"image\/jpeg\" \/>\n<meta name=\"twitter:card\" content=\"summary_large_image\" \/>\n<meta name=\"twitter:label1\" content=\"Tiempo de lectura\" \/>\n\t<meta name=\"twitter:data1\" content=\"2 minutos\" \/>\n<script type=\"application\/ld+json\" class=\"yoast-schema-graph\">{\"@context\":\"https:\\\/\\\/schema.org\",\"@graph\":[{\"@type\":\"Article\",\"@id\":\"https:\\\/\\\/fmgente.com.ar\\\/web\\\/elba-marcovecchio-expuso-como-wanda-nara-usa-a-sus-hijas-para-danar-a-mauro-icardi\\\/#article\",\"isPartOf\":{\"@id\":\"https:\\\/\\\/fmgente.com.ar\\\/web\\\/elba-marcovecchio-expuso-como-wanda-nara-usa-a-sus-hijas-para-danar-a-mauro-icardi\\\/\"},\"author\":{\"name\":\"\",\"@id\":\"\"},\"headline\":\"Elba Marcovecchio expuso como Wanda Nara usa a sus hijas para da\u00f1ar a Mauro Icardi\",\"datePublished\":\"2025-10-06T03:05:28+00:00\",\"mainEntityOfPage\":{\"@id\":\"https:\\\/\\\/fmgente.com.ar\\\/web\\\/elba-marcovecchio-expuso-como-wanda-nara-usa-a-sus-hijas-para-danar-a-mauro-icardi\\\/\"},\"wordCount\":475,\"publisher\":{\"@id\":\"https:\\\/\\\/fmgente.com.ar\\\/web\\\/#organization\"},\"image\":{\"@id\":\"https:\\\/\\\/fmgente.com.ar\\\/web\\\/elba-marcovecchio-expuso-como-wanda-nara-usa-a-sus-hijas-para-danar-a-mauro-icardi\\\/#primaryimage\"},\"thumbnailUrl\":\"https:\\\/\\\/fmgente.com.ar\\\/web\\\/wp-content\\\/uploads\\\/2025\\\/10\\\/China-Suarez-ezeiza-359x226-1.jpg\",\"articleSection\":[\"DESTACADAS\"],\"inLanguage\":\"es\"},{\"@type\":\"WebPage\",\"@id\":\"https:\\\/\\\/fmgente.com.ar\\\/web\\\/elba-marcovecchio-expuso-como-wanda-nara-usa-a-sus-hijas-para-danar-a-mauro-icardi\\\/\",\"url\":\"https:\\\/\\\/fmgente.com.ar\\\/web\\\/elba-marcovecchio-expuso-como-wanda-nara-usa-a-sus-hijas-para-danar-a-mauro-icardi\\\/\",\"name\":\"Elba Marcovecchio expuso como Wanda Nara usa a sus hijas para da\u00f1ar a Mauro Icardi - Fm Gente\",\"isPartOf\":{\"@id\":\"https:\\\/\\\/fmgente.com.ar\\\/web\\\/#website\"},\"primaryImageOfPage\":{\"@id\":\"https:\\\/\\\/fmgente.com.ar\\\/web\\\/elba-marcovecchio-expuso-como-wanda-nara-usa-a-sus-hijas-para-danar-a-mauro-icardi\\\/#primaryimage\"},\"image\":{\"@id\":\"https:\\\/\\\/fmgente.com.ar\\\/web\\\/elba-marcovecchio-expuso-como-wanda-nara-usa-a-sus-hijas-para-danar-a-mauro-icardi\\\/#primaryimage\"},\"thumbnailUrl\":\"https:\\\/\\\/fmgente.com.ar\\\/web\\\/wp-content\\\/uploads\\\/2025\\\/10\\\/China-Suarez-ezeiza-359x226-1.jpg\",\"datePublished\":\"2025-10-06T03:05:28+00:00\",\"inLanguage\":\"es\",\"potentialAction\":[{\"@type\":\"ReadAction\",\"target\":[\"https:\\\/\\\/fmgente.com.ar\\\/web\\\/elba-marcovecchio-expuso-como-wanda-nara-usa-a-sus-hijas-para-danar-a-mauro-icardi\\\/\"]}]},{\"@type\":\"ImageObject\",\"inLanguage\":\"es\",\"@id\":\"https:\\\/\\\/fmgente.com.ar\\\/web\\\/elba-marcovecchio-expuso-como-wanda-nara-usa-a-sus-hijas-para-danar-a-mauro-icardi\\\/#primaryimage\",\"url\":\"https:\\\/\\\/fmgente.com.ar\\\/web\\\/wp-content\\\/uploads\\\/2025\\\/10\\\/China-Suarez-ezeiza-359x226-1.jpg\",\"contentUrl\":\"https:\\\/\\\/fmgente.com.ar\\\/web\\\/wp-content\\\/uploads\\\/2025\\\/10\\\/China-Suarez-ezeiza-359x226-1.jpg\",\"width\":359,\"height\":226},{\"@type\":\"WebSite\",\"@id\":\"https:\\\/\\\/fmgente.com.ar\\\/web\\\/#website\",\"url\":\"https:\\\/\\\/fmgente.com.ar\\\/web\\\/\",\"name\":\"Fm Gente\",\"description\":\"- Jes\u00fas Mar\u00eda\",\"publisher\":{\"@id\":\"https:\\\/\\\/fmgente.com.ar\\\/web\\\/#organization\"},\"potentialAction\":[{\"@type\":\"SearchAction\",\"target\":{\"@type\":\"EntryPoint\",\"urlTemplate\":\"https:\\\/\\\/fmgente.com.ar\\\/web\\\/?s={search_term_string}\"},\"query-input\":{\"@type\":\"PropertyValueSpecification\",\"valueRequired\":true,\"valueName\":\"search_term_string\"}}],\"inLanguage\":\"es\"},{\"@type\":\"Organization\",\"@id\":\"https:\\\/\\\/fmgente.com.ar\\\/web\\\/#organization\",\"name\":\"Fm Gente\",\"url\":\"https:\\\/\\\/fmgente.com.ar\\\/web\\\/\",\"logo\":{\"@type\":\"ImageObject\",\"inLanguage\":\"es\",\"@id\":\"https:\\\/\\\/fmgente.com.ar\\\/web\\\/#\\\/schema\\\/logo\\\/image\\\/\",\"url\":\"https:\\\/\\\/fmgente.com.ar\\\/web\\\/wp-content\\\/uploads\\\/2023\\\/07\\\/cropped-cropped-logo-sombra2.png\",\"contentUrl\":\"https:\\\/\\\/fmgente.com.ar\\\/web\\\/wp-content\\\/uploads\\\/2023\\\/07\\\/cropped-cropped-logo-sombra2.png\",\"width\":1782,\"height\":1782,\"caption\":\"Fm Gente\"},\"image\":{\"@id\":\"https:\\\/\\\/fmgente.com.ar\\\/web\\\/#\\\/schema\\\/logo\\\/image\\\/\"}}]}<\/script>\n<!-- \/ Yoast SEO plugin. -->","yoast_head_json":{"title":"Elba Marcovecchio expuso como Wanda Nara usa a sus hijas para da\u00f1ar a Mauro Icardi - Fm Gente","robots":{"index":"index","follow":"follow","max-snippet":"max-snippet:-1","max-image-preview":"max-image-preview:large","max-video-preview":"max-video-preview:-1"},"canonical":"https:\/\/fmgente.com.ar\/web\/elba-marcovecchio-expuso-como-wanda-nara-usa-a-sus-hijas-para-danar-a-mauro-icardi\/","og_locale":"es_ES","og_type":"article","og_title":"Elba Marcovecchio expuso como Wanda Nara usa a sus hijas para da\u00f1ar a Mauro Icardi - Fm Gente","og_description":"En un mano a mano cargado de tensi\u00f3n, Elba Marcovecchio se refiri\u00f3 a la reciente","og_url":"https:\/\/fmgente.com.ar\/web\/elba-marcovecchio-expuso-como-wanda-nara-usa-a-sus-hijas-para-danar-a-mauro-icardi\/","og_site_name":"Fm Gente","article_published_time":"2025-10-06T03:05:28+00:00","og_image":[{"width":359,"height":226,"url":"https:\/\/fmgente.com.ar\/web\/wp-content\/uploads\/2025\/10\/China-Suarez-ezeiza-359x226-1.jpg","type":"image\/jpeg"}],"twitter_card":"summary_large_image","twitter_misc":{"Tiempo de lectura":"2 minutos"},"schema":{"@context":"https:\/\/schema.org","@graph":[{"@type":"Article","@id":"https:\/\/fmgente.com.ar\/web\/elba-marcovecchio-expuso-como-wanda-nara-usa-a-sus-hijas-para-danar-a-mauro-icardi\/#article","isPartOf":{"@id":"https:\/\/fmgente.com.ar\/web\/elba-marcovecchio-expuso-como-wanda-nara-usa-a-sus-hijas-para-danar-a-mauro-icardi\/"},"author":{"name":"","@id":""},"headline":"Elba Marcovecchio expuso como Wanda Nara usa a sus hijas para da\u00f1ar a Mauro Icardi","datePublished":"2025-10-06T03:05:28+00:00","mainEntityOfPage":{"@id":"https:\/\/fmgente.com.ar\/web\/elba-marcovecchio-expuso-como-wanda-nara-usa-a-sus-hijas-para-danar-a-mauro-icardi\/"},"wordCount":475,"publisher":{"@id":"https:\/\/fmgente.com.ar\/web\/#organization"},"image":{"@id":"https:\/\/fmgente.com.ar\/web\/elba-marcovecchio-expuso-como-wanda-nara-usa-a-sus-hijas-para-danar-a-mauro-icardi\/#primaryimage"},"thumbnailUrl":"https:\/\/fmgente.com.ar\/web\/wp-content\/uploads\/2025\/10\/China-Suarez-ezeiza-359x226-1.jpg","articleSection":["DESTACADAS"],"inLanguage":"es"},{"@type":"WebPage","@id":"https:\/\/fmgente.com.ar\/web\/elba-marcovecchio-expuso-como-wanda-nara-usa-a-sus-hijas-para-danar-a-mauro-icardi\/","url":"https:\/\/fmgente.com.ar\/web\/elba-marcovecchio-expuso-como-wanda-nara-usa-a-sus-hijas-para-danar-a-mauro-icardi\/","name":"Elba Marcovecchio expuso como Wanda Nara usa a sus hijas para da\u00f1ar a Mauro Icardi - Fm Gente","isPartOf":{"@id":"https:\/\/fmgente.com.ar\/web\/#website"},"primaryImageOfPage":{"@id":"https:\/\/fmgente.com.ar\/web\/elba-marcovecchio-expuso-como-wanda-nara-usa-a-sus-hijas-para-danar-a-mauro-icardi\/#primaryimage"},"image":{"@id":"https:\/\/fmgente.com.ar\/web\/elba-marcovecchio-expuso-como-wanda-nara-usa-a-sus-hijas-para-danar-a-mauro-icardi\/#primaryimage"},"thumbnailUrl":"https:\/\/fmgente.com.ar\/web\/wp-content\/uploads\/2025\/10\/China-Suarez-ezeiza-359x226-1.jpg","datePublished":"2025-10-06T03:05:28+00:00","inLanguage":"es","potentialAction":[{"@type":"ReadAction","target":["https:\/\/fmgente.com.ar\/web\/elba-marcovecchio-expuso-como-wanda-nara-usa-a-sus-hijas-para-danar-a-mauro-icardi\/"]}]},{"@type":"ImageObject","inLanguage":"es","@id":"https:\/\/fmgente.com.ar\/web\/elba-marcovecchio-expuso-como-wanda-nara-usa-a-sus-hijas-para-danar-a-mauro-icardi\/#primaryimage","url":"https:\/\/fmgente.com.ar\/web\/wp-content\/uploads\/2025\/10\/China-Suarez-ezeiza-359x226-1.jpg","contentUrl":"https:\/\/fmgente.com.ar\/web\/wp-content\/uploads\/2025\/10\/China-Suarez-ezeiza-359x226-1.jpg","width":359,"height":226},{"@type":"WebSite","@id":"https:\/\/fmgente.com.ar\/web\/#website","url":"https:\/\/fmgente.com.ar\/web\/","name":"Fm Gente","description":"- Jes\u00fas Mar\u00eda","publisher":{"@id":"https:\/\/fmgente.com.ar\/web\/#organization"},"potentialAction":[{"@type":"SearchAction","target":{"@type":"EntryPoint","urlTemplate":"https:\/\/fmgente.com.ar\/web\/?s={search_term_string}"},"query-input":{"@type":"PropertyValueSpecification","valueRequired":true,"valueName":"search_term_string"}}],"inLanguage":"es"},{"@type":"Organization","@id":"https:\/\/fmgente.com.ar\/web\/#organization","name":"Fm Gente","url":"https:\/\/fmgente.com.ar\/web\/","logo":{"@type":"ImageObject","inLanguage":"es","@id":"https:\/\/fmgente.com.ar\/web\/#\/schema\/logo\/image\/","url":"https:\/\/fmgente.com.ar\/web\/wp-content\/uploads\/2023\/07\/cropped-cropped-logo-sombra2.png","contentUrl":"https:\/\/fmgente.com.ar\/web\/wp-content\/uploads\/2023\/07\/cropped-cropped-logo-sombra2.png","width":1782,"height":1782,"caption":"Fm Gente"},"image":{"@id":"https:\/\/fmgente.com.ar\/web\/#\/schema\/logo\/image\/"}}]}},"_links":{"self":[{"href":"https:\/\/fmgente.com.ar\/web\/wp-json\/wp\/v2\/posts\/6169","targetHints":{"allow":["GET"]}}],"collection":[{"href":"https:\/\/fmgente.com.ar\/web\/wp-json\/wp\/v2\/posts"}],"about":[{"href":"https:\/\/fmgente.com.ar\/web\/wp-json\/wp\/v2\/types\/post"}],"replies":[{"embeddable":true,"href":"https:\/\/fmgente.com.ar\/web\/wp-json\/wp\/v2\/comments?post=6169"}],"version-history":[{"count":0,"href":"https:\/\/fmgente.com.ar\/web\/wp-json\/wp\/v2\/posts\/6169\/revisions"}],"wp:featuredmedia":[{"embeddable":true,"href":"https:\/\/fmgente.com.ar\/web\/wp-json\/wp\/v2\/media\/6170"}],"wp:attachment":[{"href":"https:\/\/fmgente.com.ar\/web\/wp-json\/wp\/v2\/media?parent=6169"}],"wp:term":[{"taxonomy":"category","embeddable":true,"href":"https:\/\/fmgente.com.ar\/web\/wp-json\/wp\/v2\/categories?post=6169"},{"taxonomy":"post_tag","embeddable":true,"href":"https:\/\/fmgente.com.ar\/web\/wp-json\/wp\/v2\/tags?post=6169"}],"curies":[{"name":"wp","href":"https:\/\/api.w.org\/{rel}","templated":true}]}}